{"id":29079,"date":"2025-06-29T20:00:00","date_gmt":"2025-06-29T18:00:00","guid":{"rendered":"https:\/\/www.altercampagne.net\/?p=29079"},"modified":"2025-06-27T14:07:43","modified_gmt":"2025-06-27T12:07:43","slug":"vivre-ensemble-durablement","status":"publish","type":"post","link":"https:\/\/www.altercampagne.net\/?p=29079","title":{"rendered":"Vivre ensemble Durablement"},"content":{"rendered":"\n<blockquote class=\"wp-block-quote is-layout-flow wp-block-quote-is-layout-flow\">\n<p>Rencontre le dimanche 20 juillet 2025<\/p>\n<\/blockquote>\n\n\n\n<p>Le collectif Vivre Ensemble Durablement cr\u00e9\u00e9 en d\u00e9cembre 2012 sous l\u2019impulsion du comit\u00e9 de pilotage de l\u2019agenda 21 communal dont l&rsquo;objectif \u00e9tait l&rsquo;int\u00e9gration de la dimension environnementale dans la commune d\u2019Ayen, a au c\u0153ur de sa mission de proposer des actions et activit\u00e9s de promotion des enjeux environnementaux et sociaux sur le territoire de l&rsquo;Yssandonnais .<\/p>\n\n\n\n<p>Cela aura permis de mettre en \u0153uvre le projet \u00ab&nbsp;\u00e9cole \u00e0 \u00e9nergie positive&nbsp;\u00bb qui constitue un projet p\u00e9dagogique et concret de sensibilisation des enfants sur le sujet de la consommation d\u2019\u00e9nergie. Le collectif organise aussi des projections-d\u00e9bats avec des intervenant.e.s pour mettre en lumi\u00e8re des probl\u00e9matiques telles que la transmission agricole, la gestion des for\u00eats \u2026 et ses impacts.<\/p>\n\n\n\n<p><br>Le collectif organise des \u00e9v\u00e9nements nature gr\u00e2ce notamment \u00e0 la cr\u00e9ation par des b\u00e9n\u00e9voles passionn\u00e9.e.s d&rsquo;un Club Conna\u00eetre et Prot\u00e9ger la Nature (CPN) afin de mieux conna\u00eetre la nature environnante et ses sp\u00e9cificit\u00e9s avec, en plus de l\u2019aspect p\u00e9dagogique, un versant scientifique. L&rsquo;objectif est de sensibiliser petit.e.s et grand.e.s \u00e0 la nature.&nbsp;C&rsquo;est un lieu d\u2019apprentissage o\u00f9 les plus exp\u00e9riment\u00e9.e.s accompagnent les novices.&nbsp;Le mouvement CPN porte des valeurs de partage et de respect mutuel.<\/p>\n\n\n\n<p>Enfin une grainoth\u00e8que libre est ouverte dans le village pour permettre \u00e0 celles et ceux qui le souhaitent, de r\u00e9cup\u00e9rer des semences collect\u00e9es et pr\u00e9par\u00e9es b\u00e9n\u00e9volement par les adh\u00e9rent.e.s. Et un rucher partag\u00e9 va aussi voir le jour.<\/p>\n\n\n\n<p><a href=\"https:\/\/www.collectif-vivre-ensemble-durablement.com\">https:\/\/www.collectif-vivre-ensemble-durablement.com<\/a><\/p>\n","protected":false},"excerpt":{"rendered":"<p>Rencontre le dimanche 20 juillet 2025 Le collectif Vivre Ensemble Durablement cr\u00e9\u00e9 en d\u00e9cembre 2012 sous l\u2019impulsion du comit\u00e9 de pilotage de l\u2019agenda 21 communal dont l&rsquo;objectif \u00e9tait l&rsquo;int\u00e9gration de la dimension environnementale dans la commune d\u2019Ayen, a au c\u0153ur de sa mission de proposer des actions et activit\u00e9s de &#8230; <\/p>\n<div><a href=\"https:\/\/www.altercampagne.net\/?p=29079\" class=\"more-link\">Read More<\/a><\/div>\n","protected":false},"author":398,"featured_media":29080,"comment_status":"closed","ping_status":"closed","sticky":false,"template":"","format":"standard","meta":{"footnotes":""},"categories":[4511,4313,3938,3486,3479,3248,3540],"tags":[],"class_list":["post-29079","post","type-post","status-publish","format-standard","has-post-thumbnail","hentry","category-edition-2025","category-altertour","category-education","category-environnement","category-nouvelle-aquitaine","category-silence","category-transverse"],"yoast_head":"<!-- This site is optimized with the Yoast SEO plugin v27.3 - https:\/\/yoast.com\/product\/yoast-seo-wordpress\/ -->\n<title>Vivre ensemble Durablement - AlterTour<\/title>\n<meta name=\"robots\" content=\"index, follow, max-snippet:-1, max-image-preview:large, max-video-preview:-1\" \/>\n<link rel=\"canonical\" href=\"https:\/\/www.altercampagne.net\/?p=29079\" \/>\n<meta property=\"og:locale\" content=\"fr_FR\" \/>\n<meta property=\"og:type\" content=\"article\" \/>\n<meta property=\"og:title\" content=\"Vivre ensemble Durablement - AlterTour\" \/>\n<meta property=\"og:description\" content=\"Rencontre le dimanche 20 juillet 2025 Le collectif Vivre Ensemble Durablement cr\u00e9\u00e9 en d\u00e9cembre 2012 sous l\u2019impulsion du comit\u00e9 de pilotage de l\u2019agenda 21 communal dont l&rsquo;objectif \u00e9tait l&rsquo;int\u00e9gration de la dimension environnementale dans la commune d\u2019Ayen, a au c\u0153ur de sa mission de proposer des actions et activit\u00e9s de ... Read More\" \/>\n<meta property=\"og:url\" content=\"https:\/\/www.altercampagne.net\/?p=29079\" \/>\n<meta property=\"og:site_name\" content=\"AlterTour\" \/>\n<meta property=\"article:published_time\" content=\"2025-06-29T18:00:00+00:00\" \/>\n<meta property=\"og:image\" content=\"https:\/\/www.altercampagne.net\/wp-content\/uploads\/2025\/06\/IMG_20230910_161724_1-scaled.jpg\" \/>\n\t<meta property=\"og:image:width\" content=\"1920\" \/>\n\t<meta property=\"og:image:height\" content=\"2560\" \/>\n\t<meta property=\"og:image:type\" content=\"image\/jpeg\" \/>\n<meta name=\"author\" content=\"Mathieu G\" \/>\n<meta name=\"twitter:card\" content=\"summary_large_image\" \/>\n<meta name=\"twitter:label1\" content=\"\u00c9crit par\" \/>\n\t<meta name=\"twitter:data1\" content=\"Mathieu G\" \/>\n\t<meta name=\"twitter:label2\" content=\"Dur\u00e9e de lecture estim\u00e9e\" \/>\n\t<meta name=\"twitter:data2\" content=\"2 minutes\" \/>\n<script type=\"application\/ld+json\" class=\"yoast-schema-graph\">{\"@context\":\"https:\\\/\\\/schema.org\",\"@graph\":[{\"@type\":\"Article\",\"@id\":\"https:\\\/\\\/www.altercampagne.net\\\/?p=29079#article\",\"isPartOf\":{\"@id\":\"https:\\\/\\\/www.altercampagne.net\\\/?p=29079\"},\"author\":{\"name\":\"Mathieu G\",\"@id\":\"https:\\\/\\\/www.altercampagne.net\\\/#\\\/schema\\\/person\\\/ecef4819a38a15a4bb1a583623cdabbe\"},\"headline\":\"Vivre ensemble Durablement\",\"datePublished\":\"2025-06-29T18:00:00+00:00\",\"mainEntityOfPage\":{\"@id\":\"https:\\\/\\\/www.altercampagne.net\\\/?p=29079\"},\"wordCount\":289,\"image\":{\"@id\":\"https:\\\/\\\/www.altercampagne.net\\\/?p=29079#primaryimage\"},\"thumbnailUrl\":\"https:\\\/\\\/www.altercampagne.net\\\/wp-content\\\/uploads\\\/2025\\\/06\\\/IMG_20230910_161724_1-scaled.jpg\",\"articleSection\":[\"\u00c9dition 2025\",\"AlterTour\",\"Education\",\"Environnement\",\"Nouvelle-Aquitaine\",\"Silence\",\"Transverse\"],\"inLanguage\":\"fr-FR\"},{\"@type\":\"WebPage\",\"@id\":\"https:\\\/\\\/www.altercampagne.net\\\/?p=29079\",\"url\":\"https:\\\/\\\/www.altercampagne.net\\\/?p=29079\",\"name\":\"Vivre ensemble Durablement - AlterTour\",\"isPartOf\":{\"@id\":\"https:\\\/\\\/www.altercampagne.net\\\/#website\"},\"primaryImageOfPage\":{\"@id\":\"https:\\\/\\\/www.altercampagne.net\\\/?p=29079#primaryimage\"},\"image\":{\"@id\":\"https:\\\/\\\/www.altercampagne.net\\\/?p=29079#primaryimage\"},\"thumbnailUrl\":\"https:\\\/\\\/www.altercampagne.net\\\/wp-content\\\/uploads\\\/2025\\\/06\\\/IMG_20230910_161724_1-scaled.jpg\",\"datePublished\":\"2025-06-29T18:00:00+00:00\",\"author\":{\"@id\":\"https:\\\/\\\/www.altercampagne.net\\\/#\\\/schema\\\/person\\\/ecef4819a38a15a4bb1a583623cdabbe\"},\"breadcrumb\":{\"@id\":\"https:\\\/\\\/www.altercampagne.net\\\/?p=29079#breadcrumb\"},\"inLanguage\":\"fr-FR\",\"potentialAction\":[{\"@type\":\"ReadAction\",\"target\":[\"https:\\\/\\\/www.altercampagne.net\\\/?p=29079\"]}]},{\"@type\":\"ImageObject\",\"inLanguage\":\"fr-FR\",\"@id\":\"https:\\\/\\\/www.altercampagne.net\\\/?p=29079#primaryimage\",\"url\":\"https:\\\/\\\/www.altercampagne.net\\\/wp-content\\\/uploads\\\/2025\\\/06\\\/IMG_20230910_161724_1-scaled.jpg\",\"contentUrl\":\"https:\\\/\\\/www.altercampagne.net\\\/wp-content\\\/uploads\\\/2025\\\/06\\\/IMG_20230910_161724_1-scaled.jpg\",\"width\":1920,\"height\":2560},{\"@type\":\"BreadcrumbList\",\"@id\":\"https:\\\/\\\/www.altercampagne.net\\\/?p=29079#breadcrumb\",\"itemListElement\":[{\"@type\":\"ListItem\",\"position\":1,\"name\":\"Accueil\",\"item\":\"https:\\\/\\\/www.altercampagne.net\\\/\"},{\"@type\":\"ListItem\",\"position\":2,\"name\":\"Vivre ensemble Durablement\"}]},{\"@type\":\"WebSite\",\"@id\":\"https:\\\/\\\/www.altercampagne.net\\\/#website\",\"url\":\"https:\\\/\\\/www.altercampagne.net\\\/\",\"name\":\"AlterTour\",\"description\":\"Reliez les Alternatives \u00e0 v\u00e9lo\",\"potentialAction\":[{\"@type\":\"SearchAction\",\"target\":{\"@type\":\"EntryPoint\",\"urlTemplate\":\"https:\\\/\\\/www.altercampagne.net\\\/?s={search_term_string}\"},\"query-input\":{\"@type\":\"PropertyValueSpecification\",\"valueRequired\":true,\"valueName\":\"search_term_string\"}}],\"inLanguage\":\"fr-FR\"},{\"@type\":\"Person\",\"@id\":\"https:\\\/\\\/www.altercampagne.net\\\/#\\\/schema\\\/person\\\/ecef4819a38a15a4bb1a583623cdabbe\",\"name\":\"Mathieu G\",\"image\":{\"@type\":\"ImageObject\",\"inLanguage\":\"fr-FR\",\"@id\":\"https:\\\/\\\/secure.gravatar.com\\\/avatar\\\/33aa90347f324a57d4b9f5c9a6b0783ac499dba9cee0cd20b930fe027c0190bf?s=96&d=mm&r=g\",\"url\":\"https:\\\/\\\/secure.gravatar.com\\\/avatar\\\/33aa90347f324a57d4b9f5c9a6b0783ac499dba9cee0cd20b930fe027c0190bf?s=96&d=mm&r=g\",\"contentUrl\":\"https:\\\/\\\/secure.gravatar.com\\\/avatar\\\/33aa90347f324a57d4b9f5c9a6b0783ac499dba9cee0cd20b930fe027c0190bf?s=96&d=mm&r=g\",\"caption\":\"Mathieu G\"},\"url\":\"https:\\\/\\\/www.altercampagne.net\\\/?author=398\"}]}<\/script>\n<!-- \/ Yoast SEO plugin. -->","yoast_head_json":{"title":"Vivre ensemble Durablement - AlterTour","robots":{"index":"index","follow":"follow","max-snippet":"max-snippet:-1","max-image-preview":"max-image-preview:large","max-video-preview":"max-video-preview:-1"},"canonical":"https:\/\/www.altercampagne.net\/?p=29079","og_locale":"fr_FR","og_type":"article","og_title":"Vivre ensemble Durablement - AlterTour","og_description":"Rencontre le dimanche 20 juillet 2025 Le collectif Vivre Ensemble Durablement cr\u00e9\u00e9 en d\u00e9cembre 2012 sous l\u2019impulsion du comit\u00e9 de pilotage de l\u2019agenda 21 communal dont l&rsquo;objectif \u00e9tait l&rsquo;int\u00e9gration de la dimension environnementale dans la commune d\u2019Ayen, a au c\u0153ur de sa mission de proposer des actions et activit\u00e9s de ... Read More","og_url":"https:\/\/www.altercampagne.net\/?p=29079","og_site_name":"AlterTour","article_published_time":"2025-06-29T18:00:00+00:00","og_image":[{"width":1920,"height":2560,"url":"https:\/\/www.altercampagne.net\/wp-content\/uploads\/2025\/06\/IMG_20230910_161724_1-scaled.jpg","type":"image\/jpeg"}],"author":"Mathieu G","twitter_card":"summary_large_image","twitter_misc":{"\u00c9crit par":"Mathieu G","Dur\u00e9e de lecture estim\u00e9e":"2 minutes"},"schema":{"@context":"https:\/\/schema.org","@graph":[{"@type":"Article","@id":"https:\/\/www.altercampagne.net\/?p=29079#article","isPartOf":{"@id":"https:\/\/www.altercampagne.net\/?p=29079"},"author":{"name":"Mathieu G","@id":"https:\/\/www.altercampagne.net\/#\/schema\/person\/ecef4819a38a15a4bb1a583623cdabbe"},"headline":"Vivre ensemble Durablement","datePublished":"2025-06-29T18:00:00+00:00","mainEntityOfPage":{"@id":"https:\/\/www.altercampagne.net\/?p=29079"},"wordCount":289,"image":{"@id":"https:\/\/www.altercampagne.net\/?p=29079#primaryimage"},"thumbnailUrl":"https:\/\/www.altercampagne.net\/wp-content\/uploads\/2025\/06\/IMG_20230910_161724_1-scaled.jpg","articleSection":["\u00c9dition 2025","AlterTour","Education","Environnement","Nouvelle-Aquitaine","Silence","Transverse"],"inLanguage":"fr-FR"},{"@type":"WebPage","@id":"https:\/\/www.altercampagne.net\/?p=29079","url":"https:\/\/www.altercampagne.net\/?p=29079","name":"Vivre ensemble Durablement - AlterTour","isPartOf":{"@id":"https:\/\/www.altercampagne.net\/#website"},"primaryImageOfPage":{"@id":"https:\/\/www.altercampagne.net\/?p=29079#primaryimage"},"image":{"@id":"https:\/\/www.altercampagne.net\/?p=29079#primaryimage"},"thumbnailUrl":"https:\/\/www.altercampagne.net\/wp-content\/uploads\/2025\/06\/IMG_20230910_161724_1-scaled.jpg","datePublished":"2025-06-29T18:00:00+00:00","author":{"@id":"https:\/\/www.altercampagne.net\/#\/schema\/person\/ecef4819a38a15a4bb1a583623cdabbe"},"breadcrumb":{"@id":"https:\/\/www.altercampagne.net\/?p=29079#breadcrumb"},"inLanguage":"fr-FR","potentialAction":[{"@type":"ReadAction","target":["https:\/\/www.altercampagne.net\/?p=29079"]}]},{"@type":"ImageObject","inLanguage":"fr-FR","@id":"https:\/\/www.altercampagne.net\/?p=29079#primaryimage","url":"https:\/\/www.altercampagne.net\/wp-content\/uploads\/2025\/06\/IMG_20230910_161724_1-scaled.jpg","contentUrl":"https:\/\/www.altercampagne.net\/wp-content\/uploads\/2025\/06\/IMG_20230910_161724_1-scaled.jpg","width":1920,"height":2560},{"@type":"BreadcrumbList","@id":"https:\/\/www.altercampagne.net\/?p=29079#breadcrumb","itemListElement":[{"@type":"ListItem","position":1,"name":"Accueil","item":"https:\/\/www.altercampagne.net\/"},{"@type":"ListItem","position":2,"name":"Vivre ensemble Durablement"}]},{"@type":"WebSite","@id":"https:\/\/www.altercampagne.net\/#website","url":"https:\/\/www.altercampagne.net\/","name":"AlterTour","description":"Reliez les Alternatives \u00e0 v\u00e9lo","potentialAction":[{"@type":"SearchAction","target":{"@type":"EntryPoint","urlTemplate":"https:\/\/www.altercampagne.net\/?s={search_term_string}"},"query-input":{"@type":"PropertyValueSpecification","valueRequired":true,"valueName":"search_term_string"}}],"inLanguage":"fr-FR"},{"@type":"Person","@id":"https:\/\/www.altercampagne.net\/#\/schema\/person\/ecef4819a38a15a4bb1a583623cdabbe","name":"Mathieu G","image":{"@type":"ImageObject","inLanguage":"fr-FR","@id":"https:\/\/secure.gravatar.com\/avatar\/33aa90347f324a57d4b9f5c9a6b0783ac499dba9cee0cd20b930fe027c0190bf?s=96&d=mm&r=g","url":"https:\/\/secure.gravatar.com\/avatar\/33aa90347f324a57d4b9f5c9a6b0783ac499dba9cee0cd20b930fe027c0190bf?s=96&d=mm&r=g","contentUrl":"https:\/\/secure.gravatar.com\/avatar\/33aa90347f324a57d4b9f5c9a6b0783ac499dba9cee0cd20b930fe027c0190bf?s=96&d=mm&r=g","caption":"Mathieu G"},"url":"https:\/\/www.altercampagne.net\/?author=398"}]}},"_links":{"self":[{"href":"https:\/\/www.altercampagne.net\/index.php?rest_route=\/wp\/v2\/posts\/29079","targetHints":{"allow":["GET"]}}],"collection":[{"href":"https:\/\/www.altercampagne.net\/index.php?rest_route=\/wp\/v2\/posts"}],"about":[{"href":"https:\/\/www.altercampagne.net\/index.php?rest_route=\/wp\/v2\/types\/post"}],"author":[{"embeddable":true,"href":"https:\/\/www.altercampagne.net\/index.php?rest_route=\/wp\/v2\/users\/398"}],"replies":[{"embeddable":true,"href":"https:\/\/www.altercampagne.net\/index.php?rest_route=%2Fwp%2Fv2%2Fcomments&post=29079"}],"version-history":[{"count":2,"href":"https:\/\/www.altercampagne.net\/index.php?rest_route=\/wp\/v2\/posts\/29079\/revisions"}],"predecessor-version":[{"id":29082,"href":"https:\/\/www.altercampagne.net\/index.php?rest_route=\/wp\/v2\/posts\/29079\/revisions\/29082"}],"wp:featuredmedia":[{"embeddable":true,"href":"https:\/\/www.altercampagne.net\/index.php?rest_route=\/wp\/v2\/media\/29080"}],"wp:attachment":[{"href":"https:\/\/www.altercampagne.net\/index.php?rest_route=%2Fwp%2Fv2%2Fmedia&parent=29079"}],"wp:term":[{"taxonomy":"category","embeddable":true,"href":"https:\/\/www.altercampagne.net\/index.php?rest_route=%2Fwp%2Fv2%2Fcategories&post=29079"},{"taxonomy":"post_tag","embeddable":true,"href":"https:\/\/www.altercampagne.net\/index.php?rest_route=%2Fwp%2Fv2%2Ftags&post=29079"}],"curies":[{"name":"wp","href":"https:\/\/api.w.org\/{rel}","templated":true}]}}