{"id":29086,"date":"2025-07-01T20:00:00","date_gmt":"2025-07-01T18:00:00","guid":{"rendered":"https:\/\/www.altercampagne.net\/?p=29086"},"modified":"2025-06-27T14:54:10","modified_gmt":"2025-06-27T12:54:10","slug":"le-pre-vert","status":"publish","type":"post","link":"https:\/\/www.altercampagne.net\/?p=29086","title":{"rendered":"Le pr\u00e9 Vert"},"content":{"rendered":"\n<blockquote class=\"wp-block-quote is-layout-flow wp-block-quote-is-layout-flow\">\n<p>Rencontre les 31 juillet et 1er ao\u00fbt 2025<\/p>\n<\/blockquote>\n\n\n\n<p>Le Pr\u00e9 Vert est un tiers lieu de la petite ville de Rabastens, dans le Tarn. Il est le fruit d\u2019une initiative citoyenne, port\u00e9e par l&rsquo;association La Locale, qui a r\u00e9nov\u00e9 il y a plus de 6 ans un ancien h\u00f4tel-restaurant du centre-ville pour le transformer en un lieu de vie ouvert \u00e0 toutes et tous.<\/p>\n\n\n\n<p>Trois activit\u00e9s ont lieu sur place :<\/p>\n\n\n\n<ul class=\"wp-block-list\">\n<li>Un espace de travail avec des bureaux, un coworking et une salle modulable, par exemple pour des ateliers ou des cours de yoga.<\/li>\n\n\n\n<li>Une programmation culturelle accueillant des concerts et des festivals au printemps et en \u00e9t\u00e9 \u00e0 des prix inclusifs.<\/li>\n\n\n\n<li>Une offre de formations gratuites pour les demandeurs et demandeuses d\u2019emploi et un cursus sp\u00e9cialis\u00e9 pour les b\u00e9n\u00e9ficiaires du RSA, gr\u00e2ce aux subventions de la R\u00e9gion Occitanie et du D\u00e9partement du Tarn.<\/li>\n<\/ul>\n\n\n\n<p>Et comme son nom le sugg\u00e8re, il y a un jardin !<\/p>\n\n\n\n<p>Aujourd\u2019hui, le Pr\u00e9 Vert est florissant ! Il a atteint son objectif de devenir un lieu ressource pour le territoire et les personnes qui souhaitent d\u00e9velopper une activit\u00e9 culturelle ou \u00e9conomique locale. Actuellement, la mairie rach\u00e8te le b\u00e2timent au propri\u00e9taire de l\u2019h\u00f4tel-restaurant, et la gouvernance \u00e9volue pour donner plus de stabilit\u00e9 \u00e0 la structure.<\/p>\n\n\n\n<p>Quels rendez-vous nous donne le Pr\u00e9 Vert ?<br>Les \u201cFaites de la transition\u201d, chaque ann\u00e9e en octobre ;<br>Les \u201cOUFs jardin\u201d pour \u201cOccasion Unique de Faire\u201d, autour du jardinage ;<br>la \u201cNippon Party\u201d, un festival sur la culture japonaise le 5 avril ;<\/p>\n\n\n\n<p>et plus encore sur son site Internet : <a href=\"https:\/\/leprevert81.fr\/\">https:\/\/leprevert81.fr\/<\/a><\/p>\n","protected":false},"excerpt":{"rendered":"<p>Rencontre les 31 juillet et 1er ao\u00fbt 2025 Le Pr\u00e9 Vert est un tiers lieu de la petite ville de Rabastens, dans le Tarn. Il est le fruit d\u2019une initiative citoyenne, port\u00e9e par l&rsquo;association La Locale, qui a r\u00e9nov\u00e9 il y a plus de 6 ans un ancien h\u00f4tel-restaurant du &#8230; <\/p>\n<div><a href=\"https:\/\/www.altercampagne.net\/?p=29086\" class=\"more-link\">Read More<\/a><\/div>\n","protected":false},"author":398,"featured_media":29087,"comment_status":"closed","ping_status":"closed","sticky":false,"template":"","format":"standard","meta":{"footnotes":""},"categories":[4511,4313,3490,3938,3485,3248,3480,3488],"tags":[],"class_list":["post-29086","post","type-post","status-publish","format-standard","has-post-thumbnail","hentry","category-edition-2025","category-altertour","category-culture","category-education","category-habitat","category-silence","category-occitanie","category-social"],"yoast_head":"<!-- This site is optimized with the Yoast SEO plugin v27.3 - https:\/\/yoast.com\/product\/yoast-seo-wordpress\/ -->\n<title>Le pr\u00e9 Vert - AlterTour<\/title>\n<meta name=\"robots\" content=\"index, follow, max-snippet:-1, max-image-preview:large, max-video-preview:-1\" \/>\n<link rel=\"canonical\" href=\"https:\/\/www.altercampagne.net\/?p=29086\" \/>\n<meta property=\"og:locale\" content=\"fr_FR\" \/>\n<meta property=\"og:type\" content=\"article\" \/>\n<meta property=\"og:title\" content=\"Le pr\u00e9 Vert - AlterTour\" \/>\n<meta property=\"og:description\" content=\"Rencontre les 31 juillet et 1er ao\u00fbt 2025 Le Pr\u00e9 Vert est un tiers lieu de la petite ville de Rabastens, dans le Tarn. Il est le fruit d\u2019une initiative citoyenne, port\u00e9e par l&rsquo;association La Locale, qui a r\u00e9nov\u00e9 il y a plus de 6 ans un ancien h\u00f4tel-restaurant du ... Read More\" \/>\n<meta property=\"og:url\" content=\"https:\/\/www.altercampagne.net\/?p=29086\" \/>\n<meta property=\"og:site_name\" content=\"AlterTour\" \/>\n<meta property=\"article:published_time\" content=\"2025-07-01T18:00:00+00:00\" \/>\n<meta property=\"og:image\" content=\"https:\/\/www.altercampagne.net\/wp-content\/uploads\/2025\/06\/PRe-vert-jpg.png\" \/>\n\t<meta property=\"og:image:width\" content=\"940\" \/>\n\t<meta property=\"og:image:height\" content=\"788\" \/>\n\t<meta property=\"og:image:type\" content=\"image\/png\" \/>\n<meta name=\"author\" content=\"Mathieu G\" \/>\n<meta name=\"twitter:card\" content=\"summary_large_image\" \/>\n<meta name=\"twitter:label1\" content=\"\u00c9crit par\" \/>\n\t<meta name=\"twitter:data1\" content=\"Mathieu G\" \/>\n\t<meta name=\"twitter:label2\" content=\"Dur\u00e9e de lecture estim\u00e9e\" \/>\n\t<meta name=\"twitter:data2\" content=\"2 minutes\" \/>\n<script type=\"application\/ld+json\" class=\"yoast-schema-graph\">{\"@context\":\"https:\\\/\\\/schema.org\",\"@graph\":[{\"@type\":\"Article\",\"@id\":\"https:\\\/\\\/www.altercampagne.net\\\/?p=29086#article\",\"isPartOf\":{\"@id\":\"https:\\\/\\\/www.altercampagne.net\\\/?p=29086\"},\"author\":{\"name\":\"Mathieu G\",\"@id\":\"https:\\\/\\\/www.altercampagne.net\\\/#\\\/schema\\\/person\\\/ecef4819a38a15a4bb1a583623cdabbe\"},\"headline\":\"Le pr\u00e9 Vert\",\"datePublished\":\"2025-07-01T18:00:00+00:00\",\"mainEntityOfPage\":{\"@id\":\"https:\\\/\\\/www.altercampagne.net\\\/?p=29086\"},\"wordCount\":275,\"image\":{\"@id\":\"https:\\\/\\\/www.altercampagne.net\\\/?p=29086#primaryimage\"},\"thumbnailUrl\":\"https:\\\/\\\/www.altercampagne.net\\\/wp-content\\\/uploads\\\/2025\\\/06\\\/PRe-vert-jpg.png\",\"articleSection\":[\"\u00c9dition 2025\",\"AlterTour\",\"Culture\",\"Education\",\"Habitat\",\"Silence\",\"Occitanie\",\"Social\"],\"inLanguage\":\"fr-FR\"},{\"@type\":\"WebPage\",\"@id\":\"https:\\\/\\\/www.altercampagne.net\\\/?p=29086\",\"url\":\"https:\\\/\\\/www.altercampagne.net\\\/?p=29086\",\"name\":\"Le pr\u00e9 Vert - AlterTour\",\"isPartOf\":{\"@id\":\"https:\\\/\\\/www.altercampagne.net\\\/#website\"},\"primaryImageOfPage\":{\"@id\":\"https:\\\/\\\/www.altercampagne.net\\\/?p=29086#primaryimage\"},\"image\":{\"@id\":\"https:\\\/\\\/www.altercampagne.net\\\/?p=29086#primaryimage\"},\"thumbnailUrl\":\"https:\\\/\\\/www.altercampagne.net\\\/wp-content\\\/uploads\\\/2025\\\/06\\\/PRe-vert-jpg.png\",\"datePublished\":\"2025-07-01T18:00:00+00:00\",\"author\":{\"@id\":\"https:\\\/\\\/www.altercampagne.net\\\/#\\\/schema\\\/person\\\/ecef4819a38a15a4bb1a583623cdabbe\"},\"breadcrumb\":{\"@id\":\"https:\\\/\\\/www.altercampagne.net\\\/?p=29086#breadcrumb\"},\"inLanguage\":\"fr-FR\",\"potentialAction\":[{\"@type\":\"ReadAction\",\"target\":[\"https:\\\/\\\/www.altercampagne.net\\\/?p=29086\"]}]},{\"@type\":\"ImageObject\",\"inLanguage\":\"fr-FR\",\"@id\":\"https:\\\/\\\/www.altercampagne.net\\\/?p=29086#primaryimage\",\"url\":\"https:\\\/\\\/www.altercampagne.net\\\/wp-content\\\/uploads\\\/2025\\\/06\\\/PRe-vert-jpg.png\",\"contentUrl\":\"https:\\\/\\\/www.altercampagne.net\\\/wp-content\\\/uploads\\\/2025\\\/06\\\/PRe-vert-jpg.png\",\"width\":940,\"height\":788},{\"@type\":\"BreadcrumbList\",\"@id\":\"https:\\\/\\\/www.altercampagne.net\\\/?p=29086#breadcrumb\",\"itemListElement\":[{\"@type\":\"ListItem\",\"position\":1,\"name\":\"Accueil\",\"item\":\"https:\\\/\\\/www.altercampagne.net\\\/\"},{\"@type\":\"ListItem\",\"position\":2,\"name\":\"Le pr\u00e9 Vert\"}]},{\"@type\":\"WebSite\",\"@id\":\"https:\\\/\\\/www.altercampagne.net\\\/#website\",\"url\":\"https:\\\/\\\/www.altercampagne.net\\\/\",\"name\":\"AlterTour\",\"description\":\"Reliez les Alternatives \u00e0 v\u00e9lo\",\"potentialAction\":[{\"@type\":\"SearchAction\",\"target\":{\"@type\":\"EntryPoint\",\"urlTemplate\":\"https:\\\/\\\/www.altercampagne.net\\\/?s={search_term_string}\"},\"query-input\":{\"@type\":\"PropertyValueSpecification\",\"valueRequired\":true,\"valueName\":\"search_term_string\"}}],\"inLanguage\":\"fr-FR\"},{\"@type\":\"Person\",\"@id\":\"https:\\\/\\\/www.altercampagne.net\\\/#\\\/schema\\\/person\\\/ecef4819a38a15a4bb1a583623cdabbe\",\"name\":\"Mathieu G\",\"image\":{\"@type\":\"ImageObject\",\"inLanguage\":\"fr-FR\",\"@id\":\"https:\\\/\\\/secure.gravatar.com\\\/avatar\\\/33aa90347f324a57d4b9f5c9a6b0783ac499dba9cee0cd20b930fe027c0190bf?s=96&d=mm&r=g\",\"url\":\"https:\\\/\\\/secure.gravatar.com\\\/avatar\\\/33aa90347f324a57d4b9f5c9a6b0783ac499dba9cee0cd20b930fe027c0190bf?s=96&d=mm&r=g\",\"contentUrl\":\"https:\\\/\\\/secure.gravatar.com\\\/avatar\\\/33aa90347f324a57d4b9f5c9a6b0783ac499dba9cee0cd20b930fe027c0190bf?s=96&d=mm&r=g\",\"caption\":\"Mathieu G\"},\"url\":\"https:\\\/\\\/www.altercampagne.net\\\/?author=398\"}]}<\/script>\n<!-- \/ Yoast SEO plugin. -->","yoast_head_json":{"title":"Le pr\u00e9 Vert - AlterTour","robots":{"index":"index","follow":"follow","max-snippet":"max-snippet:-1","max-image-preview":"max-image-preview:large","max-video-preview":"max-video-preview:-1"},"canonical":"https:\/\/www.altercampagne.net\/?p=29086","og_locale":"fr_FR","og_type":"article","og_title":"Le pr\u00e9 Vert - AlterTour","og_description":"Rencontre les 31 juillet et 1er ao\u00fbt 2025 Le Pr\u00e9 Vert est un tiers lieu de la petite ville de Rabastens, dans le Tarn. Il est le fruit d\u2019une initiative citoyenne, port\u00e9e par l&rsquo;association La Locale, qui a r\u00e9nov\u00e9 il y a plus de 6 ans un ancien h\u00f4tel-restaurant du ... Read More","og_url":"https:\/\/www.altercampagne.net\/?p=29086","og_site_name":"AlterTour","article_published_time":"2025-07-01T18:00:00+00:00","og_image":[{"width":940,"height":788,"url":"https:\/\/www.altercampagne.net\/wp-content\/uploads\/2025\/06\/PRe-vert-jpg.png","type":"image\/png"}],"author":"Mathieu G","twitter_card":"summary_large_image","twitter_misc":{"\u00c9crit par":"Mathieu G","Dur\u00e9e de lecture estim\u00e9e":"2 minutes"},"schema":{"@context":"https:\/\/schema.org","@graph":[{"@type":"Article","@id":"https:\/\/www.altercampagne.net\/?p=29086#article","isPartOf":{"@id":"https:\/\/www.altercampagne.net\/?p=29086"},"author":{"name":"Mathieu G","@id":"https:\/\/www.altercampagne.net\/#\/schema\/person\/ecef4819a38a15a4bb1a583623cdabbe"},"headline":"Le pr\u00e9 Vert","datePublished":"2025-07-01T18:00:00+00:00","mainEntityOfPage":{"@id":"https:\/\/www.altercampagne.net\/?p=29086"},"wordCount":275,"image":{"@id":"https:\/\/www.altercampagne.net\/?p=29086#primaryimage"},"thumbnailUrl":"https:\/\/www.altercampagne.net\/wp-content\/uploads\/2025\/06\/PRe-vert-jpg.png","articleSection":["\u00c9dition 2025","AlterTour","Culture","Education","Habitat","Silence","Occitanie","Social"],"inLanguage":"fr-FR"},{"@type":"WebPage","@id":"https:\/\/www.altercampagne.net\/?p=29086","url":"https:\/\/www.altercampagne.net\/?p=29086","name":"Le pr\u00e9 Vert - AlterTour","isPartOf":{"@id":"https:\/\/www.altercampagne.net\/#website"},"primaryImageOfPage":{"@id":"https:\/\/www.altercampagne.net\/?p=29086#primaryimage"},"image":{"@id":"https:\/\/www.altercampagne.net\/?p=29086#primaryimage"},"thumbnailUrl":"https:\/\/www.altercampagne.net\/wp-content\/uploads\/2025\/06\/PRe-vert-jpg.png","datePublished":"2025-07-01T18:00:00+00:00","author":{"@id":"https:\/\/www.altercampagne.net\/#\/schema\/person\/ecef4819a38a15a4bb1a583623cdabbe"},"breadcrumb":{"@id":"https:\/\/www.altercampagne.net\/?p=29086#breadcrumb"},"inLanguage":"fr-FR","potentialAction":[{"@type":"ReadAction","target":["https:\/\/www.altercampagne.net\/?p=29086"]}]},{"@type":"ImageObject","inLanguage":"fr-FR","@id":"https:\/\/www.altercampagne.net\/?p=29086#primaryimage","url":"https:\/\/www.altercampagne.net\/wp-content\/uploads\/2025\/06\/PRe-vert-jpg.png","contentUrl":"https:\/\/www.altercampagne.net\/wp-content\/uploads\/2025\/06\/PRe-vert-jpg.png","width":940,"height":788},{"@type":"BreadcrumbList","@id":"https:\/\/www.altercampagne.net\/?p=29086#breadcrumb","itemListElement":[{"@type":"ListItem","position":1,"name":"Accueil","item":"https:\/\/www.altercampagne.net\/"},{"@type":"ListItem","position":2,"name":"Le pr\u00e9 Vert"}]},{"@type":"WebSite","@id":"https:\/\/www.altercampagne.net\/#website","url":"https:\/\/www.altercampagne.net\/","name":"AlterTour","description":"Reliez les Alternatives \u00e0 v\u00e9lo","potentialAction":[{"@type":"SearchAction","target":{"@type":"EntryPoint","urlTemplate":"https:\/\/www.altercampagne.net\/?s={search_term_string}"},"query-input":{"@type":"PropertyValueSpecification","valueRequired":true,"valueName":"search_term_string"}}],"inLanguage":"fr-FR"},{"@type":"Person","@id":"https:\/\/www.altercampagne.net\/#\/schema\/person\/ecef4819a38a15a4bb1a583623cdabbe","name":"Mathieu G","image":{"@type":"ImageObject","inLanguage":"fr-FR","@id":"https:\/\/secure.gravatar.com\/avatar\/33aa90347f324a57d4b9f5c9a6b0783ac499dba9cee0cd20b930fe027c0190bf?s=96&d=mm&r=g","url":"https:\/\/secure.gravatar.com\/avatar\/33aa90347f324a57d4b9f5c9a6b0783ac499dba9cee0cd20b930fe027c0190bf?s=96&d=mm&r=g","contentUrl":"https:\/\/secure.gravatar.com\/avatar\/33aa90347f324a57d4b9f5c9a6b0783ac499dba9cee0cd20b930fe027c0190bf?s=96&d=mm&r=g","caption":"Mathieu G"},"url":"https:\/\/www.altercampagne.net\/?author=398"}]}},"_links":{"self":[{"href":"https:\/\/www.altercampagne.net\/index.php?rest_route=\/wp\/v2\/posts\/29086","targetHints":{"allow":["GET"]}}],"collection":[{"href":"https:\/\/www.altercampagne.net\/index.php?rest_route=\/wp\/v2\/posts"}],"about":[{"href":"https:\/\/www.altercampagne.net\/index.php?rest_route=\/wp\/v2\/types\/post"}],"author":[{"embeddable":true,"href":"https:\/\/www.altercampagne.net\/index.php?rest_route=\/wp\/v2\/users\/398"}],"replies":[{"embeddable":true,"href":"https:\/\/www.altercampagne.net\/index.php?rest_route=%2Fwp%2Fv2%2Fcomments&post=29086"}],"version-history":[{"count":1,"href":"https:\/\/www.altercampagne.net\/index.php?rest_route=\/wp\/v2\/posts\/29086\/revisions"}],"predecessor-version":[{"id":29088,"href":"https:\/\/www.altercampagne.net\/index.php?rest_route=\/wp\/v2\/posts\/29086\/revisions\/29088"}],"wp:featuredmedia":[{"embeddable":true,"href":"https:\/\/www.altercampagne.net\/index.php?rest_route=\/wp\/v2\/media\/29087"}],"wp:attachment":[{"href":"https:\/\/www.altercampagne.net\/index.php?rest_route=%2Fwp%2Fv2%2Fmedia&parent=29086"}],"wp:term":[{"taxonomy":"category","embeddable":true,"href":"https:\/\/www.altercampagne.net\/index.php?rest_route=%2Fwp%2Fv2%2Fcategories&post=29086"},{"taxonomy":"post_tag","embeddable":true,"href":"https:\/\/www.altercampagne.net\/index.php?rest_route=%2Fwp%2Fv2%2Ftags&post=29086"}],"curies":[{"name":"wp","href":"https:\/\/api.w.org\/{rel}","templated":true}]}}