{"id":29092,"date":"2025-07-03T20:00:00","date_gmt":"2025-07-03T18:00:00","guid":{"rendered":"https:\/\/www.altercampagne.net\/?p=29092"},"modified":"2025-06-27T15:26:36","modified_gmt":"2025-06-27T13:26:36","slug":"la-voie-est-libre-lvel","status":"publish","type":"post","link":"https:\/\/www.altercampagne.net\/?p=29092","title":{"rendered":"La Voie Est Libre (LVEL)"},"content":{"rendered":"\n<blockquote class=\"wp-block-quote is-layout-flow wp-block-quote-is-layout-flow\">\n<p>Rencontre les 5 et 6 ao\u00fbt 2025<\/p>\n<\/blockquote>\n\n\n\n<p><strong>Lutte contre l\u2019A69<\/strong><\/p>\n\n\n\n<p>Des \u00e9cureuils \u00e0 l\u2019Autre voie en passant par la victoire juridique<\/p>\n\n\n\n<p>53 kilom\u00e8tres d\u2019autoroute entre Toulouse et Castres pour d\u00e9senclaver le Sud du Tarn. Sur ce trac\u00e9, plus de 1000 arbres centenaires et 22 esp\u00e8ces prot\u00e9g\u00e9es. Un projet \u00e0 rebours des ambitions \u00e9cologiques de la France et pourtant l\u2019Etat a d\u00e9clar\u00e9 ce projet d\u2019int\u00e9r\u00eat majeur, conf\u00e9rant au concessionnaire une autorisation environnementale : une d\u00e9rogation exceptionnelle pour d\u00e9truire le vivant.<\/p>\n\n\n\n<p>Une aberration \u00e9cologique et \u00e9conomique ! Cette autoroute payante et ch\u00e8re ne ferait gagner que 15 minutes par rapport \u00e0 la route nationale existante et rallongerait le parcours par la nationale de 20 minutes. Pour se faire, elle d\u00e9truit un territoire en massacrant sa biodiversit\u00e9.<\/p>\n\n\n\n<p>Plusieurs associations se sont mobilis\u00e9es pour lutter contre ce projet, dont le Groupement National de Sauvegarde des Arbres (GNSA) qui occupe les arbres \u00e0 l\u2019aide de cordes, mousquetons et poulies. \u00abEn lutte depuis 20 ans, divers collectifs ont uni leurs forces en cr\u00e9ant La Voie Est Libre (LVEL) en 2021. Depuis, leur originalit\u00e9, leur humour, leur communication, leurs luttes sur le terrain, leur gros travail juridique a men\u00e9 \u00e0 un jugement sur le fond incontestable : le chantier de l&rsquo;A69 est d\u00e9clar\u00e9 ILL\u00c9GAL le 27 f\u00e9vrier 2025, jour HISTORIQUE !&nbsp;\u00bb<sup><a href=\"#sdfootnote1sym\" id=\"sdfootnote1anc\"><sup>1<\/sup><\/a><\/sup><\/p>\n\n\n\n<p>La d\u00e9sob\u00e9issance civile mise en \u0153uvre dans la lutte contre ce projet qui a un si\u00e8cle de retard a \u00e9t\u00e9 l\u00e9gitim\u00e9e en ao\u00fbt 2024 par le tribunal administratif de Toulouse. La justice a donn\u00e9 raison aux \u00ab\u00e9co terroristes\u00bb dont les actions furent r\u00e9prim\u00e9es violemment par les forces de l\u2019ordre, face \u00e0 un concessionnaire dans l\u2019ill\u00e9galit\u00e9. Cependant, la bataille n\u2019est pas termin\u00e9e \u2026<\/p>\n\n\n\n<p><a><\/a> Les militants restent positifs&nbsp;: \u00ab&nbsp;Avec nos avocates tous.tes sont confiant.e.s pour que ce jugement ne soit jamais invalid\u00e9.&nbsp;\u00bb<sup><a href=\"#sdfootnote2sym\" id=\"sdfootnote2anc\"><sup>2<\/sup><\/a><\/sup><\/p>\n\n\n\n<p>Comment est-ce que ce mouvement de contestation citoyen s\u2019est form\u00e9, de l\u2019occupation des arbres \u00e0 une victoire juridique ?<br>Est-ce que ce succ\u00e8s juridique peut servir d\u2019exemple pour contrer les 60 autres projets autoroutiers, recens\u00e9s par La D\u00e9route des Routes ?<br>Et enfin, peut-on r\u00eaver d\u2019une \u201cAutre Voie\u201d comme le propose l\u2019architecte Karim Lahiani ?<\/p>\n\n\n\n<p>L\u2019AlterTour roulera pour r\u00e9sonner \/ raisonner (!) avec cette lutte cet \u00e9t\u00e9&nbsp;!<\/p>\n\n\n\n<p><a href=\"#sdfootnote1anc\" id=\"sdfootnote1sym\">1<\/a> T\u00e9moignage d\u2019un militant qui souhaite garder l\u2019anonymat<\/p>\n\n\n\n<p><a href=\"#sdfootnote2anc\" id=\"sdfootnote2sym\">2<\/a> Idem<\/p>\n\n\n\n<p><a href=\"https:\/\/www.lvel.fr\">https:\/\/www.lvel.fr<\/a><\/p>\n","protected":false},"excerpt":{"rendered":"<p>Rencontre les 5 et 6 ao\u00fbt 2025 Lutte contre l\u2019A69 Des \u00e9cureuils \u00e0 l\u2019Autre voie en passant par la victoire juridique 53 kilom\u00e8tres d\u2019autoroute entre Toulouse et Castres pour d\u00e9senclaver le Sud du Tarn. Sur ce trac\u00e9, plus de 1000 arbres centenaires et 22 esp\u00e8ces prot\u00e9g\u00e9es. Un projet \u00e0 rebours &#8230; <\/p>\n<div><a href=\"https:\/\/www.altercampagne.net\/?p=29092\" class=\"more-link\">Read More<\/a><\/div>\n","protected":false},"author":398,"featured_media":29093,"comment_status":"closed","ping_status":"closed","sticky":false,"template":"","format":"standard","meta":{"footnotes":""},"categories":[4511,4313,3486,3542,3248,3480],"tags":[],"class_list":["post-29092","post","type-post","status-publish","format-standard","has-post-thumbnail","hentry","category-edition-2025","category-altertour","category-environnement","category-lutte","category-silence","category-occitanie"],"yoast_head":"<!-- This site is optimized with the Yoast SEO plugin v27.3 - https:\/\/yoast.com\/product\/yoast-seo-wordpress\/ -->\n<title>La Voie Est Libre (LVEL) - AlterTour<\/title>\n<meta name=\"robots\" content=\"index, follow, max-snippet:-1, max-image-preview:large, max-video-preview:-1\" \/>\n<link rel=\"canonical\" href=\"https:\/\/www.altercampagne.net\/?p=29092\" \/>\n<meta property=\"og:locale\" content=\"fr_FR\" \/>\n<meta property=\"og:type\" content=\"article\" \/>\n<meta property=\"og:title\" content=\"La Voie Est Libre (LVEL) - AlterTour\" \/>\n<meta property=\"og:description\" content=\"Rencontre les 5 et 6 ao\u00fbt 2025 Lutte contre l\u2019A69 Des \u00e9cureuils \u00e0 l\u2019Autre voie en passant par la victoire juridique 53 kilom\u00e8tres d\u2019autoroute entre Toulouse et Castres pour d\u00e9senclaver le Sud du Tarn. Sur ce trac\u00e9, plus de 1000 arbres centenaires et 22 esp\u00e8ces prot\u00e9g\u00e9es. Un projet \u00e0 rebours ... Read More\" \/>\n<meta property=\"og:url\" content=\"https:\/\/www.altercampagne.net\/?p=29092\" \/>\n<meta property=\"og:site_name\" content=\"AlterTour\" \/>\n<meta property=\"article:published_time\" content=\"2025-07-03T18:00:00+00:00\" \/>\n<meta property=\"og:image\" content=\"https:\/\/www.altercampagne.net\/wp-content\/uploads\/2025\/06\/la-voie-est-libre-rectangle.png\" \/>\n\t<meta property=\"og:image:width\" content=\"940\" \/>\n\t<meta property=\"og:image:height\" content=\"788\" \/>\n\t<meta property=\"og:image:type\" content=\"image\/png\" \/>\n<meta name=\"author\" content=\"Mathieu G\" \/>\n<meta name=\"twitter:card\" content=\"summary_large_image\" \/>\n<meta name=\"twitter:label1\" content=\"\u00c9crit par\" \/>\n\t<meta name=\"twitter:data1\" content=\"Mathieu G\" \/>\n\t<meta name=\"twitter:label2\" content=\"Dur\u00e9e de lecture estim\u00e9e\" \/>\n\t<meta name=\"twitter:data2\" content=\"3 minutes\" \/>\n<script type=\"application\/ld+json\" class=\"yoast-schema-graph\">{\"@context\":\"https:\\\/\\\/schema.org\",\"@graph\":[{\"@type\":\"Article\",\"@id\":\"https:\\\/\\\/www.altercampagne.net\\\/?p=29092#article\",\"isPartOf\":{\"@id\":\"https:\\\/\\\/www.altercampagne.net\\\/?p=29092\"},\"author\":{\"name\":\"Mathieu G\",\"@id\":\"https:\\\/\\\/www.altercampagne.net\\\/#\\\/schema\\\/person\\\/ecef4819a38a15a4bb1a583623cdabbe\"},\"headline\":\"La Voie Est Libre (LVEL)\",\"datePublished\":\"2025-07-03T18:00:00+00:00\",\"mainEntityOfPage\":{\"@id\":\"https:\\\/\\\/www.altercampagne.net\\\/?p=29092\"},\"wordCount\":408,\"image\":{\"@id\":\"https:\\\/\\\/www.altercampagne.net\\\/?p=29092#primaryimage\"},\"thumbnailUrl\":\"https:\\\/\\\/www.altercampagne.net\\\/wp-content\\\/uploads\\\/2025\\\/06\\\/la-voie-est-libre-rectangle.png\",\"articleSection\":[\"\u00c9dition 2025\",\"AlterTour\",\"Environnement\",\"Lutte\",\"Silence\",\"Occitanie\"],\"inLanguage\":\"fr-FR\"},{\"@type\":\"WebPage\",\"@id\":\"https:\\\/\\\/www.altercampagne.net\\\/?p=29092\",\"url\":\"https:\\\/\\\/www.altercampagne.net\\\/?p=29092\",\"name\":\"La Voie Est Libre (LVEL) - AlterTour\",\"isPartOf\":{\"@id\":\"https:\\\/\\\/www.altercampagne.net\\\/#website\"},\"primaryImageOfPage\":{\"@id\":\"https:\\\/\\\/www.altercampagne.net\\\/?p=29092#primaryimage\"},\"image\":{\"@id\":\"https:\\\/\\\/www.altercampagne.net\\\/?p=29092#primaryimage\"},\"thumbnailUrl\":\"https:\\\/\\\/www.altercampagne.net\\\/wp-content\\\/uploads\\\/2025\\\/06\\\/la-voie-est-libre-rectangle.png\",\"datePublished\":\"2025-07-03T18:00:00+00:00\",\"author\":{\"@id\":\"https:\\\/\\\/www.altercampagne.net\\\/#\\\/schema\\\/person\\\/ecef4819a38a15a4bb1a583623cdabbe\"},\"breadcrumb\":{\"@id\":\"https:\\\/\\\/www.altercampagne.net\\\/?p=29092#breadcrumb\"},\"inLanguage\":\"fr-FR\",\"potentialAction\":[{\"@type\":\"ReadAction\",\"target\":[\"https:\\\/\\\/www.altercampagne.net\\\/?p=29092\"]}]},{\"@type\":\"ImageObject\",\"inLanguage\":\"fr-FR\",\"@id\":\"https:\\\/\\\/www.altercampagne.net\\\/?p=29092#primaryimage\",\"url\":\"https:\\\/\\\/www.altercampagne.net\\\/wp-content\\\/uploads\\\/2025\\\/06\\\/la-voie-est-libre-rectangle.png\",\"contentUrl\":\"https:\\\/\\\/www.altercampagne.net\\\/wp-content\\\/uploads\\\/2025\\\/06\\\/la-voie-est-libre-rectangle.png\",\"width\":940,\"height\":788},{\"@type\":\"BreadcrumbList\",\"@id\":\"https:\\\/\\\/www.altercampagne.net\\\/?p=29092#breadcrumb\",\"itemListElement\":[{\"@type\":\"ListItem\",\"position\":1,\"name\":\"Accueil\",\"item\":\"https:\\\/\\\/www.altercampagne.net\\\/\"},{\"@type\":\"ListItem\",\"position\":2,\"name\":\"La Voie Est Libre (LVEL)\"}]},{\"@type\":\"WebSite\",\"@id\":\"https:\\\/\\\/www.altercampagne.net\\\/#website\",\"url\":\"https:\\\/\\\/www.altercampagne.net\\\/\",\"name\":\"AlterTour\",\"description\":\"Reliez les Alternatives \u00e0 v\u00e9lo\",\"potentialAction\":[{\"@type\":\"SearchAction\",\"target\":{\"@type\":\"EntryPoint\",\"urlTemplate\":\"https:\\\/\\\/www.altercampagne.net\\\/?s={search_term_string}\"},\"query-input\":{\"@type\":\"PropertyValueSpecification\",\"valueRequired\":true,\"valueName\":\"search_term_string\"}}],\"inLanguage\":\"fr-FR\"},{\"@type\":\"Person\",\"@id\":\"https:\\\/\\\/www.altercampagne.net\\\/#\\\/schema\\\/person\\\/ecef4819a38a15a4bb1a583623cdabbe\",\"name\":\"Mathieu G\",\"image\":{\"@type\":\"ImageObject\",\"inLanguage\":\"fr-FR\",\"@id\":\"https:\\\/\\\/secure.gravatar.com\\\/avatar\\\/33aa90347f324a57d4b9f5c9a6b0783ac499dba9cee0cd20b930fe027c0190bf?s=96&d=mm&r=g\",\"url\":\"https:\\\/\\\/secure.gravatar.com\\\/avatar\\\/33aa90347f324a57d4b9f5c9a6b0783ac499dba9cee0cd20b930fe027c0190bf?s=96&d=mm&r=g\",\"contentUrl\":\"https:\\\/\\\/secure.gravatar.com\\\/avatar\\\/33aa90347f324a57d4b9f5c9a6b0783ac499dba9cee0cd20b930fe027c0190bf?s=96&d=mm&r=g\",\"caption\":\"Mathieu G\"},\"url\":\"https:\\\/\\\/www.altercampagne.net\\\/?author=398\"}]}<\/script>\n<!-- \/ Yoast SEO plugin. -->","yoast_head_json":{"title":"La Voie Est Libre (LVEL) - AlterTour","robots":{"index":"index","follow":"follow","max-snippet":"max-snippet:-1","max-image-preview":"max-image-preview:large","max-video-preview":"max-video-preview:-1"},"canonical":"https:\/\/www.altercampagne.net\/?p=29092","og_locale":"fr_FR","og_type":"article","og_title":"La Voie Est Libre (LVEL) - AlterTour","og_description":"Rencontre les 5 et 6 ao\u00fbt 2025 Lutte contre l\u2019A69 Des \u00e9cureuils \u00e0 l\u2019Autre voie en passant par la victoire juridique 53 kilom\u00e8tres d\u2019autoroute entre Toulouse et Castres pour d\u00e9senclaver le Sud du Tarn. Sur ce trac\u00e9, plus de 1000 arbres centenaires et 22 esp\u00e8ces prot\u00e9g\u00e9es. Un projet \u00e0 rebours ... Read More","og_url":"https:\/\/www.altercampagne.net\/?p=29092","og_site_name":"AlterTour","article_published_time":"2025-07-03T18:00:00+00:00","og_image":[{"width":940,"height":788,"url":"https:\/\/www.altercampagne.net\/wp-content\/uploads\/2025\/06\/la-voie-est-libre-rectangle.png","type":"image\/png"}],"author":"Mathieu G","twitter_card":"summary_large_image","twitter_misc":{"\u00c9crit par":"Mathieu G","Dur\u00e9e de lecture estim\u00e9e":"3 minutes"},"schema":{"@context":"https:\/\/schema.org","@graph":[{"@type":"Article","@id":"https:\/\/www.altercampagne.net\/?p=29092#article","isPartOf":{"@id":"https:\/\/www.altercampagne.net\/?p=29092"},"author":{"name":"Mathieu G","@id":"https:\/\/www.altercampagne.net\/#\/schema\/person\/ecef4819a38a15a4bb1a583623cdabbe"},"headline":"La Voie Est Libre (LVEL)","datePublished":"2025-07-03T18:00:00+00:00","mainEntityOfPage":{"@id":"https:\/\/www.altercampagne.net\/?p=29092"},"wordCount":408,"image":{"@id":"https:\/\/www.altercampagne.net\/?p=29092#primaryimage"},"thumbnailUrl":"https:\/\/www.altercampagne.net\/wp-content\/uploads\/2025\/06\/la-voie-est-libre-rectangle.png","articleSection":["\u00c9dition 2025","AlterTour","Environnement","Lutte","Silence","Occitanie"],"inLanguage":"fr-FR"},{"@type":"WebPage","@id":"https:\/\/www.altercampagne.net\/?p=29092","url":"https:\/\/www.altercampagne.net\/?p=29092","name":"La Voie Est Libre (LVEL) - AlterTour","isPartOf":{"@id":"https:\/\/www.altercampagne.net\/#website"},"primaryImageOfPage":{"@id":"https:\/\/www.altercampagne.net\/?p=29092#primaryimage"},"image":{"@id":"https:\/\/www.altercampagne.net\/?p=29092#primaryimage"},"thumbnailUrl":"https:\/\/www.altercampagne.net\/wp-content\/uploads\/2025\/06\/la-voie-est-libre-rectangle.png","datePublished":"2025-07-03T18:00:00+00:00","author":{"@id":"https:\/\/www.altercampagne.net\/#\/schema\/person\/ecef4819a38a15a4bb1a583623cdabbe"},"breadcrumb":{"@id":"https:\/\/www.altercampagne.net\/?p=29092#breadcrumb"},"inLanguage":"fr-FR","potentialAction":[{"@type":"ReadAction","target":["https:\/\/www.altercampagne.net\/?p=29092"]}]},{"@type":"ImageObject","inLanguage":"fr-FR","@id":"https:\/\/www.altercampagne.net\/?p=29092#primaryimage","url":"https:\/\/www.altercampagne.net\/wp-content\/uploads\/2025\/06\/la-voie-est-libre-rectangle.png","contentUrl":"https:\/\/www.altercampagne.net\/wp-content\/uploads\/2025\/06\/la-voie-est-libre-rectangle.png","width":940,"height":788},{"@type":"BreadcrumbList","@id":"https:\/\/www.altercampagne.net\/?p=29092#breadcrumb","itemListElement":[{"@type":"ListItem","position":1,"name":"Accueil","item":"https:\/\/www.altercampagne.net\/"},{"@type":"ListItem","position":2,"name":"La Voie Est Libre (LVEL)"}]},{"@type":"WebSite","@id":"https:\/\/www.altercampagne.net\/#website","url":"https:\/\/www.altercampagne.net\/","name":"AlterTour","description":"Reliez les Alternatives \u00e0 v\u00e9lo","potentialAction":[{"@type":"SearchAction","target":{"@type":"EntryPoint","urlTemplate":"https:\/\/www.altercampagne.net\/?s={search_term_string}"},"query-input":{"@type":"PropertyValueSpecification","valueRequired":true,"valueName":"search_term_string"}}],"inLanguage":"fr-FR"},{"@type":"Person","@id":"https:\/\/www.altercampagne.net\/#\/schema\/person\/ecef4819a38a15a4bb1a583623cdabbe","name":"Mathieu G","image":{"@type":"ImageObject","inLanguage":"fr-FR","@id":"https:\/\/secure.gravatar.com\/avatar\/33aa90347f324a57d4b9f5c9a6b0783ac499dba9cee0cd20b930fe027c0190bf?s=96&d=mm&r=g","url":"https:\/\/secure.gravatar.com\/avatar\/33aa90347f324a57d4b9f5c9a6b0783ac499dba9cee0cd20b930fe027c0190bf?s=96&d=mm&r=g","contentUrl":"https:\/\/secure.gravatar.com\/avatar\/33aa90347f324a57d4b9f5c9a6b0783ac499dba9cee0cd20b930fe027c0190bf?s=96&d=mm&r=g","caption":"Mathieu G"},"url":"https:\/\/www.altercampagne.net\/?author=398"}]}},"_links":{"self":[{"href":"https:\/\/www.altercampagne.net\/index.php?rest_route=\/wp\/v2\/posts\/29092","targetHints":{"allow":["GET"]}}],"collection":[{"href":"https:\/\/www.altercampagne.net\/index.php?rest_route=\/wp\/v2\/posts"}],"about":[{"href":"https:\/\/www.altercampagne.net\/index.php?rest_route=\/wp\/v2\/types\/post"}],"author":[{"embeddable":true,"href":"https:\/\/www.altercampagne.net\/index.php?rest_route=\/wp\/v2\/users\/398"}],"replies":[{"embeddable":true,"href":"https:\/\/www.altercampagne.net\/index.php?rest_route=%2Fwp%2Fv2%2Fcomments&post=29092"}],"version-history":[{"count":2,"href":"https:\/\/www.altercampagne.net\/index.php?rest_route=\/wp\/v2\/posts\/29092\/revisions"}],"predecessor-version":[{"id":29095,"href":"https:\/\/www.altercampagne.net\/index.php?rest_route=\/wp\/v2\/posts\/29092\/revisions\/29095"}],"wp:featuredmedia":[{"embeddable":true,"href":"https:\/\/www.altercampagne.net\/index.php?rest_route=\/wp\/v2\/media\/29093"}],"wp:attachment":[{"href":"https:\/\/www.altercampagne.net\/index.php?rest_route=%2Fwp%2Fv2%2Fmedia&parent=29092"}],"wp:term":[{"taxonomy":"category","embeddable":true,"href":"https:\/\/www.altercampagne.net\/index.php?rest_route=%2Fwp%2Fv2%2Fcategories&post=29092"},{"taxonomy":"post_tag","embeddable":true,"href":"https:\/\/www.altercampagne.net\/index.php?rest_route=%2Fwp%2Fv2%2Ftags&post=29092"}],"curies":[{"name":"wp","href":"https:\/\/api.w.org\/{rel}","templated":true}]}}