{"id":29096,"date":"2025-07-04T20:00:00","date_gmt":"2025-07-04T18:00:00","guid":{"rendered":"https:\/\/www.altercampagne.net\/?p=29096"},"modified":"2025-06-27T15:55:58","modified_gmt":"2025-06-27T13:55:58","slug":"la-glissade-et-la-cafetiere","status":"publish","type":"post","link":"https:\/\/www.altercampagne.net\/?p=29096","title":{"rendered":"La glissade et La Cafeti\u00e8re"},"content":{"rendered":"\n<blockquote class=\"wp-block-quote is-layout-flow wp-block-quote-is-layout-flow\">\n<p>Rencontre du 10 au 12 ao\u00fbt 2025<\/p>\n<\/blockquote>\n\n\n\n<p>Un petit village du Sud de la France. Autour, des champs, un \u00e9levage de moutons. Pas loin, de petits lacs paisibles. A l\u2019horizon, les Pyr\u00e9n\u00e9es.<br>Nous sommes \u00e0 Aurignac, \u00e0 70 km au sud de Toulouse o\u00f9 l&rsquo;AlterTour va rencontrer du 10 au 12 ao\u00fbt pas une, mais deux alternatives :<br>&#8211; \u201cLa Cafeti\u00e8re\u201d, au centre du village, fond\u00e9e il y a 5 ans par des Aurignacien.e.s et \u00e0 15 minutes \u00e0 pied,<br>&#8211; \u201cLa Glissade\u201d, cr\u00e9\u00e9e dans un grand corps de ferme, par hasard, au m\u00eame moment.<\/p>\n\n\n\n<p>Aurore, l\u2019une des fondatrices de La Glissade t\u00e9moigne : \u201c\u00e0 l\u2019origine de ce tiers-lieu de 5 hectares, une volont\u00e9 affirm\u00e9e d\u2019\u00eatre un v\u00e9ritable \u00ab\u00a0couteau suisse\u00a0\u00bb au service de la transition \u00e9cologique \u00e0 l\u2019\u00e9chelle locale concernant les activit\u00e9s agricoles, artisanales, sociales \u00e9ducatives\u2026\u201d<\/p>\n\n\n\n<p>D\u2019abord centr\u00e9e sur l\u2019alimentation et l\u2019agriculture durable, l\u2019association s\u2019\u00e9largit pour offrir une v\u00e9ritable \u00ab\u00a0grande malle\u00a0\u00bb \u00e0 outils : mise \u00e0 disposition d\u2019espaces agricoles, de mat\u00e9riel, de r\u00e9seaux et de comp\u00e9tences en communication. Parmi les projets en cours : une reconversion vers la production de plantes m\u00e9dicinales, une r\u00e9flexion sur la cr\u00e9ation d\u2019une petite centrale photovolta\u00efque g\u00e9r\u00e9e par les habitants, ainsi que l\u2019ouverture d\u2019un magasin de producteurs et d\u2019une cuisine polyvalente mutualis\u00e9e.<\/p>\n\n\n\n<p>La Glissade travaille en grande compl\u00e9mentarit\u00e9 avec La Cafeti\u00e8re. A l\u2019origine, un bar fond\u00e9 par 5 copain.e.s d\u2019Aurignac pour redynamiser le village. \u00ab\u00a0Un pr\u00e9texte\u00a0\u00bb nous dit Angelina, l\u2019une des deux salari\u00e9es. L\u2019id\u00e9e, ici aussi, est d&rsquo;accompagner les habitants dans leurs projets : \u201cUne personne du village vient proposer quelque chose et \u00e7a se fait\u201d. Un habitant a \u00e9t\u00e9 aid\u00e9 pour relancer le carnaval d\u2019Aurignac. Des choses s&rsquo;installent dans la dur\u00e9e : un garage \u00e0 v\u00e9lo ; des ateliers pour apprendre l\u2019anglais, l\u2019espagnol, le fran\u00e7ais ; des rencontres et d\u00e9bats avec des intervenant.e.s ; enfin, l&rsquo;\u00e9t\u00e9, une programmation de concerts en terrasse.<br>L&rsquo;association travaille aussi en partenariat avec diff\u00e9rentes structures du village (les IME, ADMR, le Pradha). Elle travaille \u00e9galement sur le p\u00f4le professionnel et accueille co-workeurs, formations, et \u00e9v\u00e8nements autour de l&#8217;emploi dans le cadre du dispositif \u201cD\u00e9fiComminges\u201d.<\/p>\n\n\n\n<p><a href=\"https:\/\/www.lacafetiere-aurignac.fr\">https:\/\/www.lacafetiere-aurignac.fr<\/a><\/p>\n\n\n\n<p><\/p>\n","protected":false},"excerpt":{"rendered":"<p>Rencontre du 10 au 12 ao\u00fbt 2025 Un petit village du Sud de la France. Autour, des champs, un \u00e9levage de moutons. Pas loin, de petits lacs paisibles. A l\u2019horizon, les Pyr\u00e9n\u00e9es.Nous sommes \u00e0 Aurignac, \u00e0 70 km au sud de Toulouse o\u00f9 l&rsquo;AlterTour va rencontrer du 10 au 12 &#8230; <\/p>\n<div><a href=\"https:\/\/www.altercampagne.net\/?p=29096\" class=\"more-link\">Read More<\/a><\/div>\n","protected":false},"author":398,"featured_media":29099,"comment_status":"closed","ping_status":"closed","sticky":false,"template":"","format":"standard","meta":{"footnotes":""},"categories":[4511,3483,4313,3938,3487,3248,3480,3488,3540],"tags":[],"class_list":["post-29096","post","type-post","status-publish","format-standard","has-post-thumbnail","hentry","category-edition-2025","category-agriculture","category-altertour","category-education","category-energie","category-silence","category-occitanie","category-social","category-transverse"],"yoast_head":"<!-- This site is optimized with the Yoast SEO plugin v27.3 - https:\/\/yoast.com\/product\/yoast-seo-wordpress\/ -->\n<title>La glissade et La Cafeti\u00e8re - AlterTour<\/title>\n<meta name=\"robots\" content=\"index, follow, max-snippet:-1, max-image-preview:large, max-video-preview:-1\" \/>\n<link rel=\"canonical\" href=\"https:\/\/www.altercampagne.net\/?p=29096\" \/>\n<meta property=\"og:locale\" content=\"fr_FR\" \/>\n<meta property=\"og:type\" content=\"article\" \/>\n<meta property=\"og:title\" content=\"La glissade et La Cafeti\u00e8re - AlterTour\" \/>\n<meta property=\"og:description\" content=\"Rencontre du 10 au 12 ao\u00fbt 2025 Un petit village du Sud de la France. Autour, des champs, un \u00e9levage de moutons. Pas loin, de petits lacs paisibles. A l\u2019horizon, les Pyr\u00e9n\u00e9es.Nous sommes \u00e0 Aurignac, \u00e0 70 km au sud de Toulouse o\u00f9 l&rsquo;AlterTour va rencontrer du 10 au 12 ... Read More\" \/>\n<meta property=\"og:url\" content=\"https:\/\/www.altercampagne.net\/?p=29096\" \/>\n<meta property=\"og:site_name\" content=\"AlterTour\" \/>\n<meta property=\"article:published_time\" content=\"2025-07-04T18:00:00+00:00\" \/>\n<meta property=\"og:image\" content=\"https:\/\/www.altercampagne.net\/wp-content\/uploads\/2025\/06\/recueil-AT-2025_LA-GLISSADE-ET-LA-CAFETIERE.jpg\" \/>\n\t<meta property=\"og:image:width\" content=\"827\" \/>\n\t<meta property=\"og:image:height\" content=\"585\" \/>\n\t<meta property=\"og:image:type\" content=\"image\/jpeg\" \/>\n<meta name=\"author\" content=\"Mathieu G\" \/>\n<meta name=\"twitter:card\" content=\"summary_large_image\" \/>\n<meta name=\"twitter:label1\" content=\"\u00c9crit par\" \/>\n\t<meta name=\"twitter:data1\" content=\"Mathieu G\" \/>\n\t<meta name=\"twitter:label2\" content=\"Dur\u00e9e de lecture estim\u00e9e\" \/>\n\t<meta name=\"twitter:data2\" content=\"2 minutes\" \/>\n<script type=\"application\/ld+json\" class=\"yoast-schema-graph\">{\"@context\":\"https:\\\/\\\/schema.org\",\"@graph\":[{\"@type\":\"Article\",\"@id\":\"https:\\\/\\\/www.altercampagne.net\\\/?p=29096#article\",\"isPartOf\":{\"@id\":\"https:\\\/\\\/www.altercampagne.net\\\/?p=29096\"},\"author\":{\"name\":\"Mathieu G\",\"@id\":\"https:\\\/\\\/www.altercampagne.net\\\/#\\\/schema\\\/person\\\/ecef4819a38a15a4bb1a583623cdabbe\"},\"headline\":\"La glissade et La Cafeti\u00e8re\",\"datePublished\":\"2025-07-04T18:00:00+00:00\",\"mainEntityOfPage\":{\"@id\":\"https:\\\/\\\/www.altercampagne.net\\\/?p=29096\"},\"wordCount\":398,\"image\":{\"@id\":\"https:\\\/\\\/www.altercampagne.net\\\/?p=29096#primaryimage\"},\"thumbnailUrl\":\"https:\\\/\\\/www.altercampagne.net\\\/wp-content\\\/uploads\\\/2025\\\/06\\\/recueil-AT-2025_LA-GLISSADE-ET-LA-CAFETIERE.jpg\",\"articleSection\":[\"\u00c9dition 2025\",\"Agriculture\",\"AlterTour\",\"Education\",\"\u00c9nergie\",\"Silence\",\"Occitanie\",\"Social\",\"Transverse\"],\"inLanguage\":\"fr-FR\"},{\"@type\":\"WebPage\",\"@id\":\"https:\\\/\\\/www.altercampagne.net\\\/?p=29096\",\"url\":\"https:\\\/\\\/www.altercampagne.net\\\/?p=29096\",\"name\":\"La glissade et La Cafeti\u00e8re - AlterTour\",\"isPartOf\":{\"@id\":\"https:\\\/\\\/www.altercampagne.net\\\/#website\"},\"primaryImageOfPage\":{\"@id\":\"https:\\\/\\\/www.altercampagne.net\\\/?p=29096#primaryimage\"},\"image\":{\"@id\":\"https:\\\/\\\/www.altercampagne.net\\\/?p=29096#primaryimage\"},\"thumbnailUrl\":\"https:\\\/\\\/www.altercampagne.net\\\/wp-content\\\/uploads\\\/2025\\\/06\\\/recueil-AT-2025_LA-GLISSADE-ET-LA-CAFETIERE.jpg\",\"datePublished\":\"2025-07-04T18:00:00+00:00\",\"author\":{\"@id\":\"https:\\\/\\\/www.altercampagne.net\\\/#\\\/schema\\\/person\\\/ecef4819a38a15a4bb1a583623cdabbe\"},\"breadcrumb\":{\"@id\":\"https:\\\/\\\/www.altercampagne.net\\\/?p=29096#breadcrumb\"},\"inLanguage\":\"fr-FR\",\"potentialAction\":[{\"@type\":\"ReadAction\",\"target\":[\"https:\\\/\\\/www.altercampagne.net\\\/?p=29096\"]}]},{\"@type\":\"ImageObject\",\"inLanguage\":\"fr-FR\",\"@id\":\"https:\\\/\\\/www.altercampagne.net\\\/?p=29096#primaryimage\",\"url\":\"https:\\\/\\\/www.altercampagne.net\\\/wp-content\\\/uploads\\\/2025\\\/06\\\/recueil-AT-2025_LA-GLISSADE-ET-LA-CAFETIERE.jpg\",\"contentUrl\":\"https:\\\/\\\/www.altercampagne.net\\\/wp-content\\\/uploads\\\/2025\\\/06\\\/recueil-AT-2025_LA-GLISSADE-ET-LA-CAFETIERE.jpg\",\"width\":827,\"height\":585},{\"@type\":\"BreadcrumbList\",\"@id\":\"https:\\\/\\\/www.altercampagne.net\\\/?p=29096#breadcrumb\",\"itemListElement\":[{\"@type\":\"ListItem\",\"position\":1,\"name\":\"Accueil\",\"item\":\"https:\\\/\\\/www.altercampagne.net\\\/\"},{\"@type\":\"ListItem\",\"position\":2,\"name\":\"La glissade et La Cafeti\u00e8re\"}]},{\"@type\":\"WebSite\",\"@id\":\"https:\\\/\\\/www.altercampagne.net\\\/#website\",\"url\":\"https:\\\/\\\/www.altercampagne.net\\\/\",\"name\":\"AlterTour\",\"description\":\"Reliez les Alternatives \u00e0 v\u00e9lo\",\"potentialAction\":[{\"@type\":\"SearchAction\",\"target\":{\"@type\":\"EntryPoint\",\"urlTemplate\":\"https:\\\/\\\/www.altercampagne.net\\\/?s={search_term_string}\"},\"query-input\":{\"@type\":\"PropertyValueSpecification\",\"valueRequired\":true,\"valueName\":\"search_term_string\"}}],\"inLanguage\":\"fr-FR\"},{\"@type\":\"Person\",\"@id\":\"https:\\\/\\\/www.altercampagne.net\\\/#\\\/schema\\\/person\\\/ecef4819a38a15a4bb1a583623cdabbe\",\"name\":\"Mathieu G\",\"image\":{\"@type\":\"ImageObject\",\"inLanguage\":\"fr-FR\",\"@id\":\"https:\\\/\\\/secure.gravatar.com\\\/avatar\\\/33aa90347f324a57d4b9f5c9a6b0783ac499dba9cee0cd20b930fe027c0190bf?s=96&d=mm&r=g\",\"url\":\"https:\\\/\\\/secure.gravatar.com\\\/avatar\\\/33aa90347f324a57d4b9f5c9a6b0783ac499dba9cee0cd20b930fe027c0190bf?s=96&d=mm&r=g\",\"contentUrl\":\"https:\\\/\\\/secure.gravatar.com\\\/avatar\\\/33aa90347f324a57d4b9f5c9a6b0783ac499dba9cee0cd20b930fe027c0190bf?s=96&d=mm&r=g\",\"caption\":\"Mathieu G\"},\"url\":\"https:\\\/\\\/www.altercampagne.net\\\/?author=398\"}]}<\/script>\n<!-- \/ Yoast SEO plugin. -->","yoast_head_json":{"title":"La glissade et La Cafeti\u00e8re - AlterTour","robots":{"index":"index","follow":"follow","max-snippet":"max-snippet:-1","max-image-preview":"max-image-preview:large","max-video-preview":"max-video-preview:-1"},"canonical":"https:\/\/www.altercampagne.net\/?p=29096","og_locale":"fr_FR","og_type":"article","og_title":"La glissade et La Cafeti\u00e8re - AlterTour","og_description":"Rencontre du 10 au 12 ao\u00fbt 2025 Un petit village du Sud de la France. Autour, des champs, un \u00e9levage de moutons. Pas loin, de petits lacs paisibles. A l\u2019horizon, les Pyr\u00e9n\u00e9es.Nous sommes \u00e0 Aurignac, \u00e0 70 km au sud de Toulouse o\u00f9 l&rsquo;AlterTour va rencontrer du 10 au 12 ... Read More","og_url":"https:\/\/www.altercampagne.net\/?p=29096","og_site_name":"AlterTour","article_published_time":"2025-07-04T18:00:00+00:00","og_image":[{"width":827,"height":585,"url":"https:\/\/www.altercampagne.net\/wp-content\/uploads\/2025\/06\/recueil-AT-2025_LA-GLISSADE-ET-LA-CAFETIERE.jpg","type":"image\/jpeg"}],"author":"Mathieu G","twitter_card":"summary_large_image","twitter_misc":{"\u00c9crit par":"Mathieu G","Dur\u00e9e de lecture estim\u00e9e":"2 minutes"},"schema":{"@context":"https:\/\/schema.org","@graph":[{"@type":"Article","@id":"https:\/\/www.altercampagne.net\/?p=29096#article","isPartOf":{"@id":"https:\/\/www.altercampagne.net\/?p=29096"},"author":{"name":"Mathieu G","@id":"https:\/\/www.altercampagne.net\/#\/schema\/person\/ecef4819a38a15a4bb1a583623cdabbe"},"headline":"La glissade et La Cafeti\u00e8re","datePublished":"2025-07-04T18:00:00+00:00","mainEntityOfPage":{"@id":"https:\/\/www.altercampagne.net\/?p=29096"},"wordCount":398,"image":{"@id":"https:\/\/www.altercampagne.net\/?p=29096#primaryimage"},"thumbnailUrl":"https:\/\/www.altercampagne.net\/wp-content\/uploads\/2025\/06\/recueil-AT-2025_LA-GLISSADE-ET-LA-CAFETIERE.jpg","articleSection":["\u00c9dition 2025","Agriculture","AlterTour","Education","\u00c9nergie","Silence","Occitanie","Social","Transverse"],"inLanguage":"fr-FR"},{"@type":"WebPage","@id":"https:\/\/www.altercampagne.net\/?p=29096","url":"https:\/\/www.altercampagne.net\/?p=29096","name":"La glissade et La Cafeti\u00e8re - AlterTour","isPartOf":{"@id":"https:\/\/www.altercampagne.net\/#website"},"primaryImageOfPage":{"@id":"https:\/\/www.altercampagne.net\/?p=29096#primaryimage"},"image":{"@id":"https:\/\/www.altercampagne.net\/?p=29096#primaryimage"},"thumbnailUrl":"https:\/\/www.altercampagne.net\/wp-content\/uploads\/2025\/06\/recueil-AT-2025_LA-GLISSADE-ET-LA-CAFETIERE.jpg","datePublished":"2025-07-04T18:00:00+00:00","author":{"@id":"https:\/\/www.altercampagne.net\/#\/schema\/person\/ecef4819a38a15a4bb1a583623cdabbe"},"breadcrumb":{"@id":"https:\/\/www.altercampagne.net\/?p=29096#breadcrumb"},"inLanguage":"fr-FR","potentialAction":[{"@type":"ReadAction","target":["https:\/\/www.altercampagne.net\/?p=29096"]}]},{"@type":"ImageObject","inLanguage":"fr-FR","@id":"https:\/\/www.altercampagne.net\/?p=29096#primaryimage","url":"https:\/\/www.altercampagne.net\/wp-content\/uploads\/2025\/06\/recueil-AT-2025_LA-GLISSADE-ET-LA-CAFETIERE.jpg","contentUrl":"https:\/\/www.altercampagne.net\/wp-content\/uploads\/2025\/06\/recueil-AT-2025_LA-GLISSADE-ET-LA-CAFETIERE.jpg","width":827,"height":585},{"@type":"BreadcrumbList","@id":"https:\/\/www.altercampagne.net\/?p=29096#breadcrumb","itemListElement":[{"@type":"ListItem","position":1,"name":"Accueil","item":"https:\/\/www.altercampagne.net\/"},{"@type":"ListItem","position":2,"name":"La glissade et La Cafeti\u00e8re"}]},{"@type":"WebSite","@id":"https:\/\/www.altercampagne.net\/#website","url":"https:\/\/www.altercampagne.net\/","name":"AlterTour","description":"Reliez les Alternatives \u00e0 v\u00e9lo","potentialAction":[{"@type":"SearchAction","target":{"@type":"EntryPoint","urlTemplate":"https:\/\/www.altercampagne.net\/?s={search_term_string}"},"query-input":{"@type":"PropertyValueSpecification","valueRequired":true,"valueName":"search_term_string"}}],"inLanguage":"fr-FR"},{"@type":"Person","@id":"https:\/\/www.altercampagne.net\/#\/schema\/person\/ecef4819a38a15a4bb1a583623cdabbe","name":"Mathieu G","image":{"@type":"ImageObject","inLanguage":"fr-FR","@id":"https:\/\/secure.gravatar.com\/avatar\/33aa90347f324a57d4b9f5c9a6b0783ac499dba9cee0cd20b930fe027c0190bf?s=96&d=mm&r=g","url":"https:\/\/secure.gravatar.com\/avatar\/33aa90347f324a57d4b9f5c9a6b0783ac499dba9cee0cd20b930fe027c0190bf?s=96&d=mm&r=g","contentUrl":"https:\/\/secure.gravatar.com\/avatar\/33aa90347f324a57d4b9f5c9a6b0783ac499dba9cee0cd20b930fe027c0190bf?s=96&d=mm&r=g","caption":"Mathieu G"},"url":"https:\/\/www.altercampagne.net\/?author=398"}]}},"_links":{"self":[{"href":"https:\/\/www.altercampagne.net\/index.php?rest_route=\/wp\/v2\/posts\/29096","targetHints":{"allow":["GET"]}}],"collection":[{"href":"https:\/\/www.altercampagne.net\/index.php?rest_route=\/wp\/v2\/posts"}],"about":[{"href":"https:\/\/www.altercampagne.net\/index.php?rest_route=\/wp\/v2\/types\/post"}],"author":[{"embeddable":true,"href":"https:\/\/www.altercampagne.net\/index.php?rest_route=\/wp\/v2\/users\/398"}],"replies":[{"embeddable":true,"href":"https:\/\/www.altercampagne.net\/index.php?rest_route=%2Fwp%2Fv2%2Fcomments&post=29096"}],"version-history":[{"count":1,"href":"https:\/\/www.altercampagne.net\/index.php?rest_route=\/wp\/v2\/posts\/29096\/revisions"}],"predecessor-version":[{"id":29100,"href":"https:\/\/www.altercampagne.net\/index.php?rest_route=\/wp\/v2\/posts\/29096\/revisions\/29100"}],"wp:featuredmedia":[{"embeddable":true,"href":"https:\/\/www.altercampagne.net\/index.php?rest_route=\/wp\/v2\/media\/29099"}],"wp:attachment":[{"href":"https:\/\/www.altercampagne.net\/index.php?rest_route=%2Fwp%2Fv2%2Fmedia&parent=29096"}],"wp:term":[{"taxonomy":"category","embeddable":true,"href":"https:\/\/www.altercampagne.net\/index.php?rest_route=%2Fwp%2Fv2%2Fcategories&post=29096"},{"taxonomy":"post_tag","embeddable":true,"href":"https:\/\/www.altercampagne.net\/index.php?rest_route=%2Fwp%2Fv2%2Ftags&post=29096"}],"curies":[{"name":"wp","href":"https:\/\/api.w.org\/{rel}","templated":true}]}}