{"id":29101,"date":"2025-07-05T20:00:00","date_gmt":"2025-07-05T18:00:00","guid":{"rendered":"https:\/\/www.altercampagne.net\/?p=29101"},"modified":"2025-06-27T16:26:11","modified_gmt":"2025-06-27T14:26:11","slug":"la-bricole","status":"publish","type":"post","link":"https:\/\/www.altercampagne.net\/?p=29101","title":{"rendered":"La Bricole"},"content":{"rendered":"\n<blockquote class=\"wp-block-quote is-layout-flow wp-block-quote-is-layout-flow\">\n<p>Rencontre les 13 et 14 ao\u00fbt 2025<\/p>\n<\/blockquote>\n\n\n\n<p>\u00c0 Sarp, dans les Hautes-Pyr\u00e9n\u00e9es, o\u00f9 le r\u00e9seau associatif est bien vivant, l&rsquo;association La Bricole s&rsquo;est donn\u00e9 comme objectif d&rsquo;organiser le bal de \u00ab&nbsp;l&rsquo;apr\u00e8s p\u00e9trole&nbsp;\u00bb.<br><br>Le bal de l&rsquo;apr\u00e8s p\u00e9trole c&rsquo;est une f\u00eate qui a lieu dans 100 ans, il n&rsquo;y a plus de p\u00e9trole et \u00e7a va&#8230; \u00e7a se passe bien ! Pendant 100 ans, on n\u2019a rien invent\u00e9 de nouveau, on a plut\u00f4t chang\u00e9 plein de choses dans nos relations, entre humains. Il a fallu \u00eatre inventif et les humains se sont d\u00e9brouill\u00e9s, ont chang\u00e9 leur mode de vie et leurs fa\u00e7ons de faire.<br><br>A rebours de l&rsquo;esth\u00e9tique cyber punk et dans la lign\u00e9e du solar punk, l&rsquo;association propose d&rsquo;imaginer un avenir meilleur qui s&rsquo;est adapt\u00e9 aux contraintes du sans p\u00e9trole. Le bal met en situation tous.tes ses participant.es, une fois pass\u00e9 le turfu gate, c&rsquo;est vraiment 2124&nbsp;! Un bureau de l&rsquo;immigration t&rsquo;accueille&#8230; avec bienveillance et gentillesse ! On assiste \u00e0 un sound system \u00e0 p\u00e9dales, il y a des trains solaires qui vont plus vite quand il fait beau, la connexion internet est disponible quand les satellites passent dans la zone, etc \u2026<br><br>Depuis 4 ans l&rsquo;association organise en plus du bal, des conf\u00e9rences, des ateliers d&rsquo;\u00e9critures dans les \u00e9coles, dans une d\u00e9marche d&rsquo;\u00e9duc\u2019 pop. Pour Tom : \u00ab&nbsp;La question de la technique est d\u00e9terminante et peu politis\u00e9e. Nous proposons des outils pour vulgariser des concepts scientifiques comme \u00ab&nbsp;le monopole radical&nbsp;\u00bb d&rsquo;Ivan Illich. Par exemple, quand on parle de 5G, on va avoir un tas d&rsquo;id\u00e9es re\u00e7ues et de peurs. Il va y avoir celleux qui sont en faveur de la technique et celleux qui sont contre. Mais la question est : comment on analyse une technique pour voir si elle nous convient, comment on l&rsquo;\u00e9value. Il nous faut des crit\u00e8res pour d\u00e9cider si on d\u00e9veloppe une technologie ou pas. Des chercheurs ont r\u00e9fl\u00e9chi dessus mais ces pens\u00e9es ne sont pas enseign\u00e9es, ni aux citoyens ni aux politiques.&nbsp;\u00bb<\/p>\n\n\n\n<p><br>Pour aller vers quelque chose de bien il faut pouvoir l&rsquo;imaginer. C&rsquo;est ce que nous propose l&rsquo;association La Bricole et \u00e7a fait du bien !<\/p>\n\n\n\n<p><\/p>\n","protected":false},"excerpt":{"rendered":"<p>Rencontre les 13 et 14 ao\u00fbt 2025 \u00c0 Sarp, dans les Hautes-Pyr\u00e9n\u00e9es, o\u00f9 le r\u00e9seau associatif est bien vivant, l&rsquo;association La Bricole s&rsquo;est donn\u00e9 comme objectif d&rsquo;organiser le bal de \u00ab&nbsp;l&rsquo;apr\u00e8s p\u00e9trole&nbsp;\u00bb. Le bal de l&rsquo;apr\u00e8s p\u00e9trole c&rsquo;est une f\u00eate qui a lieu dans 100 ans, il n&rsquo;y a plus &#8230; <\/p>\n<div><a href=\"https:\/\/www.altercampagne.net\/?p=29101\" class=\"more-link\">Read More<\/a><\/div>\n","protected":false},"author":398,"featured_media":29102,"comment_status":"closed","ping_status":"closed","sticky":false,"template":"","format":"standard","meta":{"footnotes":""},"categories":[4511,4313,3490,3487,3248,3480],"tags":[],"class_list":["post-29101","post","type-post","status-publish","format-standard","has-post-thumbnail","hentry","category-edition-2025","category-altertour","category-culture","category-energie","category-silence","category-occitanie"],"yoast_head":"<!-- This site is optimized with the Yoast SEO plugin v27.3 - https:\/\/yoast.com\/product\/yoast-seo-wordpress\/ -->\n<title>La Bricole - AlterTour<\/title>\n<meta name=\"robots\" content=\"index, follow, max-snippet:-1, max-image-preview:large, max-video-preview:-1\" \/>\n<link rel=\"canonical\" href=\"https:\/\/www.altercampagne.net\/?p=29101\" \/>\n<meta property=\"og:locale\" content=\"fr_FR\" \/>\n<meta property=\"og:type\" content=\"article\" \/>\n<meta property=\"og:title\" content=\"La Bricole - AlterTour\" \/>\n<meta property=\"og:description\" content=\"Rencontre les 13 et 14 ao\u00fbt 2025 \u00c0 Sarp, dans les Hautes-Pyr\u00e9n\u00e9es, o\u00f9 le r\u00e9seau associatif est bien vivant, l&rsquo;association La Bricole s&rsquo;est donn\u00e9 comme objectif d&rsquo;organiser le bal de \u00ab&nbsp;l&rsquo;apr\u00e8s p\u00e9trole&nbsp;\u00bb. Le bal de l&rsquo;apr\u00e8s p\u00e9trole c&rsquo;est une f\u00eate qui a lieu dans 100 ans, il n&rsquo;y a plus ... Read More\" \/>\n<meta property=\"og:url\" content=\"https:\/\/www.altercampagne.net\/?p=29101\" \/>\n<meta property=\"og:site_name\" content=\"AlterTour\" \/>\n<meta property=\"article:published_time\" content=\"2025-07-05T18:00:00+00:00\" \/>\n<meta property=\"og:image\" content=\"https:\/\/www.altercampagne.net\/wp-content\/uploads\/2025\/06\/recueil-AT-2025_VDEF_NUM-7-La-Bricole.jpg\" \/>\n\t<meta property=\"og:image:width\" content=\"1241\" \/>\n\t<meta property=\"og:image:height\" content=\"877\" \/>\n\t<meta property=\"og:image:type\" content=\"image\/jpeg\" \/>\n<meta name=\"author\" content=\"Mathieu G\" \/>\n<meta name=\"twitter:card\" content=\"summary_large_image\" \/>\n<meta name=\"twitter:label1\" content=\"\u00c9crit par\" \/>\n\t<meta name=\"twitter:data1\" content=\"Mathieu G\" \/>\n\t<meta name=\"twitter:label2\" content=\"Dur\u00e9e de lecture estim\u00e9e\" \/>\n\t<meta name=\"twitter:data2\" content=\"2 minutes\" \/>\n<script type=\"application\/ld+json\" class=\"yoast-schema-graph\">{\"@context\":\"https:\\\/\\\/schema.org\",\"@graph\":[{\"@type\":\"Article\",\"@id\":\"https:\\\/\\\/www.altercampagne.net\\\/?p=29101#article\",\"isPartOf\":{\"@id\":\"https:\\\/\\\/www.altercampagne.net\\\/?p=29101\"},\"author\":{\"name\":\"Mathieu G\",\"@id\":\"https:\\\/\\\/www.altercampagne.net\\\/#\\\/schema\\\/person\\\/ecef4819a38a15a4bb1a583623cdabbe\"},\"headline\":\"La Bricole\",\"datePublished\":\"2025-07-05T18:00:00+00:00\",\"mainEntityOfPage\":{\"@id\":\"https:\\\/\\\/www.altercampagne.net\\\/?p=29101\"},\"wordCount\":403,\"image\":{\"@id\":\"https:\\\/\\\/www.altercampagne.net\\\/?p=29101#primaryimage\"},\"thumbnailUrl\":\"https:\\\/\\\/www.altercampagne.net\\\/wp-content\\\/uploads\\\/2025\\\/06\\\/recueil-AT-2025_VDEF_NUM-7-La-Bricole.jpg\",\"articleSection\":[\"\u00c9dition 2025\",\"AlterTour\",\"Culture\",\"\u00c9nergie\",\"Silence\",\"Occitanie\"],\"inLanguage\":\"fr-FR\"},{\"@type\":\"WebPage\",\"@id\":\"https:\\\/\\\/www.altercampagne.net\\\/?p=29101\",\"url\":\"https:\\\/\\\/www.altercampagne.net\\\/?p=29101\",\"name\":\"La Bricole - AlterTour\",\"isPartOf\":{\"@id\":\"https:\\\/\\\/www.altercampagne.net\\\/#website\"},\"primaryImageOfPage\":{\"@id\":\"https:\\\/\\\/www.altercampagne.net\\\/?p=29101#primaryimage\"},\"image\":{\"@id\":\"https:\\\/\\\/www.altercampagne.net\\\/?p=29101#primaryimage\"},\"thumbnailUrl\":\"https:\\\/\\\/www.altercampagne.net\\\/wp-content\\\/uploads\\\/2025\\\/06\\\/recueil-AT-2025_VDEF_NUM-7-La-Bricole.jpg\",\"datePublished\":\"2025-07-05T18:00:00+00:00\",\"author\":{\"@id\":\"https:\\\/\\\/www.altercampagne.net\\\/#\\\/schema\\\/person\\\/ecef4819a38a15a4bb1a583623cdabbe\"},\"breadcrumb\":{\"@id\":\"https:\\\/\\\/www.altercampagne.net\\\/?p=29101#breadcrumb\"},\"inLanguage\":\"fr-FR\",\"potentialAction\":[{\"@type\":\"ReadAction\",\"target\":[\"https:\\\/\\\/www.altercampagne.net\\\/?p=29101\"]}]},{\"@type\":\"ImageObject\",\"inLanguage\":\"fr-FR\",\"@id\":\"https:\\\/\\\/www.altercampagne.net\\\/?p=29101#primaryimage\",\"url\":\"https:\\\/\\\/www.altercampagne.net\\\/wp-content\\\/uploads\\\/2025\\\/06\\\/recueil-AT-2025_VDEF_NUM-7-La-Bricole.jpg\",\"contentUrl\":\"https:\\\/\\\/www.altercampagne.net\\\/wp-content\\\/uploads\\\/2025\\\/06\\\/recueil-AT-2025_VDEF_NUM-7-La-Bricole.jpg\",\"width\":1241,\"height\":877},{\"@type\":\"BreadcrumbList\",\"@id\":\"https:\\\/\\\/www.altercampagne.net\\\/?p=29101#breadcrumb\",\"itemListElement\":[{\"@type\":\"ListItem\",\"position\":1,\"name\":\"Accueil\",\"item\":\"https:\\\/\\\/www.altercampagne.net\\\/\"},{\"@type\":\"ListItem\",\"position\":2,\"name\":\"La Bricole\"}]},{\"@type\":\"WebSite\",\"@id\":\"https:\\\/\\\/www.altercampagne.net\\\/#website\",\"url\":\"https:\\\/\\\/www.altercampagne.net\\\/\",\"name\":\"AlterTour\",\"description\":\"Reliez les Alternatives \u00e0 v\u00e9lo\",\"potentialAction\":[{\"@type\":\"SearchAction\",\"target\":{\"@type\":\"EntryPoint\",\"urlTemplate\":\"https:\\\/\\\/www.altercampagne.net\\\/?s={search_term_string}\"},\"query-input\":{\"@type\":\"PropertyValueSpecification\",\"valueRequired\":true,\"valueName\":\"search_term_string\"}}],\"inLanguage\":\"fr-FR\"},{\"@type\":\"Person\",\"@id\":\"https:\\\/\\\/www.altercampagne.net\\\/#\\\/schema\\\/person\\\/ecef4819a38a15a4bb1a583623cdabbe\",\"name\":\"Mathieu G\",\"image\":{\"@type\":\"ImageObject\",\"inLanguage\":\"fr-FR\",\"@id\":\"https:\\\/\\\/secure.gravatar.com\\\/avatar\\\/33aa90347f324a57d4b9f5c9a6b0783ac499dba9cee0cd20b930fe027c0190bf?s=96&d=mm&r=g\",\"url\":\"https:\\\/\\\/secure.gravatar.com\\\/avatar\\\/33aa90347f324a57d4b9f5c9a6b0783ac499dba9cee0cd20b930fe027c0190bf?s=96&d=mm&r=g\",\"contentUrl\":\"https:\\\/\\\/secure.gravatar.com\\\/avatar\\\/33aa90347f324a57d4b9f5c9a6b0783ac499dba9cee0cd20b930fe027c0190bf?s=96&d=mm&r=g\",\"caption\":\"Mathieu G\"},\"url\":\"https:\\\/\\\/www.altercampagne.net\\\/?author=398\"}]}<\/script>\n<!-- \/ Yoast SEO plugin. -->","yoast_head_json":{"title":"La Bricole - AlterTour","robots":{"index":"index","follow":"follow","max-snippet":"max-snippet:-1","max-image-preview":"max-image-preview:large","max-video-preview":"max-video-preview:-1"},"canonical":"https:\/\/www.altercampagne.net\/?p=29101","og_locale":"fr_FR","og_type":"article","og_title":"La Bricole - AlterTour","og_description":"Rencontre les 13 et 14 ao\u00fbt 2025 \u00c0 Sarp, dans les Hautes-Pyr\u00e9n\u00e9es, o\u00f9 le r\u00e9seau associatif est bien vivant, l&rsquo;association La Bricole s&rsquo;est donn\u00e9 comme objectif d&rsquo;organiser le bal de \u00ab&nbsp;l&rsquo;apr\u00e8s p\u00e9trole&nbsp;\u00bb. Le bal de l&rsquo;apr\u00e8s p\u00e9trole c&rsquo;est une f\u00eate qui a lieu dans 100 ans, il n&rsquo;y a plus ... Read More","og_url":"https:\/\/www.altercampagne.net\/?p=29101","og_site_name":"AlterTour","article_published_time":"2025-07-05T18:00:00+00:00","og_image":[{"width":1241,"height":877,"url":"https:\/\/www.altercampagne.net\/wp-content\/uploads\/2025\/06\/recueil-AT-2025_VDEF_NUM-7-La-Bricole.jpg","type":"image\/jpeg"}],"author":"Mathieu G","twitter_card":"summary_large_image","twitter_misc":{"\u00c9crit par":"Mathieu G","Dur\u00e9e de lecture estim\u00e9e":"2 minutes"},"schema":{"@context":"https:\/\/schema.org","@graph":[{"@type":"Article","@id":"https:\/\/www.altercampagne.net\/?p=29101#article","isPartOf":{"@id":"https:\/\/www.altercampagne.net\/?p=29101"},"author":{"name":"Mathieu G","@id":"https:\/\/www.altercampagne.net\/#\/schema\/person\/ecef4819a38a15a4bb1a583623cdabbe"},"headline":"La Bricole","datePublished":"2025-07-05T18:00:00+00:00","mainEntityOfPage":{"@id":"https:\/\/www.altercampagne.net\/?p=29101"},"wordCount":403,"image":{"@id":"https:\/\/www.altercampagne.net\/?p=29101#primaryimage"},"thumbnailUrl":"https:\/\/www.altercampagne.net\/wp-content\/uploads\/2025\/06\/recueil-AT-2025_VDEF_NUM-7-La-Bricole.jpg","articleSection":["\u00c9dition 2025","AlterTour","Culture","\u00c9nergie","Silence","Occitanie"],"inLanguage":"fr-FR"},{"@type":"WebPage","@id":"https:\/\/www.altercampagne.net\/?p=29101","url":"https:\/\/www.altercampagne.net\/?p=29101","name":"La Bricole - AlterTour","isPartOf":{"@id":"https:\/\/www.altercampagne.net\/#website"},"primaryImageOfPage":{"@id":"https:\/\/www.altercampagne.net\/?p=29101#primaryimage"},"image":{"@id":"https:\/\/www.altercampagne.net\/?p=29101#primaryimage"},"thumbnailUrl":"https:\/\/www.altercampagne.net\/wp-content\/uploads\/2025\/06\/recueil-AT-2025_VDEF_NUM-7-La-Bricole.jpg","datePublished":"2025-07-05T18:00:00+00:00","author":{"@id":"https:\/\/www.altercampagne.net\/#\/schema\/person\/ecef4819a38a15a4bb1a583623cdabbe"},"breadcrumb":{"@id":"https:\/\/www.altercampagne.net\/?p=29101#breadcrumb"},"inLanguage":"fr-FR","potentialAction":[{"@type":"ReadAction","target":["https:\/\/www.altercampagne.net\/?p=29101"]}]},{"@type":"ImageObject","inLanguage":"fr-FR","@id":"https:\/\/www.altercampagne.net\/?p=29101#primaryimage","url":"https:\/\/www.altercampagne.net\/wp-content\/uploads\/2025\/06\/recueil-AT-2025_VDEF_NUM-7-La-Bricole.jpg","contentUrl":"https:\/\/www.altercampagne.net\/wp-content\/uploads\/2025\/06\/recueil-AT-2025_VDEF_NUM-7-La-Bricole.jpg","width":1241,"height":877},{"@type":"BreadcrumbList","@id":"https:\/\/www.altercampagne.net\/?p=29101#breadcrumb","itemListElement":[{"@type":"ListItem","position":1,"name":"Accueil","item":"https:\/\/www.altercampagne.net\/"},{"@type":"ListItem","position":2,"name":"La Bricole"}]},{"@type":"WebSite","@id":"https:\/\/www.altercampagne.net\/#website","url":"https:\/\/www.altercampagne.net\/","name":"AlterTour","description":"Reliez les Alternatives \u00e0 v\u00e9lo","potentialAction":[{"@type":"SearchAction","target":{"@type":"EntryPoint","urlTemplate":"https:\/\/www.altercampagne.net\/?s={search_term_string}"},"query-input":{"@type":"PropertyValueSpecification","valueRequired":true,"valueName":"search_term_string"}}],"inLanguage":"fr-FR"},{"@type":"Person","@id":"https:\/\/www.altercampagne.net\/#\/schema\/person\/ecef4819a38a15a4bb1a583623cdabbe","name":"Mathieu G","image":{"@type":"ImageObject","inLanguage":"fr-FR","@id":"https:\/\/secure.gravatar.com\/avatar\/33aa90347f324a57d4b9f5c9a6b0783ac499dba9cee0cd20b930fe027c0190bf?s=96&d=mm&r=g","url":"https:\/\/secure.gravatar.com\/avatar\/33aa90347f324a57d4b9f5c9a6b0783ac499dba9cee0cd20b930fe027c0190bf?s=96&d=mm&r=g","contentUrl":"https:\/\/secure.gravatar.com\/avatar\/33aa90347f324a57d4b9f5c9a6b0783ac499dba9cee0cd20b930fe027c0190bf?s=96&d=mm&r=g","caption":"Mathieu G"},"url":"https:\/\/www.altercampagne.net\/?author=398"}]}},"_links":{"self":[{"href":"https:\/\/www.altercampagne.net\/index.php?rest_route=\/wp\/v2\/posts\/29101","targetHints":{"allow":["GET"]}}],"collection":[{"href":"https:\/\/www.altercampagne.net\/index.php?rest_route=\/wp\/v2\/posts"}],"about":[{"href":"https:\/\/www.altercampagne.net\/index.php?rest_route=\/wp\/v2\/types\/post"}],"author":[{"embeddable":true,"href":"https:\/\/www.altercampagne.net\/index.php?rest_route=\/wp\/v2\/users\/398"}],"replies":[{"embeddable":true,"href":"https:\/\/www.altercampagne.net\/index.php?rest_route=%2Fwp%2Fv2%2Fcomments&post=29101"}],"version-history":[{"count":1,"href":"https:\/\/www.altercampagne.net\/index.php?rest_route=\/wp\/v2\/posts\/29101\/revisions"}],"predecessor-version":[{"id":29103,"href":"https:\/\/www.altercampagne.net\/index.php?rest_route=\/wp\/v2\/posts\/29101\/revisions\/29103"}],"wp:featuredmedia":[{"embeddable":true,"href":"https:\/\/www.altercampagne.net\/index.php?rest_route=\/wp\/v2\/media\/29102"}],"wp:attachment":[{"href":"https:\/\/www.altercampagne.net\/index.php?rest_route=%2Fwp%2Fv2%2Fmedia&parent=29101"}],"wp:term":[{"taxonomy":"category","embeddable":true,"href":"https:\/\/www.altercampagne.net\/index.php?rest_route=%2Fwp%2Fv2%2Fcategories&post=29101"},{"taxonomy":"post_tag","embeddable":true,"href":"https:\/\/www.altercampagne.net\/index.php?rest_route=%2Fwp%2Fv2%2Ftags&post=29101"}],"curies":[{"name":"wp","href":"https:\/\/api.w.org\/{rel}","templated":true}]}}