{"id":29109,"date":"2025-07-11T23:10:42","date_gmt":"2025-07-11T21:10:42","guid":{"rendered":"https:\/\/www.altercampagne.net\/?p=29109"},"modified":"2025-07-13T01:29:08","modified_gmt":"2025-07-12T23:29:08","slug":"la-foret-en-introduction-du-tour-2025","status":"publish","type":"post","link":"https:\/\/www.altercampagne.net\/?p=29109","title":{"rendered":"La foret en introduction du tour 2025"},"content":{"rendered":"\n<p>Jeudi 10 juillet, \u00e7a y est, apr\u00e8s 11 mois de pr\u00e9paration, nous nous \u00e9lan\u00e7ons pour la 18 \u00e8me ann\u00e9e accompagn\u00e9e pour ce d\u00e9part par le R\u00e9seau Foret Limousine. Fort de plus de 30 associations&nbsp; il oeuvre&nbsp; pour une sylviculture avec des essences m\u00e9lang\u00e9es et des zones de r\u00e9g\u00e9n\u00e9rations spontan\u00e9e , mais surtout pas des coupes rases .&nbsp;<\/p>\n\n\n\n<p>&nbsp;50 km bien collineux plus loin pour nous mettre en jambe, nous tombons en amour pour&nbsp; un oasis de frais : \u00ab la ferme du petit chavanat \u00bb<\/p>\n\n\n\n<p>Jonathan et Estelle, ex citadins y transforment 1 ha de prairie&nbsp; en foret jardin, dense et resiliente.&nbsp;<\/p>\n\n\n\n<p>&nbsp;Sur le terrain en pente douce, les fauches altern\u00e9es sont laiss\u00e9es sur place, le sol est moins chaud&nbsp;<\/p>\n\n\n\n<p>Le projet vivrier prend forme , 150 fruitiers greff\u00e9s sur place ( pomme poire, amelanchier, erable \u00e0 sucre ) ,&nbsp; un potager prot\u00e9g\u00e9 par des canards&nbsp; coureurs,&nbsp; des&nbsp; ateliers de plantes m\u00e9dicinales et aromatiques et p\u00e9dagogie , herboristerie, phyto \u00e9puration \u00e0 roseaux, des ruches pour la pollinisation\u2026.<\/p>\n\n\n\n<p>L\u2019activit\u00e9 commerciale:&nbsp; se diversifie:&nbsp; de plantes transform\u00e9es en tisanes, vendues via des ateliers et r\u00e9seaux locaux, ainsi que des plants&nbsp; de framboise cassis consoude .<\/p>\n\n\n\n<p>Apres un d\u00e9licieux repas partag\u00e9, conf\u00e9rence theatralisee \u00ab petite histoire de la foret \u00bb pour d\u00e9couvrir un siecle d\u2019\u00e9volution locale.&nbsp;<\/p>\n\n\n\n<p>&nbsp;Pour une premi\u00e8re journ\u00e9e, les altercyclistes ont plong\u00e9 direct dans le bain de foret. Et nous y serons pour deux jours encore.<\/p>\n\n\n\n<figure class=\"wp-block-image size-large\"><a href=\"https:\/\/www.altercampagne.net\/wp-content\/uploads\/2025\/07\/IMG_20250710_203752-scaled.jpg\"><img loading=\"lazy\" decoding=\"async\" width=\"1024\" height=\"768\" src=\"https:\/\/www.altercampagne.net\/wp-content\/uploads\/2025\/07\/IMG_20250710_203752-1024x768.jpg\" alt=\"\" class=\"wp-image-29112\" srcset=\"https:\/\/www.altercampagne.net\/wp-content\/uploads\/2025\/07\/IMG_20250710_203752-1024x768.jpg 1024w, https:\/\/www.altercampagne.net\/wp-content\/uploads\/2025\/07\/IMG_20250710_203752-300x225.jpg 300w, https:\/\/www.altercampagne.net\/wp-content\/uploads\/2025\/07\/IMG_20250710_203752-768x576.jpg 768w, https:\/\/www.altercampagne.net\/wp-content\/uploads\/2025\/07\/IMG_20250710_203752-1536x1152.jpg 1536w, https:\/\/www.altercampagne.net\/wp-content\/uploads\/2025\/07\/IMG_20250710_203752-2048x1536.jpg 2048w, https:\/\/www.altercampagne.net\/wp-content\/uploads\/2025\/07\/IMG_20250710_203752-100x75.jpg 100w, https:\/\/www.altercampagne.net\/wp-content\/uploads\/2025\/07\/IMG_20250710_203752-862x647.jpg 862w, https:\/\/www.altercampagne.net\/wp-content\/uploads\/2025\/07\/IMG_20250710_203752-1140x855.jpg 1140w\" sizes=\"auto, (max-width: 1024px) 100vw, 1024px\" \/><\/a><\/figure>\n","protected":false},"excerpt":{"rendered":"<p>Jeudi 10 juillet, \u00e7a y est, apr\u00e8s 11 mois de pr\u00e9paration, nous nous \u00e9lan\u00e7ons pour la 18 \u00e8me ann\u00e9e accompagn\u00e9e pour ce d\u00e9part par le R\u00e9seau Foret Limousine. Fort de plus de 30 associations&nbsp; il oeuvre&nbsp; pour une sylviculture avec des essences m\u00e9lang\u00e9es et des zones de r\u00e9g\u00e9n\u00e9rations spontan\u00e9e , &#8230; <\/p>\n<div><a href=\"https:\/\/www.altercampagne.net\/?p=29109\" class=\"more-link\">Read More<\/a><\/div>\n","protected":false},"author":198,"featured_media":29110,"comment_status":"closed","ping_status":"closed","sticky":false,"template":"","format":"standard","meta":{"footnotes":""},"categories":[4511,3483,4313,3486,3479,3542],"tags":[],"class_list":["post-29109","post","type-post","status-publish","format-standard","has-post-thumbnail","hentry","category-edition-2025","category-agriculture","category-altertour","category-environnement","category-nouvelle-aquitaine","category-lutte"],"yoast_head":"<!-- This site is optimized with the Yoast SEO plugin v27.3 - https:\/\/yoast.com\/product\/yoast-seo-wordpress\/ -->\n<title>La foret en introduction du tour 2025 - AlterTour<\/title>\n<meta name=\"robots\" content=\"index, follow, max-snippet:-1, max-image-preview:large, max-video-preview:-1\" \/>\n<link rel=\"canonical\" href=\"https:\/\/www.altercampagne.net\/?p=29109\" \/>\n<meta property=\"og:locale\" content=\"fr_FR\" \/>\n<meta property=\"og:type\" content=\"article\" \/>\n<meta property=\"og:title\" content=\"La foret en introduction du tour 2025 - AlterTour\" \/>\n<meta property=\"og:description\" content=\"Jeudi 10 juillet, \u00e7a y est, apr\u00e8s 11 mois de pr\u00e9paration, nous nous \u00e9lan\u00e7ons pour la 18 \u00e8me ann\u00e9e accompagn\u00e9e pour ce d\u00e9part par le R\u00e9seau Foret Limousine. Fort de plus de 30 associations&nbsp; il oeuvre&nbsp; pour une sylviculture avec des essences m\u00e9lang\u00e9es et des zones de r\u00e9g\u00e9n\u00e9rations spontan\u00e9e , ... Read More\" \/>\n<meta property=\"og:url\" content=\"https:\/\/www.altercampagne.net\/?p=29109\" \/>\n<meta property=\"og:site_name\" content=\"AlterTour\" \/>\n<meta property=\"article:published_time\" content=\"2025-07-11T21:10:42+00:00\" \/>\n<meta property=\"article:modified_time\" content=\"2025-07-12T23:29:08+00:00\" \/>\n<meta property=\"og:image\" content=\"https:\/\/www.altercampagne.net\/wp-content\/uploads\/2025\/07\/Photo-Article-AT-Jour-1-scaled.jpg\" \/>\n\t<meta property=\"og:image:width\" content=\"2560\" \/>\n\t<meta property=\"og:image:height\" content=\"1920\" \/>\n\t<meta property=\"og:image:type\" content=\"image\/jpeg\" \/>\n<meta name=\"author\" content=\"Marine R\" \/>\n<meta name=\"twitter:card\" content=\"summary_large_image\" \/>\n<meta name=\"twitter:label1\" content=\"\u00c9crit par\" \/>\n\t<meta name=\"twitter:data1\" content=\"Marine R\" \/>\n\t<meta name=\"twitter:label2\" content=\"Dur\u00e9e de lecture estim\u00e9e\" \/>\n\t<meta name=\"twitter:data2\" content=\"2 minutes\" \/>\n<script type=\"application\/ld+json\" class=\"yoast-schema-graph\">{\"@context\":\"https:\\\/\\\/schema.org\",\"@graph\":[{\"@type\":\"Article\",\"@id\":\"https:\\\/\\\/www.altercampagne.net\\\/?p=29109#article\",\"isPartOf\":{\"@id\":\"https:\\\/\\\/www.altercampagne.net\\\/?p=29109\"},\"author\":{\"name\":\"Marine R\",\"@id\":\"https:\\\/\\\/www.altercampagne.net\\\/#\\\/schema\\\/person\\\/3afde49d8c0be52224ae61fe720b4b19\"},\"headline\":\"La foret en introduction du tour 2025\",\"datePublished\":\"2025-07-11T21:10:42+00:00\",\"dateModified\":\"2025-07-12T23:29:08+00:00\",\"mainEntityOfPage\":{\"@id\":\"https:\\\/\\\/www.altercampagne.net\\\/?p=29109\"},\"wordCount\":264,\"image\":{\"@id\":\"https:\\\/\\\/www.altercampagne.net\\\/?p=29109#primaryimage\"},\"thumbnailUrl\":\"https:\\\/\\\/www.altercampagne.net\\\/wp-content\\\/uploads\\\/2025\\\/07\\\/Photo-Article-AT-Jour-1-scaled.jpg\",\"articleSection\":[\"\u00c9dition 2025\",\"Agriculture\",\"AlterTour\",\"Environnement\",\"Nouvelle-Aquitaine\",\"Lutte\"],\"inLanguage\":\"fr-FR\"},{\"@type\":\"WebPage\",\"@id\":\"https:\\\/\\\/www.altercampagne.net\\\/?p=29109\",\"url\":\"https:\\\/\\\/www.altercampagne.net\\\/?p=29109\",\"name\":\"La foret en introduction du tour 2025 - AlterTour\",\"isPartOf\":{\"@id\":\"https:\\\/\\\/www.altercampagne.net\\\/#website\"},\"primaryImageOfPage\":{\"@id\":\"https:\\\/\\\/www.altercampagne.net\\\/?p=29109#primaryimage\"},\"image\":{\"@id\":\"https:\\\/\\\/www.altercampagne.net\\\/?p=29109#primaryimage\"},\"thumbnailUrl\":\"https:\\\/\\\/www.altercampagne.net\\\/wp-content\\\/uploads\\\/2025\\\/07\\\/Photo-Article-AT-Jour-1-scaled.jpg\",\"datePublished\":\"2025-07-11T21:10:42+00:00\",\"dateModified\":\"2025-07-12T23:29:08+00:00\",\"author\":{\"@id\":\"https:\\\/\\\/www.altercampagne.net\\\/#\\\/schema\\\/person\\\/3afde49d8c0be52224ae61fe720b4b19\"},\"breadcrumb\":{\"@id\":\"https:\\\/\\\/www.altercampagne.net\\\/?p=29109#breadcrumb\"},\"inLanguage\":\"fr-FR\",\"potentialAction\":[{\"@type\":\"ReadAction\",\"target\":[\"https:\\\/\\\/www.altercampagne.net\\\/?p=29109\"]}]},{\"@type\":\"ImageObject\",\"inLanguage\":\"fr-FR\",\"@id\":\"https:\\\/\\\/www.altercampagne.net\\\/?p=29109#primaryimage\",\"url\":\"https:\\\/\\\/www.altercampagne.net\\\/wp-content\\\/uploads\\\/2025\\\/07\\\/Photo-Article-AT-Jour-1-scaled.jpg\",\"contentUrl\":\"https:\\\/\\\/www.altercampagne.net\\\/wp-content\\\/uploads\\\/2025\\\/07\\\/Photo-Article-AT-Jour-1-scaled.jpg\",\"width\":2560,\"height\":1920},{\"@type\":\"BreadcrumbList\",\"@id\":\"https:\\\/\\\/www.altercampagne.net\\\/?p=29109#breadcrumb\",\"itemListElement\":[{\"@type\":\"ListItem\",\"position\":1,\"name\":\"Accueil\",\"item\":\"https:\\\/\\\/www.altercampagne.net\\\/\"},{\"@type\":\"ListItem\",\"position\":2,\"name\":\"La foret en introduction du tour 2025\"}]},{\"@type\":\"WebSite\",\"@id\":\"https:\\\/\\\/www.altercampagne.net\\\/#website\",\"url\":\"https:\\\/\\\/www.altercampagne.net\\\/\",\"name\":\"AlterTour\",\"description\":\"Reliez les Alternatives \u00e0 v\u00e9lo\",\"potentialAction\":[{\"@type\":\"SearchAction\",\"target\":{\"@type\":\"EntryPoint\",\"urlTemplate\":\"https:\\\/\\\/www.altercampagne.net\\\/?s={search_term_string}\"},\"query-input\":{\"@type\":\"PropertyValueSpecification\",\"valueRequired\":true,\"valueName\":\"search_term_string\"}}],\"inLanguage\":\"fr-FR\"},{\"@type\":\"Person\",\"@id\":\"https:\\\/\\\/www.altercampagne.net\\\/#\\\/schema\\\/person\\\/3afde49d8c0be52224ae61fe720b4b19\",\"name\":\"Marine R\",\"image\":{\"@type\":\"ImageObject\",\"inLanguage\":\"fr-FR\",\"@id\":\"https:\\\/\\\/secure.gravatar.com\\\/avatar\\\/a3c4f944a184c737c95a33c9fc36f74b2637ea270671045d89722a608b50fd88?s=96&d=mm&r=g\",\"url\":\"https:\\\/\\\/secure.gravatar.com\\\/avatar\\\/a3c4f944a184c737c95a33c9fc36f74b2637ea270671045d89722a608b50fd88?s=96&d=mm&r=g\",\"contentUrl\":\"https:\\\/\\\/secure.gravatar.com\\\/avatar\\\/a3c4f944a184c737c95a33c9fc36f74b2637ea270671045d89722a608b50fd88?s=96&d=mm&r=g\",\"caption\":\"Marine R\"},\"url\":\"https:\\\/\\\/www.altercampagne.net\\\/?author=198\"}]}<\/script>\n<!-- \/ Yoast SEO plugin. -->","yoast_head_json":{"title":"La foret en introduction du tour 2025 - AlterTour","robots":{"index":"index","follow":"follow","max-snippet":"max-snippet:-1","max-image-preview":"max-image-preview:large","max-video-preview":"max-video-preview:-1"},"canonical":"https:\/\/www.altercampagne.net\/?p=29109","og_locale":"fr_FR","og_type":"article","og_title":"La foret en introduction du tour 2025 - AlterTour","og_description":"Jeudi 10 juillet, \u00e7a y est, apr\u00e8s 11 mois de pr\u00e9paration, nous nous \u00e9lan\u00e7ons pour la 18 \u00e8me ann\u00e9e accompagn\u00e9e pour ce d\u00e9part par le R\u00e9seau Foret Limousine. Fort de plus de 30 associations&nbsp; il oeuvre&nbsp; pour une sylviculture avec des essences m\u00e9lang\u00e9es et des zones de r\u00e9g\u00e9n\u00e9rations spontan\u00e9e , ... Read More","og_url":"https:\/\/www.altercampagne.net\/?p=29109","og_site_name":"AlterTour","article_published_time":"2025-07-11T21:10:42+00:00","article_modified_time":"2025-07-12T23:29:08+00:00","og_image":[{"width":2560,"height":1920,"url":"https:\/\/www.altercampagne.net\/wp-content\/uploads\/2025\/07\/Photo-Article-AT-Jour-1-scaled.jpg","type":"image\/jpeg"}],"author":"Marine R","twitter_card":"summary_large_image","twitter_misc":{"\u00c9crit par":"Marine R","Dur\u00e9e de lecture estim\u00e9e":"2 minutes"},"schema":{"@context":"https:\/\/schema.org","@graph":[{"@type":"Article","@id":"https:\/\/www.altercampagne.net\/?p=29109#article","isPartOf":{"@id":"https:\/\/www.altercampagne.net\/?p=29109"},"author":{"name":"Marine R","@id":"https:\/\/www.altercampagne.net\/#\/schema\/person\/3afde49d8c0be52224ae61fe720b4b19"},"headline":"La foret en introduction du tour 2025","datePublished":"2025-07-11T21:10:42+00:00","dateModified":"2025-07-12T23:29:08+00:00","mainEntityOfPage":{"@id":"https:\/\/www.altercampagne.net\/?p=29109"},"wordCount":264,"image":{"@id":"https:\/\/www.altercampagne.net\/?p=29109#primaryimage"},"thumbnailUrl":"https:\/\/www.altercampagne.net\/wp-content\/uploads\/2025\/07\/Photo-Article-AT-Jour-1-scaled.jpg","articleSection":["\u00c9dition 2025","Agriculture","AlterTour","Environnement","Nouvelle-Aquitaine","Lutte"],"inLanguage":"fr-FR"},{"@type":"WebPage","@id":"https:\/\/www.altercampagne.net\/?p=29109","url":"https:\/\/www.altercampagne.net\/?p=29109","name":"La foret en introduction du tour 2025 - AlterTour","isPartOf":{"@id":"https:\/\/www.altercampagne.net\/#website"},"primaryImageOfPage":{"@id":"https:\/\/www.altercampagne.net\/?p=29109#primaryimage"},"image":{"@id":"https:\/\/www.altercampagne.net\/?p=29109#primaryimage"},"thumbnailUrl":"https:\/\/www.altercampagne.net\/wp-content\/uploads\/2025\/07\/Photo-Article-AT-Jour-1-scaled.jpg","datePublished":"2025-07-11T21:10:42+00:00","dateModified":"2025-07-12T23:29:08+00:00","author":{"@id":"https:\/\/www.altercampagne.net\/#\/schema\/person\/3afde49d8c0be52224ae61fe720b4b19"},"breadcrumb":{"@id":"https:\/\/www.altercampagne.net\/?p=29109#breadcrumb"},"inLanguage":"fr-FR","potentialAction":[{"@type":"ReadAction","target":["https:\/\/www.altercampagne.net\/?p=29109"]}]},{"@type":"ImageObject","inLanguage":"fr-FR","@id":"https:\/\/www.altercampagne.net\/?p=29109#primaryimage","url":"https:\/\/www.altercampagne.net\/wp-content\/uploads\/2025\/07\/Photo-Article-AT-Jour-1-scaled.jpg","contentUrl":"https:\/\/www.altercampagne.net\/wp-content\/uploads\/2025\/07\/Photo-Article-AT-Jour-1-scaled.jpg","width":2560,"height":1920},{"@type":"BreadcrumbList","@id":"https:\/\/www.altercampagne.net\/?p=29109#breadcrumb","itemListElement":[{"@type":"ListItem","position":1,"name":"Accueil","item":"https:\/\/www.altercampagne.net\/"},{"@type":"ListItem","position":2,"name":"La foret en introduction du tour 2025"}]},{"@type":"WebSite","@id":"https:\/\/www.altercampagne.net\/#website","url":"https:\/\/www.altercampagne.net\/","name":"AlterTour","description":"Reliez les Alternatives \u00e0 v\u00e9lo","potentialAction":[{"@type":"SearchAction","target":{"@type":"EntryPoint","urlTemplate":"https:\/\/www.altercampagne.net\/?s={search_term_string}"},"query-input":{"@type":"PropertyValueSpecification","valueRequired":true,"valueName":"search_term_string"}}],"inLanguage":"fr-FR"},{"@type":"Person","@id":"https:\/\/www.altercampagne.net\/#\/schema\/person\/3afde49d8c0be52224ae61fe720b4b19","name":"Marine R","image":{"@type":"ImageObject","inLanguage":"fr-FR","@id":"https:\/\/secure.gravatar.com\/avatar\/a3c4f944a184c737c95a33c9fc36f74b2637ea270671045d89722a608b50fd88?s=96&d=mm&r=g","url":"https:\/\/secure.gravatar.com\/avatar\/a3c4f944a184c737c95a33c9fc36f74b2637ea270671045d89722a608b50fd88?s=96&d=mm&r=g","contentUrl":"https:\/\/secure.gravatar.com\/avatar\/a3c4f944a184c737c95a33c9fc36f74b2637ea270671045d89722a608b50fd88?s=96&d=mm&r=g","caption":"Marine R"},"url":"https:\/\/www.altercampagne.net\/?author=198"}]}},"_links":{"self":[{"href":"https:\/\/www.altercampagne.net\/index.php?rest_route=\/wp\/v2\/posts\/29109","targetHints":{"allow":["GET"]}}],"collection":[{"href":"https:\/\/www.altercampagne.net\/index.php?rest_route=\/wp\/v2\/posts"}],"about":[{"href":"https:\/\/www.altercampagne.net\/index.php?rest_route=\/wp\/v2\/types\/post"}],"author":[{"embeddable":true,"href":"https:\/\/www.altercampagne.net\/index.php?rest_route=\/wp\/v2\/users\/198"}],"replies":[{"embeddable":true,"href":"https:\/\/www.altercampagne.net\/index.php?rest_route=%2Fwp%2Fv2%2Fcomments&post=29109"}],"version-history":[{"count":2,"href":"https:\/\/www.altercampagne.net\/index.php?rest_route=\/wp\/v2\/posts\/29109\/revisions"}],"predecessor-version":[{"id":29113,"href":"https:\/\/www.altercampagne.net\/index.php?rest_route=\/wp\/v2\/posts\/29109\/revisions\/29113"}],"wp:featuredmedia":[{"embeddable":true,"href":"https:\/\/www.altercampagne.net\/index.php?rest_route=\/wp\/v2\/media\/29110"}],"wp:attachment":[{"href":"https:\/\/www.altercampagne.net\/index.php?rest_route=%2Fwp%2Fv2%2Fmedia&parent=29109"}],"wp:term":[{"taxonomy":"category","embeddable":true,"href":"https:\/\/www.altercampagne.net\/index.php?rest_route=%2Fwp%2Fv2%2Fcategories&post=29109"},{"taxonomy":"post_tag","embeddable":true,"href":"https:\/\/www.altercampagne.net\/index.php?rest_route=%2Fwp%2Fv2%2Ftags&post=29109"}],"curies":[{"name":"wp","href":"https:\/\/api.w.org\/{rel}","templated":true}]}}