{"id":29114,"date":"2025-07-13T22:18:56","date_gmt":"2025-07-13T20:18:56","guid":{"rendered":"https:\/\/www.altercampagne.net\/?p=29114"},"modified":"2025-07-13T22:26:24","modified_gmt":"2025-07-13T20:26:24","slug":"lettre-du-12-juillet-sur-le-tour-2025","status":"publish","type":"post","link":"https:\/\/www.altercampagne.net\/?p=29114","title":{"rendered":"Lettre du 12 juillet sur le Tour 2025 :"},"content":{"rendered":"\n<p>Ma ch\u00e8re s\u0153ur,<\/p>\n\n\n\n<p>J\u2019esp\u00e8re que tu vas bien et que tu n\u2019as pas trop chaud en ville. Ici la vie est bien douce sur le tour, malgr\u00e9 le rythme intense. \u00c0 7h, nous avons eu le privil\u00e8ge d\u2019\u00eatre r\u00e9veill\u00e9.e.s par des sylvestres. Les sylvestres sont de fascinantes petites cr\u00e9atures sylvicoles, comme leur nom l\u2019indique. Elles ont un \u00e9trange mode de vie et de reproduction. Apr\u00e8s trois mois de gestation, elles pondent leur embryon dans le creux de grands arbre-m\u00e8res qui vont poursuivre la gestation. Elles se nourrissent par capillarit\u00e9 des ressources des bois. Les sylvestres sont fac\u00e9tieux, ils nous ont donc fait quelques blagues au r\u00e9veil&nbsp;: ils ont chant\u00e9 tr\u00e8s fort (et faux) dans le camp, ils ont aussi grimp\u00e9 \u00e0 nos tentes et apr\u00e8s s\u2019y \u00eatre introduits subrepticement, nous ont chatouill\u00e9 la plante des pieds. Mais je me r\u00e9p\u00e8te, j\u2019ai d\u00e9j\u00e0 d\u00fb te raconter tout cela dans ma pr\u00e9c\u00e9dente lettre.<\/p>\n\n\n\n<p>\u00c0 9h, nous sommes partis du Moulin de la Rougerie dans le grand matin frais. Le trajet \u00e9tait tr\u00e8s agr\u00e9able, un juste \u00e9quilibre entre ombre et lumi\u00e8re, mont\u00e9es et descentes. Petite pause au bord d\u2019un ruisseau. Le midi nous nous sommes arr\u00eat\u00e9.e.s au lac de Vassivi\u00e8re. Ce fut le grand luxe et la belle vie&nbsp;: 2h30 de pause, baignade et\u2026 glaces. Un dernier petit tour de p\u00e9dale et nous sommes arriv\u00e9.e.s \u00e0 destination vers 17h&nbsp;: la \u00ab&nbsp;mythique&nbsp;\u00bb Faux-la-Montagne o\u00f9 le tour est d\u00e9j\u00e0 pass\u00e9. Je dis \u00ab&nbsp;mythique&nbsp;\u00bb car cette charmante petite ville est un creuset d\u2019associations alternatives.<\/p>\n\n\n\n<figure class=\"wp-block-image size-large\"><a href=\"https:\/\/www.altercampagne.net\/wp-content\/uploads\/2025\/07\/Photo-AT-2025-12-juillet-ter.jpg\"><img loading=\"lazy\" decoding=\"async\" width=\"1024\" height=\"577\" src=\"https:\/\/www.altercampagne.net\/wp-content\/uploads\/2025\/07\/Photo-AT-2025-12-juillet-ter-1024x577.jpg\" alt=\"\" class=\"wp-image-29119\" srcset=\"https:\/\/www.altercampagne.net\/wp-content\/uploads\/2025\/07\/Photo-AT-2025-12-juillet-ter-1024x577.jpg 1024w, https:\/\/www.altercampagne.net\/wp-content\/uploads\/2025\/07\/Photo-AT-2025-12-juillet-ter-300x169.jpg 300w, https:\/\/www.altercampagne.net\/wp-content\/uploads\/2025\/07\/Photo-AT-2025-12-juillet-ter-768x432.jpg 768w, https:\/\/www.altercampagne.net\/wp-content\/uploads\/2025\/07\/Photo-AT-2025-12-juillet-ter-1536x865.jpg 1536w, https:\/\/www.altercampagne.net\/wp-content\/uploads\/2025\/07\/Photo-AT-2025-12-juillet-ter-100x56.jpg 100w, https:\/\/www.altercampagne.net\/wp-content\/uploads\/2025\/07\/Photo-AT-2025-12-juillet-ter-862x485.jpg 862w, https:\/\/www.altercampagne.net\/wp-content\/uploads\/2025\/07\/Photo-AT-2025-12-juillet-ter-1140x642.jpg 1140w, https:\/\/www.altercampagne.net\/wp-content\/uploads\/2025\/07\/Photo-AT-2025-12-juillet-ter.jpg 2000w\" sizes=\"auto, (max-width: 1024px) 100vw, 1024px\" \/><\/a><\/figure>\n\n\n\n<p>Apr\u00e8s le briefing, nous f\u00fbmes invit\u00e9.e.s \u00e0 la F\u00eate de la fontaine organis\u00e9e par l\u2019association Cadet Roussel. L\u2019association propose une ludoth\u00e8que, un espace de vie sociale interg\u00e9n\u00e9rationnel et un local multifonctions. Elle organise \u00e9galement des activit\u00e9s pour les habitantes et habitants de Faux&nbsp;: stages, sorties nature, projections\u2026 Un beau programme en somme \ud83d\ude42<\/p>\n\n\n\n<p>Cette f\u00eate organis\u00e9e dans le village permet aux habitants et habitantes de reprendre aux voitures la Place de la fontaine. La place, redevenue pi\u00e9tonne, devient ainsi le lieu d\u2019une soir\u00e9e festive avec animations, jeux et repas partag\u00e9. C\u2019est vrai qu\u2019une place non pi\u00e9tonne est une contradiction dans les termes, contradiction qu\u2019il convient de lever&nbsp;! La pluie nous a d\u00e9log\u00e9.e.s mais n\u2019a pas emp\u00each\u00e9 la soir\u00e9e chansons de se faire.<\/p>\n\n\n\n<p>Demain, nous rencontrerons le Syndicat de la Montagne Limousine. Mais ce sera pour une prochaine lettre. Je dois te laisser car je suis de t\u00e2che vaisselle.<\/p>\n\n\n\n<p>Je t\u2019embrasse, \u00e0 tr\u00e8s bient\u00f4t&nbsp;!<\/p>\n\n\n\n<p>MM<\/p>\n\n\n\n<figure class=\"wp-block-image size-large\"><a href=\"https:\/\/www.altercampagne.net\/wp-content\/uploads\/2025\/07\/20250712_193604-1-scaled.jpg\"><img loading=\"lazy\" decoding=\"async\" width=\"1024\" height=\"576\" src=\"https:\/\/www.altercampagne.net\/wp-content\/uploads\/2025\/07\/20250712_193604-1-1024x576.jpg\" alt=\"\" class=\"wp-image-29118\" srcset=\"https:\/\/www.altercampagne.net\/wp-content\/uploads\/2025\/07\/20250712_193604-1-1024x576.jpg 1024w, https:\/\/www.altercampagne.net\/wp-content\/uploads\/2025\/07\/20250712_193604-1-300x169.jpg 300w, https:\/\/www.altercampagne.net\/wp-content\/uploads\/2025\/07\/20250712_193604-1-768x432.jpg 768w, https:\/\/www.altercampagne.net\/wp-content\/uploads\/2025\/07\/20250712_193604-1-1536x864.jpg 1536w, https:\/\/www.altercampagne.net\/wp-content\/uploads\/2025\/07\/20250712_193604-1-2048x1153.jpg 2048w, https:\/\/www.altercampagne.net\/wp-content\/uploads\/2025\/07\/20250712_193604-1-100x56.jpg 100w, https:\/\/www.altercampagne.net\/wp-content\/uploads\/2025\/07\/20250712_193604-1-862x485.jpg 862w, https:\/\/www.altercampagne.net\/wp-content\/uploads\/2025\/07\/20250712_193604-1-1140x642.jpg 1140w\" sizes=\"auto, (max-width: 1024px) 100vw, 1024px\" \/><\/a><\/figure>\n","protected":false},"excerpt":{"rendered":"<p>Ma ch\u00e8re s\u0153ur, J\u2019esp\u00e8re que tu vas bien et que tu n\u2019as pas trop chaud en ville. Ici la vie est bien douce sur le tour, malgr\u00e9 le rythme intense. \u00c0 7h, nous avons eu le privil\u00e8ge d\u2019\u00eatre r\u00e9veill\u00e9.e.s par des sylvestres. Les sylvestres sont de fascinantes petites cr\u00e9atures sylvicoles, &#8230; <\/p>\n<div><a href=\"https:\/\/www.altercampagne.net\/?p=29114\" class=\"more-link\">Read More<\/a><\/div>\n","protected":false},"author":478,"featured_media":29117,"comment_status":"closed","ping_status":"closed","sticky":false,"template":"","format":"standard","meta":{"footnotes":""},"categories":[4511,4313,3490,3479,1,3932],"tags":[],"class_list":["post-29114","post","type-post","status-publish","format-standard","has-post-thumbnail","hentry","category-edition-2025","category-altertour","category-culture","category-nouvelle-aquitaine","category-non-classe","category-velo"],"yoast_head":"<!-- This site is optimized with the Yoast SEO plugin v27.3 - https:\/\/yoast.com\/product\/yoast-seo-wordpress\/ -->\n<title>Lettre du 12 juillet sur le Tour 2025 : - AlterTour<\/title>\n<meta name=\"robots\" content=\"index, follow, max-snippet:-1, max-image-preview:large, max-video-preview:-1\" \/>\n<link rel=\"canonical\" href=\"https:\/\/www.altercampagne.net\/?p=29114\" \/>\n<meta property=\"og:locale\" content=\"fr_FR\" \/>\n<meta property=\"og:type\" content=\"article\" \/>\n<meta property=\"og:title\" content=\"Lettre du 12 juillet sur le Tour 2025 : - AlterTour\" \/>\n<meta property=\"og:description\" content=\"Ma ch\u00e8re s\u0153ur, J\u2019esp\u00e8re que tu vas bien et que tu n\u2019as pas trop chaud en ville. Ici la vie est bien douce sur le tour, malgr\u00e9 le rythme intense. \u00c0 7h, nous avons eu le privil\u00e8ge d\u2019\u00eatre r\u00e9veill\u00e9.e.s par des sylvestres. Les sylvestres sont de fascinantes petites cr\u00e9atures sylvicoles, ... Read More\" \/>\n<meta property=\"og:url\" content=\"https:\/\/www.altercampagne.net\/?p=29114\" \/>\n<meta property=\"og:site_name\" content=\"AlterTour\" \/>\n<meta property=\"article:published_time\" content=\"2025-07-13T20:18:56+00:00\" \/>\n<meta property=\"article:modified_time\" content=\"2025-07-13T20:26:24+00:00\" \/>\n<meta property=\"og:image\" content=\"https:\/\/www.altercampagne.net\/wp-content\/uploads\/2025\/07\/Photo-AT-2025-12-juillet-scaled.jpg\" \/>\n\t<meta property=\"og:image:width\" content=\"2560\" \/>\n\t<meta property=\"og:image:height\" content=\"1441\" \/>\n\t<meta property=\"og:image:type\" content=\"image\/jpeg\" \/>\n<meta name=\"author\" content=\"Marie C\" \/>\n<meta name=\"twitter:card\" content=\"summary_large_image\" \/>\n<meta name=\"twitter:label1\" content=\"\u00c9crit par\" \/>\n\t<meta name=\"twitter:data1\" content=\"Marie C\" \/>\n\t<meta name=\"twitter:label2\" content=\"Dur\u00e9e de lecture estim\u00e9e\" \/>\n\t<meta name=\"twitter:data2\" content=\"3 minutes\" \/>\n<script type=\"application\/ld+json\" class=\"yoast-schema-graph\">{\"@context\":\"https:\\\/\\\/schema.org\",\"@graph\":[{\"@type\":\"Article\",\"@id\":\"https:\\\/\\\/www.altercampagne.net\\\/?p=29114#article\",\"isPartOf\":{\"@id\":\"https:\\\/\\\/www.altercampagne.net\\\/?p=29114\"},\"author\":{\"name\":\"Marie C\",\"@id\":\"https:\\\/\\\/www.altercampagne.net\\\/#\\\/schema\\\/person\\\/11bd5ea1972448d6c75f69300c203cbf\"},\"headline\":\"Lettre du 12 juillet sur le Tour 2025 :\",\"datePublished\":\"2025-07-13T20:18:56+00:00\",\"dateModified\":\"2025-07-13T20:26:24+00:00\",\"mainEntityOfPage\":{\"@id\":\"https:\\\/\\\/www.altercampagne.net\\\/?p=29114\"},\"wordCount\":481,\"image\":{\"@id\":\"https:\\\/\\\/www.altercampagne.net\\\/?p=29114#primaryimage\"},\"thumbnailUrl\":\"https:\\\/\\\/www.altercampagne.net\\\/wp-content\\\/uploads\\\/2025\\\/07\\\/Photo-AT-2025-12-juillet-scaled.jpg\",\"articleSection\":{\"0\":\"\u00c9dition 2025\",\"1\":\"AlterTour\",\"2\":\"Culture\",\"3\":\"Nouvelle-Aquitaine\",\"5\":\"V\u00e9lo\"},\"inLanguage\":\"fr-FR\"},{\"@type\":\"WebPage\",\"@id\":\"https:\\\/\\\/www.altercampagne.net\\\/?p=29114\",\"url\":\"https:\\\/\\\/www.altercampagne.net\\\/?p=29114\",\"name\":\"Lettre du 12 juillet sur le Tour 2025 : - AlterTour\",\"isPartOf\":{\"@id\":\"https:\\\/\\\/www.altercampagne.net\\\/#website\"},\"primaryImageOfPage\":{\"@id\":\"https:\\\/\\\/www.altercampagne.net\\\/?p=29114#primaryimage\"},\"image\":{\"@id\":\"https:\\\/\\\/www.altercampagne.net\\\/?p=29114#primaryimage\"},\"thumbnailUrl\":\"https:\\\/\\\/www.altercampagne.net\\\/wp-content\\\/uploads\\\/2025\\\/07\\\/Photo-AT-2025-12-juillet-scaled.jpg\",\"datePublished\":\"2025-07-13T20:18:56+00:00\",\"dateModified\":\"2025-07-13T20:26:24+00:00\",\"author\":{\"@id\":\"https:\\\/\\\/www.altercampagne.net\\\/#\\\/schema\\\/person\\\/11bd5ea1972448d6c75f69300c203cbf\"},\"breadcrumb\":{\"@id\":\"https:\\\/\\\/www.altercampagne.net\\\/?p=29114#breadcrumb\"},\"inLanguage\":\"fr-FR\",\"potentialAction\":[{\"@type\":\"ReadAction\",\"target\":[\"https:\\\/\\\/www.altercampagne.net\\\/?p=29114\"]}]},{\"@type\":\"ImageObject\",\"inLanguage\":\"fr-FR\",\"@id\":\"https:\\\/\\\/www.altercampagne.net\\\/?p=29114#primaryimage\",\"url\":\"https:\\\/\\\/www.altercampagne.net\\\/wp-content\\\/uploads\\\/2025\\\/07\\\/Photo-AT-2025-12-juillet-scaled.jpg\",\"contentUrl\":\"https:\\\/\\\/www.altercampagne.net\\\/wp-content\\\/uploads\\\/2025\\\/07\\\/Photo-AT-2025-12-juillet-scaled.jpg\",\"width\":2560,\"height\":1441},{\"@type\":\"BreadcrumbList\",\"@id\":\"https:\\\/\\\/www.altercampagne.net\\\/?p=29114#breadcrumb\",\"itemListElement\":[{\"@type\":\"ListItem\",\"position\":1,\"name\":\"Accueil\",\"item\":\"https:\\\/\\\/www.altercampagne.net\\\/\"},{\"@type\":\"ListItem\",\"position\":2,\"name\":\"Lettre du 12 juillet sur le Tour 2025 :\"}]},{\"@type\":\"WebSite\",\"@id\":\"https:\\\/\\\/www.altercampagne.net\\\/#website\",\"url\":\"https:\\\/\\\/www.altercampagne.net\\\/\",\"name\":\"AlterTour\",\"description\":\"Reliez les Alternatives \u00e0 v\u00e9lo\",\"potentialAction\":[{\"@type\":\"SearchAction\",\"target\":{\"@type\":\"EntryPoint\",\"urlTemplate\":\"https:\\\/\\\/www.altercampagne.net\\\/?s={search_term_string}\"},\"query-input\":{\"@type\":\"PropertyValueSpecification\",\"valueRequired\":true,\"valueName\":\"search_term_string\"}}],\"inLanguage\":\"fr-FR\"},{\"@type\":\"Person\",\"@id\":\"https:\\\/\\\/www.altercampagne.net\\\/#\\\/schema\\\/person\\\/11bd5ea1972448d6c75f69300c203cbf\",\"name\":\"Marie C\",\"image\":{\"@type\":\"ImageObject\",\"inLanguage\":\"fr-FR\",\"@id\":\"https:\\\/\\\/secure.gravatar.com\\\/avatar\\\/60285b07e69d5a78f926ccba553c823e8f151c3c566cdd2e5a2f2a24328d9d77?s=96&d=mm&r=g\",\"url\":\"https:\\\/\\\/secure.gravatar.com\\\/avatar\\\/60285b07e69d5a78f926ccba553c823e8f151c3c566cdd2e5a2f2a24328d9d77?s=96&d=mm&r=g\",\"contentUrl\":\"https:\\\/\\\/secure.gravatar.com\\\/avatar\\\/60285b07e69d5a78f926ccba553c823e8f151c3c566cdd2e5a2f2a24328d9d77?s=96&d=mm&r=g\",\"caption\":\"Marie C\"},\"url\":\"https:\\\/\\\/www.altercampagne.net\\\/?author=478\"}]}<\/script>\n<!-- \/ Yoast SEO plugin. -->","yoast_head_json":{"title":"Lettre du 12 juillet sur le Tour 2025 : - AlterTour","robots":{"index":"index","follow":"follow","max-snippet":"max-snippet:-1","max-image-preview":"max-image-preview:large","max-video-preview":"max-video-preview:-1"},"canonical":"https:\/\/www.altercampagne.net\/?p=29114","og_locale":"fr_FR","og_type":"article","og_title":"Lettre du 12 juillet sur le Tour 2025 : - AlterTour","og_description":"Ma ch\u00e8re s\u0153ur, J\u2019esp\u00e8re que tu vas bien et que tu n\u2019as pas trop chaud en ville. Ici la vie est bien douce sur le tour, malgr\u00e9 le rythme intense. \u00c0 7h, nous avons eu le privil\u00e8ge d\u2019\u00eatre r\u00e9veill\u00e9.e.s par des sylvestres. Les sylvestres sont de fascinantes petites cr\u00e9atures sylvicoles, ... Read More","og_url":"https:\/\/www.altercampagne.net\/?p=29114","og_site_name":"AlterTour","article_published_time":"2025-07-13T20:18:56+00:00","article_modified_time":"2025-07-13T20:26:24+00:00","og_image":[{"width":2560,"height":1441,"url":"https:\/\/www.altercampagne.net\/wp-content\/uploads\/2025\/07\/Photo-AT-2025-12-juillet-scaled.jpg","type":"image\/jpeg"}],"author":"Marie C","twitter_card":"summary_large_image","twitter_misc":{"\u00c9crit par":"Marie C","Dur\u00e9e de lecture estim\u00e9e":"3 minutes"},"schema":{"@context":"https:\/\/schema.org","@graph":[{"@type":"Article","@id":"https:\/\/www.altercampagne.net\/?p=29114#article","isPartOf":{"@id":"https:\/\/www.altercampagne.net\/?p=29114"},"author":{"name":"Marie C","@id":"https:\/\/www.altercampagne.net\/#\/schema\/person\/11bd5ea1972448d6c75f69300c203cbf"},"headline":"Lettre du 12 juillet sur le Tour 2025 :","datePublished":"2025-07-13T20:18:56+00:00","dateModified":"2025-07-13T20:26:24+00:00","mainEntityOfPage":{"@id":"https:\/\/www.altercampagne.net\/?p=29114"},"wordCount":481,"image":{"@id":"https:\/\/www.altercampagne.net\/?p=29114#primaryimage"},"thumbnailUrl":"https:\/\/www.altercampagne.net\/wp-content\/uploads\/2025\/07\/Photo-AT-2025-12-juillet-scaled.jpg","articleSection":{"0":"\u00c9dition 2025","1":"AlterTour","2":"Culture","3":"Nouvelle-Aquitaine","5":"V\u00e9lo"},"inLanguage":"fr-FR"},{"@type":"WebPage","@id":"https:\/\/www.altercampagne.net\/?p=29114","url":"https:\/\/www.altercampagne.net\/?p=29114","name":"Lettre du 12 juillet sur le Tour 2025 : - AlterTour","isPartOf":{"@id":"https:\/\/www.altercampagne.net\/#website"},"primaryImageOfPage":{"@id":"https:\/\/www.altercampagne.net\/?p=29114#primaryimage"},"image":{"@id":"https:\/\/www.altercampagne.net\/?p=29114#primaryimage"},"thumbnailUrl":"https:\/\/www.altercampagne.net\/wp-content\/uploads\/2025\/07\/Photo-AT-2025-12-juillet-scaled.jpg","datePublished":"2025-07-13T20:18:56+00:00","dateModified":"2025-07-13T20:26:24+00:00","author":{"@id":"https:\/\/www.altercampagne.net\/#\/schema\/person\/11bd5ea1972448d6c75f69300c203cbf"},"breadcrumb":{"@id":"https:\/\/www.altercampagne.net\/?p=29114#breadcrumb"},"inLanguage":"fr-FR","potentialAction":[{"@type":"ReadAction","target":["https:\/\/www.altercampagne.net\/?p=29114"]}]},{"@type":"ImageObject","inLanguage":"fr-FR","@id":"https:\/\/www.altercampagne.net\/?p=29114#primaryimage","url":"https:\/\/www.altercampagne.net\/wp-content\/uploads\/2025\/07\/Photo-AT-2025-12-juillet-scaled.jpg","contentUrl":"https:\/\/www.altercampagne.net\/wp-content\/uploads\/2025\/07\/Photo-AT-2025-12-juillet-scaled.jpg","width":2560,"height":1441},{"@type":"BreadcrumbList","@id":"https:\/\/www.altercampagne.net\/?p=29114#breadcrumb","itemListElement":[{"@type":"ListItem","position":1,"name":"Accueil","item":"https:\/\/www.altercampagne.net\/"},{"@type":"ListItem","position":2,"name":"Lettre du 12 juillet sur le Tour 2025 :"}]},{"@type":"WebSite","@id":"https:\/\/www.altercampagne.net\/#website","url":"https:\/\/www.altercampagne.net\/","name":"AlterTour","description":"Reliez les Alternatives \u00e0 v\u00e9lo","potentialAction":[{"@type":"SearchAction","target":{"@type":"EntryPoint","urlTemplate":"https:\/\/www.altercampagne.net\/?s={search_term_string}"},"query-input":{"@type":"PropertyValueSpecification","valueRequired":true,"valueName":"search_term_string"}}],"inLanguage":"fr-FR"},{"@type":"Person","@id":"https:\/\/www.altercampagne.net\/#\/schema\/person\/11bd5ea1972448d6c75f69300c203cbf","name":"Marie C","image":{"@type":"ImageObject","inLanguage":"fr-FR","@id":"https:\/\/secure.gravatar.com\/avatar\/60285b07e69d5a78f926ccba553c823e8f151c3c566cdd2e5a2f2a24328d9d77?s=96&d=mm&r=g","url":"https:\/\/secure.gravatar.com\/avatar\/60285b07e69d5a78f926ccba553c823e8f151c3c566cdd2e5a2f2a24328d9d77?s=96&d=mm&r=g","contentUrl":"https:\/\/secure.gravatar.com\/avatar\/60285b07e69d5a78f926ccba553c823e8f151c3c566cdd2e5a2f2a24328d9d77?s=96&d=mm&r=g","caption":"Marie C"},"url":"https:\/\/www.altercampagne.net\/?author=478"}]}},"_links":{"self":[{"href":"https:\/\/www.altercampagne.net\/index.php?rest_route=\/wp\/v2\/posts\/29114","targetHints":{"allow":["GET"]}}],"collection":[{"href":"https:\/\/www.altercampagne.net\/index.php?rest_route=\/wp\/v2\/posts"}],"about":[{"href":"https:\/\/www.altercampagne.net\/index.php?rest_route=\/wp\/v2\/types\/post"}],"author":[{"embeddable":true,"href":"https:\/\/www.altercampagne.net\/index.php?rest_route=\/wp\/v2\/users\/478"}],"replies":[{"embeddable":true,"href":"https:\/\/www.altercampagne.net\/index.php?rest_route=%2Fwp%2Fv2%2Fcomments&post=29114"}],"version-history":[{"count":3,"href":"https:\/\/www.altercampagne.net\/index.php?rest_route=\/wp\/v2\/posts\/29114\/revisions"}],"predecessor-version":[{"id":29122,"href":"https:\/\/www.altercampagne.net\/index.php?rest_route=\/wp\/v2\/posts\/29114\/revisions\/29122"}],"wp:featuredmedia":[{"embeddable":true,"href":"https:\/\/www.altercampagne.net\/index.php?rest_route=\/wp\/v2\/media\/29117"}],"wp:attachment":[{"href":"https:\/\/www.altercampagne.net\/index.php?rest_route=%2Fwp%2Fv2%2Fmedia&parent=29114"}],"wp:term":[{"taxonomy":"category","embeddable":true,"href":"https:\/\/www.altercampagne.net\/index.php?rest_route=%2Fwp%2Fv2%2Fcategories&post=29114"},{"taxonomy":"post_tag","embeddable":true,"href":"https:\/\/www.altercampagne.net\/index.php?rest_route=%2Fwp%2Fv2%2Ftags&post=29114"}],"curies":[{"name":"wp","href":"https:\/\/api.w.org\/{rel}","templated":true}]}}