{"id":29123,"date":"2025-07-13T22:50:04","date_gmt":"2025-07-13T20:50:04","guid":{"rendered":"https:\/\/www.altercampagne.net\/?p=29123"},"modified":"2025-07-13T22:50:05","modified_gmt":"2025-07-13T20:50:05","slug":"rencontre-avec-le-syndicat-de-la-montagne-limousine-et-repos","status":"publish","type":"post","link":"https:\/\/www.altercampagne.net\/?p=29123","title":{"rendered":"Rencontre avec le \u00ab\u00a0Syndicat de la Montagne Limousine\u00a0\u00bb et repos&#8230;"},"content":{"rendered":"\n<p>Apr\u00e8s trois jours de v\u00e9lo intenses, la joyeuse \u00e9quipe de l\u2019Altertour se pose enfin&nbsp;!<\/p>\n\n\n\n<p>Nous nous r\u00e9veillons \u00e0 Faux-la-Montagne dans une ambiance humide. La veille au soir, la F\u00eate de la Fontaine a \u00e9t\u00e9 interrompue par une pluie diluvienne. Certain.e.s altercyclistes ont pouss\u00e9 la chansonnette tard dans la nuit, dans le local de l\u2019association Cadet Roussel.<\/p>\n\n\n\n<p>Ce local est mis \u00e0 disposition des habitant.es et associations et dispose d&rsquo;une cuisine, d&rsquo;une salle de peinture et de lecture.<\/p>\n\n\n\n<p>Pendant ce temps, profitant du climat humide, les limaces se sont invit\u00e9es dans les tentes de quelques altercyclistes&nbsp;!<\/p>\n\n\n\n<p>A 8h30, nous prenons le petit-d\u00e9jeuner. Il faut savoir qu\u2019\u00e0 l\u2019Altertour, 8h30 on appelle \u00e7a la grasse mat\u2019&nbsp;!<\/p>\n\n\n\n<p>A 9h30, cercle de parole&nbsp;: le premier de l\u2019\u00e9dition 2025. C\u2019est l\u2019occasion pour toutes et tous de pouvoir s\u2019exprimer librement, pour parler de ce qui nous tient \u00e0 c\u0153ur.<\/p>\n\n\n\n<p>A 10h30 commence la conf\u00e9rence organis\u00e9e par le Syndicat de la Montagne Limousine.<\/p>\n\n\n\n<p>Le syndicat a \u00e9t\u00e9 cr\u00e9\u00e9 par et pour celles et ceux qui vivent sur la Montagne limousine et sont soucieux de pr\u00e9server ses ressources, la diversit\u00e9 des formes de la vie humaine et non humaine qui font sa richesse, et d\u2019y d\u00e9fendre des conditions de vie dignes pour toutes et tous.<\/p>\n\n\n\n<p>\u00ab\u00a0C\u2019est un outil pour se regrouper sur le territoire que nous habitons et d\u00e9fendre nos int\u00e9r\u00eats communs. Une force collective qui soit plus que la somme des parties qui le constituent, et qui puisse s\u2019opposer aux puissances qui fa\u00e7onnent sur notre dos l\u2019avenir du territoire, les banques, les administrations diverses, les lobbies \u00e9conomiques locaux, r\u00e9gionaux, internationaux\u2026\u00a0\u00bb<\/p>\n\n\n\n<p>Les objectifs poursuivis par le syndicat sont les suivants :&nbsp;<\/p>\n\n\n\n<p>1. Relocaliser l\u2019usage des ressources du territoire : l\u2019eau, l\u2019\u00e9nergie, la for\u00eat, l\u2019alimentation<br>2. Permettre l\u2019acc\u00e8s \u00e0 la terre et au logement pour toutes et tous<\/p>\n\n\n\n<p>3. D\u00e9fendre les infrastructures existantes, se doter des moyens et des services dont ce territoire a besoin<br>4. S\u2019organiser, face aux violences du syst\u00e8me, de l\u2019\u00e9conomie et \u00e0 l\u2019arbitraire administratif : se d\u00e9fendre<br>5. Mettre en place un droit d\u2019asile local : il n\u2019y aura pas d\u2019expulsion sur la montagne limousine<br>6. Mettre un terme, \u00e0 notre \u00e9chelle, \u00e0 la destruction du vivant, des sols et des milieux de vie humains et non humains<\/p>\n\n\n\n<p>Ainsi cette conf\u00e9rence fut l\u2019occasion de reparler du Bois du chat, de l\u2019installation d\u2019un centre Emma\u00fcs \u00e0 Tarnac, et d\u2019autres luttes locales.<\/p>\n\n\n\n<p>Il s\u2019est ensuivi un temps pour r\u00e9pondre aux questions des altercyclistes.<\/p>\n\n\n\n<p>L\u2019apr\u00e8s-midi est d\u00e9volu au repos&nbsp;: baignade au lac de Faux, concert baroque \u00e0 l\u2019\u00e9glise&#8230;<\/p>\n","protected":false},"excerpt":{"rendered":"<p>Apr\u00e8s trois jours de v\u00e9lo intenses, la joyeuse \u00e9quipe de l\u2019Altertour se pose enfin&nbsp;! Nous nous r\u00e9veillons \u00e0 Faux-la-Montagne dans une ambiance humide. La veille au soir, la F\u00eate de la Fontaine a \u00e9t\u00e9 interrompue par une pluie diluvienne. Certain.e.s altercyclistes ont pouss\u00e9 la chansonnette tard dans la nuit, dans &#8230; <\/p>\n<div><a href=\"https:\/\/www.altercampagne.net\/?p=29123\" class=\"more-link\">Read More<\/a><\/div>\n","protected":false},"author":478,"featured_media":29124,"comment_status":"closed","ping_status":"closed","sticky":false,"template":"","format":"standard","meta":{"footnotes":""},"categories":[4511,4313,3479,3540],"tags":[],"class_list":["post-29123","post","type-post","status-publish","format-standard","has-post-thumbnail","hentry","category-edition-2025","category-altertour","category-nouvelle-aquitaine","category-transverse"],"yoast_head":"<!-- This site is optimized with the Yoast SEO plugin v27.3 - https:\/\/yoast.com\/product\/yoast-seo-wordpress\/ -->\n<title>Rencontre avec le &quot;Syndicat de la Montagne Limousine&quot; et repos... - AlterTour<\/title>\n<meta name=\"robots\" content=\"index, follow, max-snippet:-1, max-image-preview:large, max-video-preview:-1\" \/>\n<link rel=\"canonical\" href=\"https:\/\/www.altercampagne.net\/?p=29123\" \/>\n<meta property=\"og:locale\" content=\"fr_FR\" \/>\n<meta property=\"og:type\" content=\"article\" \/>\n<meta property=\"og:title\" content=\"Rencontre avec le &quot;Syndicat de la Montagne Limousine&quot; et repos... - AlterTour\" \/>\n<meta property=\"og:description\" content=\"Apr\u00e8s trois jours de v\u00e9lo intenses, la joyeuse \u00e9quipe de l\u2019Altertour se pose enfin&nbsp;! Nous nous r\u00e9veillons \u00e0 Faux-la-Montagne dans une ambiance humide. La veille au soir, la F\u00eate de la Fontaine a \u00e9t\u00e9 interrompue par une pluie diluvienne. Certain.e.s altercyclistes ont pouss\u00e9 la chansonnette tard dans la nuit, dans ... Read More\" \/>\n<meta property=\"og:url\" content=\"https:\/\/www.altercampagne.net\/?p=29123\" \/>\n<meta property=\"og:site_name\" content=\"AlterTour\" \/>\n<meta property=\"article:published_time\" content=\"2025-07-13T20:50:04+00:00\" \/>\n<meta property=\"article:modified_time\" content=\"2025-07-13T20:50:05+00:00\" \/>\n<meta property=\"og:image\" content=\"https:\/\/www.altercampagne.net\/wp-content\/uploads\/2025\/07\/Photo-AT-2025-13-juillet-scaled.jpg\" \/>\n\t<meta property=\"og:image:width\" content=\"2560\" \/>\n\t<meta property=\"og:image:height\" content=\"1441\" \/>\n\t<meta property=\"og:image:type\" content=\"image\/jpeg\" \/>\n<meta name=\"author\" content=\"Marie C\" \/>\n<meta name=\"twitter:card\" content=\"summary_large_image\" \/>\n<meta name=\"twitter:label1\" content=\"\u00c9crit par\" \/>\n\t<meta name=\"twitter:data1\" content=\"Marie C\" \/>\n\t<meta name=\"twitter:label2\" content=\"Dur\u00e9e de lecture estim\u00e9e\" \/>\n\t<meta name=\"twitter:data2\" content=\"3 minutes\" \/>\n<script type=\"application\/ld+json\" class=\"yoast-schema-graph\">{\"@context\":\"https:\\\/\\\/schema.org\",\"@graph\":[{\"@type\":\"Article\",\"@id\":\"https:\\\/\\\/www.altercampagne.net\\\/?p=29123#article\",\"isPartOf\":{\"@id\":\"https:\\\/\\\/www.altercampagne.net\\\/?p=29123\"},\"author\":{\"name\":\"Marie C\",\"@id\":\"https:\\\/\\\/www.altercampagne.net\\\/#\\\/schema\\\/person\\\/11bd5ea1972448d6c75f69300c203cbf\"},\"headline\":\"Rencontre avec le \u00ab\u00a0Syndicat de la Montagne Limousine\u00a0\u00bb et repos&#8230;\",\"datePublished\":\"2025-07-13T20:50:04+00:00\",\"dateModified\":\"2025-07-13T20:50:05+00:00\",\"mainEntityOfPage\":{\"@id\":\"https:\\\/\\\/www.altercampagne.net\\\/?p=29123\"},\"wordCount\":475,\"image\":{\"@id\":\"https:\\\/\\\/www.altercampagne.net\\\/?p=29123#primaryimage\"},\"thumbnailUrl\":\"https:\\\/\\\/www.altercampagne.net\\\/wp-content\\\/uploads\\\/2025\\\/07\\\/Photo-AT-2025-13-juillet-scaled.jpg\",\"articleSection\":[\"\u00c9dition 2025\",\"AlterTour\",\"Nouvelle-Aquitaine\",\"Transverse\"],\"inLanguage\":\"fr-FR\"},{\"@type\":\"WebPage\",\"@id\":\"https:\\\/\\\/www.altercampagne.net\\\/?p=29123\",\"url\":\"https:\\\/\\\/www.altercampagne.net\\\/?p=29123\",\"name\":\"Rencontre avec le \\\"Syndicat de la Montagne Limousine\\\" et repos... - AlterTour\",\"isPartOf\":{\"@id\":\"https:\\\/\\\/www.altercampagne.net\\\/#website\"},\"primaryImageOfPage\":{\"@id\":\"https:\\\/\\\/www.altercampagne.net\\\/?p=29123#primaryimage\"},\"image\":{\"@id\":\"https:\\\/\\\/www.altercampagne.net\\\/?p=29123#primaryimage\"},\"thumbnailUrl\":\"https:\\\/\\\/www.altercampagne.net\\\/wp-content\\\/uploads\\\/2025\\\/07\\\/Photo-AT-2025-13-juillet-scaled.jpg\",\"datePublished\":\"2025-07-13T20:50:04+00:00\",\"dateModified\":\"2025-07-13T20:50:05+00:00\",\"author\":{\"@id\":\"https:\\\/\\\/www.altercampagne.net\\\/#\\\/schema\\\/person\\\/11bd5ea1972448d6c75f69300c203cbf\"},\"breadcrumb\":{\"@id\":\"https:\\\/\\\/www.altercampagne.net\\\/?p=29123#breadcrumb\"},\"inLanguage\":\"fr-FR\",\"potentialAction\":[{\"@type\":\"ReadAction\",\"target\":[\"https:\\\/\\\/www.altercampagne.net\\\/?p=29123\"]}]},{\"@type\":\"ImageObject\",\"inLanguage\":\"fr-FR\",\"@id\":\"https:\\\/\\\/www.altercampagne.net\\\/?p=29123#primaryimage\",\"url\":\"https:\\\/\\\/www.altercampagne.net\\\/wp-content\\\/uploads\\\/2025\\\/07\\\/Photo-AT-2025-13-juillet-scaled.jpg\",\"contentUrl\":\"https:\\\/\\\/www.altercampagne.net\\\/wp-content\\\/uploads\\\/2025\\\/07\\\/Photo-AT-2025-13-juillet-scaled.jpg\",\"width\":2560,\"height\":1441},{\"@type\":\"BreadcrumbList\",\"@id\":\"https:\\\/\\\/www.altercampagne.net\\\/?p=29123#breadcrumb\",\"itemListElement\":[{\"@type\":\"ListItem\",\"position\":1,\"name\":\"Accueil\",\"item\":\"https:\\\/\\\/www.altercampagne.net\\\/\"},{\"@type\":\"ListItem\",\"position\":2,\"name\":\"Rencontre avec le \u00ab\u00a0Syndicat de la Montagne Limousine\u00a0\u00bb et repos&#8230;\"}]},{\"@type\":\"WebSite\",\"@id\":\"https:\\\/\\\/www.altercampagne.net\\\/#website\",\"url\":\"https:\\\/\\\/www.altercampagne.net\\\/\",\"name\":\"AlterTour\",\"description\":\"Reliez les Alternatives \u00e0 v\u00e9lo\",\"potentialAction\":[{\"@type\":\"SearchAction\",\"target\":{\"@type\":\"EntryPoint\",\"urlTemplate\":\"https:\\\/\\\/www.altercampagne.net\\\/?s={search_term_string}\"},\"query-input\":{\"@type\":\"PropertyValueSpecification\",\"valueRequired\":true,\"valueName\":\"search_term_string\"}}],\"inLanguage\":\"fr-FR\"},{\"@type\":\"Person\",\"@id\":\"https:\\\/\\\/www.altercampagne.net\\\/#\\\/schema\\\/person\\\/11bd5ea1972448d6c75f69300c203cbf\",\"name\":\"Marie C\",\"image\":{\"@type\":\"ImageObject\",\"inLanguage\":\"fr-FR\",\"@id\":\"https:\\\/\\\/secure.gravatar.com\\\/avatar\\\/60285b07e69d5a78f926ccba553c823e8f151c3c566cdd2e5a2f2a24328d9d77?s=96&d=mm&r=g\",\"url\":\"https:\\\/\\\/secure.gravatar.com\\\/avatar\\\/60285b07e69d5a78f926ccba553c823e8f151c3c566cdd2e5a2f2a24328d9d77?s=96&d=mm&r=g\",\"contentUrl\":\"https:\\\/\\\/secure.gravatar.com\\\/avatar\\\/60285b07e69d5a78f926ccba553c823e8f151c3c566cdd2e5a2f2a24328d9d77?s=96&d=mm&r=g\",\"caption\":\"Marie C\"},\"url\":\"https:\\\/\\\/www.altercampagne.net\\\/?author=478\"}]}<\/script>\n<!-- \/ Yoast SEO plugin. -->","yoast_head_json":{"title":"Rencontre avec le \"Syndicat de la Montagne Limousine\" et repos... - AlterTour","robots":{"index":"index","follow":"follow","max-snippet":"max-snippet:-1","max-image-preview":"max-image-preview:large","max-video-preview":"max-video-preview:-1"},"canonical":"https:\/\/www.altercampagne.net\/?p=29123","og_locale":"fr_FR","og_type":"article","og_title":"Rencontre avec le \"Syndicat de la Montagne Limousine\" et repos... - AlterTour","og_description":"Apr\u00e8s trois jours de v\u00e9lo intenses, la joyeuse \u00e9quipe de l\u2019Altertour se pose enfin&nbsp;! Nous nous r\u00e9veillons \u00e0 Faux-la-Montagne dans une ambiance humide. La veille au soir, la F\u00eate de la Fontaine a \u00e9t\u00e9 interrompue par une pluie diluvienne. Certain.e.s altercyclistes ont pouss\u00e9 la chansonnette tard dans la nuit, dans ... Read More","og_url":"https:\/\/www.altercampagne.net\/?p=29123","og_site_name":"AlterTour","article_published_time":"2025-07-13T20:50:04+00:00","article_modified_time":"2025-07-13T20:50:05+00:00","og_image":[{"width":2560,"height":1441,"url":"https:\/\/www.altercampagne.net\/wp-content\/uploads\/2025\/07\/Photo-AT-2025-13-juillet-scaled.jpg","type":"image\/jpeg"}],"author":"Marie C","twitter_card":"summary_large_image","twitter_misc":{"\u00c9crit par":"Marie C","Dur\u00e9e de lecture estim\u00e9e":"3 minutes"},"schema":{"@context":"https:\/\/schema.org","@graph":[{"@type":"Article","@id":"https:\/\/www.altercampagne.net\/?p=29123#article","isPartOf":{"@id":"https:\/\/www.altercampagne.net\/?p=29123"},"author":{"name":"Marie C","@id":"https:\/\/www.altercampagne.net\/#\/schema\/person\/11bd5ea1972448d6c75f69300c203cbf"},"headline":"Rencontre avec le \u00ab\u00a0Syndicat de la Montagne Limousine\u00a0\u00bb et repos&#8230;","datePublished":"2025-07-13T20:50:04+00:00","dateModified":"2025-07-13T20:50:05+00:00","mainEntityOfPage":{"@id":"https:\/\/www.altercampagne.net\/?p=29123"},"wordCount":475,"image":{"@id":"https:\/\/www.altercampagne.net\/?p=29123#primaryimage"},"thumbnailUrl":"https:\/\/www.altercampagne.net\/wp-content\/uploads\/2025\/07\/Photo-AT-2025-13-juillet-scaled.jpg","articleSection":["\u00c9dition 2025","AlterTour","Nouvelle-Aquitaine","Transverse"],"inLanguage":"fr-FR"},{"@type":"WebPage","@id":"https:\/\/www.altercampagne.net\/?p=29123","url":"https:\/\/www.altercampagne.net\/?p=29123","name":"Rencontre avec le \"Syndicat de la Montagne Limousine\" et repos... - AlterTour","isPartOf":{"@id":"https:\/\/www.altercampagne.net\/#website"},"primaryImageOfPage":{"@id":"https:\/\/www.altercampagne.net\/?p=29123#primaryimage"},"image":{"@id":"https:\/\/www.altercampagne.net\/?p=29123#primaryimage"},"thumbnailUrl":"https:\/\/www.altercampagne.net\/wp-content\/uploads\/2025\/07\/Photo-AT-2025-13-juillet-scaled.jpg","datePublished":"2025-07-13T20:50:04+00:00","dateModified":"2025-07-13T20:50:05+00:00","author":{"@id":"https:\/\/www.altercampagne.net\/#\/schema\/person\/11bd5ea1972448d6c75f69300c203cbf"},"breadcrumb":{"@id":"https:\/\/www.altercampagne.net\/?p=29123#breadcrumb"},"inLanguage":"fr-FR","potentialAction":[{"@type":"ReadAction","target":["https:\/\/www.altercampagne.net\/?p=29123"]}]},{"@type":"ImageObject","inLanguage":"fr-FR","@id":"https:\/\/www.altercampagne.net\/?p=29123#primaryimage","url":"https:\/\/www.altercampagne.net\/wp-content\/uploads\/2025\/07\/Photo-AT-2025-13-juillet-scaled.jpg","contentUrl":"https:\/\/www.altercampagne.net\/wp-content\/uploads\/2025\/07\/Photo-AT-2025-13-juillet-scaled.jpg","width":2560,"height":1441},{"@type":"BreadcrumbList","@id":"https:\/\/www.altercampagne.net\/?p=29123#breadcrumb","itemListElement":[{"@type":"ListItem","position":1,"name":"Accueil","item":"https:\/\/www.altercampagne.net\/"},{"@type":"ListItem","position":2,"name":"Rencontre avec le \u00ab\u00a0Syndicat de la Montagne Limousine\u00a0\u00bb et repos&#8230;"}]},{"@type":"WebSite","@id":"https:\/\/www.altercampagne.net\/#website","url":"https:\/\/www.altercampagne.net\/","name":"AlterTour","description":"Reliez les Alternatives \u00e0 v\u00e9lo","potentialAction":[{"@type":"SearchAction","target":{"@type":"EntryPoint","urlTemplate":"https:\/\/www.altercampagne.net\/?s={search_term_string}"},"query-input":{"@type":"PropertyValueSpecification","valueRequired":true,"valueName":"search_term_string"}}],"inLanguage":"fr-FR"},{"@type":"Person","@id":"https:\/\/www.altercampagne.net\/#\/schema\/person\/11bd5ea1972448d6c75f69300c203cbf","name":"Marie C","image":{"@type":"ImageObject","inLanguage":"fr-FR","@id":"https:\/\/secure.gravatar.com\/avatar\/60285b07e69d5a78f926ccba553c823e8f151c3c566cdd2e5a2f2a24328d9d77?s=96&d=mm&r=g","url":"https:\/\/secure.gravatar.com\/avatar\/60285b07e69d5a78f926ccba553c823e8f151c3c566cdd2e5a2f2a24328d9d77?s=96&d=mm&r=g","contentUrl":"https:\/\/secure.gravatar.com\/avatar\/60285b07e69d5a78f926ccba553c823e8f151c3c566cdd2e5a2f2a24328d9d77?s=96&d=mm&r=g","caption":"Marie C"},"url":"https:\/\/www.altercampagne.net\/?author=478"}]}},"_links":{"self":[{"href":"https:\/\/www.altercampagne.net\/index.php?rest_route=\/wp\/v2\/posts\/29123","targetHints":{"allow":["GET"]}}],"collection":[{"href":"https:\/\/www.altercampagne.net\/index.php?rest_route=\/wp\/v2\/posts"}],"about":[{"href":"https:\/\/www.altercampagne.net\/index.php?rest_route=\/wp\/v2\/types\/post"}],"author":[{"embeddable":true,"href":"https:\/\/www.altercampagne.net\/index.php?rest_route=\/wp\/v2\/users\/478"}],"replies":[{"embeddable":true,"href":"https:\/\/www.altercampagne.net\/index.php?rest_route=%2Fwp%2Fv2%2Fcomments&post=29123"}],"version-history":[{"count":3,"href":"https:\/\/www.altercampagne.net\/index.php?rest_route=\/wp\/v2\/posts\/29123\/revisions"}],"predecessor-version":[{"id":29127,"href":"https:\/\/www.altercampagne.net\/index.php?rest_route=\/wp\/v2\/posts\/29123\/revisions\/29127"}],"wp:featuredmedia":[{"embeddable":true,"href":"https:\/\/www.altercampagne.net\/index.php?rest_route=\/wp\/v2\/media\/29124"}],"wp:attachment":[{"href":"https:\/\/www.altercampagne.net\/index.php?rest_route=%2Fwp%2Fv2%2Fmedia&parent=29123"}],"wp:term":[{"taxonomy":"category","embeddable":true,"href":"https:\/\/www.altercampagne.net\/index.php?rest_route=%2Fwp%2Fv2%2Fcategories&post=29123"},{"taxonomy":"post_tag","embeddable":true,"href":"https:\/\/www.altercampagne.net\/index.php?rest_route=%2Fwp%2Fv2%2Ftags&post=29123"}],"curies":[{"name":"wp","href":"https:\/\/api.w.org\/{rel}","templated":true}]}}