{"id":29128,"date":"2025-07-16T22:30:37","date_gmt":"2025-07-16T20:30:37","guid":{"rendered":"https:\/\/www.altercampagne.net\/?p=29128"},"modified":"2025-07-16T22:43:58","modified_gmt":"2025-07-16T20:43:58","slug":"le-before-de-laltertour-2025-a-la-graine-des-pres","status":"publish","type":"post","link":"https:\/\/www.altercampagne.net\/?p=29128","title":{"rendered":"Le Before de l&rsquo;AlterTour 2025 \u00e0 La Graine des pr\u00e9s"},"content":{"rendered":"\n<p>Du dimanche 6 au mercredi 9 juillet, Yasmina et Yoann nous ont accueilli sur leur terrain. Ainsi sous les douces et protectrices ram\u00e9es des arbres creusois, nous avons pu finir les derniers pr\u00e9paratifs et d\u00e9buter sous les meilleurs hospice cette nouvelle \u00e9dition de l\u2019AltertTour. Aujourd\u2019hui c\u2019est le grand jour, l\u2019IVECO est rang\u00e9 comme jamais, rempli de tous ce dont les altercyclistes pourraient avoir besoin&nbsp;; les v\u00e9los sont r\u00e9vis\u00e9s, baptis\u00e9s et nettoy\u00e9s&nbsp;; les proc\u00e9dures et mode de fonctionnement pour bien vivre ensemble sont disponibles, plastifi\u00e9s et pr\u00eats \u00e0 \u00eatre transmis. La 18<sup>\u00e8me<\/sup> \u00e9dition de l\u2019AltertTour a officiellement commenc\u00e9&nbsp;! Et il ne pouvait pas aussi bien commencer.<\/p>\n\n\n\n<p>Nous nous retrouvons tous pour d\u00e9couvrir <strong>Graines des Pr\u00e8s,<\/strong> l\u2019entreprise cr\u00e9\u00e9e par nos accueillants. Yoann nous fait d\u00e9couvrir comment il \u00e9labore ses kombuchas \u00e0 partir d\u2019ingr\u00e9dients naturelles et en suivant une r\u00e8gle simple <em>ne pas faire comme ceux qui le gonflent<\/em>. Ainsi Yoann fait ses d\u00e9licieuses boissons ferment\u00e9es et parfum\u00e9es, comme il est dans la vie&nbsp;: sans artifices, honn\u00eatement, avec passion et g\u00e9n\u00e9rosit\u00e9. Le processus de fabrication aussi bien que les gourmands onze parfums qu\u2019il a \u00e9labor\u00e9 nous ont conquis. Apr\u00e8s cette d\u00e9couverte enchant\u00e9e du travail des bact\u00e9ries, Yasmin ouvre une porte cach\u00e9e au milieu d\u2019une palissade pour nous faire p\u00e9n\u00e9trer dans son jardin des merveilles. Nous fl\u00e2nons entre les plantes. Cette heureuse mosa\u00efque v\u00e9g\u00e9tale n\u2019est pas le fruit du hasard. Cette semenci\u00e8res inspir\u00e9e et inspirante cr\u00e9er des associations heureuses de v\u00e9g\u00e9taux qui se font du bien et nous font du bien. Elle m\u00e8ne des exp\u00e9rimentations pour trouver le juste \u00e9quilibre pour toutes. Cette visite est un ravissement pour nos sens et pour nos esprits. Avec des graines pleins nos poches et nos esprits nous les quittons pour le premier briefing de l\u2019AlterTour 2025.<\/p>\n\n\n\n<figure class=\"wp-block-image size-large\"><a href=\"https:\/\/www.altercampagne.net\/wp-content\/uploads\/2025\/07\/1000019954-scaled.jpg\"><img loading=\"lazy\" decoding=\"async\" width=\"1024\" height=\"768\" src=\"https:\/\/www.altercampagne.net\/wp-content\/uploads\/2025\/07\/1000019954-1024x768.jpg\" alt=\"\" class=\"wp-image-29132\" srcset=\"https:\/\/www.altercampagne.net\/wp-content\/uploads\/2025\/07\/1000019954-1024x768.jpg 1024w, https:\/\/www.altercampagne.net\/wp-content\/uploads\/2025\/07\/1000019954-300x225.jpg 300w, https:\/\/www.altercampagne.net\/wp-content\/uploads\/2025\/07\/1000019954-768x576.jpg 768w, https:\/\/www.altercampagne.net\/wp-content\/uploads\/2025\/07\/1000019954-1536x1152.jpg 1536w, https:\/\/www.altercampagne.net\/wp-content\/uploads\/2025\/07\/1000019954-2048x1536.jpg 2048w, https:\/\/www.altercampagne.net\/wp-content\/uploads\/2025\/07\/1000019954-100x75.jpg 100w, https:\/\/www.altercampagne.net\/wp-content\/uploads\/2025\/07\/1000019954-862x647.jpg 862w, https:\/\/www.altercampagne.net\/wp-content\/uploads\/2025\/07\/1000019954-1140x855.jpg 1140w\" sizes=\"auto, (max-width: 1024px) 100vw, 1024px\" \/><\/a><\/figure>\n","protected":false},"excerpt":{"rendered":"<p>Du dimanche 6 au mercredi 9 juillet, Yasmina et Yoann nous ont accueilli sur leur terrain. Ainsi sous les douces et protectrices ram\u00e9es des arbres creusois, nous avons pu finir les derniers pr\u00e9paratifs et d\u00e9buter sous les meilleurs hospice cette nouvelle \u00e9dition de l\u2019AltertTour. Aujourd\u2019hui c\u2019est le grand jour, l\u2019IVECO &#8230; <\/p>\n<div><a href=\"https:\/\/www.altercampagne.net\/?p=29128\" class=\"more-link\">Read More<\/a><\/div>\n","protected":false},"author":198,"featured_media":29131,"comment_status":"closed","ping_status":"closed","sticky":false,"template":"","format":"standard","meta":{"footnotes":""},"categories":[4511,3483,3489,3479,1],"tags":[],"class_list":["post-29128","post","type-post","status-publish","format-standard","has-post-thumbnail","hentry","category-edition-2025","category-agriculture","category-alimentation","category-nouvelle-aquitaine","category-non-classe"],"yoast_head":"<!-- This site is optimized with the Yoast SEO plugin v27.3 - https:\/\/yoast.com\/product\/yoast-seo-wordpress\/ -->\n<title>Le Before de l&#039;AlterTour 2025 \u00e0 La Graine des pr\u00e9s - AlterTour<\/title>\n<meta name=\"robots\" content=\"index, follow, max-snippet:-1, max-image-preview:large, max-video-preview:-1\" \/>\n<link rel=\"canonical\" href=\"https:\/\/www.altercampagne.net\/?p=29128\" \/>\n<meta property=\"og:locale\" content=\"fr_FR\" \/>\n<meta property=\"og:type\" content=\"article\" \/>\n<meta property=\"og:title\" content=\"Le Before de l&#039;AlterTour 2025 \u00e0 La Graine des pr\u00e9s - AlterTour\" \/>\n<meta property=\"og:description\" content=\"Du dimanche 6 au mercredi 9 juillet, Yasmina et Yoann nous ont accueilli sur leur terrain. Ainsi sous les douces et protectrices ram\u00e9es des arbres creusois, nous avons pu finir les derniers pr\u00e9paratifs et d\u00e9buter sous les meilleurs hospice cette nouvelle \u00e9dition de l\u2019AltertTour. Aujourd\u2019hui c\u2019est le grand jour, l\u2019IVECO ... Read More\" \/>\n<meta property=\"og:url\" content=\"https:\/\/www.altercampagne.net\/?p=29128\" \/>\n<meta property=\"og:site_name\" content=\"AlterTour\" \/>\n<meta property=\"article:published_time\" content=\"2025-07-16T20:30:37+00:00\" \/>\n<meta property=\"article:modified_time\" content=\"2025-07-16T20:43:58+00:00\" \/>\n<meta property=\"og:image\" content=\"https:\/\/www.altercampagne.net\/wp-content\/uploads\/2025\/07\/1000019952-scaled.jpg\" \/>\n\t<meta property=\"og:image:width\" content=\"2560\" \/>\n\t<meta property=\"og:image:height\" content=\"1920\" \/>\n\t<meta property=\"og:image:type\" content=\"image\/jpeg\" \/>\n<meta name=\"author\" content=\"Marine R\" \/>\n<meta name=\"twitter:card\" content=\"summary_large_image\" \/>\n<meta name=\"twitter:label1\" content=\"\u00c9crit par\" \/>\n\t<meta name=\"twitter:data1\" content=\"Marine R\" \/>\n\t<meta name=\"twitter:label2\" content=\"Dur\u00e9e de lecture estim\u00e9e\" \/>\n\t<meta name=\"twitter:data2\" content=\"2 minutes\" \/>\n<script type=\"application\/ld+json\" class=\"yoast-schema-graph\">{\"@context\":\"https:\\\/\\\/schema.org\",\"@graph\":[{\"@type\":\"Article\",\"@id\":\"https:\\\/\\\/www.altercampagne.net\\\/?p=29128#article\",\"isPartOf\":{\"@id\":\"https:\\\/\\\/www.altercampagne.net\\\/?p=29128\"},\"author\":{\"name\":\"Marine R\",\"@id\":\"https:\\\/\\\/www.altercampagne.net\\\/#\\\/schema\\\/person\\\/3afde49d8c0be52224ae61fe720b4b19\"},\"headline\":\"Le Before de l&rsquo;AlterTour 2025 \u00e0 La Graine des pr\u00e9s\",\"datePublished\":\"2025-07-16T20:30:37+00:00\",\"dateModified\":\"2025-07-16T20:43:58+00:00\",\"mainEntityOfPage\":{\"@id\":\"https:\\\/\\\/www.altercampagne.net\\\/?p=29128\"},\"wordCount\":350,\"image\":{\"@id\":\"https:\\\/\\\/www.altercampagne.net\\\/?p=29128#primaryimage\"},\"thumbnailUrl\":\"https:\\\/\\\/www.altercampagne.net\\\/wp-content\\\/uploads\\\/2025\\\/07\\\/1000019952-scaled.jpg\",\"articleSection\":[\"\u00c9dition 2025\",\"Agriculture\",\"Alimentation\",\"Nouvelle-Aquitaine\"],\"inLanguage\":\"fr-FR\"},{\"@type\":\"WebPage\",\"@id\":\"https:\\\/\\\/www.altercampagne.net\\\/?p=29128\",\"url\":\"https:\\\/\\\/www.altercampagne.net\\\/?p=29128\",\"name\":\"Le Before de l'AlterTour 2025 \u00e0 La Graine des pr\u00e9s - AlterTour\",\"isPartOf\":{\"@id\":\"https:\\\/\\\/www.altercampagne.net\\\/#website\"},\"primaryImageOfPage\":{\"@id\":\"https:\\\/\\\/www.altercampagne.net\\\/?p=29128#primaryimage\"},\"image\":{\"@id\":\"https:\\\/\\\/www.altercampagne.net\\\/?p=29128#primaryimage\"},\"thumbnailUrl\":\"https:\\\/\\\/www.altercampagne.net\\\/wp-content\\\/uploads\\\/2025\\\/07\\\/1000019952-scaled.jpg\",\"datePublished\":\"2025-07-16T20:30:37+00:00\",\"dateModified\":\"2025-07-16T20:43:58+00:00\",\"author\":{\"@id\":\"https:\\\/\\\/www.altercampagne.net\\\/#\\\/schema\\\/person\\\/3afde49d8c0be52224ae61fe720b4b19\"},\"breadcrumb\":{\"@id\":\"https:\\\/\\\/www.altercampagne.net\\\/?p=29128#breadcrumb\"},\"inLanguage\":\"fr-FR\",\"potentialAction\":[{\"@type\":\"ReadAction\",\"target\":[\"https:\\\/\\\/www.altercampagne.net\\\/?p=29128\"]}]},{\"@type\":\"ImageObject\",\"inLanguage\":\"fr-FR\",\"@id\":\"https:\\\/\\\/www.altercampagne.net\\\/?p=29128#primaryimage\",\"url\":\"https:\\\/\\\/www.altercampagne.net\\\/wp-content\\\/uploads\\\/2025\\\/07\\\/1000019952-scaled.jpg\",\"contentUrl\":\"https:\\\/\\\/www.altercampagne.net\\\/wp-content\\\/uploads\\\/2025\\\/07\\\/1000019952-scaled.jpg\",\"width\":2560,\"height\":1920},{\"@type\":\"BreadcrumbList\",\"@id\":\"https:\\\/\\\/www.altercampagne.net\\\/?p=29128#breadcrumb\",\"itemListElement\":[{\"@type\":\"ListItem\",\"position\":1,\"name\":\"Accueil\",\"item\":\"https:\\\/\\\/www.altercampagne.net\\\/\"},{\"@type\":\"ListItem\",\"position\":2,\"name\":\"Le Before de l&rsquo;AlterTour 2025 \u00e0 La Graine des pr\u00e9s\"}]},{\"@type\":\"WebSite\",\"@id\":\"https:\\\/\\\/www.altercampagne.net\\\/#website\",\"url\":\"https:\\\/\\\/www.altercampagne.net\\\/\",\"name\":\"AlterTour\",\"description\":\"Reliez les Alternatives \u00e0 v\u00e9lo\",\"potentialAction\":[{\"@type\":\"SearchAction\",\"target\":{\"@type\":\"EntryPoint\",\"urlTemplate\":\"https:\\\/\\\/www.altercampagne.net\\\/?s={search_term_string}\"},\"query-input\":{\"@type\":\"PropertyValueSpecification\",\"valueRequired\":true,\"valueName\":\"search_term_string\"}}],\"inLanguage\":\"fr-FR\"},{\"@type\":\"Person\",\"@id\":\"https:\\\/\\\/www.altercampagne.net\\\/#\\\/schema\\\/person\\\/3afde49d8c0be52224ae61fe720b4b19\",\"name\":\"Marine R\",\"image\":{\"@type\":\"ImageObject\",\"inLanguage\":\"fr-FR\",\"@id\":\"https:\\\/\\\/secure.gravatar.com\\\/avatar\\\/a3c4f944a184c737c95a33c9fc36f74b2637ea270671045d89722a608b50fd88?s=96&d=mm&r=g\",\"url\":\"https:\\\/\\\/secure.gravatar.com\\\/avatar\\\/a3c4f944a184c737c95a33c9fc36f74b2637ea270671045d89722a608b50fd88?s=96&d=mm&r=g\",\"contentUrl\":\"https:\\\/\\\/secure.gravatar.com\\\/avatar\\\/a3c4f944a184c737c95a33c9fc36f74b2637ea270671045d89722a608b50fd88?s=96&d=mm&r=g\",\"caption\":\"Marine R\"},\"url\":\"https:\\\/\\\/www.altercampagne.net\\\/?author=198\"}]}<\/script>\n<!-- \/ Yoast SEO plugin. -->","yoast_head_json":{"title":"Le Before de l'AlterTour 2025 \u00e0 La Graine des pr\u00e9s - AlterTour","robots":{"index":"index","follow":"follow","max-snippet":"max-snippet:-1","max-image-preview":"max-image-preview:large","max-video-preview":"max-video-preview:-1"},"canonical":"https:\/\/www.altercampagne.net\/?p=29128","og_locale":"fr_FR","og_type":"article","og_title":"Le Before de l'AlterTour 2025 \u00e0 La Graine des pr\u00e9s - AlterTour","og_description":"Du dimanche 6 au mercredi 9 juillet, Yasmina et Yoann nous ont accueilli sur leur terrain. Ainsi sous les douces et protectrices ram\u00e9es des arbres creusois, nous avons pu finir les derniers pr\u00e9paratifs et d\u00e9buter sous les meilleurs hospice cette nouvelle \u00e9dition de l\u2019AltertTour. Aujourd\u2019hui c\u2019est le grand jour, l\u2019IVECO ... Read More","og_url":"https:\/\/www.altercampagne.net\/?p=29128","og_site_name":"AlterTour","article_published_time":"2025-07-16T20:30:37+00:00","article_modified_time":"2025-07-16T20:43:58+00:00","og_image":[{"width":2560,"height":1920,"url":"https:\/\/www.altercampagne.net\/wp-content\/uploads\/2025\/07\/1000019952-scaled.jpg","type":"image\/jpeg"}],"author":"Marine R","twitter_card":"summary_large_image","twitter_misc":{"\u00c9crit par":"Marine R","Dur\u00e9e de lecture estim\u00e9e":"2 minutes"},"schema":{"@context":"https:\/\/schema.org","@graph":[{"@type":"Article","@id":"https:\/\/www.altercampagne.net\/?p=29128#article","isPartOf":{"@id":"https:\/\/www.altercampagne.net\/?p=29128"},"author":{"name":"Marine R","@id":"https:\/\/www.altercampagne.net\/#\/schema\/person\/3afde49d8c0be52224ae61fe720b4b19"},"headline":"Le Before de l&rsquo;AlterTour 2025 \u00e0 La Graine des pr\u00e9s","datePublished":"2025-07-16T20:30:37+00:00","dateModified":"2025-07-16T20:43:58+00:00","mainEntityOfPage":{"@id":"https:\/\/www.altercampagne.net\/?p=29128"},"wordCount":350,"image":{"@id":"https:\/\/www.altercampagne.net\/?p=29128#primaryimage"},"thumbnailUrl":"https:\/\/www.altercampagne.net\/wp-content\/uploads\/2025\/07\/1000019952-scaled.jpg","articleSection":["\u00c9dition 2025","Agriculture","Alimentation","Nouvelle-Aquitaine"],"inLanguage":"fr-FR"},{"@type":"WebPage","@id":"https:\/\/www.altercampagne.net\/?p=29128","url":"https:\/\/www.altercampagne.net\/?p=29128","name":"Le Before de l'AlterTour 2025 \u00e0 La Graine des pr\u00e9s - AlterTour","isPartOf":{"@id":"https:\/\/www.altercampagne.net\/#website"},"primaryImageOfPage":{"@id":"https:\/\/www.altercampagne.net\/?p=29128#primaryimage"},"image":{"@id":"https:\/\/www.altercampagne.net\/?p=29128#primaryimage"},"thumbnailUrl":"https:\/\/www.altercampagne.net\/wp-content\/uploads\/2025\/07\/1000019952-scaled.jpg","datePublished":"2025-07-16T20:30:37+00:00","dateModified":"2025-07-16T20:43:58+00:00","author":{"@id":"https:\/\/www.altercampagne.net\/#\/schema\/person\/3afde49d8c0be52224ae61fe720b4b19"},"breadcrumb":{"@id":"https:\/\/www.altercampagne.net\/?p=29128#breadcrumb"},"inLanguage":"fr-FR","potentialAction":[{"@type":"ReadAction","target":["https:\/\/www.altercampagne.net\/?p=29128"]}]},{"@type":"ImageObject","inLanguage":"fr-FR","@id":"https:\/\/www.altercampagne.net\/?p=29128#primaryimage","url":"https:\/\/www.altercampagne.net\/wp-content\/uploads\/2025\/07\/1000019952-scaled.jpg","contentUrl":"https:\/\/www.altercampagne.net\/wp-content\/uploads\/2025\/07\/1000019952-scaled.jpg","width":2560,"height":1920},{"@type":"BreadcrumbList","@id":"https:\/\/www.altercampagne.net\/?p=29128#breadcrumb","itemListElement":[{"@type":"ListItem","position":1,"name":"Accueil","item":"https:\/\/www.altercampagne.net\/"},{"@type":"ListItem","position":2,"name":"Le Before de l&rsquo;AlterTour 2025 \u00e0 La Graine des pr\u00e9s"}]},{"@type":"WebSite","@id":"https:\/\/www.altercampagne.net\/#website","url":"https:\/\/www.altercampagne.net\/","name":"AlterTour","description":"Reliez les Alternatives \u00e0 v\u00e9lo","potentialAction":[{"@type":"SearchAction","target":{"@type":"EntryPoint","urlTemplate":"https:\/\/www.altercampagne.net\/?s={search_term_string}"},"query-input":{"@type":"PropertyValueSpecification","valueRequired":true,"valueName":"search_term_string"}}],"inLanguage":"fr-FR"},{"@type":"Person","@id":"https:\/\/www.altercampagne.net\/#\/schema\/person\/3afde49d8c0be52224ae61fe720b4b19","name":"Marine R","image":{"@type":"ImageObject","inLanguage":"fr-FR","@id":"https:\/\/secure.gravatar.com\/avatar\/a3c4f944a184c737c95a33c9fc36f74b2637ea270671045d89722a608b50fd88?s=96&d=mm&r=g","url":"https:\/\/secure.gravatar.com\/avatar\/a3c4f944a184c737c95a33c9fc36f74b2637ea270671045d89722a608b50fd88?s=96&d=mm&r=g","contentUrl":"https:\/\/secure.gravatar.com\/avatar\/a3c4f944a184c737c95a33c9fc36f74b2637ea270671045d89722a608b50fd88?s=96&d=mm&r=g","caption":"Marine R"},"url":"https:\/\/www.altercampagne.net\/?author=198"}]}},"_links":{"self":[{"href":"https:\/\/www.altercampagne.net\/index.php?rest_route=\/wp\/v2\/posts\/29128","targetHints":{"allow":["GET"]}}],"collection":[{"href":"https:\/\/www.altercampagne.net\/index.php?rest_route=\/wp\/v2\/posts"}],"about":[{"href":"https:\/\/www.altercampagne.net\/index.php?rest_route=\/wp\/v2\/types\/post"}],"author":[{"embeddable":true,"href":"https:\/\/www.altercampagne.net\/index.php?rest_route=\/wp\/v2\/users\/198"}],"replies":[{"embeddable":true,"href":"https:\/\/www.altercampagne.net\/index.php?rest_route=%2Fwp%2Fv2%2Fcomments&post=29128"}],"version-history":[{"count":2,"href":"https:\/\/www.altercampagne.net\/index.php?rest_route=\/wp\/v2\/posts\/29128\/revisions"}],"predecessor-version":[{"id":29133,"href":"https:\/\/www.altercampagne.net\/index.php?rest_route=\/wp\/v2\/posts\/29128\/revisions\/29133"}],"wp:featuredmedia":[{"embeddable":true,"href":"https:\/\/www.altercampagne.net\/index.php?rest_route=\/wp\/v2\/media\/29131"}],"wp:attachment":[{"href":"https:\/\/www.altercampagne.net\/index.php?rest_route=%2Fwp%2Fv2%2Fmedia&parent=29128"}],"wp:term":[{"taxonomy":"category","embeddable":true,"href":"https:\/\/www.altercampagne.net\/index.php?rest_route=%2Fwp%2Fv2%2Fcategories&post=29128"},{"taxonomy":"post_tag","embeddable":true,"href":"https:\/\/www.altercampagne.net\/index.php?rest_route=%2Fwp%2Fv2%2Ftags&post=29128"}],"curies":[{"name":"wp","href":"https:\/\/api.w.org\/{rel}","templated":true}]}}