{"id":29134,"date":"2025-07-16T22:47:07","date_gmt":"2025-07-16T20:47:07","guid":{"rendered":"https:\/\/www.altercampagne.net\/?p=29134"},"modified":"2025-07-16T22:47:07","modified_gmt":"2025-07-16T20:47:07","slug":"sur-la-route-du-14-juillet","status":"publish","type":"post","link":"https:\/\/www.altercampagne.net\/?p=29134","title":{"rendered":"Sur la route du 14 juillet !"},"content":{"rendered":"\n<p>Ch\u00e8r.es ami.es lecteurices,<\/p>\n\n\n\n<p>Nous sommes toujours aussi heureux.ses de vous retrouver, ayant \u00e9t\u00e9 mandat\u00e9s Marthe et moi pour vous narrer les p\u00e9rip\u00e9ties de cette nouvelle journ\u00e9e in\u00e9narrable des altercyclistes en pays creusois. Mais revenons un instant \u00e0 la journ\u00e9e d\u2019hier qui vit la cr\u00e9ation d\u2019une salade exceptionnelle dont Philippe n\u2019a malheureusement pas voulu nous divulguer la recette malgr\u00e9 nos nombreuses sollicitations et soudoiements sournois (ce qui est tout \u00e0 son honneur).<\/p>\n\n\n\n<p>Vous d\u00e9crire le parcours d\u2019aujourd\u2019hui, lundi 14 juillet est un vrai plaisir, un paysage d\u2019une beaut\u00e9 rare, succ\u00e9dant \u00e0 un autre paysage tout aussi merveilleux et qu\u2019y a-t\u2019il de plus beau qu\u2019un beau paysage, je vous le demande&nbsp;?<\/p>\n\n\n\n<p>Les c\u00f4tes ont succ\u00e9d\u00e9 aux c\u00f4tes puis aux descentes, parfois plusieurs c\u00f4tes successives avec de rares descentes&nbsp;; l\u2019oreille du journaliste, toujours \u00e0 l\u2019aff\u00fbt, peut \u00e0 pr\u00e9sent vous r\u00e9sumer ce qu\u2019il a per\u00e7u dans les diff\u00e9rents commentaires prof\u00e9r\u00e9s par nos cher.es alterv\u00e9listes&nbsp;: \u00ab&nbsp;Trop de c\u00f4tes, pas assez de descentes&nbsp;!&nbsp;\u00bb. (peut \u00eatre est-ce l\u00e0 une suggestion subliminale pour un futur p\u00e9riple constitu\u00e9 essentiellement de pentes descendantes?)<\/p>\n\n\n\n<p>Pourtant des solutions ont \u00e9t\u00e9 d\u00e9voil\u00e9es sur la route, par Fred, nous rappelant que des ing\u00e9nieurs ayant planch\u00e9 sur le sujet n\u2019ont pour le moment pas trouv\u00e9 d\u2019autre solution que de retourner le v\u00e9lo en p\u00e9dalant \u00e0 l\u2019envers, solution hasardeuse, dont les essais sont pour le moment peu concluants,<\/p>\n\n\n\n<p>ainsi que Fr\u00e9d\u00e9ric qui m\u2019a rappel\u00e9 qu\u2019il avait imagin\u00e9, enfant, un ascenseur de part et d\u2019autre de la pente, raison pour laquelle je lui ai demand\u00e9 au nom de toustes de nous transmettre les plans de son invention&nbsp;!?!\u2026 (Peut \u00eatre les Fr\u00e9d\u00e9ric ont ils la chance de poss\u00e9der certaines connexions neuronales dont le reste de la population reste exempt&nbsp;?)<\/p>\n\n\n\n<p>Le repas du midi fut correct, en entr\u00e9e une entr\u00e9e, au dessert un dessert avec quelque chose entre les deux, ce qui nous ne saurait \u00e9videmment pas nous faire oublier l\u2019excellente salade de la veille&nbsp;!<\/p>\n\n\n\n<p>Que vous dire d\u2019autre&nbsp;: que l\u2019un des pr\u00e9parateurs de l\u2019\u00e9tape (le plus jeune) s\u2019est retrouv\u00e9 apr\u00e8s une pause en fin de file! Qu\u2019il a fini par retrouver sa place en nous intimant de nous serrer en \u00ab&nbsp;packs&nbsp;\u00bb&nbsp;!&nbsp;<\/p>\n\n\n\n<p>\u00ab&nbsp;Pacotilles, \u2026, Paco R\u2026&nbsp;?&nbsp;\u00bb<\/p>\n\n\n\n<p>\u00ab&nbsp;Non, packs de bi\u00e8re nous a-t-on r\u00e9pondu&nbsp;!&nbsp;\u00bb<\/p>\n\n\n\n<p>\u00ab&nbsp;\u2026 de 6 ou de 12&nbsp;?&nbsp;\u00bb<\/p>\n\n\n\n<p>\u00ab&nbsp;De 6&nbsp;!&nbsp;\u00bb<\/p>\n\n\n\n<p>Consid\u00e9rez vous m\u00eame \u00e0 quels rares sp\u00e9cimens on confie nos vies\u2026 D\u2019autant que j\u2019ai appris, par le dit int\u00e9ress\u00e9, (un certain A..X) que le conducteur du minibus ne savait pas lire, ayant besoin d\u2019un copilote pour d\u00e9chiffrer les panneaux&nbsp;!<\/p>\n\n\n\n<p>Vous comprendrez alors pourquoi je dois en r\u00e9f\u00e9rer \u00e0 nos instances sup\u00e9rieures d\u00e8s notre retour\u2026<\/p>\n\n\n\n<p>Nous avons malgr\u00e9 tout \u00e9t\u00e9 fort bien accueillis par la Libert\u00e9 en personne dans le village de Chateau-Neuf-Pas-Du-Pape (De-La-For\u00eat!)<\/p>\n\n\n\n<p>Je passe maintenant la plume \u00e0 ma confr\u00e8re \u00e9m\u00e9rite Marthe, morfondue au fond du minibus une partie de la matin\u00e9e, (avec une radio intermittente, sa batterie ayant enfin \u00e9t\u00e9 retrouv\u00e9e sous les pieds du conducteur analphab\u00e8te &#8211; mais n\u00e9anmoins exceptionnel r\u00e9parateur de v\u00e9lo-), qui a donc r\u00e9pondu \u00e0 notre \u00e9thique du journal:&nbsp;\u00ab&nbsp;\u00catre sur tous les Fronts, des Faits, rien que des Faits&nbsp;!\u00bb<\/p>\n\n\n\n<p>Puisqu\u2019il n\u2019y a eu d\u2019autre part aucunes Altercations, Alterations, Alternoiements d\u2019aucune sorte nous ne pouvons donc,<\/p>\n\n\n\n<p>(De nos envoy\u00e9s sp\u00e9ciaux en Creuse, Marthe et Philippe) que vous souhaiter un bon r\u00e9tablissement suite \u00e0 cette lecture<\/p>\n\n\n\n<figure class=\"wp-block-image size-full\"><a href=\"https:\/\/www.altercampagne.net\/wp-content\/uploads\/2025\/07\/Photo-4-article-14-juillet.jpg\"><img loading=\"lazy\" decoding=\"async\" width=\"1020\" height=\"768\" src=\"https:\/\/www.altercampagne.net\/wp-content\/uploads\/2025\/07\/Photo-4-article-14-juillet.jpg\" alt=\"\" class=\"wp-image-29136\" srcset=\"https:\/\/www.altercampagne.net\/wp-content\/uploads\/2025\/07\/Photo-4-article-14-juillet.jpg 1020w, https:\/\/www.altercampagne.net\/wp-content\/uploads\/2025\/07\/Photo-4-article-14-juillet-300x226.jpg 300w, https:\/\/www.altercampagne.net\/wp-content\/uploads\/2025\/07\/Photo-4-article-14-juillet-768x578.jpg 768w, https:\/\/www.altercampagne.net\/wp-content\/uploads\/2025\/07\/Photo-4-article-14-juillet-100x75.jpg 100w, https:\/\/www.altercampagne.net\/wp-content\/uploads\/2025\/07\/Photo-4-article-14-juillet-862x649.jpg 862w\" sizes=\"auto, (max-width: 1020px) 100vw, 1020px\" \/><\/a><\/figure>\n","protected":false},"excerpt":{"rendered":"<p>Ch\u00e8r.es ami.es lecteurices, Nous sommes toujours aussi heureux.ses de vous retrouver, ayant \u00e9t\u00e9 mandat\u00e9s Marthe et moi pour vous narrer les p\u00e9rip\u00e9ties de cette nouvelle journ\u00e9e in\u00e9narrable des altercyclistes en pays creusois. Mais revenons un instant \u00e0 la journ\u00e9e d\u2019hier qui vit la cr\u00e9ation d\u2019une salade exceptionnelle dont Philippe n\u2019a &#8230; <\/p>\n<div><a href=\"https:\/\/www.altercampagne.net\/?p=29134\" class=\"more-link\">Read More<\/a><\/div>\n","protected":false},"author":198,"featured_media":29135,"comment_status":"closed","ping_status":"closed","sticky":false,"template":"","format":"standard","meta":{"footnotes":""},"categories":[4511],"tags":[],"class_list":["post-29134","post","type-post","status-publish","format-standard","has-post-thumbnail","hentry","category-edition-2025"],"yoast_head":"<!-- This site is optimized with the Yoast SEO plugin v27.3 - https:\/\/yoast.com\/product\/yoast-seo-wordpress\/ -->\n<title>Sur la route du 14 juillet ! - AlterTour<\/title>\n<meta name=\"robots\" content=\"index, follow, max-snippet:-1, max-image-preview:large, max-video-preview:-1\" \/>\n<link rel=\"canonical\" href=\"https:\/\/www.altercampagne.net\/?p=29134\" \/>\n<meta property=\"og:locale\" content=\"fr_FR\" \/>\n<meta property=\"og:type\" content=\"article\" \/>\n<meta property=\"og:title\" content=\"Sur la route du 14 juillet ! - AlterTour\" \/>\n<meta property=\"og:description\" content=\"Ch\u00e8r.es ami.es lecteurices, Nous sommes toujours aussi heureux.ses de vous retrouver, ayant \u00e9t\u00e9 mandat\u00e9s Marthe et moi pour vous narrer les p\u00e9rip\u00e9ties de cette nouvelle journ\u00e9e in\u00e9narrable des altercyclistes en pays creusois. Mais revenons un instant \u00e0 la journ\u00e9e d\u2019hier qui vit la cr\u00e9ation d\u2019une salade exceptionnelle dont Philippe n\u2019a ... Read More\" \/>\n<meta property=\"og:url\" content=\"https:\/\/www.altercampagne.net\/?p=29134\" \/>\n<meta property=\"og:site_name\" content=\"AlterTour\" \/>\n<meta property=\"article:published_time\" content=\"2025-07-16T20:47:07+00:00\" \/>\n<meta property=\"og:image\" content=\"https:\/\/www.altercampagne.net\/wp-content\/uploads\/2025\/07\/Photo-1-article-14-juillet.jpg\" \/>\n\t<meta property=\"og:image:width\" content=\"1020\" \/>\n\t<meta property=\"og:image:height\" content=\"768\" \/>\n\t<meta property=\"og:image:type\" content=\"image\/jpeg\" \/>\n<meta name=\"author\" content=\"Marine R\" \/>\n<meta name=\"twitter:card\" content=\"summary_large_image\" \/>\n<meta name=\"twitter:label1\" content=\"\u00c9crit par\" \/>\n\t<meta name=\"twitter:data1\" content=\"Marine R\" \/>\n\t<meta name=\"twitter:label2\" content=\"Dur\u00e9e de lecture estim\u00e9e\" \/>\n\t<meta name=\"twitter:data2\" content=\"4 minutes\" \/>\n<script type=\"application\/ld+json\" class=\"yoast-schema-graph\">{\"@context\":\"https:\\\/\\\/schema.org\",\"@graph\":[{\"@type\":\"Article\",\"@id\":\"https:\\\/\\\/www.altercampagne.net\\\/?p=29134#article\",\"isPartOf\":{\"@id\":\"https:\\\/\\\/www.altercampagne.net\\\/?p=29134\"},\"author\":{\"name\":\"Marine R\",\"@id\":\"https:\\\/\\\/www.altercampagne.net\\\/#\\\/schema\\\/person\\\/3afde49d8c0be52224ae61fe720b4b19\"},\"headline\":\"Sur la route du 14 juillet !\",\"datePublished\":\"2025-07-16T20:47:07+00:00\",\"mainEntityOfPage\":{\"@id\":\"https:\\\/\\\/www.altercampagne.net\\\/?p=29134\"},\"wordCount\":659,\"image\":{\"@id\":\"https:\\\/\\\/www.altercampagne.net\\\/?p=29134#primaryimage\"},\"thumbnailUrl\":\"https:\\\/\\\/www.altercampagne.net\\\/wp-content\\\/uploads\\\/2025\\\/07\\\/Photo-1-article-14-juillet.jpg\",\"articleSection\":[\"\u00c9dition 2025\"],\"inLanguage\":\"fr-FR\"},{\"@type\":\"WebPage\",\"@id\":\"https:\\\/\\\/www.altercampagne.net\\\/?p=29134\",\"url\":\"https:\\\/\\\/www.altercampagne.net\\\/?p=29134\",\"name\":\"Sur la route du 14 juillet ! - AlterTour\",\"isPartOf\":{\"@id\":\"https:\\\/\\\/www.altercampagne.net\\\/#website\"},\"primaryImageOfPage\":{\"@id\":\"https:\\\/\\\/www.altercampagne.net\\\/?p=29134#primaryimage\"},\"image\":{\"@id\":\"https:\\\/\\\/www.altercampagne.net\\\/?p=29134#primaryimage\"},\"thumbnailUrl\":\"https:\\\/\\\/www.altercampagne.net\\\/wp-content\\\/uploads\\\/2025\\\/07\\\/Photo-1-article-14-juillet.jpg\",\"datePublished\":\"2025-07-16T20:47:07+00:00\",\"author\":{\"@id\":\"https:\\\/\\\/www.altercampagne.net\\\/#\\\/schema\\\/person\\\/3afde49d8c0be52224ae61fe720b4b19\"},\"breadcrumb\":{\"@id\":\"https:\\\/\\\/www.altercampagne.net\\\/?p=29134#breadcrumb\"},\"inLanguage\":\"fr-FR\",\"potentialAction\":[{\"@type\":\"ReadAction\",\"target\":[\"https:\\\/\\\/www.altercampagne.net\\\/?p=29134\"]}]},{\"@type\":\"ImageObject\",\"inLanguage\":\"fr-FR\",\"@id\":\"https:\\\/\\\/www.altercampagne.net\\\/?p=29134#primaryimage\",\"url\":\"https:\\\/\\\/www.altercampagne.net\\\/wp-content\\\/uploads\\\/2025\\\/07\\\/Photo-1-article-14-juillet.jpg\",\"contentUrl\":\"https:\\\/\\\/www.altercampagne.net\\\/wp-content\\\/uploads\\\/2025\\\/07\\\/Photo-1-article-14-juillet.jpg\",\"width\":1020,\"height\":768},{\"@type\":\"BreadcrumbList\",\"@id\":\"https:\\\/\\\/www.altercampagne.net\\\/?p=29134#breadcrumb\",\"itemListElement\":[{\"@type\":\"ListItem\",\"position\":1,\"name\":\"Accueil\",\"item\":\"https:\\\/\\\/www.altercampagne.net\\\/\"},{\"@type\":\"ListItem\",\"position\":2,\"name\":\"Sur la route du 14 juillet !\"}]},{\"@type\":\"WebSite\",\"@id\":\"https:\\\/\\\/www.altercampagne.net\\\/#website\",\"url\":\"https:\\\/\\\/www.altercampagne.net\\\/\",\"name\":\"AlterTour\",\"description\":\"Reliez les Alternatives \u00e0 v\u00e9lo\",\"potentialAction\":[{\"@type\":\"SearchAction\",\"target\":{\"@type\":\"EntryPoint\",\"urlTemplate\":\"https:\\\/\\\/www.altercampagne.net\\\/?s={search_term_string}\"},\"query-input\":{\"@type\":\"PropertyValueSpecification\",\"valueRequired\":true,\"valueName\":\"search_term_string\"}}],\"inLanguage\":\"fr-FR\"},{\"@type\":\"Person\",\"@id\":\"https:\\\/\\\/www.altercampagne.net\\\/#\\\/schema\\\/person\\\/3afde49d8c0be52224ae61fe720b4b19\",\"name\":\"Marine R\",\"image\":{\"@type\":\"ImageObject\",\"inLanguage\":\"fr-FR\",\"@id\":\"https:\\\/\\\/secure.gravatar.com\\\/avatar\\\/a3c4f944a184c737c95a33c9fc36f74b2637ea270671045d89722a608b50fd88?s=96&d=mm&r=g\",\"url\":\"https:\\\/\\\/secure.gravatar.com\\\/avatar\\\/a3c4f944a184c737c95a33c9fc36f74b2637ea270671045d89722a608b50fd88?s=96&d=mm&r=g\",\"contentUrl\":\"https:\\\/\\\/secure.gravatar.com\\\/avatar\\\/a3c4f944a184c737c95a33c9fc36f74b2637ea270671045d89722a608b50fd88?s=96&d=mm&r=g\",\"caption\":\"Marine R\"},\"url\":\"https:\\\/\\\/www.altercampagne.net\\\/?author=198\"}]}<\/script>\n<!-- \/ Yoast SEO plugin. -->","yoast_head_json":{"title":"Sur la route du 14 juillet ! - AlterTour","robots":{"index":"index","follow":"follow","max-snippet":"max-snippet:-1","max-image-preview":"max-image-preview:large","max-video-preview":"max-video-preview:-1"},"canonical":"https:\/\/www.altercampagne.net\/?p=29134","og_locale":"fr_FR","og_type":"article","og_title":"Sur la route du 14 juillet ! - AlterTour","og_description":"Ch\u00e8r.es ami.es lecteurices, Nous sommes toujours aussi heureux.ses de vous retrouver, ayant \u00e9t\u00e9 mandat\u00e9s Marthe et moi pour vous narrer les p\u00e9rip\u00e9ties de cette nouvelle journ\u00e9e in\u00e9narrable des altercyclistes en pays creusois. Mais revenons un instant \u00e0 la journ\u00e9e d\u2019hier qui vit la cr\u00e9ation d\u2019une salade exceptionnelle dont Philippe n\u2019a ... Read More","og_url":"https:\/\/www.altercampagne.net\/?p=29134","og_site_name":"AlterTour","article_published_time":"2025-07-16T20:47:07+00:00","og_image":[{"width":1020,"height":768,"url":"https:\/\/www.altercampagne.net\/wp-content\/uploads\/2025\/07\/Photo-1-article-14-juillet.jpg","type":"image\/jpeg"}],"author":"Marine R","twitter_card":"summary_large_image","twitter_misc":{"\u00c9crit par":"Marine R","Dur\u00e9e de lecture estim\u00e9e":"4 minutes"},"schema":{"@context":"https:\/\/schema.org","@graph":[{"@type":"Article","@id":"https:\/\/www.altercampagne.net\/?p=29134#article","isPartOf":{"@id":"https:\/\/www.altercampagne.net\/?p=29134"},"author":{"name":"Marine R","@id":"https:\/\/www.altercampagne.net\/#\/schema\/person\/3afde49d8c0be52224ae61fe720b4b19"},"headline":"Sur la route du 14 juillet !","datePublished":"2025-07-16T20:47:07+00:00","mainEntityOfPage":{"@id":"https:\/\/www.altercampagne.net\/?p=29134"},"wordCount":659,"image":{"@id":"https:\/\/www.altercampagne.net\/?p=29134#primaryimage"},"thumbnailUrl":"https:\/\/www.altercampagne.net\/wp-content\/uploads\/2025\/07\/Photo-1-article-14-juillet.jpg","articleSection":["\u00c9dition 2025"],"inLanguage":"fr-FR"},{"@type":"WebPage","@id":"https:\/\/www.altercampagne.net\/?p=29134","url":"https:\/\/www.altercampagne.net\/?p=29134","name":"Sur la route du 14 juillet ! - AlterTour","isPartOf":{"@id":"https:\/\/www.altercampagne.net\/#website"},"primaryImageOfPage":{"@id":"https:\/\/www.altercampagne.net\/?p=29134#primaryimage"},"image":{"@id":"https:\/\/www.altercampagne.net\/?p=29134#primaryimage"},"thumbnailUrl":"https:\/\/www.altercampagne.net\/wp-content\/uploads\/2025\/07\/Photo-1-article-14-juillet.jpg","datePublished":"2025-07-16T20:47:07+00:00","author":{"@id":"https:\/\/www.altercampagne.net\/#\/schema\/person\/3afde49d8c0be52224ae61fe720b4b19"},"breadcrumb":{"@id":"https:\/\/www.altercampagne.net\/?p=29134#breadcrumb"},"inLanguage":"fr-FR","potentialAction":[{"@type":"ReadAction","target":["https:\/\/www.altercampagne.net\/?p=29134"]}]},{"@type":"ImageObject","inLanguage":"fr-FR","@id":"https:\/\/www.altercampagne.net\/?p=29134#primaryimage","url":"https:\/\/www.altercampagne.net\/wp-content\/uploads\/2025\/07\/Photo-1-article-14-juillet.jpg","contentUrl":"https:\/\/www.altercampagne.net\/wp-content\/uploads\/2025\/07\/Photo-1-article-14-juillet.jpg","width":1020,"height":768},{"@type":"BreadcrumbList","@id":"https:\/\/www.altercampagne.net\/?p=29134#breadcrumb","itemListElement":[{"@type":"ListItem","position":1,"name":"Accueil","item":"https:\/\/www.altercampagne.net\/"},{"@type":"ListItem","position":2,"name":"Sur la route du 14 juillet !"}]},{"@type":"WebSite","@id":"https:\/\/www.altercampagne.net\/#website","url":"https:\/\/www.altercampagne.net\/","name":"AlterTour","description":"Reliez les Alternatives \u00e0 v\u00e9lo","potentialAction":[{"@type":"SearchAction","target":{"@type":"EntryPoint","urlTemplate":"https:\/\/www.altercampagne.net\/?s={search_term_string}"},"query-input":{"@type":"PropertyValueSpecification","valueRequired":true,"valueName":"search_term_string"}}],"inLanguage":"fr-FR"},{"@type":"Person","@id":"https:\/\/www.altercampagne.net\/#\/schema\/person\/3afde49d8c0be52224ae61fe720b4b19","name":"Marine R","image":{"@type":"ImageObject","inLanguage":"fr-FR","@id":"https:\/\/secure.gravatar.com\/avatar\/a3c4f944a184c737c95a33c9fc36f74b2637ea270671045d89722a608b50fd88?s=96&d=mm&r=g","url":"https:\/\/secure.gravatar.com\/avatar\/a3c4f944a184c737c95a33c9fc36f74b2637ea270671045d89722a608b50fd88?s=96&d=mm&r=g","contentUrl":"https:\/\/secure.gravatar.com\/avatar\/a3c4f944a184c737c95a33c9fc36f74b2637ea270671045d89722a608b50fd88?s=96&d=mm&r=g","caption":"Marine R"},"url":"https:\/\/www.altercampagne.net\/?author=198"}]}},"_links":{"self":[{"href":"https:\/\/www.altercampagne.net\/index.php?rest_route=\/wp\/v2\/posts\/29134","targetHints":{"allow":["GET"]}}],"collection":[{"href":"https:\/\/www.altercampagne.net\/index.php?rest_route=\/wp\/v2\/posts"}],"about":[{"href":"https:\/\/www.altercampagne.net\/index.php?rest_route=\/wp\/v2\/types\/post"}],"author":[{"embeddable":true,"href":"https:\/\/www.altercampagne.net\/index.php?rest_route=\/wp\/v2\/users\/198"}],"replies":[{"embeddable":true,"href":"https:\/\/www.altercampagne.net\/index.php?rest_route=%2Fwp%2Fv2%2Fcomments&post=29134"}],"version-history":[{"count":1,"href":"https:\/\/www.altercampagne.net\/index.php?rest_route=\/wp\/v2\/posts\/29134\/revisions"}],"predecessor-version":[{"id":29137,"href":"https:\/\/www.altercampagne.net\/index.php?rest_route=\/wp\/v2\/posts\/29134\/revisions\/29137"}],"wp:featuredmedia":[{"embeddable":true,"href":"https:\/\/www.altercampagne.net\/index.php?rest_route=\/wp\/v2\/media\/29135"}],"wp:attachment":[{"href":"https:\/\/www.altercampagne.net\/index.php?rest_route=%2Fwp%2Fv2%2Fmedia&parent=29134"}],"wp:term":[{"taxonomy":"category","embeddable":true,"href":"https:\/\/www.altercampagne.net\/index.php?rest_route=%2Fwp%2Fv2%2Fcategories&post=29134"},{"taxonomy":"post_tag","embeddable":true,"href":"https:\/\/www.altercampagne.net\/index.php?rest_route=%2Fwp%2Fv2%2Ftags&post=29134"}],"curies":[{"name":"wp","href":"https:\/\/api.w.org\/{rel}","templated":true}]}}