{"id":29141,"date":"2025-07-18T23:46:04","date_gmt":"2025-07-18T21:46:04","guid":{"rendered":"https:\/\/www.altercampagne.net\/?p=29141"},"modified":"2025-07-18T23:47:29","modified_gmt":"2025-07-18T21:47:29","slug":"journee-de-repos-bien-chargee-entre-savignac-et-excideuil","status":"publish","type":"post","link":"https:\/\/www.altercampagne.net\/?p=29141","title":{"rendered":"Journ\u00e9e de repos bien charg\u00e9e entre Savignac et Excideuil"},"content":{"rendered":"\n<p>On se l\u00e8ve peu apr\u00e8s le soleil sur la ferme de Mai \u00e0 Savignac (24). Aujourd\u2019hui, on p\u00e9dalera 15km vers le bourg d\u2019EXCIDEUIL (+ 15km retour). Les v\u00e9los sont par\u00e9s de pancartes portant des messages artistiques<br>r\u00e9alis\u00e9es la veille contre la loi DUPLOMB. Les slogans luttent pour la d\u00e9fense de l\u2019agriculture paysanne, la promotion de la sant\u00e9 par l\u2019alimentation et la pr\u00e9servation de notre environnement. Le terrain communal du moulin (\u00e0 eau!) nous accueille en bord de la rivi\u00e8re la Loue. En fin de matin\u00e9e, certain.e.s vont \u00e0 la rencontre des habitant.e.s et commer\u00e7ant.e.s et de l\u2019architecture locale avec Mai et ses ami.e.s. Le march\u00e9 propose les sp\u00e9cialit\u00e9s locales (noix) mais aussi de la bi\u00e8re biologique locale\u00a0! On se rafra\u00eechit avec un sorbet naturel aupr\u00e8s de commer\u00e7ant.e.s d\u2019origine anglaise. D\u2019autres participent \u00e0 des ateliers \u00ab\u00a0fresque de la monnaie\u00a0\u00bb anim\u00e9s par Jean-Paul, adh\u00e9rent d\u2019une association promouvant la monnaie locale \u00ab\u00a0Le Tr\u00e8fle\u00a0\u00bb. <\/p>\n\n\n\n<p>Le repas du midi au bord de l\u2019eau est l\u2019occasion de b\u00e9n\u00e9ficier d\u2019une pr\u00e9sentation de l\u2019association \u00ab\u00a0\u00e7a rouille !\u00a0\u00bbqui propose des d\u00e9placements \u00ab\u00a0tranquille\u00a0\u00bb notamment m\u00e9canique v\u00e9lo, et le d\u00e9veloppement de taxi-v\u00e9los pour les personnes \u00e2g\u00e9es. <a href=\"https:\/\/www.helloasso.com\/associations\/ca-rouille\" target=\"_blank\" rel=\"noreferrer noopener\">https:\/\/www.helloasso.com\/associations\/ca-rouille<\/a>\u00a0L\u2019association SOS for\u00eats Dordogne est \u00e9galement repr\u00e9sent\u00e9e pour nous parler des luttes locales contre la d\u00e9forestation.\u00a0<a href=\"https:\/\/sosforetdordogne.fr\/\" target=\"_blank\" rel=\"noreferrer noopener\">https:\/\/sosforetdordogne.fr\/<\/a> <\/p>\n\n\n\n<p>L\u2019apr\u00e8s-midi la chaleur motive certain.e.s \u00e0 se baigner dans la rivi\u00e8re, \u00e0 rentrer en minibus, ou \u00e0 jouer aux cartes \u00e0 l\u2019ombre des arbres. <\/p>\n\n\n\n<p>On pr\u00e9pare la soir\u00e9e et le repas chez Mai. Le d\u00eener se compose d\u2019une salade de lentilles avec des courgettes et du quinoa (100\u00a0% bio et assaisonn\u00e9 avec go\u00fbt, bravo l\u2019\u00e9quipe cuisine!) On d\u00e9guste \u00e9galement les produits locaux\u00a0: Merguez de b\u0153uf limousin bios de Jean-Christophe, champignons qui poussent sur la ferme de Mai offerts par Sandrine. La veill\u00e9e commence par la lecture des petits mots r\u00e9dig\u00e9s par le groupe lors de la cri\u00e9e. S\u2019en suit une soir\u00e9e des talents o\u00f9 se succ\u00e8dent sketches qui nous font rire, accro-yoga qui nous impressionne, chansons et textes \u00e9mouvants qui nous font vibrer.<\/p>\n\n\n\n<p><br>A demain pour de nouvelles aventures&nbsp;!<\/p>\n\n\n\n<p><\/p>\n\n\n\n<p>Alterjournaliste : Juliette<\/p>\n\n\n\n<figure class=\"wp-block-image size-full\"><a href=\"https:\/\/www.altercampagne.net\/wp-content\/uploads\/2025\/07\/IMG_20250717_094459.jpg\"><img loading=\"lazy\" decoding=\"async\" width=\"768\" height=\"1020\" src=\"https:\/\/www.altercampagne.net\/wp-content\/uploads\/2025\/07\/IMG_20250717_094459.jpg\" alt=\"\" class=\"wp-image-29143\" srcset=\"https:\/\/www.altercampagne.net\/wp-content\/uploads\/2025\/07\/IMG_20250717_094459.jpg 768w, https:\/\/www.altercampagne.net\/wp-content\/uploads\/2025\/07\/IMG_20250717_094459-226x300.jpg 226w, https:\/\/www.altercampagne.net\/wp-content\/uploads\/2025\/07\/IMG_20250717_094459-100x133.jpg 100w\" sizes=\"auto, (max-width: 768px) 100vw, 768px\" \/><\/a><\/figure>\n","protected":false},"excerpt":{"rendered":"<p>On se l\u00e8ve peu apr\u00e8s le soleil sur la ferme de Mai \u00e0 Savignac (24). Aujourd\u2019hui, on p\u00e9dalera 15km vers le bourg d\u2019EXCIDEUIL (+ 15km retour). Les v\u00e9los sont par\u00e9s de pancartes portant des messages artistiquesr\u00e9alis\u00e9es la veille contre la loi DUPLOMB. Les slogans luttent pour la d\u00e9fense de l\u2019agriculture &#8230; <\/p>\n<div><a href=\"https:\/\/www.altercampagne.net\/?p=29141\" class=\"more-link\">Read More<\/a><\/div>\n","protected":false},"author":198,"featured_media":29142,"comment_status":"closed","ping_status":"closed","sticky":false,"template":"","format":"standard","meta":{"footnotes":""},"categories":[4511,4313,3484,3479,3542],"tags":[],"class_list":["post-29141","post","type-post","status-publish","format-standard","has-post-thumbnail","hentry","category-edition-2025","category-altertour","category-economie","category-nouvelle-aquitaine","category-lutte"],"yoast_head":"<!-- This site is optimized with the Yoast SEO plugin v27.3 - https:\/\/yoast.com\/product\/yoast-seo-wordpress\/ -->\n<title>Journ\u00e9e de repos bien charg\u00e9e entre Savignac et Excideuil - AlterTour<\/title>\n<meta name=\"robots\" content=\"index, follow, max-snippet:-1, max-image-preview:large, max-video-preview:-1\" \/>\n<link rel=\"canonical\" href=\"https:\/\/www.altercampagne.net\/?p=29141\" \/>\n<meta property=\"og:locale\" content=\"fr_FR\" \/>\n<meta property=\"og:type\" content=\"article\" \/>\n<meta property=\"og:title\" content=\"Journ\u00e9e de repos bien charg\u00e9e entre Savignac et Excideuil - AlterTour\" \/>\n<meta property=\"og:description\" content=\"On se l\u00e8ve peu apr\u00e8s le soleil sur la ferme de Mai \u00e0 Savignac (24). Aujourd\u2019hui, on p\u00e9dalera 15km vers le bourg d\u2019EXCIDEUIL (+ 15km retour). Les v\u00e9los sont par\u00e9s de pancartes portant des messages artistiquesr\u00e9alis\u00e9es la veille contre la loi DUPLOMB. Les slogans luttent pour la d\u00e9fense de l\u2019agriculture ... Read More\" \/>\n<meta property=\"og:url\" content=\"https:\/\/www.altercampagne.net\/?p=29141\" \/>\n<meta property=\"og:site_name\" content=\"AlterTour\" \/>\n<meta property=\"article:published_time\" content=\"2025-07-18T21:46:04+00:00\" \/>\n<meta property=\"article:modified_time\" content=\"2025-07-18T21:47:29+00:00\" \/>\n<meta property=\"og:image\" content=\"https:\/\/www.altercampagne.net\/wp-content\/uploads\/2025\/07\/IMG_20250717_125536.jpg\" \/>\n\t<meta property=\"og:image:width\" content=\"816\" \/>\n\t<meta property=\"og:image:height\" content=\"612\" \/>\n\t<meta property=\"og:image:type\" content=\"image\/jpeg\" \/>\n<meta name=\"author\" content=\"Marine R\" \/>\n<meta name=\"twitter:card\" content=\"summary_large_image\" \/>\n<meta name=\"twitter:label1\" content=\"\u00c9crit par\" \/>\n\t<meta name=\"twitter:data1\" content=\"Marine R\" \/>\n\t<meta name=\"twitter:label2\" content=\"Dur\u00e9e de lecture estim\u00e9e\" \/>\n\t<meta name=\"twitter:data2\" content=\"3 minutes\" \/>\n<script type=\"application\/ld+json\" class=\"yoast-schema-graph\">{\"@context\":\"https:\\\/\\\/schema.org\",\"@graph\":[{\"@type\":\"Article\",\"@id\":\"https:\\\/\\\/www.altercampagne.net\\\/?p=29141#article\",\"isPartOf\":{\"@id\":\"https:\\\/\\\/www.altercampagne.net\\\/?p=29141\"},\"author\":{\"name\":\"Marine R\",\"@id\":\"https:\\\/\\\/www.altercampagne.net\\\/#\\\/schema\\\/person\\\/3afde49d8c0be52224ae61fe720b4b19\"},\"headline\":\"Journ\u00e9e de repos bien charg\u00e9e entre Savignac et Excideuil\",\"datePublished\":\"2025-07-18T21:46:04+00:00\",\"dateModified\":\"2025-07-18T21:47:29+00:00\",\"mainEntityOfPage\":{\"@id\":\"https:\\\/\\\/www.altercampagne.net\\\/?p=29141\"},\"wordCount\":419,\"image\":{\"@id\":\"https:\\\/\\\/www.altercampagne.net\\\/?p=29141#primaryimage\"},\"thumbnailUrl\":\"https:\\\/\\\/www.altercampagne.net\\\/wp-content\\\/uploads\\\/2025\\\/07\\\/IMG_20250717_125536.jpg\",\"articleSection\":[\"\u00c9dition 2025\",\"AlterTour\",\"\u00c9conomie\",\"Nouvelle-Aquitaine\",\"Lutte\"],\"inLanguage\":\"fr-FR\"},{\"@type\":\"WebPage\",\"@id\":\"https:\\\/\\\/www.altercampagne.net\\\/?p=29141\",\"url\":\"https:\\\/\\\/www.altercampagne.net\\\/?p=29141\",\"name\":\"Journ\u00e9e de repos bien charg\u00e9e entre Savignac et Excideuil - AlterTour\",\"isPartOf\":{\"@id\":\"https:\\\/\\\/www.altercampagne.net\\\/#website\"},\"primaryImageOfPage\":{\"@id\":\"https:\\\/\\\/www.altercampagne.net\\\/?p=29141#primaryimage\"},\"image\":{\"@id\":\"https:\\\/\\\/www.altercampagne.net\\\/?p=29141#primaryimage\"},\"thumbnailUrl\":\"https:\\\/\\\/www.altercampagne.net\\\/wp-content\\\/uploads\\\/2025\\\/07\\\/IMG_20250717_125536.jpg\",\"datePublished\":\"2025-07-18T21:46:04+00:00\",\"dateModified\":\"2025-07-18T21:47:29+00:00\",\"author\":{\"@id\":\"https:\\\/\\\/www.altercampagne.net\\\/#\\\/schema\\\/person\\\/3afde49d8c0be52224ae61fe720b4b19\"},\"breadcrumb\":{\"@id\":\"https:\\\/\\\/www.altercampagne.net\\\/?p=29141#breadcrumb\"},\"inLanguage\":\"fr-FR\",\"potentialAction\":[{\"@type\":\"ReadAction\",\"target\":[\"https:\\\/\\\/www.altercampagne.net\\\/?p=29141\"]}]},{\"@type\":\"ImageObject\",\"inLanguage\":\"fr-FR\",\"@id\":\"https:\\\/\\\/www.altercampagne.net\\\/?p=29141#primaryimage\",\"url\":\"https:\\\/\\\/www.altercampagne.net\\\/wp-content\\\/uploads\\\/2025\\\/07\\\/IMG_20250717_125536.jpg\",\"contentUrl\":\"https:\\\/\\\/www.altercampagne.net\\\/wp-content\\\/uploads\\\/2025\\\/07\\\/IMG_20250717_125536.jpg\",\"width\":816,\"height\":612},{\"@type\":\"BreadcrumbList\",\"@id\":\"https:\\\/\\\/www.altercampagne.net\\\/?p=29141#breadcrumb\",\"itemListElement\":[{\"@type\":\"ListItem\",\"position\":1,\"name\":\"Accueil\",\"item\":\"https:\\\/\\\/www.altercampagne.net\\\/\"},{\"@type\":\"ListItem\",\"position\":2,\"name\":\"Journ\u00e9e de repos bien charg\u00e9e entre Savignac et Excideuil\"}]},{\"@type\":\"WebSite\",\"@id\":\"https:\\\/\\\/www.altercampagne.net\\\/#website\",\"url\":\"https:\\\/\\\/www.altercampagne.net\\\/\",\"name\":\"AlterTour\",\"description\":\"Reliez les Alternatives \u00e0 v\u00e9lo\",\"potentialAction\":[{\"@type\":\"SearchAction\",\"target\":{\"@type\":\"EntryPoint\",\"urlTemplate\":\"https:\\\/\\\/www.altercampagne.net\\\/?s={search_term_string}\"},\"query-input\":{\"@type\":\"PropertyValueSpecification\",\"valueRequired\":true,\"valueName\":\"search_term_string\"}}],\"inLanguage\":\"fr-FR\"},{\"@type\":\"Person\",\"@id\":\"https:\\\/\\\/www.altercampagne.net\\\/#\\\/schema\\\/person\\\/3afde49d8c0be52224ae61fe720b4b19\",\"name\":\"Marine R\",\"image\":{\"@type\":\"ImageObject\",\"inLanguage\":\"fr-FR\",\"@id\":\"https:\\\/\\\/secure.gravatar.com\\\/avatar\\\/a3c4f944a184c737c95a33c9fc36f74b2637ea270671045d89722a608b50fd88?s=96&d=mm&r=g\",\"url\":\"https:\\\/\\\/secure.gravatar.com\\\/avatar\\\/a3c4f944a184c737c95a33c9fc36f74b2637ea270671045d89722a608b50fd88?s=96&d=mm&r=g\",\"contentUrl\":\"https:\\\/\\\/secure.gravatar.com\\\/avatar\\\/a3c4f944a184c737c95a33c9fc36f74b2637ea270671045d89722a608b50fd88?s=96&d=mm&r=g\",\"caption\":\"Marine R\"},\"url\":\"https:\\\/\\\/www.altercampagne.net\\\/?author=198\"}]}<\/script>\n<!-- \/ Yoast SEO plugin. -->","yoast_head_json":{"title":"Journ\u00e9e de repos bien charg\u00e9e entre Savignac et Excideuil - AlterTour","robots":{"index":"index","follow":"follow","max-snippet":"max-snippet:-1","max-image-preview":"max-image-preview:large","max-video-preview":"max-video-preview:-1"},"canonical":"https:\/\/www.altercampagne.net\/?p=29141","og_locale":"fr_FR","og_type":"article","og_title":"Journ\u00e9e de repos bien charg\u00e9e entre Savignac et Excideuil - AlterTour","og_description":"On se l\u00e8ve peu apr\u00e8s le soleil sur la ferme de Mai \u00e0 Savignac (24). Aujourd\u2019hui, on p\u00e9dalera 15km vers le bourg d\u2019EXCIDEUIL (+ 15km retour). Les v\u00e9los sont par\u00e9s de pancartes portant des messages artistiquesr\u00e9alis\u00e9es la veille contre la loi DUPLOMB. Les slogans luttent pour la d\u00e9fense de l\u2019agriculture ... Read More","og_url":"https:\/\/www.altercampagne.net\/?p=29141","og_site_name":"AlterTour","article_published_time":"2025-07-18T21:46:04+00:00","article_modified_time":"2025-07-18T21:47:29+00:00","og_image":[{"width":816,"height":612,"url":"https:\/\/www.altercampagne.net\/wp-content\/uploads\/2025\/07\/IMG_20250717_125536.jpg","type":"image\/jpeg"}],"author":"Marine R","twitter_card":"summary_large_image","twitter_misc":{"\u00c9crit par":"Marine R","Dur\u00e9e de lecture estim\u00e9e":"3 minutes"},"schema":{"@context":"https:\/\/schema.org","@graph":[{"@type":"Article","@id":"https:\/\/www.altercampagne.net\/?p=29141#article","isPartOf":{"@id":"https:\/\/www.altercampagne.net\/?p=29141"},"author":{"name":"Marine R","@id":"https:\/\/www.altercampagne.net\/#\/schema\/person\/3afde49d8c0be52224ae61fe720b4b19"},"headline":"Journ\u00e9e de repos bien charg\u00e9e entre Savignac et Excideuil","datePublished":"2025-07-18T21:46:04+00:00","dateModified":"2025-07-18T21:47:29+00:00","mainEntityOfPage":{"@id":"https:\/\/www.altercampagne.net\/?p=29141"},"wordCount":419,"image":{"@id":"https:\/\/www.altercampagne.net\/?p=29141#primaryimage"},"thumbnailUrl":"https:\/\/www.altercampagne.net\/wp-content\/uploads\/2025\/07\/IMG_20250717_125536.jpg","articleSection":["\u00c9dition 2025","AlterTour","\u00c9conomie","Nouvelle-Aquitaine","Lutte"],"inLanguage":"fr-FR"},{"@type":"WebPage","@id":"https:\/\/www.altercampagne.net\/?p=29141","url":"https:\/\/www.altercampagne.net\/?p=29141","name":"Journ\u00e9e de repos bien charg\u00e9e entre Savignac et Excideuil - AlterTour","isPartOf":{"@id":"https:\/\/www.altercampagne.net\/#website"},"primaryImageOfPage":{"@id":"https:\/\/www.altercampagne.net\/?p=29141#primaryimage"},"image":{"@id":"https:\/\/www.altercampagne.net\/?p=29141#primaryimage"},"thumbnailUrl":"https:\/\/www.altercampagne.net\/wp-content\/uploads\/2025\/07\/IMG_20250717_125536.jpg","datePublished":"2025-07-18T21:46:04+00:00","dateModified":"2025-07-18T21:47:29+00:00","author":{"@id":"https:\/\/www.altercampagne.net\/#\/schema\/person\/3afde49d8c0be52224ae61fe720b4b19"},"breadcrumb":{"@id":"https:\/\/www.altercampagne.net\/?p=29141#breadcrumb"},"inLanguage":"fr-FR","potentialAction":[{"@type":"ReadAction","target":["https:\/\/www.altercampagne.net\/?p=29141"]}]},{"@type":"ImageObject","inLanguage":"fr-FR","@id":"https:\/\/www.altercampagne.net\/?p=29141#primaryimage","url":"https:\/\/www.altercampagne.net\/wp-content\/uploads\/2025\/07\/IMG_20250717_125536.jpg","contentUrl":"https:\/\/www.altercampagne.net\/wp-content\/uploads\/2025\/07\/IMG_20250717_125536.jpg","width":816,"height":612},{"@type":"BreadcrumbList","@id":"https:\/\/www.altercampagne.net\/?p=29141#breadcrumb","itemListElement":[{"@type":"ListItem","position":1,"name":"Accueil","item":"https:\/\/www.altercampagne.net\/"},{"@type":"ListItem","position":2,"name":"Journ\u00e9e de repos bien charg\u00e9e entre Savignac et Excideuil"}]},{"@type":"WebSite","@id":"https:\/\/www.altercampagne.net\/#website","url":"https:\/\/www.altercampagne.net\/","name":"AlterTour","description":"Reliez les Alternatives \u00e0 v\u00e9lo","potentialAction":[{"@type":"SearchAction","target":{"@type":"EntryPoint","urlTemplate":"https:\/\/www.altercampagne.net\/?s={search_term_string}"},"query-input":{"@type":"PropertyValueSpecification","valueRequired":true,"valueName":"search_term_string"}}],"inLanguage":"fr-FR"},{"@type":"Person","@id":"https:\/\/www.altercampagne.net\/#\/schema\/person\/3afde49d8c0be52224ae61fe720b4b19","name":"Marine R","image":{"@type":"ImageObject","inLanguage":"fr-FR","@id":"https:\/\/secure.gravatar.com\/avatar\/a3c4f944a184c737c95a33c9fc36f74b2637ea270671045d89722a608b50fd88?s=96&d=mm&r=g","url":"https:\/\/secure.gravatar.com\/avatar\/a3c4f944a184c737c95a33c9fc36f74b2637ea270671045d89722a608b50fd88?s=96&d=mm&r=g","contentUrl":"https:\/\/secure.gravatar.com\/avatar\/a3c4f944a184c737c95a33c9fc36f74b2637ea270671045d89722a608b50fd88?s=96&d=mm&r=g","caption":"Marine R"},"url":"https:\/\/www.altercampagne.net\/?author=198"}]}},"_links":{"self":[{"href":"https:\/\/www.altercampagne.net\/index.php?rest_route=\/wp\/v2\/posts\/29141","targetHints":{"allow":["GET"]}}],"collection":[{"href":"https:\/\/www.altercampagne.net\/index.php?rest_route=\/wp\/v2\/posts"}],"about":[{"href":"https:\/\/www.altercampagne.net\/index.php?rest_route=\/wp\/v2\/types\/post"}],"author":[{"embeddable":true,"href":"https:\/\/www.altercampagne.net\/index.php?rest_route=\/wp\/v2\/users\/198"}],"replies":[{"embeddable":true,"href":"https:\/\/www.altercampagne.net\/index.php?rest_route=%2Fwp%2Fv2%2Fcomments&post=29141"}],"version-history":[{"count":2,"href":"https:\/\/www.altercampagne.net\/index.php?rest_route=\/wp\/v2\/posts\/29141\/revisions"}],"predecessor-version":[{"id":29145,"href":"https:\/\/www.altercampagne.net\/index.php?rest_route=\/wp\/v2\/posts\/29141\/revisions\/29145"}],"wp:featuredmedia":[{"embeddable":true,"href":"https:\/\/www.altercampagne.net\/index.php?rest_route=\/wp\/v2\/media\/29142"}],"wp:attachment":[{"href":"https:\/\/www.altercampagne.net\/index.php?rest_route=%2Fwp%2Fv2%2Fmedia&parent=29141"}],"wp:term":[{"taxonomy":"category","embeddable":true,"href":"https:\/\/www.altercampagne.net\/index.php?rest_route=%2Fwp%2Fv2%2Fcategories&post=29141"},{"taxonomy":"post_tag","embeddable":true,"href":"https:\/\/www.altercampagne.net\/index.php?rest_route=%2Fwp%2Fv2%2Ftags&post=29141"}],"curies":[{"name":"wp","href":"https:\/\/api.w.org\/{rel}","templated":true}]}}