{"id":29147,"date":"2025-07-22T23:18:37","date_gmt":"2025-07-22T21:18:37","guid":{"rendered":"https:\/\/www.altercampagne.net\/?p=29147"},"modified":"2025-07-22T23:18:38","modified_gmt":"2025-07-22T21:18:38","slug":"le-chant-des-cigales-dans-le-champ-du-bercail","status":"publish","type":"post","link":"https:\/\/www.altercampagne.net\/?p=29147","title":{"rendered":"Le chant des cigales dans le champ du Bercail"},"content":{"rendered":"\n<p>Vendredi 18 juillet <\/p>\n\n\n\n<p>A l\u2019AlterTour, chaque altercycliste participe \u00e0 la vie du groupe avec une mission. Il existe le r\u00f4le de \u00ab\u00a0Dis-l\u2019heure\u00a0\u00bb, qui anticipe et indique l\u2019heure pour chaque \u00e9tape de la journ\u00e9e.\u00a0<\/p>\n\n\n\n<p>10h00 : D\u00e9part de la ferme de Mai \u00e0 Savignac, direction Le Bercail commune de Tourtoirac, nous p\u00e9dalons sur 23 km. Les GoFirst partent en avance pour aider \u00e0 la cuisine d\u00e8s leur arriv\u00e9e. Sur le parcours, les pauses hydratations sont fortuites sur les points hauts offrants de beaux panorama, comme \u00e0 St-Raphael.<\/p>\n\n\n\n<p>11h30 : Arriv\u00e9e au Bercail<\/p>\n\n\n\n<p>L\u2019association \u00ab&nbsp;Le Bercail&nbsp;\u00bb nous accueille deux journ\u00e9es. Situ\u00e9e Puy Labrame en la commune de&nbsp;&nbsp;Tourtoirac (24), l\u2019association Le Bercail propose des \u00e9v\u00e9nements sociaux, culturels, des ateliers, des conf\u00e9rences (autour du lien social, de la culture, l\u2019environnement, le bien-\u00eatre) pour revitaliser le territoire local en milieu rural.&nbsp;<\/p>\n\n\n\n<p>12h15 : D\u00e9jeuner&nbsp;<\/p>\n\n\n\n<p>Le thermom\u00e8tre grimpe et apr\u00e8s un d\u00e9jeuner gourmand (polenta ratatouille avec concombre et salade, puis compote de fruit), les altercyclistes sont \u00e0 l\u2019ombre de la terrasse, pour jouer aux cartes, ou \u00e0 l\u2019ombre des arbres dans le jardin pour discuter ou faire la sieste. L\u2019endroit est chaleureux, id\u00e9al pour notre groupe. ((PHOTOS))<\/p>\n\n\n\n<p>14h00 : Pour aider \u00e0 la pr\u00e9paration du lieu pour les festivit\u00e9s du lendemain, une \u00e9quipe s\u2019affaire en cuisine \u00e0 la d\u00e9coupe des l\u00e9gumes.<\/p>\n\n\n\n<p>15h00 : L\u2019apr\u00e8s midi, dans l\u2019espace Conf\u00e9rences, nos accueillants se pr\u00e9sentent et nous expliquent l\u2019histoire et les activit\u00e9s du lieu et la construction de leur collectif.<\/p>\n\n\n\n<p>20h : Au d\u00eener, l\u2019\u00e9quipe de cuisine a r\u00e9alis\u00e9 de d\u00e9licieuses boulettes \u00e0 base de pain (recette de Marco). Et en dessert, le m\u00e9lange compote-polenta satisfait les palais non rasasi\u00e9s.<\/p>\n\n\n\n<p>21h00 : Les altercyclistes se retrouvent dans l\u2019espace Conf\u00e9rences pour un cercle de paroles.<\/p>\n\n\n\n<p>La nuit tombe, le soleil se couche et les altercyclistes aussi. La m\u00e9t\u00e9o annonce orage et pluie, heureusement pour le groupe nous restons sur place.<\/p>\n\n\n\n<p>Les cigales chantent et cela nous berce. Une bonne nuit pour appr\u00e9cier les activit\u00e9s et le concert de demain.<\/p>\n\n\n\n<figure class=\"wp-block-image size-large\"><a href=\"https:\/\/www.altercampagne.net\/wp-content\/uploads\/2025\/07\/20250718_134926.jpg\"><img loading=\"lazy\" decoding=\"async\" width=\"1024\" height=\"576\" src=\"https:\/\/www.altercampagne.net\/wp-content\/uploads\/2025\/07\/20250718_134926-1024x576.jpg\" alt=\"\" class=\"wp-image-29149\" srcset=\"https:\/\/www.altercampagne.net\/wp-content\/uploads\/2025\/07\/20250718_134926-1024x576.jpg 1024w, https:\/\/www.altercampagne.net\/wp-content\/uploads\/2025\/07\/20250718_134926-300x169.jpg 300w, https:\/\/www.altercampagne.net\/wp-content\/uploads\/2025\/07\/20250718_134926-768x432.jpg 768w, https:\/\/www.altercampagne.net\/wp-content\/uploads\/2025\/07\/20250718_134926-1536x864.jpg 1536w, https:\/\/www.altercampagne.net\/wp-content\/uploads\/2025\/07\/20250718_134926-2048x1152.jpg 2048w, https:\/\/www.altercampagne.net\/wp-content\/uploads\/2025\/07\/20250718_134926-100x56.jpg 100w, https:\/\/www.altercampagne.net\/wp-content\/uploads\/2025\/07\/20250718_134926-862x485.jpg 862w, https:\/\/www.altercampagne.net\/wp-content\/uploads\/2025\/07\/20250718_134926-1140x641.jpg 1140w\" sizes=\"auto, (max-width: 1024px) 100vw, 1024px\" \/><\/a><\/figure>\n","protected":false},"excerpt":{"rendered":"<p>Vendredi 18 juillet A l\u2019AlterTour, chaque altercycliste participe \u00e0 la vie du groupe avec une mission. Il existe le r\u00f4le de \u00ab\u00a0Dis-l\u2019heure\u00a0\u00bb, qui anticipe et indique l\u2019heure pour chaque \u00e9tape de la journ\u00e9e.\u00a0 10h00 : D\u00e9part de la ferme de Mai \u00e0 Savignac, direction Le Bercail commune de Tourtoirac, nous &#8230; <\/p>\n<div><a href=\"https:\/\/www.altercampagne.net\/?p=29147\" class=\"more-link\">Read More<\/a><\/div>\n","protected":false},"author":198,"featured_media":29148,"comment_status":"closed","ping_status":"closed","sticky":false,"template":"","format":"standard","meta":{"footnotes":""},"categories":[4511,4313,3490,3479],"tags":[],"class_list":["post-29147","post","type-post","status-publish","format-standard","has-post-thumbnail","hentry","category-edition-2025","category-altertour","category-culture","category-nouvelle-aquitaine"],"yoast_head":"<!-- This site is optimized with the Yoast SEO plugin v27.3 - https:\/\/yoast.com\/product\/yoast-seo-wordpress\/ -->\n<title>Le chant des cigales dans le champ du Bercail - AlterTour<\/title>\n<meta name=\"robots\" content=\"index, follow, max-snippet:-1, max-image-preview:large, max-video-preview:-1\" \/>\n<link rel=\"canonical\" href=\"https:\/\/www.altercampagne.net\/?p=29147\" \/>\n<meta property=\"og:locale\" content=\"fr_FR\" \/>\n<meta property=\"og:type\" content=\"article\" \/>\n<meta property=\"og:title\" content=\"Le chant des cigales dans le champ du Bercail - AlterTour\" \/>\n<meta property=\"og:description\" content=\"Vendredi 18 juillet A l\u2019AlterTour, chaque altercycliste participe \u00e0 la vie du groupe avec une mission. Il existe le r\u00f4le de \u00ab\u00a0Dis-l\u2019heure\u00a0\u00bb, qui anticipe et indique l\u2019heure pour chaque \u00e9tape de la journ\u00e9e.\u00a0 10h00 : D\u00e9part de la ferme de Mai \u00e0 Savignac, direction Le Bercail commune de Tourtoirac, nous ... Read More\" \/>\n<meta property=\"og:url\" content=\"https:\/\/www.altercampagne.net\/?p=29147\" \/>\n<meta property=\"og:site_name\" content=\"AlterTour\" \/>\n<meta property=\"article:published_time\" content=\"2025-07-22T21:18:37+00:00\" \/>\n<meta property=\"article:modified_time\" content=\"2025-07-22T21:18:38+00:00\" \/>\n<meta property=\"og:image\" content=\"https:\/\/www.altercampagne.net\/wp-content\/uploads\/2025\/07\/20250718_125442.jpg\" \/>\n\t<meta property=\"og:image:width\" content=\"2560\" \/>\n\t<meta property=\"og:image:height\" content=\"1440\" \/>\n\t<meta property=\"og:image:type\" content=\"image\/jpeg\" \/>\n<meta name=\"author\" content=\"Marine R\" \/>\n<meta name=\"twitter:card\" content=\"summary_large_image\" \/>\n<meta name=\"twitter:label1\" content=\"\u00c9crit par\" \/>\n\t<meta name=\"twitter:data1\" content=\"Marine R\" \/>\n\t<meta name=\"twitter:label2\" content=\"Dur\u00e9e de lecture estim\u00e9e\" \/>\n\t<meta name=\"twitter:data2\" content=\"3 minutes\" \/>\n<script type=\"application\/ld+json\" class=\"yoast-schema-graph\">{\"@context\":\"https:\\\/\\\/schema.org\",\"@graph\":[{\"@type\":\"Article\",\"@id\":\"https:\\\/\\\/www.altercampagne.net\\\/?p=29147#article\",\"isPartOf\":{\"@id\":\"https:\\\/\\\/www.altercampagne.net\\\/?p=29147\"},\"author\":{\"name\":\"Marine R\",\"@id\":\"https:\\\/\\\/www.altercampagne.net\\\/#\\\/schema\\\/person\\\/3afde49d8c0be52224ae61fe720b4b19\"},\"headline\":\"Le chant des cigales dans le champ du Bercail\",\"datePublished\":\"2025-07-22T21:18:37+00:00\",\"dateModified\":\"2025-07-22T21:18:38+00:00\",\"mainEntityOfPage\":{\"@id\":\"https:\\\/\\\/www.altercampagne.net\\\/?p=29147\"},\"wordCount\":376,\"image\":{\"@id\":\"https:\\\/\\\/www.altercampagne.net\\\/?p=29147#primaryimage\"},\"thumbnailUrl\":\"https:\\\/\\\/www.altercampagne.net\\\/wp-content\\\/uploads\\\/2025\\\/07\\\/20250718_125442.jpg\",\"articleSection\":[\"\u00c9dition 2025\",\"AlterTour\",\"Culture\",\"Nouvelle-Aquitaine\"],\"inLanguage\":\"fr-FR\"},{\"@type\":\"WebPage\",\"@id\":\"https:\\\/\\\/www.altercampagne.net\\\/?p=29147\",\"url\":\"https:\\\/\\\/www.altercampagne.net\\\/?p=29147\",\"name\":\"Le chant des cigales dans le champ du Bercail - AlterTour\",\"isPartOf\":{\"@id\":\"https:\\\/\\\/www.altercampagne.net\\\/#website\"},\"primaryImageOfPage\":{\"@id\":\"https:\\\/\\\/www.altercampagne.net\\\/?p=29147#primaryimage\"},\"image\":{\"@id\":\"https:\\\/\\\/www.altercampagne.net\\\/?p=29147#primaryimage\"},\"thumbnailUrl\":\"https:\\\/\\\/www.altercampagne.net\\\/wp-content\\\/uploads\\\/2025\\\/07\\\/20250718_125442.jpg\",\"datePublished\":\"2025-07-22T21:18:37+00:00\",\"dateModified\":\"2025-07-22T21:18:38+00:00\",\"author\":{\"@id\":\"https:\\\/\\\/www.altercampagne.net\\\/#\\\/schema\\\/person\\\/3afde49d8c0be52224ae61fe720b4b19\"},\"breadcrumb\":{\"@id\":\"https:\\\/\\\/www.altercampagne.net\\\/?p=29147#breadcrumb\"},\"inLanguage\":\"fr-FR\",\"potentialAction\":[{\"@type\":\"ReadAction\",\"target\":[\"https:\\\/\\\/www.altercampagne.net\\\/?p=29147\"]}]},{\"@type\":\"ImageObject\",\"inLanguage\":\"fr-FR\",\"@id\":\"https:\\\/\\\/www.altercampagne.net\\\/?p=29147#primaryimage\",\"url\":\"https:\\\/\\\/www.altercampagne.net\\\/wp-content\\\/uploads\\\/2025\\\/07\\\/20250718_125442.jpg\",\"contentUrl\":\"https:\\\/\\\/www.altercampagne.net\\\/wp-content\\\/uploads\\\/2025\\\/07\\\/20250718_125442.jpg\",\"width\":2560,\"height\":1440},{\"@type\":\"BreadcrumbList\",\"@id\":\"https:\\\/\\\/www.altercampagne.net\\\/?p=29147#breadcrumb\",\"itemListElement\":[{\"@type\":\"ListItem\",\"position\":1,\"name\":\"Accueil\",\"item\":\"https:\\\/\\\/www.altercampagne.net\\\/\"},{\"@type\":\"ListItem\",\"position\":2,\"name\":\"Le chant des cigales dans le champ du Bercail\"}]},{\"@type\":\"WebSite\",\"@id\":\"https:\\\/\\\/www.altercampagne.net\\\/#website\",\"url\":\"https:\\\/\\\/www.altercampagne.net\\\/\",\"name\":\"AlterTour\",\"description\":\"Reliez les Alternatives \u00e0 v\u00e9lo\",\"potentialAction\":[{\"@type\":\"SearchAction\",\"target\":{\"@type\":\"EntryPoint\",\"urlTemplate\":\"https:\\\/\\\/www.altercampagne.net\\\/?s={search_term_string}\"},\"query-input\":{\"@type\":\"PropertyValueSpecification\",\"valueRequired\":true,\"valueName\":\"search_term_string\"}}],\"inLanguage\":\"fr-FR\"},{\"@type\":\"Person\",\"@id\":\"https:\\\/\\\/www.altercampagne.net\\\/#\\\/schema\\\/person\\\/3afde49d8c0be52224ae61fe720b4b19\",\"name\":\"Marine R\",\"image\":{\"@type\":\"ImageObject\",\"inLanguage\":\"fr-FR\",\"@id\":\"https:\\\/\\\/secure.gravatar.com\\\/avatar\\\/a3c4f944a184c737c95a33c9fc36f74b2637ea270671045d89722a608b50fd88?s=96&d=mm&r=g\",\"url\":\"https:\\\/\\\/secure.gravatar.com\\\/avatar\\\/a3c4f944a184c737c95a33c9fc36f74b2637ea270671045d89722a608b50fd88?s=96&d=mm&r=g\",\"contentUrl\":\"https:\\\/\\\/secure.gravatar.com\\\/avatar\\\/a3c4f944a184c737c95a33c9fc36f74b2637ea270671045d89722a608b50fd88?s=96&d=mm&r=g\",\"caption\":\"Marine R\"},\"url\":\"https:\\\/\\\/www.altercampagne.net\\\/?author=198\"}]}<\/script>\n<!-- \/ Yoast SEO plugin. -->","yoast_head_json":{"title":"Le chant des cigales dans le champ du Bercail - AlterTour","robots":{"index":"index","follow":"follow","max-snippet":"max-snippet:-1","max-image-preview":"max-image-preview:large","max-video-preview":"max-video-preview:-1"},"canonical":"https:\/\/www.altercampagne.net\/?p=29147","og_locale":"fr_FR","og_type":"article","og_title":"Le chant des cigales dans le champ du Bercail - AlterTour","og_description":"Vendredi 18 juillet A l\u2019AlterTour, chaque altercycliste participe \u00e0 la vie du groupe avec une mission. Il existe le r\u00f4le de \u00ab\u00a0Dis-l\u2019heure\u00a0\u00bb, qui anticipe et indique l\u2019heure pour chaque \u00e9tape de la journ\u00e9e.\u00a0 10h00 : D\u00e9part de la ferme de Mai \u00e0 Savignac, direction Le Bercail commune de Tourtoirac, nous ... Read More","og_url":"https:\/\/www.altercampagne.net\/?p=29147","og_site_name":"AlterTour","article_published_time":"2025-07-22T21:18:37+00:00","article_modified_time":"2025-07-22T21:18:38+00:00","og_image":[{"width":2560,"height":1440,"url":"https:\/\/www.altercampagne.net\/wp-content\/uploads\/2025\/07\/20250718_125442.jpg","type":"image\/jpeg"}],"author":"Marine R","twitter_card":"summary_large_image","twitter_misc":{"\u00c9crit par":"Marine R","Dur\u00e9e de lecture estim\u00e9e":"3 minutes"},"schema":{"@context":"https:\/\/schema.org","@graph":[{"@type":"Article","@id":"https:\/\/www.altercampagne.net\/?p=29147#article","isPartOf":{"@id":"https:\/\/www.altercampagne.net\/?p=29147"},"author":{"name":"Marine R","@id":"https:\/\/www.altercampagne.net\/#\/schema\/person\/3afde49d8c0be52224ae61fe720b4b19"},"headline":"Le chant des cigales dans le champ du Bercail","datePublished":"2025-07-22T21:18:37+00:00","dateModified":"2025-07-22T21:18:38+00:00","mainEntityOfPage":{"@id":"https:\/\/www.altercampagne.net\/?p=29147"},"wordCount":376,"image":{"@id":"https:\/\/www.altercampagne.net\/?p=29147#primaryimage"},"thumbnailUrl":"https:\/\/www.altercampagne.net\/wp-content\/uploads\/2025\/07\/20250718_125442.jpg","articleSection":["\u00c9dition 2025","AlterTour","Culture","Nouvelle-Aquitaine"],"inLanguage":"fr-FR"},{"@type":"WebPage","@id":"https:\/\/www.altercampagne.net\/?p=29147","url":"https:\/\/www.altercampagne.net\/?p=29147","name":"Le chant des cigales dans le champ du Bercail - AlterTour","isPartOf":{"@id":"https:\/\/www.altercampagne.net\/#website"},"primaryImageOfPage":{"@id":"https:\/\/www.altercampagne.net\/?p=29147#primaryimage"},"image":{"@id":"https:\/\/www.altercampagne.net\/?p=29147#primaryimage"},"thumbnailUrl":"https:\/\/www.altercampagne.net\/wp-content\/uploads\/2025\/07\/20250718_125442.jpg","datePublished":"2025-07-22T21:18:37+00:00","dateModified":"2025-07-22T21:18:38+00:00","author":{"@id":"https:\/\/www.altercampagne.net\/#\/schema\/person\/3afde49d8c0be52224ae61fe720b4b19"},"breadcrumb":{"@id":"https:\/\/www.altercampagne.net\/?p=29147#breadcrumb"},"inLanguage":"fr-FR","potentialAction":[{"@type":"ReadAction","target":["https:\/\/www.altercampagne.net\/?p=29147"]}]},{"@type":"ImageObject","inLanguage":"fr-FR","@id":"https:\/\/www.altercampagne.net\/?p=29147#primaryimage","url":"https:\/\/www.altercampagne.net\/wp-content\/uploads\/2025\/07\/20250718_125442.jpg","contentUrl":"https:\/\/www.altercampagne.net\/wp-content\/uploads\/2025\/07\/20250718_125442.jpg","width":2560,"height":1440},{"@type":"BreadcrumbList","@id":"https:\/\/www.altercampagne.net\/?p=29147#breadcrumb","itemListElement":[{"@type":"ListItem","position":1,"name":"Accueil","item":"https:\/\/www.altercampagne.net\/"},{"@type":"ListItem","position":2,"name":"Le chant des cigales dans le champ du Bercail"}]},{"@type":"WebSite","@id":"https:\/\/www.altercampagne.net\/#website","url":"https:\/\/www.altercampagne.net\/","name":"AlterTour","description":"Reliez les Alternatives \u00e0 v\u00e9lo","potentialAction":[{"@type":"SearchAction","target":{"@type":"EntryPoint","urlTemplate":"https:\/\/www.altercampagne.net\/?s={search_term_string}"},"query-input":{"@type":"PropertyValueSpecification","valueRequired":true,"valueName":"search_term_string"}}],"inLanguage":"fr-FR"},{"@type":"Person","@id":"https:\/\/www.altercampagne.net\/#\/schema\/person\/3afde49d8c0be52224ae61fe720b4b19","name":"Marine R","image":{"@type":"ImageObject","inLanguage":"fr-FR","@id":"https:\/\/secure.gravatar.com\/avatar\/a3c4f944a184c737c95a33c9fc36f74b2637ea270671045d89722a608b50fd88?s=96&d=mm&r=g","url":"https:\/\/secure.gravatar.com\/avatar\/a3c4f944a184c737c95a33c9fc36f74b2637ea270671045d89722a608b50fd88?s=96&d=mm&r=g","contentUrl":"https:\/\/secure.gravatar.com\/avatar\/a3c4f944a184c737c95a33c9fc36f74b2637ea270671045d89722a608b50fd88?s=96&d=mm&r=g","caption":"Marine R"},"url":"https:\/\/www.altercampagne.net\/?author=198"}]}},"_links":{"self":[{"href":"https:\/\/www.altercampagne.net\/index.php?rest_route=\/wp\/v2\/posts\/29147","targetHints":{"allow":["GET"]}}],"collection":[{"href":"https:\/\/www.altercampagne.net\/index.php?rest_route=\/wp\/v2\/posts"}],"about":[{"href":"https:\/\/www.altercampagne.net\/index.php?rest_route=\/wp\/v2\/types\/post"}],"author":[{"embeddable":true,"href":"https:\/\/www.altercampagne.net\/index.php?rest_route=\/wp\/v2\/users\/198"}],"replies":[{"embeddable":true,"href":"https:\/\/www.altercampagne.net\/index.php?rest_route=%2Fwp%2Fv2%2Fcomments&post=29147"}],"version-history":[{"count":1,"href":"https:\/\/www.altercampagne.net\/index.php?rest_route=\/wp\/v2\/posts\/29147\/revisions"}],"predecessor-version":[{"id":29150,"href":"https:\/\/www.altercampagne.net\/index.php?rest_route=\/wp\/v2\/posts\/29147\/revisions\/29150"}],"wp:featuredmedia":[{"embeddable":true,"href":"https:\/\/www.altercampagne.net\/index.php?rest_route=\/wp\/v2\/media\/29148"}],"wp:attachment":[{"href":"https:\/\/www.altercampagne.net\/index.php?rest_route=%2Fwp%2Fv2%2Fmedia&parent=29147"}],"wp:term":[{"taxonomy":"category","embeddable":true,"href":"https:\/\/www.altercampagne.net\/index.php?rest_route=%2Fwp%2Fv2%2Fcategories&post=29147"},{"taxonomy":"post_tag","embeddable":true,"href":"https:\/\/www.altercampagne.net\/index.php?rest_route=%2Fwp%2Fv2%2Ftags&post=29147"}],"curies":[{"name":"wp","href":"https:\/\/api.w.org\/{rel}","templated":true}]}}