{"id":29155,"date":"2025-07-27T15:36:07","date_gmt":"2025-07-27T13:36:07","guid":{"rendered":"https:\/\/www.altercampagne.net\/?p=29155"},"modified":"2025-07-27T15:36:08","modified_gmt":"2025-07-27T13:36:08","slug":"collectif-vivre-ensemble-durablement-a-ayen-quand-les-citoyen-nes-se-bougent-pour-faire-vivre-le-territoire-rural","status":"publish","type":"post","link":"https:\/\/www.altercampagne.net\/?p=29155","title":{"rendered":"Collectif vivre ensemble durablement \u00e0 Ayen, quand les citoyen.nes se bougent pour faire vivre le territoire rural\u00a0!"},"content":{"rendered":"\n<p>J&rsquo;avais pr\u00e9vu mon inscription AT 2025 pour venir jusque l\u00e0 rencontrer ce collectif et je ne suis pas d\u00e9\u00e7ue&nbsp;!<\/p>\n\n\n\n<p>Arriv\u00e9s sous une grosse pluie, le replis strat\u00e9gique dans la salle des f\u00eates est act\u00e9 sans probl\u00e8me avec les accueillant.e.s. Une fois nourri.e.s et quelque peu peu essor\u00e9.e.s avec les serviettes pr\u00eat\u00e9es par le collectif, nous commen\u00e7ons une apr\u00e8s-midi de rencontre inter associative autour du th\u00e8me de la mobilit\u00e9 en inaugurant la \u00ab&nbsp;rue de la roue cool&nbsp;\u00bb, quelle imagination, j&rsquo;adore&nbsp;!<\/p>\n\n\n\n<p>Entre un atelier cirque, une association locale qui programme des voyage \u00e0 v\u00e9lo cl\u00e9 en main et Terre de liens il y en a pour tous les go\u00fbts aujourd&rsquo;hui.<\/p>\n\n\n\n<p>Pour notre venue, le collectif citoyen d&rsquo;Ayen a organis\u00e9 une table ronde avec&nbsp;:<\/p>\n\n\n\n<ul class=\"wp-block-list\">\n<li>l&rsquo;association Terre des hommes\u00a0: au plus pr\u00e8s des lieux o\u00f9 il faut d\u00e9fendre les droits environnementaux des enfants en particulier.\u00ab\u00a0Les enfants ont droit \u00e0 un environnement sain pour grandir\u00a0\u00bb nous dit Fred Swiderski qui repr\u00e9sente l&rsquo;association.<\/li>\n\n\n\n<li>Le v\u00e9lo \u00e0 ce titre, est un outil d\u2019\u00e9mancipation, Cela nous am\u00e8ne \u00e0 un exemple concret avec Pol Farouel de l\u2019association La Roue Cool\u00a0. Parti d\u2019un pari de voyage \u00e0 v\u00e9lo entre potes, un projet d&rsquo;interculturalit\u00e9 entre enfants se b\u00e2tit peu \u00e0 peu avec Terre des Hommes et avec des \u00e9coles. Les enfants de diff\u00e9rents pays s&rsquo;\u00e9crivent \u00ab\u00a0 Qui tu es\u00a0? Qui je suis\u00a0? Qu\u2019est ce que tu fais pour prot\u00e9ger l\u2019environnement\u00a0? \u00bb et la roue cool va d&rsquo;\u00e9cole en \u00e9cole pour apporter les lettres, faire des ateliers sur la mobilit\u00e9 et l&rsquo;environnement&#8230;<\/li>\n<\/ul>\n\n\n\n<p>le dernier voyage en Alg\u00e9rie a donn\u00e9 lieu a un nouveau film que nous voyons avec \u00e9motion le soir m\u00eame: Salambicloum .<\/p>\n\n\n\n<p>Nous rentrons du campement \u00e0 notre rythme, le r\u00e9veil sera matinal voir tr\u00e8s t\u00f4t \u00e0 5h pour l&rsquo;\u00e9quipe petit d\u00e9j car la journ\u00e9e \u00e0 venir s&rsquo;annonce pleine de d\u00e9nivel\u00e9s et humide, mais \u00e7\u00e0 c&rsquo;est une autre histoire.<\/p>\n\n\n\n<p>Alterjournaliste : Genevi\u00e8ve <\/p>\n\n\n\n<p><\/p>\n\n\n\n<figure class=\"wp-block-gallery has-nested-images columns-default is-cropped wp-block-gallery-1 is-layout-flex wp-block-gallery-is-layout-flex\">\n<figure class=\"wp-block-image size-large\"><a href=\"https:\/\/www.altercampagne.net\/wp-content\/uploads\/2025\/07\/Ayen-2-scaled.jpg\"><img loading=\"lazy\" decoding=\"async\" width=\"1024\" height=\"771\" data-id=\"29157\" src=\"https:\/\/www.altercampagne.net\/wp-content\/uploads\/2025\/07\/Ayen-2-1024x771.jpg\" alt=\"\" class=\"wp-image-29157\" srcset=\"https:\/\/www.altercampagne.net\/wp-content\/uploads\/2025\/07\/Ayen-2-1024x771.jpg 1024w, https:\/\/www.altercampagne.net\/wp-content\/uploads\/2025\/07\/Ayen-2-300x226.jpg 300w, https:\/\/www.altercampagne.net\/wp-content\/uploads\/2025\/07\/Ayen-2-768x578.jpg 768w, https:\/\/www.altercampagne.net\/wp-content\/uploads\/2025\/07\/Ayen-2-1536x1157.jpg 1536w, https:\/\/www.altercampagne.net\/wp-content\/uploads\/2025\/07\/Ayen-2-2048x1542.jpg 2048w, https:\/\/www.altercampagne.net\/wp-content\/uploads\/2025\/07\/Ayen-2-100x75.jpg 100w, https:\/\/www.altercampagne.net\/wp-content\/uploads\/2025\/07\/Ayen-2-862x649.jpg 862w, https:\/\/www.altercampagne.net\/wp-content\/uploads\/2025\/07\/Ayen-2-1140x858.jpg 1140w\" sizes=\"auto, (max-width: 1024px) 100vw, 1024px\" \/><\/a><\/figure>\n\n\n\n<figure class=\"wp-block-image size-large\"><a href=\"https:\/\/www.altercampagne.net\/wp-content\/uploads\/2025\/07\/Ayen-1-scaled.jpg\"><img loading=\"lazy\" decoding=\"async\" width=\"1024\" height=\"771\" data-id=\"29156\" src=\"https:\/\/www.altercampagne.net\/wp-content\/uploads\/2025\/07\/Ayen-1-1024x771.jpg\" alt=\"\" class=\"wp-image-29156\" srcset=\"https:\/\/www.altercampagne.net\/wp-content\/uploads\/2025\/07\/Ayen-1-1024x771.jpg 1024w, https:\/\/www.altercampagne.net\/wp-content\/uploads\/2025\/07\/Ayen-1-300x226.jpg 300w, https:\/\/www.altercampagne.net\/wp-content\/uploads\/2025\/07\/Ayen-1-768x578.jpg 768w, https:\/\/www.altercampagne.net\/wp-content\/uploads\/2025\/07\/Ayen-1-1536x1157.jpg 1536w, https:\/\/www.altercampagne.net\/wp-content\/uploads\/2025\/07\/Ayen-1-2048x1542.jpg 2048w, https:\/\/www.altercampagne.net\/wp-content\/uploads\/2025\/07\/Ayen-1-100x75.jpg 100w, https:\/\/www.altercampagne.net\/wp-content\/uploads\/2025\/07\/Ayen-1-862x649.jpg 862w, https:\/\/www.altercampagne.net\/wp-content\/uploads\/2025\/07\/Ayen-1-1140x858.jpg 1140w\" sizes=\"auto, (max-width: 1024px) 100vw, 1024px\" \/><\/a><\/figure>\n<\/figure>\n","protected":false},"excerpt":{"rendered":"<p>J&rsquo;avais pr\u00e9vu mon inscription AT 2025 pour venir jusque l\u00e0 rencontrer ce collectif et je ne suis pas d\u00e9\u00e7ue&nbsp;! Arriv\u00e9s sous une grosse pluie, le replis strat\u00e9gique dans la salle des f\u00eates est act\u00e9 sans probl\u00e8me avec les accueillant.e.s. Une fois nourri.e.s et quelque peu peu essor\u00e9.e.s avec les serviettes &#8230; <\/p>\n<div><a href=\"https:\/\/www.altercampagne.net\/?p=29155\" class=\"more-link\">Read More<\/a><\/div>\n","protected":false},"author":198,"featured_media":29158,"comment_status":"closed","ping_status":"closed","sticky":false,"template":"","format":"standard","meta":{"footnotes":""},"categories":[4511,4313,3479,3488,3540],"tags":[],"class_list":["post-29155","post","type-post","status-publish","format-standard","has-post-thumbnail","hentry","category-edition-2025","category-altertour","category-nouvelle-aquitaine","category-social","category-transverse"],"yoast_head":"<!-- This site is optimized with the Yoast SEO plugin v27.3 - https:\/\/yoast.com\/product\/yoast-seo-wordpress\/ -->\n<title>Collectif vivre ensemble durablement \u00e0 Ayen, quand les citoyen.nes se bougent pour faire vivre le territoire rural\u00a0! - AlterTour<\/title>\n<meta name=\"robots\" content=\"index, follow, max-snippet:-1, max-image-preview:large, max-video-preview:-1\" \/>\n<link rel=\"canonical\" href=\"https:\/\/www.altercampagne.net\/?p=29155\" \/>\n<meta property=\"og:locale\" content=\"fr_FR\" \/>\n<meta property=\"og:type\" content=\"article\" \/>\n<meta property=\"og:title\" content=\"Collectif vivre ensemble durablement \u00e0 Ayen, quand les citoyen.nes se bougent pour faire vivre le territoire rural\u00a0! - AlterTour\" \/>\n<meta property=\"og:description\" content=\"J&rsquo;avais pr\u00e9vu mon inscription AT 2025 pour venir jusque l\u00e0 rencontrer ce collectif et je ne suis pas d\u00e9\u00e7ue&nbsp;! Arriv\u00e9s sous une grosse pluie, le replis strat\u00e9gique dans la salle des f\u00eates est act\u00e9 sans probl\u00e8me avec les accueillant.e.s. Une fois nourri.e.s et quelque peu peu essor\u00e9.e.s avec les serviettes ... Read More\" \/>\n<meta property=\"og:url\" content=\"https:\/\/www.altercampagne.net\/?p=29155\" \/>\n<meta property=\"og:site_name\" content=\"AlterTour\" \/>\n<meta property=\"article:published_time\" content=\"2025-07-27T13:36:07+00:00\" \/>\n<meta property=\"article:modified_time\" content=\"2025-07-27T13:36:08+00:00\" \/>\n<meta property=\"og:image\" content=\"https:\/\/www.altercampagne.net\/wp-content\/uploads\/2025\/07\/Ayen-3-scaled.jpg\" \/>\n\t<meta property=\"og:image:width\" content=\"2560\" \/>\n\t<meta property=\"og:image:height\" content=\"1928\" \/>\n\t<meta property=\"og:image:type\" content=\"image\/jpeg\" \/>\n<meta name=\"author\" content=\"Marine R\" \/>\n<meta name=\"twitter:card\" content=\"summary_large_image\" \/>\n<meta name=\"twitter:label1\" content=\"\u00c9crit par\" \/>\n\t<meta name=\"twitter:data1\" content=\"Marine R\" \/>\n\t<meta name=\"twitter:label2\" content=\"Dur\u00e9e de lecture estim\u00e9e\" \/>\n\t<meta name=\"twitter:data2\" content=\"3 minutes\" \/>\n<script type=\"application\/ld+json\" class=\"yoast-schema-graph\">{\"@context\":\"https:\\\/\\\/schema.org\",\"@graph\":[{\"@type\":\"Article\",\"@id\":\"https:\\\/\\\/www.altercampagne.net\\\/?p=29155#article\",\"isPartOf\":{\"@id\":\"https:\\\/\\\/www.altercampagne.net\\\/?p=29155\"},\"author\":{\"name\":\"Marine R\",\"@id\":\"https:\\\/\\\/www.altercampagne.net\\\/#\\\/schema\\\/person\\\/3afde49d8c0be52224ae61fe720b4b19\"},\"headline\":\"Collectif vivre ensemble durablement \u00e0 Ayen, quand les citoyen.nes se bougent pour faire vivre le territoire rural\u00a0!\",\"datePublished\":\"2025-07-27T13:36:07+00:00\",\"dateModified\":\"2025-07-27T13:36:08+00:00\",\"mainEntityOfPage\":{\"@id\":\"https:\\\/\\\/www.altercampagne.net\\\/?p=29155\"},\"wordCount\":376,\"image\":{\"@id\":\"https:\\\/\\\/www.altercampagne.net\\\/?p=29155#primaryimage\"},\"thumbnailUrl\":\"https:\\\/\\\/www.altercampagne.net\\\/wp-content\\\/uploads\\\/2025\\\/07\\\/Ayen-3-scaled.jpg\",\"articleSection\":[\"\u00c9dition 2025\",\"AlterTour\",\"Nouvelle-Aquitaine\",\"Social\",\"Transverse\"],\"inLanguage\":\"fr-FR\"},{\"@type\":\"WebPage\",\"@id\":\"https:\\\/\\\/www.altercampagne.net\\\/?p=29155\",\"url\":\"https:\\\/\\\/www.altercampagne.net\\\/?p=29155\",\"name\":\"Collectif vivre ensemble durablement \u00e0 Ayen, quand les citoyen.nes se bougent pour faire vivre le territoire rural\u00a0! - AlterTour\",\"isPartOf\":{\"@id\":\"https:\\\/\\\/www.altercampagne.net\\\/#website\"},\"primaryImageOfPage\":{\"@id\":\"https:\\\/\\\/www.altercampagne.net\\\/?p=29155#primaryimage\"},\"image\":{\"@id\":\"https:\\\/\\\/www.altercampagne.net\\\/?p=29155#primaryimage\"},\"thumbnailUrl\":\"https:\\\/\\\/www.altercampagne.net\\\/wp-content\\\/uploads\\\/2025\\\/07\\\/Ayen-3-scaled.jpg\",\"datePublished\":\"2025-07-27T13:36:07+00:00\",\"dateModified\":\"2025-07-27T13:36:08+00:00\",\"author\":{\"@id\":\"https:\\\/\\\/www.altercampagne.net\\\/#\\\/schema\\\/person\\\/3afde49d8c0be52224ae61fe720b4b19\"},\"breadcrumb\":{\"@id\":\"https:\\\/\\\/www.altercampagne.net\\\/?p=29155#breadcrumb\"},\"inLanguage\":\"fr-FR\",\"potentialAction\":[{\"@type\":\"ReadAction\",\"target\":[\"https:\\\/\\\/www.altercampagne.net\\\/?p=29155\"]}]},{\"@type\":\"ImageObject\",\"inLanguage\":\"fr-FR\",\"@id\":\"https:\\\/\\\/www.altercampagne.net\\\/?p=29155#primaryimage\",\"url\":\"https:\\\/\\\/www.altercampagne.net\\\/wp-content\\\/uploads\\\/2025\\\/07\\\/Ayen-3-scaled.jpg\",\"contentUrl\":\"https:\\\/\\\/www.altercampagne.net\\\/wp-content\\\/uploads\\\/2025\\\/07\\\/Ayen-3-scaled.jpg\",\"width\":2560,\"height\":1928},{\"@type\":\"BreadcrumbList\",\"@id\":\"https:\\\/\\\/www.altercampagne.net\\\/?p=29155#breadcrumb\",\"itemListElement\":[{\"@type\":\"ListItem\",\"position\":1,\"name\":\"Accueil\",\"item\":\"https:\\\/\\\/www.altercampagne.net\\\/\"},{\"@type\":\"ListItem\",\"position\":2,\"name\":\"Collectif vivre ensemble durablement \u00e0 Ayen, quand les citoyen.nes se bougent pour faire vivre le territoire rural\u00a0!\"}]},{\"@type\":\"WebSite\",\"@id\":\"https:\\\/\\\/www.altercampagne.net\\\/#website\",\"url\":\"https:\\\/\\\/www.altercampagne.net\\\/\",\"name\":\"AlterTour\",\"description\":\"Reliez les Alternatives \u00e0 v\u00e9lo\",\"potentialAction\":[{\"@type\":\"SearchAction\",\"target\":{\"@type\":\"EntryPoint\",\"urlTemplate\":\"https:\\\/\\\/www.altercampagne.net\\\/?s={search_term_string}\"},\"query-input\":{\"@type\":\"PropertyValueSpecification\",\"valueRequired\":true,\"valueName\":\"search_term_string\"}}],\"inLanguage\":\"fr-FR\"},{\"@type\":\"Person\",\"@id\":\"https:\\\/\\\/www.altercampagne.net\\\/#\\\/schema\\\/person\\\/3afde49d8c0be52224ae61fe720b4b19\",\"name\":\"Marine R\",\"image\":{\"@type\":\"ImageObject\",\"inLanguage\":\"fr-FR\",\"@id\":\"https:\\\/\\\/secure.gravatar.com\\\/avatar\\\/a3c4f944a184c737c95a33c9fc36f74b2637ea270671045d89722a608b50fd88?s=96&d=mm&r=g\",\"url\":\"https:\\\/\\\/secure.gravatar.com\\\/avatar\\\/a3c4f944a184c737c95a33c9fc36f74b2637ea270671045d89722a608b50fd88?s=96&d=mm&r=g\",\"contentUrl\":\"https:\\\/\\\/secure.gravatar.com\\\/avatar\\\/a3c4f944a184c737c95a33c9fc36f74b2637ea270671045d89722a608b50fd88?s=96&d=mm&r=g\",\"caption\":\"Marine R\"},\"url\":\"https:\\\/\\\/www.altercampagne.net\\\/?author=198\"}]}<\/script>\n<!-- \/ Yoast SEO plugin. -->","yoast_head_json":{"title":"Collectif vivre ensemble durablement \u00e0 Ayen, quand les citoyen.nes se bougent pour faire vivre le territoire rural\u00a0! - AlterTour","robots":{"index":"index","follow":"follow","max-snippet":"max-snippet:-1","max-image-preview":"max-image-preview:large","max-video-preview":"max-video-preview:-1"},"canonical":"https:\/\/www.altercampagne.net\/?p=29155","og_locale":"fr_FR","og_type":"article","og_title":"Collectif vivre ensemble durablement \u00e0 Ayen, quand les citoyen.nes se bougent pour faire vivre le territoire rural\u00a0! - AlterTour","og_description":"J&rsquo;avais pr\u00e9vu mon inscription AT 2025 pour venir jusque l\u00e0 rencontrer ce collectif et je ne suis pas d\u00e9\u00e7ue&nbsp;! Arriv\u00e9s sous une grosse pluie, le replis strat\u00e9gique dans la salle des f\u00eates est act\u00e9 sans probl\u00e8me avec les accueillant.e.s. Une fois nourri.e.s et quelque peu peu essor\u00e9.e.s avec les serviettes ... Read More","og_url":"https:\/\/www.altercampagne.net\/?p=29155","og_site_name":"AlterTour","article_published_time":"2025-07-27T13:36:07+00:00","article_modified_time":"2025-07-27T13:36:08+00:00","og_image":[{"width":2560,"height":1928,"url":"https:\/\/www.altercampagne.net\/wp-content\/uploads\/2025\/07\/Ayen-3-scaled.jpg","type":"image\/jpeg"}],"author":"Marine R","twitter_card":"summary_large_image","twitter_misc":{"\u00c9crit par":"Marine R","Dur\u00e9e de lecture estim\u00e9e":"3 minutes"},"schema":{"@context":"https:\/\/schema.org","@graph":[{"@type":"Article","@id":"https:\/\/www.altercampagne.net\/?p=29155#article","isPartOf":{"@id":"https:\/\/www.altercampagne.net\/?p=29155"},"author":{"name":"Marine R","@id":"https:\/\/www.altercampagne.net\/#\/schema\/person\/3afde49d8c0be52224ae61fe720b4b19"},"headline":"Collectif vivre ensemble durablement \u00e0 Ayen, quand les citoyen.nes se bougent pour faire vivre le territoire rural\u00a0!","datePublished":"2025-07-27T13:36:07+00:00","dateModified":"2025-07-27T13:36:08+00:00","mainEntityOfPage":{"@id":"https:\/\/www.altercampagne.net\/?p=29155"},"wordCount":376,"image":{"@id":"https:\/\/www.altercampagne.net\/?p=29155#primaryimage"},"thumbnailUrl":"https:\/\/www.altercampagne.net\/wp-content\/uploads\/2025\/07\/Ayen-3-scaled.jpg","articleSection":["\u00c9dition 2025","AlterTour","Nouvelle-Aquitaine","Social","Transverse"],"inLanguage":"fr-FR"},{"@type":"WebPage","@id":"https:\/\/www.altercampagne.net\/?p=29155","url":"https:\/\/www.altercampagne.net\/?p=29155","name":"Collectif vivre ensemble durablement \u00e0 Ayen, quand les citoyen.nes se bougent pour faire vivre le territoire rural\u00a0! - AlterTour","isPartOf":{"@id":"https:\/\/www.altercampagne.net\/#website"},"primaryImageOfPage":{"@id":"https:\/\/www.altercampagne.net\/?p=29155#primaryimage"},"image":{"@id":"https:\/\/www.altercampagne.net\/?p=29155#primaryimage"},"thumbnailUrl":"https:\/\/www.altercampagne.net\/wp-content\/uploads\/2025\/07\/Ayen-3-scaled.jpg","datePublished":"2025-07-27T13:36:07+00:00","dateModified":"2025-07-27T13:36:08+00:00","author":{"@id":"https:\/\/www.altercampagne.net\/#\/schema\/person\/3afde49d8c0be52224ae61fe720b4b19"},"breadcrumb":{"@id":"https:\/\/www.altercampagne.net\/?p=29155#breadcrumb"},"inLanguage":"fr-FR","potentialAction":[{"@type":"ReadAction","target":["https:\/\/www.altercampagne.net\/?p=29155"]}]},{"@type":"ImageObject","inLanguage":"fr-FR","@id":"https:\/\/www.altercampagne.net\/?p=29155#primaryimage","url":"https:\/\/www.altercampagne.net\/wp-content\/uploads\/2025\/07\/Ayen-3-scaled.jpg","contentUrl":"https:\/\/www.altercampagne.net\/wp-content\/uploads\/2025\/07\/Ayen-3-scaled.jpg","width":2560,"height":1928},{"@type":"BreadcrumbList","@id":"https:\/\/www.altercampagne.net\/?p=29155#breadcrumb","itemListElement":[{"@type":"ListItem","position":1,"name":"Accueil","item":"https:\/\/www.altercampagne.net\/"},{"@type":"ListItem","position":2,"name":"Collectif vivre ensemble durablement \u00e0 Ayen, quand les citoyen.nes se bougent pour faire vivre le territoire rural\u00a0!"}]},{"@type":"WebSite","@id":"https:\/\/www.altercampagne.net\/#website","url":"https:\/\/www.altercampagne.net\/","name":"AlterTour","description":"Reliez les Alternatives \u00e0 v\u00e9lo","potentialAction":[{"@type":"SearchAction","target":{"@type":"EntryPoint","urlTemplate":"https:\/\/www.altercampagne.net\/?s={search_term_string}"},"query-input":{"@type":"PropertyValueSpecification","valueRequired":true,"valueName":"search_term_string"}}],"inLanguage":"fr-FR"},{"@type":"Person","@id":"https:\/\/www.altercampagne.net\/#\/schema\/person\/3afde49d8c0be52224ae61fe720b4b19","name":"Marine R","image":{"@type":"ImageObject","inLanguage":"fr-FR","@id":"https:\/\/secure.gravatar.com\/avatar\/a3c4f944a184c737c95a33c9fc36f74b2637ea270671045d89722a608b50fd88?s=96&d=mm&r=g","url":"https:\/\/secure.gravatar.com\/avatar\/a3c4f944a184c737c95a33c9fc36f74b2637ea270671045d89722a608b50fd88?s=96&d=mm&r=g","contentUrl":"https:\/\/secure.gravatar.com\/avatar\/a3c4f944a184c737c95a33c9fc36f74b2637ea270671045d89722a608b50fd88?s=96&d=mm&r=g","caption":"Marine R"},"url":"https:\/\/www.altercampagne.net\/?author=198"}]}},"_links":{"self":[{"href":"https:\/\/www.altercampagne.net\/index.php?rest_route=\/wp\/v2\/posts\/29155","targetHints":{"allow":["GET"]}}],"collection":[{"href":"https:\/\/www.altercampagne.net\/index.php?rest_route=\/wp\/v2\/posts"}],"about":[{"href":"https:\/\/www.altercampagne.net\/index.php?rest_route=\/wp\/v2\/types\/post"}],"author":[{"embeddable":true,"href":"https:\/\/www.altercampagne.net\/index.php?rest_route=\/wp\/v2\/users\/198"}],"replies":[{"embeddable":true,"href":"https:\/\/www.altercampagne.net\/index.php?rest_route=%2Fwp%2Fv2%2Fcomments&post=29155"}],"version-history":[{"count":1,"href":"https:\/\/www.altercampagne.net\/index.php?rest_route=\/wp\/v2\/posts\/29155\/revisions"}],"predecessor-version":[{"id":29159,"href":"https:\/\/www.altercampagne.net\/index.php?rest_route=\/wp\/v2\/posts\/29155\/revisions\/29159"}],"wp:featuredmedia":[{"embeddable":true,"href":"https:\/\/www.altercampagne.net\/index.php?rest_route=\/wp\/v2\/media\/29158"}],"wp:attachment":[{"href":"https:\/\/www.altercampagne.net\/index.php?rest_route=%2Fwp%2Fv2%2Fmedia&parent=29155"}],"wp:term":[{"taxonomy":"category","embeddable":true,"href":"https:\/\/www.altercampagne.net\/index.php?rest_route=%2Fwp%2Fv2%2Fcategories&post=29155"},{"taxonomy":"post_tag","embeddable":true,"href":"https:\/\/www.altercampagne.net\/index.php?rest_route=%2Fwp%2Fv2%2Ftags&post=29155"}],"curies":[{"name":"wp","href":"https:\/\/api.w.org\/{rel}","templated":true}]}}