{"id":29163,"date":"2025-07-28T00:15:45","date_gmt":"2025-07-27T22:15:45","guid":{"rendered":"https:\/\/www.altercampagne.net\/?p=29163"},"modified":"2025-07-31T17:49:57","modified_gmt":"2025-07-31T15:49:57","slug":"dans-la-brume-de-la-vallee-du-cele","status":"publish","type":"post","link":"https:\/\/www.altercampagne.net\/?p=29163","title":{"rendered":"Dans la brume de la vall\u00e9e du C\u00e9l\u00e9"},"content":{"rendered":"\n<p>Ce samedi 26 juillet les altercylistes se r\u00e9veillent dans une nappe de brume baignant le fond de la vall\u00e9e du C\u00e9l\u00e9, sur le terrain de la ferme en transition de la boucle de Listours o\u00f9 a eu lieu la guinguette avec le march\u00e9 paysans la veille. Il faut d\u00e9monter sa tente humide, ou d\u00e9monter sa cabane (oui, une semaine avant d&rsquo;arriver sur le trac\u00e9 de l&rsquo;A69, on a d\u00e9ja une altercyliste avec une \u00e2me d&rsquo;\u00e9cureuil, photos \u00e0 l&rsquo;appui). Malgr\u00e9 ces complications le d\u00e9part se fera \u00e0 l&rsquo;heure. Aujourd&rsquo;hui direction Brengues o\u00f9 nous rencontrerons l&rsquo;association C\u00e9l\u00e9watt, avec une \u00e9tape \u00e0 Figeac que nous avions visit\u00e9 la veille. Mais pour y repasser, plus question de prendre la route d\u00e9partementale, on emprunte une route nettement plus tranquille&#8230; Et plus pentue ! Afin d&rsquo;affronter la c\u00f4te \u00e0 9% dans les meilleurs conditions, H\u00e9l\u00e8ne notre co-pr\u00e9paratrices d&rsquo;\u00e9tape a pr\u00e9par\u00e9 un \u00e9chauffement chor\u00e9graphi\u00e9 \u00e9lectrisant en musique, durant lequel chacun.e a l&rsquo;occasion de lancer des \u00e9clairs et des paillettes avec son corps et ses mains.<\/p>\n\n\n\n<p>Apr\u00e8s l&rsquo;effort, le r\u00e9confort, le long de la redescente vers Figeac la brume se disperse. \u00c0 toute allure, le vent dans les cheveux, un panorama superbe sur la ville se d\u00e9voile \u00e0 nous !<\/p>\n\n\n\n<p>La halte prolong\u00e9e \u00e0 Figeac est l&rsquo;occasion de fl\u00e2ner dans son march\u00e9 tr\u00e8s r\u00e9put\u00e9, de partager des bons produits locaux entre nous, et aussi, Figeac \u00e9tant un n\u0153ud ferroviaire, de faire ses aux-revoirs touchants aux altercylistes sur le d\u00e9part, et d&rsquo;accueillir les nouvelleaux. En attendant leur trains&nbsp;<a href=\"http:\/\/certain.es\/\" target=\"_blank\" rel=\"noreferrer noopener\">certain.es<\/a>, dont votre narrateur, auront m\u00eame la joie de profiter de nouveau de l&rsquo;Arrosoir et de d\u00e9jeuner \u00e0 La Petite Graines.<\/p>\n\n\n\n<p>Dans le C\u00e9l\u00e9 on se baigne le midi, on se baigne le soir, une rude journ\u00e9e sous un soleil de plomb, qui contraste avec les journ\u00e9es pr\u00e9c\u00e9dentes \u00e0 forte couverture nuageuse, le thermom\u00e8tre remonte fr\u00f4lant les 30\u00b0C !<\/p>\n\n\n\n<p>Apr\u00e8s un d\u00e9licieux d\u00eener (peut-il en \u00eatre autrement \u00e0 l&rsquo;AlterTour apr\u00e8s une journ\u00e9e d&rsquo;effort physique, et avec des produits frais locaux et de qualit\u00e9 cuisin\u00e9 avec amour !) le maire de Brengues et un \u00e9lu nous pr\u00e9sente l&rsquo;association C\u00e9l\u00e9watt dans laquelle ils sont tout deux engag\u00e9s b\u00e9n\u00e9volement :<\/p>\n\n\n\n<p>Le parc solaire de Brengues est le premier \u00e0 \u00eatre n\u00e9 dans le Lot, nous en ferons la visite le lendemain. C\u00e9l\u00e9watt g\u00e8re maintenant 4 parc, plus 2 en projets. L&rsquo;\u00e9lectricit\u00e9 produite est vendu au fournisseur \u00c9nercoop. En tout, environ 500&nbsp;<a href=\"http:\/\/particulier.es\/\" target=\"_blank\" rel=\"noreferrer noopener\">particulier.es<\/a>&nbsp;ont particip\u00e9 financi\u00e8rement et investit des parts de 100\u20ac dans la&nbsp;Soci\u00e9t\u00e9 par Actions Simplifi\u00e9e (SAS) avec statut de Soci\u00e9t\u00e9 Coop\u00e9rative d\u2019Int\u00e9r\u00eat Collectif (Scic) qui d\u00e9veloppe les parcs solaires. Les parcs sont de petites tailles, moins d&rsquo;un hectare. La petite taille facilite une implantation respectueuse de l&rsquo;environnement, des paysage et des habitants, les friches sans usage agricole sont en effet prioris\u00e9es, et les parcelles font l&rsquo;objet d&rsquo;un diagnostic \u00e9cologique. De cette mani\u00e8re l&rsquo;association C\u00e9l\u00e9watt re\u00e7oit tr\u00e8s peu de contestation, tout \u00e0 l&rsquo;inverse du projet de 20ha de TotalEnergies dont nous rencontrerons l&rsquo;association luttant contre deux jours plus tard.<\/p>\n\n\n\n<p>Alterjournalistes : Mathieu avec l&rsquo;aide pr\u00e9cieuse de Claire et Pascale<\/p>\n\n\n\n<figure class=\"wp-block-gallery has-nested-images columns-default is-cropped wp-block-gallery-1 is-layout-flex wp-block-gallery-is-layout-flex\">\n<figure class=\"wp-block-image size-large\"><a href=\"https:\/\/www.altercampagne.net\/wp-content\/uploads\/2025\/07\/1000017769-scaled.jpg\"><img loading=\"lazy\" decoding=\"async\" width=\"1024\" height=\"768\" data-id=\"29165\" src=\"https:\/\/www.altercampagne.net\/wp-content\/uploads\/2025\/07\/1000017769-1024x768.jpg\" alt=\"\" class=\"wp-image-29165\" srcset=\"https:\/\/www.altercampagne.net\/wp-content\/uploads\/2025\/07\/1000017769-1024x768.jpg 1024w, https:\/\/www.altercampagne.net\/wp-content\/uploads\/2025\/07\/1000017769-300x225.jpg 300w, https:\/\/www.altercampagne.net\/wp-content\/uploads\/2025\/07\/1000017769-768x576.jpg 768w, https:\/\/www.altercampagne.net\/wp-content\/uploads\/2025\/07\/1000017769-1536x1152.jpg 1536w, https:\/\/www.altercampagne.net\/wp-content\/uploads\/2025\/07\/1000017769-2048x1536.jpg 2048w, https:\/\/www.altercampagne.net\/wp-content\/uploads\/2025\/07\/1000017769-100x75.jpg 100w, https:\/\/www.altercampagne.net\/wp-content\/uploads\/2025\/07\/1000017769-862x647.jpg 862w, https:\/\/www.altercampagne.net\/wp-content\/uploads\/2025\/07\/1000017769-1140x855.jpg 1140w\" sizes=\"auto, (max-width: 1024px) 100vw, 1024px\" \/><\/a><\/figure>\n\n\n\n<figure class=\"wp-block-image size-large\"><a href=\"https:\/\/www.altercampagne.net\/wp-content\/uploads\/2025\/07\/1000017705-scaled.jpg\"><img loading=\"lazy\" decoding=\"async\" width=\"1024\" height=\"768\" data-id=\"29164\" src=\"https:\/\/www.altercampagne.net\/wp-content\/uploads\/2025\/07\/1000017705-1024x768.jpg\" alt=\"\" class=\"wp-image-29164\" srcset=\"https:\/\/www.altercampagne.net\/wp-content\/uploads\/2025\/07\/1000017705-1024x768.jpg 1024w, https:\/\/www.altercampagne.net\/wp-content\/uploads\/2025\/07\/1000017705-300x225.jpg 300w, https:\/\/www.altercampagne.net\/wp-content\/uploads\/2025\/07\/1000017705-768x576.jpg 768w, https:\/\/www.altercampagne.net\/wp-content\/uploads\/2025\/07\/1000017705-1536x1152.jpg 1536w, https:\/\/www.altercampagne.net\/wp-content\/uploads\/2025\/07\/1000017705-2048x1536.jpg 2048w, https:\/\/www.altercampagne.net\/wp-content\/uploads\/2025\/07\/1000017705-100x75.jpg 100w, https:\/\/www.altercampagne.net\/wp-content\/uploads\/2025\/07\/1000017705-862x647.jpg 862w, https:\/\/www.altercampagne.net\/wp-content\/uploads\/2025\/07\/1000017705-1140x855.jpg 1140w\" sizes=\"auto, (max-width: 1024px) 100vw, 1024px\" \/><\/a><\/figure>\n<\/figure>\n","protected":false},"excerpt":{"rendered":"<p>Ce samedi 26 juillet les altercylistes se r\u00e9veillent dans une nappe de brume baignant le fond de la vall\u00e9e du C\u00e9l\u00e9, sur le terrain de la ferme en transition de la boucle de Listours o\u00f9 a eu lieu la guinguette avec le march\u00e9 paysans la veille. Il faut d\u00e9monter sa &#8230; <\/p>\n<div><a href=\"https:\/\/www.altercampagne.net\/?p=29163\" class=\"more-link\">Read More<\/a><\/div>\n","protected":false},"author":198,"featured_media":29168,"comment_status":"closed","ping_status":"closed","sticky":false,"template":"","format":"standard","meta":{"footnotes":""},"categories":[4511,4313,3487,3479],"tags":[],"class_list":["post-29163","post","type-post","status-publish","format-standard","has-post-thumbnail","hentry","category-edition-2025","category-altertour","category-energie","category-nouvelle-aquitaine"],"yoast_head":"<!-- This site is optimized with the Yoast SEO plugin v27.3 - https:\/\/yoast.com\/product\/yoast-seo-wordpress\/ -->\n<title>Dans la brume de la vall\u00e9e du C\u00e9l\u00e9 - AlterTour<\/title>\n<meta name=\"robots\" content=\"index, follow, max-snippet:-1, max-image-preview:large, max-video-preview:-1\" \/>\n<link rel=\"canonical\" href=\"https:\/\/www.altercampagne.net\/?p=29163\" \/>\n<meta property=\"og:locale\" content=\"fr_FR\" \/>\n<meta property=\"og:type\" content=\"article\" \/>\n<meta property=\"og:title\" content=\"Dans la brume de la vall\u00e9e du C\u00e9l\u00e9 - AlterTour\" \/>\n<meta property=\"og:description\" content=\"Ce samedi 26 juillet les altercylistes se r\u00e9veillent dans une nappe de brume baignant le fond de la vall\u00e9e du C\u00e9l\u00e9, sur le terrain de la ferme en transition de la boucle de Listours o\u00f9 a eu lieu la guinguette avec le march\u00e9 paysans la veille. Il faut d\u00e9monter sa ... Read More\" \/>\n<meta property=\"og:url\" content=\"https:\/\/www.altercampagne.net\/?p=29163\" \/>\n<meta property=\"og:site_name\" content=\"AlterTour\" \/>\n<meta property=\"article:published_time\" content=\"2025-07-27T22:15:45+00:00\" \/>\n<meta property=\"article:modified_time\" content=\"2025-07-31T15:49:57+00:00\" \/>\n<meta property=\"og:image\" content=\"https:\/\/www.altercampagne.net\/wp-content\/uploads\/2025\/07\/1753633223300.jpg\" \/>\n\t<meta property=\"og:image:width\" content=\"800\" \/>\n\t<meta property=\"og:image:height\" content=\"676\" \/>\n\t<meta property=\"og:image:type\" content=\"image\/jpeg\" \/>\n<meta name=\"author\" content=\"Marine R\" \/>\n<meta name=\"twitter:card\" content=\"summary_large_image\" \/>\n<meta name=\"twitter:label1\" content=\"\u00c9crit par\" \/>\n\t<meta name=\"twitter:data1\" content=\"Marine R\" \/>\n\t<meta name=\"twitter:label2\" content=\"Dur\u00e9e de lecture estim\u00e9e\" \/>\n\t<meta name=\"twitter:data2\" content=\"4 minutes\" \/>\n<script type=\"application\/ld+json\" class=\"yoast-schema-graph\">{\"@context\":\"https:\\\/\\\/schema.org\",\"@graph\":[{\"@type\":\"Article\",\"@id\":\"https:\\\/\\\/www.altercampagne.net\\\/?p=29163#article\",\"isPartOf\":{\"@id\":\"https:\\\/\\\/www.altercampagne.net\\\/?p=29163\"},\"author\":{\"name\":\"Marine R\",\"@id\":\"https:\\\/\\\/www.altercampagne.net\\\/#\\\/schema\\\/person\\\/3afde49d8c0be52224ae61fe720b4b19\"},\"headline\":\"Dans la brume de la vall\u00e9e du C\u00e9l\u00e9\",\"datePublished\":\"2025-07-27T22:15:45+00:00\",\"dateModified\":\"2025-07-31T15:49:57+00:00\",\"mainEntityOfPage\":{\"@id\":\"https:\\\/\\\/www.altercampagne.net\\\/?p=29163\"},\"wordCount\":589,\"image\":{\"@id\":\"https:\\\/\\\/www.altercampagne.net\\\/?p=29163#primaryimage\"},\"thumbnailUrl\":\"https:\\\/\\\/www.altercampagne.net\\\/wp-content\\\/uploads\\\/2025\\\/07\\\/1753633223300.jpg\",\"articleSection\":[\"\u00c9dition 2025\",\"AlterTour\",\"\u00c9nergie\",\"Nouvelle-Aquitaine\"],\"inLanguage\":\"fr-FR\"},{\"@type\":\"WebPage\",\"@id\":\"https:\\\/\\\/www.altercampagne.net\\\/?p=29163\",\"url\":\"https:\\\/\\\/www.altercampagne.net\\\/?p=29163\",\"name\":\"Dans la brume de la vall\u00e9e du C\u00e9l\u00e9 - AlterTour\",\"isPartOf\":{\"@id\":\"https:\\\/\\\/www.altercampagne.net\\\/#website\"},\"primaryImageOfPage\":{\"@id\":\"https:\\\/\\\/www.altercampagne.net\\\/?p=29163#primaryimage\"},\"image\":{\"@id\":\"https:\\\/\\\/www.altercampagne.net\\\/?p=29163#primaryimage\"},\"thumbnailUrl\":\"https:\\\/\\\/www.altercampagne.net\\\/wp-content\\\/uploads\\\/2025\\\/07\\\/1753633223300.jpg\",\"datePublished\":\"2025-07-27T22:15:45+00:00\",\"dateModified\":\"2025-07-31T15:49:57+00:00\",\"author\":{\"@id\":\"https:\\\/\\\/www.altercampagne.net\\\/#\\\/schema\\\/person\\\/3afde49d8c0be52224ae61fe720b4b19\"},\"breadcrumb\":{\"@id\":\"https:\\\/\\\/www.altercampagne.net\\\/?p=29163#breadcrumb\"},\"inLanguage\":\"fr-FR\",\"potentialAction\":[{\"@type\":\"ReadAction\",\"target\":[\"https:\\\/\\\/www.altercampagne.net\\\/?p=29163\"]}]},{\"@type\":\"ImageObject\",\"inLanguage\":\"fr-FR\",\"@id\":\"https:\\\/\\\/www.altercampagne.net\\\/?p=29163#primaryimage\",\"url\":\"https:\\\/\\\/www.altercampagne.net\\\/wp-content\\\/uploads\\\/2025\\\/07\\\/1753633223300.jpg\",\"contentUrl\":\"https:\\\/\\\/www.altercampagne.net\\\/wp-content\\\/uploads\\\/2025\\\/07\\\/1753633223300.jpg\",\"width\":800,\"height\":676},{\"@type\":\"BreadcrumbList\",\"@id\":\"https:\\\/\\\/www.altercampagne.net\\\/?p=29163#breadcrumb\",\"itemListElement\":[{\"@type\":\"ListItem\",\"position\":1,\"name\":\"Accueil\",\"item\":\"https:\\\/\\\/www.altercampagne.net\\\/\"},{\"@type\":\"ListItem\",\"position\":2,\"name\":\"Dans la brume de la vall\u00e9e du C\u00e9l\u00e9\"}]},{\"@type\":\"WebSite\",\"@id\":\"https:\\\/\\\/www.altercampagne.net\\\/#website\",\"url\":\"https:\\\/\\\/www.altercampagne.net\\\/\",\"name\":\"AlterTour\",\"description\":\"Reliez les Alternatives \u00e0 v\u00e9lo\",\"potentialAction\":[{\"@type\":\"SearchAction\",\"target\":{\"@type\":\"EntryPoint\",\"urlTemplate\":\"https:\\\/\\\/www.altercampagne.net\\\/?s={search_term_string}\"},\"query-input\":{\"@type\":\"PropertyValueSpecification\",\"valueRequired\":true,\"valueName\":\"search_term_string\"}}],\"inLanguage\":\"fr-FR\"},{\"@type\":\"Person\",\"@id\":\"https:\\\/\\\/www.altercampagne.net\\\/#\\\/schema\\\/person\\\/3afde49d8c0be52224ae61fe720b4b19\",\"name\":\"Marine R\",\"image\":{\"@type\":\"ImageObject\",\"inLanguage\":\"fr-FR\",\"@id\":\"https:\\\/\\\/secure.gravatar.com\\\/avatar\\\/a3c4f944a184c737c95a33c9fc36f74b2637ea270671045d89722a608b50fd88?s=96&d=mm&r=g\",\"url\":\"https:\\\/\\\/secure.gravatar.com\\\/avatar\\\/a3c4f944a184c737c95a33c9fc36f74b2637ea270671045d89722a608b50fd88?s=96&d=mm&r=g\",\"contentUrl\":\"https:\\\/\\\/secure.gravatar.com\\\/avatar\\\/a3c4f944a184c737c95a33c9fc36f74b2637ea270671045d89722a608b50fd88?s=96&d=mm&r=g\",\"caption\":\"Marine R\"},\"url\":\"https:\\\/\\\/www.altercampagne.net\\\/?author=198\"}]}<\/script>\n<!-- \/ Yoast SEO plugin. -->","yoast_head_json":{"title":"Dans la brume de la vall\u00e9e du C\u00e9l\u00e9 - AlterTour","robots":{"index":"index","follow":"follow","max-snippet":"max-snippet:-1","max-image-preview":"max-image-preview:large","max-video-preview":"max-video-preview:-1"},"canonical":"https:\/\/www.altercampagne.net\/?p=29163","og_locale":"fr_FR","og_type":"article","og_title":"Dans la brume de la vall\u00e9e du C\u00e9l\u00e9 - AlterTour","og_description":"Ce samedi 26 juillet les altercylistes se r\u00e9veillent dans une nappe de brume baignant le fond de la vall\u00e9e du C\u00e9l\u00e9, sur le terrain de la ferme en transition de la boucle de Listours o\u00f9 a eu lieu la guinguette avec le march\u00e9 paysans la veille. Il faut d\u00e9monter sa ... Read More","og_url":"https:\/\/www.altercampagne.net\/?p=29163","og_site_name":"AlterTour","article_published_time":"2025-07-27T22:15:45+00:00","article_modified_time":"2025-07-31T15:49:57+00:00","og_image":[{"width":800,"height":676,"url":"https:\/\/www.altercampagne.net\/wp-content\/uploads\/2025\/07\/1753633223300.jpg","type":"image\/jpeg"}],"author":"Marine R","twitter_card":"summary_large_image","twitter_misc":{"\u00c9crit par":"Marine R","Dur\u00e9e de lecture estim\u00e9e":"4 minutes"},"schema":{"@context":"https:\/\/schema.org","@graph":[{"@type":"Article","@id":"https:\/\/www.altercampagne.net\/?p=29163#article","isPartOf":{"@id":"https:\/\/www.altercampagne.net\/?p=29163"},"author":{"name":"Marine R","@id":"https:\/\/www.altercampagne.net\/#\/schema\/person\/3afde49d8c0be52224ae61fe720b4b19"},"headline":"Dans la brume de la vall\u00e9e du C\u00e9l\u00e9","datePublished":"2025-07-27T22:15:45+00:00","dateModified":"2025-07-31T15:49:57+00:00","mainEntityOfPage":{"@id":"https:\/\/www.altercampagne.net\/?p=29163"},"wordCount":589,"image":{"@id":"https:\/\/www.altercampagne.net\/?p=29163#primaryimage"},"thumbnailUrl":"https:\/\/www.altercampagne.net\/wp-content\/uploads\/2025\/07\/1753633223300.jpg","articleSection":["\u00c9dition 2025","AlterTour","\u00c9nergie","Nouvelle-Aquitaine"],"inLanguage":"fr-FR"},{"@type":"WebPage","@id":"https:\/\/www.altercampagne.net\/?p=29163","url":"https:\/\/www.altercampagne.net\/?p=29163","name":"Dans la brume de la vall\u00e9e du C\u00e9l\u00e9 - AlterTour","isPartOf":{"@id":"https:\/\/www.altercampagne.net\/#website"},"primaryImageOfPage":{"@id":"https:\/\/www.altercampagne.net\/?p=29163#primaryimage"},"image":{"@id":"https:\/\/www.altercampagne.net\/?p=29163#primaryimage"},"thumbnailUrl":"https:\/\/www.altercampagne.net\/wp-content\/uploads\/2025\/07\/1753633223300.jpg","datePublished":"2025-07-27T22:15:45+00:00","dateModified":"2025-07-31T15:49:57+00:00","author":{"@id":"https:\/\/www.altercampagne.net\/#\/schema\/person\/3afde49d8c0be52224ae61fe720b4b19"},"breadcrumb":{"@id":"https:\/\/www.altercampagne.net\/?p=29163#breadcrumb"},"inLanguage":"fr-FR","potentialAction":[{"@type":"ReadAction","target":["https:\/\/www.altercampagne.net\/?p=29163"]}]},{"@type":"ImageObject","inLanguage":"fr-FR","@id":"https:\/\/www.altercampagne.net\/?p=29163#primaryimage","url":"https:\/\/www.altercampagne.net\/wp-content\/uploads\/2025\/07\/1753633223300.jpg","contentUrl":"https:\/\/www.altercampagne.net\/wp-content\/uploads\/2025\/07\/1753633223300.jpg","width":800,"height":676},{"@type":"BreadcrumbList","@id":"https:\/\/www.altercampagne.net\/?p=29163#breadcrumb","itemListElement":[{"@type":"ListItem","position":1,"name":"Accueil","item":"https:\/\/www.altercampagne.net\/"},{"@type":"ListItem","position":2,"name":"Dans la brume de la vall\u00e9e du C\u00e9l\u00e9"}]},{"@type":"WebSite","@id":"https:\/\/www.altercampagne.net\/#website","url":"https:\/\/www.altercampagne.net\/","name":"AlterTour","description":"Reliez les Alternatives \u00e0 v\u00e9lo","potentialAction":[{"@type":"SearchAction","target":{"@type":"EntryPoint","urlTemplate":"https:\/\/www.altercampagne.net\/?s={search_term_string}"},"query-input":{"@type":"PropertyValueSpecification","valueRequired":true,"valueName":"search_term_string"}}],"inLanguage":"fr-FR"},{"@type":"Person","@id":"https:\/\/www.altercampagne.net\/#\/schema\/person\/3afde49d8c0be52224ae61fe720b4b19","name":"Marine R","image":{"@type":"ImageObject","inLanguage":"fr-FR","@id":"https:\/\/secure.gravatar.com\/avatar\/a3c4f944a184c737c95a33c9fc36f74b2637ea270671045d89722a608b50fd88?s=96&d=mm&r=g","url":"https:\/\/secure.gravatar.com\/avatar\/a3c4f944a184c737c95a33c9fc36f74b2637ea270671045d89722a608b50fd88?s=96&d=mm&r=g","contentUrl":"https:\/\/secure.gravatar.com\/avatar\/a3c4f944a184c737c95a33c9fc36f74b2637ea270671045d89722a608b50fd88?s=96&d=mm&r=g","caption":"Marine R"},"url":"https:\/\/www.altercampagne.net\/?author=198"}]}},"_links":{"self":[{"href":"https:\/\/www.altercampagne.net\/index.php?rest_route=\/wp\/v2\/posts\/29163","targetHints":{"allow":["GET"]}}],"collection":[{"href":"https:\/\/www.altercampagne.net\/index.php?rest_route=\/wp\/v2\/posts"}],"about":[{"href":"https:\/\/www.altercampagne.net\/index.php?rest_route=\/wp\/v2\/types\/post"}],"author":[{"embeddable":true,"href":"https:\/\/www.altercampagne.net\/index.php?rest_route=\/wp\/v2\/users\/198"}],"replies":[{"embeddable":true,"href":"https:\/\/www.altercampagne.net\/index.php?rest_route=%2Fwp%2Fv2%2Fcomments&post=29163"}],"version-history":[{"count":2,"href":"https:\/\/www.altercampagne.net\/index.php?rest_route=\/wp\/v2\/posts\/29163\/revisions"}],"predecessor-version":[{"id":29169,"href":"https:\/\/www.altercampagne.net\/index.php?rest_route=\/wp\/v2\/posts\/29163\/revisions\/29169"}],"wp:featuredmedia":[{"embeddable":true,"href":"https:\/\/www.altercampagne.net\/index.php?rest_route=\/wp\/v2\/media\/29168"}],"wp:attachment":[{"href":"https:\/\/www.altercampagne.net\/index.php?rest_route=%2Fwp%2Fv2%2Fmedia&parent=29163"}],"wp:term":[{"taxonomy":"category","embeddable":true,"href":"https:\/\/www.altercampagne.net\/index.php?rest_route=%2Fwp%2Fv2%2Fcategories&post=29163"},{"taxonomy":"post_tag","embeddable":true,"href":"https:\/\/www.altercampagne.net\/index.php?rest_route=%2Fwp%2Fv2%2Ftags&post=29163"}],"curies":[{"name":"wp","href":"https:\/\/api.w.org\/{rel}","templated":true}]}}