{"id":2918,"date":"2016-01-28T12:16:50","date_gmt":"2016-01-28T11:16:50","guid":{"rendered":"http:\/\/www.altercampagne.net\/?p=2918"},"modified":"2020-02-24T17:56:12","modified_gmt":"2020-02-24T16:56:12","slug":"altertour-2016-6eme-reunion-pleniere-de-preparation-les-6-et-7-novembre","status":"publish","type":"post","link":"https:\/\/www.altercampagne.net\/?p=2918","title":{"rendered":"AlterTour 2016 &#8211; 6\u00e8me r\u00e9union pl\u00e9ni\u00e8re de pr\u00e9paration les 6 et 7 f\u00e9vrier"},"content":{"rendered":"<p><a href=\"http:\/\/www.altercampagne.net\/wp-content\/uploads\/2016\/01\/6eme-pleniere.jpg\"><img loading=\"lazy\" decoding=\"async\" class=\" wp-image-2919 size-full aligncenter\" src=\"http:\/\/www.altercampagne.net\/wp-content\/uploads\/2016\/01\/6eme-pleniere.jpg\" alt=\"6eme-pleniere\" width=\"764\" height=\"509\"><\/a><span style=\"font-size: medium;\">La prochaine r\u00e9union pl\u00e9ni\u00e8re d&rsquo;organisation de l&rsquo;AlterTour 2016 aura lieu \u00e0 Paris les 6 et 7 f\u00e9vrier.<\/span><span style=\"font-size: medium;\"><br \/>\n<\/span><span style=\"font-size: medium;\"><br \/>\n<\/span><span style=\"font-size: medium;\">Attention elle se tiendra dans deux lieux diff\u00e9rents :<\/span><span style=\"font-size: medium;\"><br \/>\n<\/span><span style=\"font-size: medium;\"><br \/>\n<\/span><span style=\"font-size: medium;\">Le <\/span><span style=\"font-size: medium;\"><b>samedi de 9h30 \u00e0 18h:&nbsp;<\/b><\/span><span style=\"font-size: medium;\"><span style=\"color: #5133ab;\">\u00e0 <\/span><a href=\"http:\/\/www.andines.com\/\" target=\"_blank\" rel=\"noopener noreferrer\"><span style=\"color: #5133ab;\">Andines<\/span> <\/a><\/span><span style=\"font-size: medium;\">: <\/span><span style=\"font-size: medium;\">5 rue de la Poterie <\/span><span style=\"font-size: medium;\">&#8211; <\/span><span style=\"font-size: medium;\">93200 Saint Denis <\/span><span style=\"font-size: medium;\"><br \/>\n<\/span><span style=\"font-size: medium;\">Acc\u00e8s: tram 8 arr\u00eat Poterie, en 10 minutes depuis le m\u00e9tro 13 \u00ab\u00a0Porte de Paris\u00a0\u00bb ou RER D <\/span><span style=\"font-size: medium;\">\u00a0\u00bb Gare de Saint-Denis\u00a0\u00bb<\/span><\/p>\n<p><span style=\"font-size: medium;\">Le <\/span><span style=\"font-size: medium;\"><b>dimanche<\/b><\/span><span style=\"font-size: medium;\"> <b>de 9h30 \u00e0 16h<\/b> :<\/span><span style=\"font-size: medium;\"> <span style=\"color: #ac193d;\"><span style=\"color: #000000;\">au<\/span> <a href=\"http:\/\/www.cafesocial.org\/\" target=\"_blank\" rel=\"noopener noreferrer\">Caf\u00e9 Social<\/a> &#8211; <\/span><\/span><span style=\"font-size: medium;\">7 rue de Pali-Kao &#8211; <\/span><span style=\"font-size: medium;\">75020 Paris<br \/>\nM\u00e9tro Couronnes ou Belleville.<br \/>\n<\/span><\/p>\n<p><span style=\"font-size: medium;\"><strong>Au programme<\/strong> : le parcours 2016 ; la pr\u00e9paration des \u00e9tapes ; l&rsquo;affiche 2016 ; un temps de r\u00e9flexion sur le th\u00e8me 2016 : bien vivre, bien(s) commun(s) ; le week-end de r\u00e9paration des v\u00e9los ; retours sur la table ronde des tours cyclo-militants&#8230;<\/span><\/p>\n<p><span style=\"font-size: medium;\">Le samedi soir nous irons <a href=\"http:\/\/le.bringuebal.free.fr\/\" target=\"_blank\" rel=\"noopener noreferrer\"><b>danser au Bringuebal<\/b><\/a> au <a href=\"http:\/\/www.studio-ermitage.com\/agenda\/date\/le-bal-du-bringuebal-avec-laurent-madiot\" target=\"_blank\" rel=\"noopener noreferrer\">Studio de l&rsquo;Ermitage<\/a>, rue de l\u2019Ermitage dans le 20\u00e8me.<\/span><\/p>\n<p><span style=\"font-size: medium;\">Prochaines pl\u00e9ni\u00e8res les 6 et 7 mars \u00e0 Laval et 2 et 3 avril sur Paris.<span class=\"HOEnZb\"><span style=\"color: #888888;\"><br \/>\n<\/span><\/span><\/span><\/p>\n","protected":false},"excerpt":{"rendered":"<p>La prochaine r\u00e9union pl\u00e9ni\u00e8re d&rsquo;organisation de l&rsquo;AlterTour 2016 aura lieu \u00e0 Paris les 6 et 7 f\u00e9vrier. Attention elle se tiendra dans deux lieux diff\u00e9rents : Le samedi de 9h30 \u00e0 18h:&nbsp;\u00e0 Andines : 5 rue de la Poterie &#8211; 93200 Saint Denis Acc\u00e8s: tram 8 arr\u00eat Poterie, en 10 &#8230; <\/p>\n<div><a href=\"https:\/\/www.altercampagne.net\/?p=2918\" class=\"more-link\">Read More<\/a><\/div>\n","protected":false},"author":214,"featured_media":0,"comment_status":"closed","ping_status":"closed","sticky":false,"template":"","format":"standard","meta":{"footnotes":""},"categories":[3539],"tags":[51,383,474,477,521,548,715,716,717,718,822,1652,1668],"class_list":["post-2918","post","type-post","status-publish","format-standard","hentry","category-we-de-preparation","tag-andines","tag-altertour-2016","tag-bien-commun","tag-parcours-2016","tag-bien-vivre","tag-tours-cyclo-militants","tag-cafe-social","tag-affiche-2016","tag-bringuebal","tag-studio-de-lermitage","tag-biens-communs","tag-1652","tag-cyclo-militant","no-post-thumbnail"],"yoast_head":"<!-- This site is optimized with the Yoast SEO plugin v27.3 - https:\/\/yoast.com\/product\/yoast-seo-wordpress\/ -->\n<title>AlterTour 2016 - 6\u00e8me r\u00e9union pl\u00e9ni\u00e8re de pr\u00e9paration les 6 et 7 f\u00e9vrier - AlterTour<\/title>\n<meta name=\"robots\" content=\"index, follow, max-snippet:-1, max-image-preview:large, max-video-preview:-1\" \/>\n<link rel=\"canonical\" href=\"https:\/\/www.altercampagne.net\/?p=2918\" \/>\n<meta property=\"og:locale\" content=\"fr_FR\" \/>\n<meta property=\"og:type\" content=\"article\" \/>\n<meta property=\"og:title\" content=\"AlterTour 2016 - 6\u00e8me r\u00e9union pl\u00e9ni\u00e8re de pr\u00e9paration les 6 et 7 f\u00e9vrier - AlterTour\" \/>\n<meta property=\"og:description\" content=\"La prochaine r\u00e9union pl\u00e9ni\u00e8re d&rsquo;organisation de l&rsquo;AlterTour 2016 aura lieu \u00e0 Paris les 6 et 7 f\u00e9vrier. Attention elle se tiendra dans deux lieux diff\u00e9rents : Le samedi de 9h30 \u00e0 18h:&nbsp;\u00e0 Andines : 5 rue de la Poterie &#8211; 93200 Saint Denis Acc\u00e8s: tram 8 arr\u00eat Poterie, en 10 ... Read More\" \/>\n<meta property=\"og:url\" content=\"https:\/\/www.altercampagne.net\/?p=2918\" \/>\n<meta property=\"og:site_name\" content=\"AlterTour\" \/>\n<meta property=\"article:published_time\" content=\"2016-01-28T11:16:50+00:00\" \/>\n<meta property=\"article:modified_time\" content=\"2020-02-24T16:56:12+00:00\" \/>\n<meta property=\"og:image\" content=\"http:\/\/www.altercampagne.net\/wp-content\/uploads\/2016\/01\/6eme-pleniere.jpg\" \/>\n<meta name=\"author\" content=\"Mathieu\" \/>\n<meta name=\"twitter:card\" content=\"summary_large_image\" \/>\n<meta name=\"twitter:label1\" content=\"\u00c9crit par\" \/>\n\t<meta name=\"twitter:data1\" content=\"Mathieu\" \/>\n\t<meta name=\"twitter:label2\" content=\"Dur\u00e9e de lecture estim\u00e9e\" \/>\n\t<meta name=\"twitter:data2\" content=\"1 minute\" \/>\n<script type=\"application\/ld+json\" class=\"yoast-schema-graph\">{\"@context\":\"https:\\\/\\\/schema.org\",\"@graph\":[{\"@type\":\"Article\",\"@id\":\"https:\\\/\\\/www.altercampagne.net\\\/?p=2918#article\",\"isPartOf\":{\"@id\":\"https:\\\/\\\/www.altercampagne.net\\\/?p=2918\"},\"author\":{\"name\":\"Mathieu\",\"@id\":\"https:\\\/\\\/www.altercampagne.net\\\/#\\\/schema\\\/person\\\/0f261460c09e430caa0f9bcffa319109\"},\"headline\":\"AlterTour 2016 &#8211; 6\u00e8me r\u00e9union pl\u00e9ni\u00e8re de pr\u00e9paration les 6 et 7 f\u00e9vrier\",\"datePublished\":\"2016-01-28T11:16:50+00:00\",\"dateModified\":\"2020-02-24T16:56:12+00:00\",\"mainEntityOfPage\":{\"@id\":\"https:\\\/\\\/www.altercampagne.net\\\/?p=2918\"},\"wordCount\":172,\"image\":{\"@id\":\"https:\\\/\\\/www.altercampagne.net\\\/?p=2918#primaryimage\"},\"thumbnailUrl\":\"http:\\\/\\\/www.altercampagne.net\\\/wp-content\\\/uploads\\\/2016\\\/01\\\/6eme-pleniere.jpg\",\"keywords\":[\"Andines\",\"AlterTour 2016\",\"bien commun\",\"parcours 2016\",\"bien vivre\",\"tours cyclo-militants\",\"caf\u00e9 social\",\"affiche 2016\",\"bringuebal\",\"studio de l'ermitage\",\"biens communs\",\"2016\",\"cyclo-militant\"],\"articleSection\":[\"WE de pr\u00e9paration\"],\"inLanguage\":\"fr-FR\"},{\"@type\":\"WebPage\",\"@id\":\"https:\\\/\\\/www.altercampagne.net\\\/?p=2918\",\"url\":\"https:\\\/\\\/www.altercampagne.net\\\/?p=2918\",\"name\":\"AlterTour 2016 - 6\u00e8me r\u00e9union pl\u00e9ni\u00e8re de pr\u00e9paration les 6 et 7 f\u00e9vrier - AlterTour\",\"isPartOf\":{\"@id\":\"https:\\\/\\\/www.altercampagne.net\\\/#website\"},\"primaryImageOfPage\":{\"@id\":\"https:\\\/\\\/www.altercampagne.net\\\/?p=2918#primaryimage\"},\"image\":{\"@id\":\"https:\\\/\\\/www.altercampagne.net\\\/?p=2918#primaryimage\"},\"thumbnailUrl\":\"http:\\\/\\\/www.altercampagne.net\\\/wp-content\\\/uploads\\\/2016\\\/01\\\/6eme-pleniere.jpg\",\"datePublished\":\"2016-01-28T11:16:50+00:00\",\"dateModified\":\"2020-02-24T16:56:12+00:00\",\"author\":{\"@id\":\"https:\\\/\\\/www.altercampagne.net\\\/#\\\/schema\\\/person\\\/0f261460c09e430caa0f9bcffa319109\"},\"breadcrumb\":{\"@id\":\"https:\\\/\\\/www.altercampagne.net\\\/?p=2918#breadcrumb\"},\"inLanguage\":\"fr-FR\",\"potentialAction\":[{\"@type\":\"ReadAction\",\"target\":[\"https:\\\/\\\/www.altercampagne.net\\\/?p=2918\"]}]},{\"@type\":\"ImageObject\",\"inLanguage\":\"fr-FR\",\"@id\":\"https:\\\/\\\/www.altercampagne.net\\\/?p=2918#primaryimage\",\"url\":\"http:\\\/\\\/www.altercampagne.net\\\/wp-content\\\/uploads\\\/2016\\\/01\\\/6eme-pleniere.jpg\",\"contentUrl\":\"http:\\\/\\\/www.altercampagne.net\\\/wp-content\\\/uploads\\\/2016\\\/01\\\/6eme-pleniere.jpg\"},{\"@type\":\"BreadcrumbList\",\"@id\":\"https:\\\/\\\/www.altercampagne.net\\\/?p=2918#breadcrumb\",\"itemListElement\":[{\"@type\":\"ListItem\",\"position\":1,\"name\":\"Accueil\",\"item\":\"https:\\\/\\\/www.altercampagne.net\\\/\"},{\"@type\":\"ListItem\",\"position\":2,\"name\":\"AlterTour 2016 &#8211; 6\u00e8me r\u00e9union pl\u00e9ni\u00e8re de pr\u00e9paration les 6 et 7 f\u00e9vrier\"}]},{\"@type\":\"WebSite\",\"@id\":\"https:\\\/\\\/www.altercampagne.net\\\/#website\",\"url\":\"https:\\\/\\\/www.altercampagne.net\\\/\",\"name\":\"AlterTour\",\"description\":\"Reliez les Alternatives \u00e0 v\u00e9lo\",\"potentialAction\":[{\"@type\":\"SearchAction\",\"target\":{\"@type\":\"EntryPoint\",\"urlTemplate\":\"https:\\\/\\\/www.altercampagne.net\\\/?s={search_term_string}\"},\"query-input\":{\"@type\":\"PropertyValueSpecification\",\"valueRequired\":true,\"valueName\":\"search_term_string\"}}],\"inLanguage\":\"fr-FR\"},{\"@type\":\"Person\",\"@id\":\"https:\\\/\\\/www.altercampagne.net\\\/#\\\/schema\\\/person\\\/0f261460c09e430caa0f9bcffa319109\",\"name\":\"Mathieu\",\"image\":{\"@type\":\"ImageObject\",\"inLanguage\":\"fr-FR\",\"@id\":\"https:\\\/\\\/secure.gravatar.com\\\/avatar\\\/aa9d3d24c83f2141e5e2709d0f63d09a99f6be6bb7a50abc4915838d9f54501a?s=96&d=mm&r=g\",\"url\":\"https:\\\/\\\/secure.gravatar.com\\\/avatar\\\/aa9d3d24c83f2141e5e2709d0f63d09a99f6be6bb7a50abc4915838d9f54501a?s=96&d=mm&r=g\",\"contentUrl\":\"https:\\\/\\\/secure.gravatar.com\\\/avatar\\\/aa9d3d24c83f2141e5e2709d0f63d09a99f6be6bb7a50abc4915838d9f54501a?s=96&d=mm&r=g\",\"caption\":\"Mathieu\"},\"url\":\"https:\\\/\\\/www.altercampagne.net\\\/?author=214\"}]}<\/script>\n<!-- \/ Yoast SEO plugin. -->","yoast_head_json":{"title":"AlterTour 2016 - 6\u00e8me r\u00e9union pl\u00e9ni\u00e8re de pr\u00e9paration les 6 et 7 f\u00e9vrier - AlterTour","robots":{"index":"index","follow":"follow","max-snippet":"max-snippet:-1","max-image-preview":"max-image-preview:large","max-video-preview":"max-video-preview:-1"},"canonical":"https:\/\/www.altercampagne.net\/?p=2918","og_locale":"fr_FR","og_type":"article","og_title":"AlterTour 2016 - 6\u00e8me r\u00e9union pl\u00e9ni\u00e8re de pr\u00e9paration les 6 et 7 f\u00e9vrier - AlterTour","og_description":"La prochaine r\u00e9union pl\u00e9ni\u00e8re d&rsquo;organisation de l&rsquo;AlterTour 2016 aura lieu \u00e0 Paris les 6 et 7 f\u00e9vrier. Attention elle se tiendra dans deux lieux diff\u00e9rents : Le samedi de 9h30 \u00e0 18h:&nbsp;\u00e0 Andines : 5 rue de la Poterie &#8211; 93200 Saint Denis Acc\u00e8s: tram 8 arr\u00eat Poterie, en 10 ... Read More","og_url":"https:\/\/www.altercampagne.net\/?p=2918","og_site_name":"AlterTour","article_published_time":"2016-01-28T11:16:50+00:00","article_modified_time":"2020-02-24T16:56:12+00:00","og_image":[{"url":"http:\/\/www.altercampagne.net\/wp-content\/uploads\/2016\/01\/6eme-pleniere.jpg","type":"","width":"","height":""}],"author":"Mathieu","twitter_card":"summary_large_image","twitter_misc":{"\u00c9crit par":"Mathieu","Dur\u00e9e de lecture estim\u00e9e":"1 minute"},"schema":{"@context":"https:\/\/schema.org","@graph":[{"@type":"Article","@id":"https:\/\/www.altercampagne.net\/?p=2918#article","isPartOf":{"@id":"https:\/\/www.altercampagne.net\/?p=2918"},"author":{"name":"Mathieu","@id":"https:\/\/www.altercampagne.net\/#\/schema\/person\/0f261460c09e430caa0f9bcffa319109"},"headline":"AlterTour 2016 &#8211; 6\u00e8me r\u00e9union pl\u00e9ni\u00e8re de pr\u00e9paration les 6 et 7 f\u00e9vrier","datePublished":"2016-01-28T11:16:50+00:00","dateModified":"2020-02-24T16:56:12+00:00","mainEntityOfPage":{"@id":"https:\/\/www.altercampagne.net\/?p=2918"},"wordCount":172,"image":{"@id":"https:\/\/www.altercampagne.net\/?p=2918#primaryimage"},"thumbnailUrl":"http:\/\/www.altercampagne.net\/wp-content\/uploads\/2016\/01\/6eme-pleniere.jpg","keywords":["Andines","AlterTour 2016","bien commun","parcours 2016","bien vivre","tours cyclo-militants","caf\u00e9 social","affiche 2016","bringuebal","studio de l'ermitage","biens communs","2016","cyclo-militant"],"articleSection":["WE de pr\u00e9paration"],"inLanguage":"fr-FR"},{"@type":"WebPage","@id":"https:\/\/www.altercampagne.net\/?p=2918","url":"https:\/\/www.altercampagne.net\/?p=2918","name":"AlterTour 2016 - 6\u00e8me r\u00e9union pl\u00e9ni\u00e8re de pr\u00e9paration les 6 et 7 f\u00e9vrier - AlterTour","isPartOf":{"@id":"https:\/\/www.altercampagne.net\/#website"},"primaryImageOfPage":{"@id":"https:\/\/www.altercampagne.net\/?p=2918#primaryimage"},"image":{"@id":"https:\/\/www.altercampagne.net\/?p=2918#primaryimage"},"thumbnailUrl":"http:\/\/www.altercampagne.net\/wp-content\/uploads\/2016\/01\/6eme-pleniere.jpg","datePublished":"2016-01-28T11:16:50+00:00","dateModified":"2020-02-24T16:56:12+00:00","author":{"@id":"https:\/\/www.altercampagne.net\/#\/schema\/person\/0f261460c09e430caa0f9bcffa319109"},"breadcrumb":{"@id":"https:\/\/www.altercampagne.net\/?p=2918#breadcrumb"},"inLanguage":"fr-FR","potentialAction":[{"@type":"ReadAction","target":["https:\/\/www.altercampagne.net\/?p=2918"]}]},{"@type":"ImageObject","inLanguage":"fr-FR","@id":"https:\/\/www.altercampagne.net\/?p=2918#primaryimage","url":"http:\/\/www.altercampagne.net\/wp-content\/uploads\/2016\/01\/6eme-pleniere.jpg","contentUrl":"http:\/\/www.altercampagne.net\/wp-content\/uploads\/2016\/01\/6eme-pleniere.jpg"},{"@type":"BreadcrumbList","@id":"https:\/\/www.altercampagne.net\/?p=2918#breadcrumb","itemListElement":[{"@type":"ListItem","position":1,"name":"Accueil","item":"https:\/\/www.altercampagne.net\/"},{"@type":"ListItem","position":2,"name":"AlterTour 2016 &#8211; 6\u00e8me r\u00e9union pl\u00e9ni\u00e8re de pr\u00e9paration les 6 et 7 f\u00e9vrier"}]},{"@type":"WebSite","@id":"https:\/\/www.altercampagne.net\/#website","url":"https:\/\/www.altercampagne.net\/","name":"AlterTour","description":"Reliez les Alternatives \u00e0 v\u00e9lo","potentialAction":[{"@type":"SearchAction","target":{"@type":"EntryPoint","urlTemplate":"https:\/\/www.altercampagne.net\/?s={search_term_string}"},"query-input":{"@type":"PropertyValueSpecification","valueRequired":true,"valueName":"search_term_string"}}],"inLanguage":"fr-FR"},{"@type":"Person","@id":"https:\/\/www.altercampagne.net\/#\/schema\/person\/0f261460c09e430caa0f9bcffa319109","name":"Mathieu","image":{"@type":"ImageObject","inLanguage":"fr-FR","@id":"https:\/\/secure.gravatar.com\/avatar\/aa9d3d24c83f2141e5e2709d0f63d09a99f6be6bb7a50abc4915838d9f54501a?s=96&d=mm&r=g","url":"https:\/\/secure.gravatar.com\/avatar\/aa9d3d24c83f2141e5e2709d0f63d09a99f6be6bb7a50abc4915838d9f54501a?s=96&d=mm&r=g","contentUrl":"https:\/\/secure.gravatar.com\/avatar\/aa9d3d24c83f2141e5e2709d0f63d09a99f6be6bb7a50abc4915838d9f54501a?s=96&d=mm&r=g","caption":"Mathieu"},"url":"https:\/\/www.altercampagne.net\/?author=214"}]}},"_links":{"self":[{"href":"https:\/\/www.altercampagne.net\/index.php?rest_route=\/wp\/v2\/posts\/2918","targetHints":{"allow":["GET"]}}],"collection":[{"href":"https:\/\/www.altercampagne.net\/index.php?rest_route=\/wp\/v2\/posts"}],"about":[{"href":"https:\/\/www.altercampagne.net\/index.php?rest_route=\/wp\/v2\/types\/post"}],"author":[{"embeddable":true,"href":"https:\/\/www.altercampagne.net\/index.php?rest_route=\/wp\/v2\/users\/214"}],"replies":[{"embeddable":true,"href":"https:\/\/www.altercampagne.net\/index.php?rest_route=%2Fwp%2Fv2%2Fcomments&post=2918"}],"version-history":[{"count":1,"href":"https:\/\/www.altercampagne.net\/index.php?rest_route=\/wp\/v2\/posts\/2918\/revisions"}],"predecessor-version":[{"id":17499,"href":"https:\/\/www.altercampagne.net\/index.php?rest_route=\/wp\/v2\/posts\/2918\/revisions\/17499"}],"wp:attachment":[{"href":"https:\/\/www.altercampagne.net\/index.php?rest_route=%2Fwp%2Fv2%2Fmedia&parent=2918"}],"wp:term":[{"taxonomy":"category","embeddable":true,"href":"https:\/\/www.altercampagne.net\/index.php?rest_route=%2Fwp%2Fv2%2Fcategories&post=2918"},{"taxonomy":"post_tag","embeddable":true,"href":"https:\/\/www.altercampagne.net\/index.php?rest_route=%2Fwp%2Fv2%2Ftags&post=2918"}],"curies":[{"name":"wp","href":"https:\/\/api.w.org\/{rel}","templated":true}]}}