{"id":29196,"date":"2025-08-03T15:36:18","date_gmt":"2025-08-03T13:36:18","guid":{"rendered":"https:\/\/www.altercampagne.net\/?p=29196"},"modified":"2025-08-03T15:47:40","modified_gmt":"2025-08-03T13:47:40","slug":"29196","status":"publish","type":"post","link":"https:\/\/www.altercampagne.net\/?p=29196","title":{"rendered":"L&rsquo;AlterTour au parc solaire de C\u00e9l\u00e9watt"},"content":{"rendered":"\n<p>Ce dimanche \u00e0 l&rsquo;altertour, apr\u00e8s un r\u00e9veil en douceur par un petit choeur de bruitages original, \u00e9chauffement dynamique tous ensemble avant la 1ere mont\u00e9e. On dit aurevoir \u00e0 ceux qui repartent vers d&rsquo;autres horizons, les sonnettes chantent. On p\u00e9dale en effet sur de bonnes c\u00f4tes pour commencer, ponctu\u00e9es de quelques descentes tout de m\u00eame et on arrive au parc solaire de C\u00e9l\u00e9watt o\u00f9 on retrouve le maire de Brengues qui compl\u00e8te les explications de la veille. Ce parc photovoltaique sur support bois est con\u00e7u avec du local pour une bonne partie : les panneaux sont certes de Chine mais les bois sont des ch\u00eanes du Causse, \u00e0 quelques kilom\u00e8tres de l\u00e0 seulement.Construit en 2021 sur un terrain qui \u00e9tait destin\u00e9 \u00e0 faire un lotissement, il accueille aussi quelques brebis qui y p\u00e2turent et profitent de l&rsquo;ombre des panneaux quand il fait chaud. Respectueux de la biodiversit\u00e9 et du voisinage, seul la ventilation de l&rsquo;onduleur fait un peu de bruit, lequel est att\u00e9nu\u00e9, par un caisson. Financ\u00e9 par des locaux, et pleinement transparent, ce projet suscite la confiance localement. Si vendre cette \u00e9lectricit\u00e9 s&rsquo;av\u00e8re complexe, avec cette production locale il y a moins d&rsquo;\u00e9nergie import\u00e9e. Cette visite est int\u00e9ressante, nous constatons aussi que ce parc est entour\u00e9 de nature. Pour moi qui d\u00e9couvre tout cela, je me dis tout de m\u00eame que \u00ab\u00a0Sur les toits pas dans les bois\u00a0\u00bb reste coh\u00e9rent, \u00e0 condition que les toits existent d\u00e9j\u00e0 et ne soient pas construits dans le but de faire du photovoltaique. Cependant ce parc a sauv\u00e9 ce champ de villas donc n&rsquo;oublions pas que l&rsquo;analyse est \u00e0 faire au cas par cas, d&rsquo;autant que la vall\u00e9e du C\u00e9l\u00e9, class\u00e9e au patrimoine de l\u2019Unesco, interdit de mettre des panneaux sur les toits dans les villages, et comme rien n&rsquo;est subventionn\u00e9 par l\u2019Etat, le projet ne co\u00fbte rien au contribuable. Apr\u00e8s quelques tours de roues nous pique-niquons \u00e0 Larroque-Toirac, en contrebas d&rsquo;un chateau magnifique. L&rsquo;apr\u00e8s-midi, entre soleil et bonnes averses, nous longeons la vall\u00e9e du C\u00e9l\u00e9, splendide, verte et reposante, ponctu\u00e9e de villages tout aussi mignons les uns que les autres. Le campement, une fois install\u00e9 sous quelques gouttes de pluie, nous permet ensuite un temps de repos, de pr\u00e9paration du diner et d&rsquo;\u00e9changes.Une journ\u00e9e r\u00e9ussie. Vous voulez la recette ?Des consignes pr\u00e9cises de s\u00e9curit\u00e9 et des brieffings pour une bonne communication, m\u00e9lang\u00e9s \u00e0 des \u00e9changes int\u00e9ressants et constructifs, aujourd&rsquo;hui plut\u00f4t sur la th\u00e9matique de l&rsquo;\u00e9nergie, et une bonne dose de bonne humeur, d&rsquo;entraide et de bienveillance, saupoudr\u00e9es d&rsquo;une pinc\u00e9e d&rsquo;humour ! Une ambiance qu&rsquo;on aimerait retrouver partout ! <\/p>\n\n\n\n<figure class=\"wp-block-gallery has-nested-images columns-default is-cropped wp-block-gallery-1 is-layout-flex wp-block-gallery-is-layout-flex\">\n<figure class=\"wp-block-image size-large\"><a href=\"https:\/\/www.altercampagne.net\/wp-content\/uploads\/2025\/07\/20250727_105714-scaled.jpg\"><img loading=\"lazy\" decoding=\"async\" width=\"1024\" height=\"967\" data-id=\"29172\" src=\"https:\/\/www.altercampagne.net\/wp-content\/uploads\/2025\/07\/20250727_105714-1024x967.jpg\" alt=\"\" class=\"wp-image-29172\" srcset=\"https:\/\/www.altercampagne.net\/wp-content\/uploads\/2025\/07\/20250727_105714-1024x967.jpg 1024w, https:\/\/www.altercampagne.net\/wp-content\/uploads\/2025\/07\/20250727_105714-300x283.jpg 300w, https:\/\/www.altercampagne.net\/wp-content\/uploads\/2025\/07\/20250727_105714-768x725.jpg 768w, https:\/\/www.altercampagne.net\/wp-content\/uploads\/2025\/07\/20250727_105714-1536x1450.jpg 1536w, https:\/\/www.altercampagne.net\/wp-content\/uploads\/2025\/07\/20250727_105714-2048x1934.jpg 2048w, https:\/\/www.altercampagne.net\/wp-content\/uploads\/2025\/07\/20250727_105714-100x94.jpg 100w, https:\/\/www.altercampagne.net\/wp-content\/uploads\/2025\/07\/20250727_105714-862x814.jpg 862w, https:\/\/www.altercampagne.net\/wp-content\/uploads\/2025\/07\/20250727_105714-1140x1076.jpg 1140w\" sizes=\"auto, (max-width: 1024px) 100vw, 1024px\" \/><\/a><\/figure>\n\n\n\n<figure class=\"wp-block-image size-large\"><a href=\"https:\/\/www.altercampagne.net\/wp-content\/uploads\/2025\/07\/20250727_120054-scaled.jpg\"><img loading=\"lazy\" decoding=\"async\" width=\"1024\" height=\"768\" data-id=\"29173\" src=\"https:\/\/www.altercampagne.net\/wp-content\/uploads\/2025\/07\/20250727_120054-1024x768.jpg\" alt=\"\" class=\"wp-image-29173\" srcset=\"https:\/\/www.altercampagne.net\/wp-content\/uploads\/2025\/07\/20250727_120054-1024x768.jpg 1024w, https:\/\/www.altercampagne.net\/wp-content\/uploads\/2025\/07\/20250727_120054-300x225.jpg 300w, https:\/\/www.altercampagne.net\/wp-content\/uploads\/2025\/07\/20250727_120054-768x576.jpg 768w, https:\/\/www.altercampagne.net\/wp-content\/uploads\/2025\/07\/20250727_120054-1536x1152.jpg 1536w, https:\/\/www.altercampagne.net\/wp-content\/uploads\/2025\/07\/20250727_120054-2048x1536.jpg 2048w, https:\/\/www.altercampagne.net\/wp-content\/uploads\/2025\/07\/20250727_120054-100x75.jpg 100w, https:\/\/www.altercampagne.net\/wp-content\/uploads\/2025\/07\/20250727_120054-862x647.jpg 862w, https:\/\/www.altercampagne.net\/wp-content\/uploads\/2025\/07\/20250727_120054-1140x855.jpg 1140w\" sizes=\"auto, (max-width: 1024px) 100vw, 1024px\" \/><\/a><\/figure>\n\n\n\n<figure class=\"wp-block-image size-large\"><a href=\"https:\/\/www.altercampagne.net\/wp-content\/uploads\/2025\/07\/20250727_105843-scaled.jpg\"><img loading=\"lazy\" decoding=\"async\" width=\"1024\" height=\"768\" data-id=\"29171\" src=\"https:\/\/www.altercampagne.net\/wp-content\/uploads\/2025\/07\/20250727_105843-1024x768.jpg\" alt=\"\" class=\"wp-image-29171\" srcset=\"https:\/\/www.altercampagne.net\/wp-content\/uploads\/2025\/07\/20250727_105843-1024x768.jpg 1024w, https:\/\/www.altercampagne.net\/wp-content\/uploads\/2025\/07\/20250727_105843-300x225.jpg 300w, https:\/\/www.altercampagne.net\/wp-content\/uploads\/2025\/07\/20250727_105843-768x576.jpg 768w, https:\/\/www.altercampagne.net\/wp-content\/uploads\/2025\/07\/20250727_105843-1536x1152.jpg 1536w, https:\/\/www.altercampagne.net\/wp-content\/uploads\/2025\/07\/20250727_105843-2048x1536.jpg 2048w, https:\/\/www.altercampagne.net\/wp-content\/uploads\/2025\/07\/20250727_105843-100x75.jpg 100w, https:\/\/www.altercampagne.net\/wp-content\/uploads\/2025\/07\/20250727_105843-862x647.jpg 862w, https:\/\/www.altercampagne.net\/wp-content\/uploads\/2025\/07\/20250727_105843-1140x855.jpg 1140w\" sizes=\"auto, (max-width: 1024px) 100vw, 1024px\" \/><\/a><\/figure>\n<\/figure>\n","protected":false},"excerpt":{"rendered":"<p>Ce dimanche \u00e0 l&rsquo;altertour, apr\u00e8s un r\u00e9veil en douceur par un petit choeur de bruitages original, \u00e9chauffement dynamique tous ensemble avant la 1ere mont\u00e9e. On dit aurevoir \u00e0 ceux qui repartent vers d&rsquo;autres horizons, les sonnettes chantent. On p\u00e9dale en effet sur de bonnes c\u00f4tes pour commencer, ponctu\u00e9es de quelques &#8230; <\/p>\n<div><a href=\"https:\/\/www.altercampagne.net\/?p=29196\" class=\"more-link\">Read More<\/a><\/div>\n","protected":false},"author":198,"featured_media":29174,"comment_status":"closed","ping_status":"closed","sticky":false,"template":"","format":"standard","meta":{"footnotes":""},"categories":[4511,4313,3487,3479,1],"tags":[],"class_list":["post-29196","post","type-post","status-publish","format-standard","has-post-thumbnail","hentry","category-edition-2025","category-altertour","category-energie","category-nouvelle-aquitaine","category-non-classe"],"yoast_head":"<!-- This site is optimized with the Yoast SEO plugin v27.3 - https:\/\/yoast.com\/product\/yoast-seo-wordpress\/ -->\n<title>L&#039;AlterTour au parc solaire de C\u00e9l\u00e9watt - AlterTour<\/title>\n<meta name=\"robots\" content=\"index, follow, max-snippet:-1, max-image-preview:large, max-video-preview:-1\" \/>\n<link rel=\"canonical\" href=\"https:\/\/www.altercampagne.net\/?p=29196\" \/>\n<meta property=\"og:locale\" content=\"fr_FR\" \/>\n<meta property=\"og:type\" content=\"article\" \/>\n<meta property=\"og:title\" content=\"L&#039;AlterTour au parc solaire de C\u00e9l\u00e9watt - AlterTour\" \/>\n<meta property=\"og:description\" content=\"Ce dimanche \u00e0 l&rsquo;altertour, apr\u00e8s un r\u00e9veil en douceur par un petit choeur de bruitages original, \u00e9chauffement dynamique tous ensemble avant la 1ere mont\u00e9e. On dit aurevoir \u00e0 ceux qui repartent vers d&rsquo;autres horizons, les sonnettes chantent. On p\u00e9dale en effet sur de bonnes c\u00f4tes pour commencer, ponctu\u00e9es de quelques ... Read More\" \/>\n<meta property=\"og:url\" content=\"https:\/\/www.altercampagne.net\/?p=29196\" \/>\n<meta property=\"og:site_name\" content=\"AlterTour\" \/>\n<meta property=\"article:published_time\" content=\"2025-08-03T13:36:18+00:00\" \/>\n<meta property=\"article:modified_time\" content=\"2025-08-03T13:47:40+00:00\" \/>\n<meta property=\"og:image\" content=\"https:\/\/www.altercampagne.net\/wp-content\/uploads\/2025\/07\/20250727_102716-scaled.jpg\" \/>\n\t<meta property=\"og:image:width\" content=\"2560\" \/>\n\t<meta property=\"og:image:height\" content=\"2256\" \/>\n\t<meta property=\"og:image:type\" content=\"image\/jpeg\" \/>\n<meta name=\"author\" content=\"Marine R\" \/>\n<meta name=\"twitter:card\" content=\"summary_large_image\" \/>\n<meta name=\"twitter:label1\" content=\"\u00c9crit par\" \/>\n\t<meta name=\"twitter:data1\" content=\"Marine R\" \/>\n\t<meta name=\"twitter:label2\" content=\"Dur\u00e9e de lecture estim\u00e9e\" \/>\n\t<meta name=\"twitter:data2\" content=\"3 minutes\" \/>\n<script type=\"application\/ld+json\" class=\"yoast-schema-graph\">{\"@context\":\"https:\\\/\\\/schema.org\",\"@graph\":[{\"@type\":\"Article\",\"@id\":\"https:\\\/\\\/www.altercampagne.net\\\/?p=29196#article\",\"isPartOf\":{\"@id\":\"https:\\\/\\\/www.altercampagne.net\\\/?p=29196\"},\"author\":{\"name\":\"Marine R\",\"@id\":\"https:\\\/\\\/www.altercampagne.net\\\/#\\\/schema\\\/person\\\/3afde49d8c0be52224ae61fe720b4b19\"},\"headline\":\"L&rsquo;AlterTour au parc solaire de C\u00e9l\u00e9watt\",\"datePublished\":\"2025-08-03T13:36:18+00:00\",\"dateModified\":\"2025-08-03T13:47:40+00:00\",\"mainEntityOfPage\":{\"@id\":\"https:\\\/\\\/www.altercampagne.net\\\/?p=29196\"},\"wordCount\":488,\"image\":{\"@id\":\"https:\\\/\\\/www.altercampagne.net\\\/?p=29196#primaryimage\"},\"thumbnailUrl\":\"https:\\\/\\\/www.altercampagne.net\\\/wp-content\\\/uploads\\\/2025\\\/07\\\/20250727_102716-scaled.jpg\",\"articleSection\":[\"\u00c9dition 2025\",\"AlterTour\",\"\u00c9nergie\",\"Nouvelle-Aquitaine\"],\"inLanguage\":\"fr-FR\"},{\"@type\":\"WebPage\",\"@id\":\"https:\\\/\\\/www.altercampagne.net\\\/?p=29196\",\"url\":\"https:\\\/\\\/www.altercampagne.net\\\/?p=29196\",\"name\":\"L'AlterTour au parc solaire de C\u00e9l\u00e9watt - AlterTour\",\"isPartOf\":{\"@id\":\"https:\\\/\\\/www.altercampagne.net\\\/#website\"},\"primaryImageOfPage\":{\"@id\":\"https:\\\/\\\/www.altercampagne.net\\\/?p=29196#primaryimage\"},\"image\":{\"@id\":\"https:\\\/\\\/www.altercampagne.net\\\/?p=29196#primaryimage\"},\"thumbnailUrl\":\"https:\\\/\\\/www.altercampagne.net\\\/wp-content\\\/uploads\\\/2025\\\/07\\\/20250727_102716-scaled.jpg\",\"datePublished\":\"2025-08-03T13:36:18+00:00\",\"dateModified\":\"2025-08-03T13:47:40+00:00\",\"author\":{\"@id\":\"https:\\\/\\\/www.altercampagne.net\\\/#\\\/schema\\\/person\\\/3afde49d8c0be52224ae61fe720b4b19\"},\"breadcrumb\":{\"@id\":\"https:\\\/\\\/www.altercampagne.net\\\/?p=29196#breadcrumb\"},\"inLanguage\":\"fr-FR\",\"potentialAction\":[{\"@type\":\"ReadAction\",\"target\":[\"https:\\\/\\\/www.altercampagne.net\\\/?p=29196\"]}]},{\"@type\":\"ImageObject\",\"inLanguage\":\"fr-FR\",\"@id\":\"https:\\\/\\\/www.altercampagne.net\\\/?p=29196#primaryimage\",\"url\":\"https:\\\/\\\/www.altercampagne.net\\\/wp-content\\\/uploads\\\/2025\\\/07\\\/20250727_102716-scaled.jpg\",\"contentUrl\":\"https:\\\/\\\/www.altercampagne.net\\\/wp-content\\\/uploads\\\/2025\\\/07\\\/20250727_102716-scaled.jpg\",\"width\":2560,\"height\":2256},{\"@type\":\"BreadcrumbList\",\"@id\":\"https:\\\/\\\/www.altercampagne.net\\\/?p=29196#breadcrumb\",\"itemListElement\":[{\"@type\":\"ListItem\",\"position\":1,\"name\":\"Accueil\",\"item\":\"https:\\\/\\\/www.altercampagne.net\\\/\"},{\"@type\":\"ListItem\",\"position\":2,\"name\":\"L&rsquo;AlterTour au parc solaire de C\u00e9l\u00e9watt\"}]},{\"@type\":\"WebSite\",\"@id\":\"https:\\\/\\\/www.altercampagne.net\\\/#website\",\"url\":\"https:\\\/\\\/www.altercampagne.net\\\/\",\"name\":\"AlterTour\",\"description\":\"Reliez les Alternatives \u00e0 v\u00e9lo\",\"potentialAction\":[{\"@type\":\"SearchAction\",\"target\":{\"@type\":\"EntryPoint\",\"urlTemplate\":\"https:\\\/\\\/www.altercampagne.net\\\/?s={search_term_string}\"},\"query-input\":{\"@type\":\"PropertyValueSpecification\",\"valueRequired\":true,\"valueName\":\"search_term_string\"}}],\"inLanguage\":\"fr-FR\"},{\"@type\":\"Person\",\"@id\":\"https:\\\/\\\/www.altercampagne.net\\\/#\\\/schema\\\/person\\\/3afde49d8c0be52224ae61fe720b4b19\",\"name\":\"Marine R\",\"image\":{\"@type\":\"ImageObject\",\"inLanguage\":\"fr-FR\",\"@id\":\"https:\\\/\\\/secure.gravatar.com\\\/avatar\\\/a3c4f944a184c737c95a33c9fc36f74b2637ea270671045d89722a608b50fd88?s=96&d=mm&r=g\",\"url\":\"https:\\\/\\\/secure.gravatar.com\\\/avatar\\\/a3c4f944a184c737c95a33c9fc36f74b2637ea270671045d89722a608b50fd88?s=96&d=mm&r=g\",\"contentUrl\":\"https:\\\/\\\/secure.gravatar.com\\\/avatar\\\/a3c4f944a184c737c95a33c9fc36f74b2637ea270671045d89722a608b50fd88?s=96&d=mm&r=g\",\"caption\":\"Marine R\"},\"url\":\"https:\\\/\\\/www.altercampagne.net\\\/?author=198\"}]}<\/script>\n<!-- \/ Yoast SEO plugin. -->","yoast_head_json":{"title":"L'AlterTour au parc solaire de C\u00e9l\u00e9watt - AlterTour","robots":{"index":"index","follow":"follow","max-snippet":"max-snippet:-1","max-image-preview":"max-image-preview:large","max-video-preview":"max-video-preview:-1"},"canonical":"https:\/\/www.altercampagne.net\/?p=29196","og_locale":"fr_FR","og_type":"article","og_title":"L'AlterTour au parc solaire de C\u00e9l\u00e9watt - AlterTour","og_description":"Ce dimanche \u00e0 l&rsquo;altertour, apr\u00e8s un r\u00e9veil en douceur par un petit choeur de bruitages original, \u00e9chauffement dynamique tous ensemble avant la 1ere mont\u00e9e. On dit aurevoir \u00e0 ceux qui repartent vers d&rsquo;autres horizons, les sonnettes chantent. On p\u00e9dale en effet sur de bonnes c\u00f4tes pour commencer, ponctu\u00e9es de quelques ... Read More","og_url":"https:\/\/www.altercampagne.net\/?p=29196","og_site_name":"AlterTour","article_published_time":"2025-08-03T13:36:18+00:00","article_modified_time":"2025-08-03T13:47:40+00:00","og_image":[{"width":2560,"height":2256,"url":"https:\/\/www.altercampagne.net\/wp-content\/uploads\/2025\/07\/20250727_102716-scaled.jpg","type":"image\/jpeg"}],"author":"Marine R","twitter_card":"summary_large_image","twitter_misc":{"\u00c9crit par":"Marine R","Dur\u00e9e de lecture estim\u00e9e":"3 minutes"},"schema":{"@context":"https:\/\/schema.org","@graph":[{"@type":"Article","@id":"https:\/\/www.altercampagne.net\/?p=29196#article","isPartOf":{"@id":"https:\/\/www.altercampagne.net\/?p=29196"},"author":{"name":"Marine R","@id":"https:\/\/www.altercampagne.net\/#\/schema\/person\/3afde49d8c0be52224ae61fe720b4b19"},"headline":"L&rsquo;AlterTour au parc solaire de C\u00e9l\u00e9watt","datePublished":"2025-08-03T13:36:18+00:00","dateModified":"2025-08-03T13:47:40+00:00","mainEntityOfPage":{"@id":"https:\/\/www.altercampagne.net\/?p=29196"},"wordCount":488,"image":{"@id":"https:\/\/www.altercampagne.net\/?p=29196#primaryimage"},"thumbnailUrl":"https:\/\/www.altercampagne.net\/wp-content\/uploads\/2025\/07\/20250727_102716-scaled.jpg","articleSection":["\u00c9dition 2025","AlterTour","\u00c9nergie","Nouvelle-Aquitaine"],"inLanguage":"fr-FR"},{"@type":"WebPage","@id":"https:\/\/www.altercampagne.net\/?p=29196","url":"https:\/\/www.altercampagne.net\/?p=29196","name":"L'AlterTour au parc solaire de C\u00e9l\u00e9watt - AlterTour","isPartOf":{"@id":"https:\/\/www.altercampagne.net\/#website"},"primaryImageOfPage":{"@id":"https:\/\/www.altercampagne.net\/?p=29196#primaryimage"},"image":{"@id":"https:\/\/www.altercampagne.net\/?p=29196#primaryimage"},"thumbnailUrl":"https:\/\/www.altercampagne.net\/wp-content\/uploads\/2025\/07\/20250727_102716-scaled.jpg","datePublished":"2025-08-03T13:36:18+00:00","dateModified":"2025-08-03T13:47:40+00:00","author":{"@id":"https:\/\/www.altercampagne.net\/#\/schema\/person\/3afde49d8c0be52224ae61fe720b4b19"},"breadcrumb":{"@id":"https:\/\/www.altercampagne.net\/?p=29196#breadcrumb"},"inLanguage":"fr-FR","potentialAction":[{"@type":"ReadAction","target":["https:\/\/www.altercampagne.net\/?p=29196"]}]},{"@type":"ImageObject","inLanguage":"fr-FR","@id":"https:\/\/www.altercampagne.net\/?p=29196#primaryimage","url":"https:\/\/www.altercampagne.net\/wp-content\/uploads\/2025\/07\/20250727_102716-scaled.jpg","contentUrl":"https:\/\/www.altercampagne.net\/wp-content\/uploads\/2025\/07\/20250727_102716-scaled.jpg","width":2560,"height":2256},{"@type":"BreadcrumbList","@id":"https:\/\/www.altercampagne.net\/?p=29196#breadcrumb","itemListElement":[{"@type":"ListItem","position":1,"name":"Accueil","item":"https:\/\/www.altercampagne.net\/"},{"@type":"ListItem","position":2,"name":"L&rsquo;AlterTour au parc solaire de C\u00e9l\u00e9watt"}]},{"@type":"WebSite","@id":"https:\/\/www.altercampagne.net\/#website","url":"https:\/\/www.altercampagne.net\/","name":"AlterTour","description":"Reliez les Alternatives \u00e0 v\u00e9lo","potentialAction":[{"@type":"SearchAction","target":{"@type":"EntryPoint","urlTemplate":"https:\/\/www.altercampagne.net\/?s={search_term_string}"},"query-input":{"@type":"PropertyValueSpecification","valueRequired":true,"valueName":"search_term_string"}}],"inLanguage":"fr-FR"},{"@type":"Person","@id":"https:\/\/www.altercampagne.net\/#\/schema\/person\/3afde49d8c0be52224ae61fe720b4b19","name":"Marine R","image":{"@type":"ImageObject","inLanguage":"fr-FR","@id":"https:\/\/secure.gravatar.com\/avatar\/a3c4f944a184c737c95a33c9fc36f74b2637ea270671045d89722a608b50fd88?s=96&d=mm&r=g","url":"https:\/\/secure.gravatar.com\/avatar\/a3c4f944a184c737c95a33c9fc36f74b2637ea270671045d89722a608b50fd88?s=96&d=mm&r=g","contentUrl":"https:\/\/secure.gravatar.com\/avatar\/a3c4f944a184c737c95a33c9fc36f74b2637ea270671045d89722a608b50fd88?s=96&d=mm&r=g","caption":"Marine R"},"url":"https:\/\/www.altercampagne.net\/?author=198"}]}},"_links":{"self":[{"href":"https:\/\/www.altercampagne.net\/index.php?rest_route=\/wp\/v2\/posts\/29196","targetHints":{"allow":["GET"]}}],"collection":[{"href":"https:\/\/www.altercampagne.net\/index.php?rest_route=\/wp\/v2\/posts"}],"about":[{"href":"https:\/\/www.altercampagne.net\/index.php?rest_route=\/wp\/v2\/types\/post"}],"author":[{"embeddable":true,"href":"https:\/\/www.altercampagne.net\/index.php?rest_route=\/wp\/v2\/users\/198"}],"replies":[{"embeddable":true,"href":"https:\/\/www.altercampagne.net\/index.php?rest_route=%2Fwp%2Fv2%2Fcomments&post=29196"}],"version-history":[{"count":3,"href":"https:\/\/www.altercampagne.net\/index.php?rest_route=\/wp\/v2\/posts\/29196\/revisions"}],"predecessor-version":[{"id":29201,"href":"https:\/\/www.altercampagne.net\/index.php?rest_route=\/wp\/v2\/posts\/29196\/revisions\/29201"}],"wp:featuredmedia":[{"embeddable":true,"href":"https:\/\/www.altercampagne.net\/index.php?rest_route=\/wp\/v2\/media\/29174"}],"wp:attachment":[{"href":"https:\/\/www.altercampagne.net\/index.php?rest_route=%2Fwp%2Fv2%2Fmedia&parent=29196"}],"wp:term":[{"taxonomy":"category","embeddable":true,"href":"https:\/\/www.altercampagne.net\/index.php?rest_route=%2Fwp%2Fv2%2Fcategories&post=29196"},{"taxonomy":"post_tag","embeddable":true,"href":"https:\/\/www.altercampagne.net\/index.php?rest_route=%2Fwp%2Fv2%2Ftags&post=29196"}],"curies":[{"name":"wp","href":"https:\/\/api.w.org\/{rel}","templated":true}]}}