{"id":29202,"date":"2025-08-03T16:27:21","date_gmt":"2025-08-03T14:27:21","guid":{"rendered":"https:\/\/www.altercampagne.net\/?p=29202"},"modified":"2025-08-04T10:55:44","modified_gmt":"2025-08-04T08:55:44","slug":"rencontre-avec-lassociation-environnemental-lot-cele","status":"publish","type":"post","link":"https:\/\/www.altercampagne.net\/?p=29202","title":{"rendered":"Rencontre avec l&rsquo;association environnementale Lot-C\u00e9l\u00e9"},"content":{"rendered":"\n<p>Apr\u00e8s la pluie, le beau temps nous accueille pour le reveil du 28 juillet \u00e0 Ceneviere pour rencontrer l&rsquo;AELC et Sous les panneaux la rage et participer \u00e0 la \u00ab\u00a0Fete locale sans total\u00a0\u00bb organis\u00e9e l&rsquo;apres midi. L&rsquo;AELC (association environnementale Lot-C\u00e9l\u00e9) lutte depuis 2022 pour la protection du PNR (Parc naturel regional) des causses du Quercy et contre un projet d&rsquo;amenagement d&rsquo;une centrale photovoltaique de 20ha par TotalEnergies sur le causse en milieu naturel.Cette association a \u00e9t\u00e9 cr\u00e9\u00e9e pour porter les recours juridiques contre les permis de construire et de defrichage &#8211; d\u00e9livr\u00e9s par la Prefecture malgr\u00e9 les avis n\u00e9gatifs de la plupart des communes concern\u00e9es, du Pnr et de l&rsquo;autorit\u00e9 environnementale. Ces recours ont \u00e9t\u00e9 debout\u00e9s pour des motifs de forme et non de fond. Le recours en cassation contre le permis de d\u00e9frichage sera jug\u00e9 en septembre. Le collectif sous les panneaux la rage lutte lui  aussi contre le projet mais par de la d\u00e9sob\u00e9issance civile. Ce projet pourrait \u00eatre la porte ouverte \u00e0 de nouveaux parcs photovoltaiques le long des 20km de la ligne de raccordement. Les deux collectifs proposent de privilegier les petits parcs et une energie locale et non detriment de la biodiversit\u00e9 &#8211; le slogan de l&rsquo;association est \u00ab\u00a0sur les toits pas dans les bois\u00a0\u00bb.Pour lutter contre ce projet et continuer la  la lutte en septembre, moment o\u00f9 reprend la fenetre de d\u00e9frichage permise par la loi, un march\u00e9 d&rsquo;initiatives locales \u00e9tait organis\u00e9e avec notamment la cr\u00e9ation de banderoles masques et slogans pour les prochaines manifestations. Des balades \u00e0 la d\u00e9couverte du patrimoine local et naturl \u00e9taient aussi organis\u00e9s. <\/p>\n\n\n\n<p>Pour en savoir plus : &#8211; collectif \u00a0\u00bb photo-r\u00e9volt\u00e9s\u00a0\u00bb- livre \u00a0\u00bb les marchands de soleil &#8211; sur la montagne de Lure. &#8211; site de l&rsquo;AELC : https:\/\/solairelot.fr\/<\/p>\n\n\n\n<p>Alterjournaliste : Julie<\/p>\n\n\n\n<figure class=\"wp-block-gallery has-nested-images columns-default is-cropped wp-block-gallery-1 is-layout-flex wp-block-gallery-is-layout-flex\">\n<figure class=\"wp-block-image size-large\"><a href=\"https:\/\/www.altercampagne.net\/wp-content\/uploads\/2025\/08\/20250728_163035_resized.jpg\"><img loading=\"lazy\" decoding=\"async\" width=\"1024\" height=\"768\" data-id=\"29206\" src=\"https:\/\/www.altercampagne.net\/wp-content\/uploads\/2025\/08\/20250728_163035_resized-1024x768.jpg\" alt=\"\" class=\"wp-image-29206\" srcset=\"https:\/\/www.altercampagne.net\/wp-content\/uploads\/2025\/08\/20250728_163035_resized-1024x768.jpg 1024w, https:\/\/www.altercampagne.net\/wp-content\/uploads\/2025\/08\/20250728_163035_resized-300x225.jpg 300w, https:\/\/www.altercampagne.net\/wp-content\/uploads\/2025\/08\/20250728_163035_resized-768x576.jpg 768w, https:\/\/www.altercampagne.net\/wp-content\/uploads\/2025\/08\/20250728_163035_resized-1536x1152.jpg 1536w, https:\/\/www.altercampagne.net\/wp-content\/uploads\/2025\/08\/20250728_163035_resized-100x75.jpg 100w, https:\/\/www.altercampagne.net\/wp-content\/uploads\/2025\/08\/20250728_163035_resized-862x647.jpg 862w, https:\/\/www.altercampagne.net\/wp-content\/uploads\/2025\/08\/20250728_163035_resized-1140x855.jpg 1140w, https:\/\/www.altercampagne.net\/wp-content\/uploads\/2025\/08\/20250728_163035_resized.jpg 2000w\" sizes=\"auto, (max-width: 1024px) 100vw, 1024px\" \/><\/a><\/figure>\n\n\n\n<figure class=\"wp-block-image size-large\"><a href=\"https:\/\/www.altercampagne.net\/wp-content\/uploads\/2025\/08\/20250728_151450_resized.jpg\"><img loading=\"lazy\" decoding=\"async\" width=\"1024\" height=\"768\" data-id=\"29207\" src=\"https:\/\/www.altercampagne.net\/wp-content\/uploads\/2025\/08\/20250728_151450_resized-1024x768.jpg\" alt=\"\" class=\"wp-image-29207\" srcset=\"https:\/\/www.altercampagne.net\/wp-content\/uploads\/2025\/08\/20250728_151450_resized-1024x768.jpg 1024w, https:\/\/www.altercampagne.net\/wp-content\/uploads\/2025\/08\/20250728_151450_resized-300x225.jpg 300w, https:\/\/www.altercampagne.net\/wp-content\/uploads\/2025\/08\/20250728_151450_resized-768x576.jpg 768w, https:\/\/www.altercampagne.net\/wp-content\/uploads\/2025\/08\/20250728_151450_resized-1536x1152.jpg 1536w, https:\/\/www.altercampagne.net\/wp-content\/uploads\/2025\/08\/20250728_151450_resized-100x75.jpg 100w, https:\/\/www.altercampagne.net\/wp-content\/uploads\/2025\/08\/20250728_151450_resized-862x647.jpg 862w, https:\/\/www.altercampagne.net\/wp-content\/uploads\/2025\/08\/20250728_151450_resized-1140x855.jpg 1140w, https:\/\/www.altercampagne.net\/wp-content\/uploads\/2025\/08\/20250728_151450_resized.jpg 2000w\" sizes=\"auto, (max-width: 1024px) 100vw, 1024px\" \/><\/a><\/figure>\n\n\n\n<figure class=\"wp-block-image size-large\"><a href=\"https:\/\/www.altercampagne.net\/wp-content\/uploads\/2025\/08\/20250728_163028_resized.jpg\"><img loading=\"lazy\" decoding=\"async\" width=\"1024\" height=\"768\" data-id=\"29208\" src=\"https:\/\/www.altercampagne.net\/wp-content\/uploads\/2025\/08\/20250728_163028_resized-1024x768.jpg\" alt=\"\" class=\"wp-image-29208\" srcset=\"https:\/\/www.altercampagne.net\/wp-content\/uploads\/2025\/08\/20250728_163028_resized-1024x768.jpg 1024w, https:\/\/www.altercampagne.net\/wp-content\/uploads\/2025\/08\/20250728_163028_resized-300x225.jpg 300w, https:\/\/www.altercampagne.net\/wp-content\/uploads\/2025\/08\/20250728_163028_resized-768x576.jpg 768w, https:\/\/www.altercampagne.net\/wp-content\/uploads\/2025\/08\/20250728_163028_resized-1536x1152.jpg 1536w, https:\/\/www.altercampagne.net\/wp-content\/uploads\/2025\/08\/20250728_163028_resized-100x75.jpg 100w, https:\/\/www.altercampagne.net\/wp-content\/uploads\/2025\/08\/20250728_163028_resized-862x647.jpg 862w, https:\/\/www.altercampagne.net\/wp-content\/uploads\/2025\/08\/20250728_163028_resized-1140x855.jpg 1140w, https:\/\/www.altercampagne.net\/wp-content\/uploads\/2025\/08\/20250728_163028_resized.jpg 2000w\" sizes=\"auto, (max-width: 1024px) 100vw, 1024px\" \/><\/a><\/figure>\n<\/figure>\n","protected":false},"excerpt":{"rendered":"<p>Apr\u00e8s la pluie, le beau temps nous accueille pour le reveil du 28 juillet \u00e0 Ceneviere pour rencontrer l&rsquo;AELC et Sous les panneaux la rage et participer \u00e0 la \u00ab\u00a0Fete locale sans total\u00a0\u00bb organis\u00e9e l&rsquo;apres midi. L&rsquo;AELC (association environnementale Lot-C\u00e9l\u00e9) lutte depuis 2022 pour la protection du PNR (Parc naturel &#8230; <\/p>\n<div><a href=\"https:\/\/www.altercampagne.net\/?p=29202\" class=\"more-link\">Read More<\/a><\/div>\n","protected":false},"author":198,"featured_media":29208,"comment_status":"closed","ping_status":"closed","sticky":false,"template":"","format":"standard","meta":{"footnotes":""},"categories":[4511,4313,3487,3479,3542],"tags":[],"class_list":["post-29202","post","type-post","status-publish","format-standard","has-post-thumbnail","hentry","category-edition-2025","category-altertour","category-energie","category-nouvelle-aquitaine","category-lutte"],"yoast_head":"<!-- This site is optimized with the Yoast SEO plugin v27.3 - https:\/\/yoast.com\/product\/yoast-seo-wordpress\/ -->\n<title>Rencontre avec l&#039;association environnementale Lot-C\u00e9l\u00e9 - AlterTour<\/title>\n<meta name=\"robots\" content=\"index, follow, max-snippet:-1, max-image-preview:large, max-video-preview:-1\" \/>\n<link rel=\"canonical\" href=\"https:\/\/www.altercampagne.net\/?p=29202\" \/>\n<meta property=\"og:locale\" content=\"fr_FR\" \/>\n<meta property=\"og:type\" content=\"article\" \/>\n<meta property=\"og:title\" content=\"Rencontre avec l&#039;association environnementale Lot-C\u00e9l\u00e9 - AlterTour\" \/>\n<meta property=\"og:description\" content=\"Apr\u00e8s la pluie, le beau temps nous accueille pour le reveil du 28 juillet \u00e0 Ceneviere pour rencontrer l&rsquo;AELC et Sous les panneaux la rage et participer \u00e0 la \u00ab\u00a0Fete locale sans total\u00a0\u00bb organis\u00e9e l&rsquo;apres midi. L&rsquo;AELC (association environnementale Lot-C\u00e9l\u00e9) lutte depuis 2022 pour la protection du PNR (Parc naturel ... Read More\" \/>\n<meta property=\"og:url\" content=\"https:\/\/www.altercampagne.net\/?p=29202\" \/>\n<meta property=\"og:site_name\" content=\"AlterTour\" \/>\n<meta property=\"article:published_time\" content=\"2025-08-03T14:27:21+00:00\" \/>\n<meta property=\"article:modified_time\" content=\"2025-08-04T08:55:44+00:00\" \/>\n<meta property=\"og:image\" content=\"https:\/\/www.altercampagne.net\/wp-content\/uploads\/2025\/08\/20250728_163028_resized.jpg\" \/>\n\t<meta property=\"og:image:width\" content=\"2000\" \/>\n\t<meta property=\"og:image:height\" content=\"1500\" \/>\n\t<meta property=\"og:image:type\" content=\"image\/jpeg\" \/>\n<meta name=\"author\" content=\"Marine R\" \/>\n<meta name=\"twitter:card\" content=\"summary_large_image\" \/>\n<meta name=\"twitter:label1\" content=\"\u00c9crit par\" \/>\n\t<meta name=\"twitter:data1\" content=\"Marine R\" \/>\n\t<meta name=\"twitter:label2\" content=\"Dur\u00e9e de lecture estim\u00e9e\" \/>\n\t<meta name=\"twitter:data2\" content=\"3 minutes\" \/>\n<script type=\"application\/ld+json\" class=\"yoast-schema-graph\">{\"@context\":\"https:\\\/\\\/schema.org\",\"@graph\":[{\"@type\":\"Article\",\"@id\":\"https:\\\/\\\/www.altercampagne.net\\\/?p=29202#article\",\"isPartOf\":{\"@id\":\"https:\\\/\\\/www.altercampagne.net\\\/?p=29202\"},\"author\":{\"name\":\"Marine R\",\"@id\":\"https:\\\/\\\/www.altercampagne.net\\\/#\\\/schema\\\/person\\\/3afde49d8c0be52224ae61fe720b4b19\"},\"headline\":\"Rencontre avec l&rsquo;association environnementale Lot-C\u00e9l\u00e9\",\"datePublished\":\"2025-08-03T14:27:21+00:00\",\"dateModified\":\"2025-08-04T08:55:44+00:00\",\"mainEntityOfPage\":{\"@id\":\"https:\\\/\\\/www.altercampagne.net\\\/?p=29202\"},\"wordCount\":323,\"image\":{\"@id\":\"https:\\\/\\\/www.altercampagne.net\\\/?p=29202#primaryimage\"},\"thumbnailUrl\":\"https:\\\/\\\/www.altercampagne.net\\\/wp-content\\\/uploads\\\/2025\\\/08\\\/20250728_163028_resized.jpg\",\"articleSection\":[\"\u00c9dition 2025\",\"AlterTour\",\"\u00c9nergie\",\"Nouvelle-Aquitaine\",\"Lutte\"],\"inLanguage\":\"fr-FR\"},{\"@type\":\"WebPage\",\"@id\":\"https:\\\/\\\/www.altercampagne.net\\\/?p=29202\",\"url\":\"https:\\\/\\\/www.altercampagne.net\\\/?p=29202\",\"name\":\"Rencontre avec l'association environnementale Lot-C\u00e9l\u00e9 - AlterTour\",\"isPartOf\":{\"@id\":\"https:\\\/\\\/www.altercampagne.net\\\/#website\"},\"primaryImageOfPage\":{\"@id\":\"https:\\\/\\\/www.altercampagne.net\\\/?p=29202#primaryimage\"},\"image\":{\"@id\":\"https:\\\/\\\/www.altercampagne.net\\\/?p=29202#primaryimage\"},\"thumbnailUrl\":\"https:\\\/\\\/www.altercampagne.net\\\/wp-content\\\/uploads\\\/2025\\\/08\\\/20250728_163028_resized.jpg\",\"datePublished\":\"2025-08-03T14:27:21+00:00\",\"dateModified\":\"2025-08-04T08:55:44+00:00\",\"author\":{\"@id\":\"https:\\\/\\\/www.altercampagne.net\\\/#\\\/schema\\\/person\\\/3afde49d8c0be52224ae61fe720b4b19\"},\"breadcrumb\":{\"@id\":\"https:\\\/\\\/www.altercampagne.net\\\/?p=29202#breadcrumb\"},\"inLanguage\":\"fr-FR\",\"potentialAction\":[{\"@type\":\"ReadAction\",\"target\":[\"https:\\\/\\\/www.altercampagne.net\\\/?p=29202\"]}]},{\"@type\":\"ImageObject\",\"inLanguage\":\"fr-FR\",\"@id\":\"https:\\\/\\\/www.altercampagne.net\\\/?p=29202#primaryimage\",\"url\":\"https:\\\/\\\/www.altercampagne.net\\\/wp-content\\\/uploads\\\/2025\\\/08\\\/20250728_163028_resized.jpg\",\"contentUrl\":\"https:\\\/\\\/www.altercampagne.net\\\/wp-content\\\/uploads\\\/2025\\\/08\\\/20250728_163028_resized.jpg\",\"width\":2000,\"height\":1500},{\"@type\":\"BreadcrumbList\",\"@id\":\"https:\\\/\\\/www.altercampagne.net\\\/?p=29202#breadcrumb\",\"itemListElement\":[{\"@type\":\"ListItem\",\"position\":1,\"name\":\"Accueil\",\"item\":\"https:\\\/\\\/www.altercampagne.net\\\/\"},{\"@type\":\"ListItem\",\"position\":2,\"name\":\"Rencontre avec l&rsquo;association environnementale Lot-C\u00e9l\u00e9\"}]},{\"@type\":\"WebSite\",\"@id\":\"https:\\\/\\\/www.altercampagne.net\\\/#website\",\"url\":\"https:\\\/\\\/www.altercampagne.net\\\/\",\"name\":\"AlterTour\",\"description\":\"Reliez les Alternatives \u00e0 v\u00e9lo\",\"potentialAction\":[{\"@type\":\"SearchAction\",\"target\":{\"@type\":\"EntryPoint\",\"urlTemplate\":\"https:\\\/\\\/www.altercampagne.net\\\/?s={search_term_string}\"},\"query-input\":{\"@type\":\"PropertyValueSpecification\",\"valueRequired\":true,\"valueName\":\"search_term_string\"}}],\"inLanguage\":\"fr-FR\"},{\"@type\":\"Person\",\"@id\":\"https:\\\/\\\/www.altercampagne.net\\\/#\\\/schema\\\/person\\\/3afde49d8c0be52224ae61fe720b4b19\",\"name\":\"Marine R\",\"image\":{\"@type\":\"ImageObject\",\"inLanguage\":\"fr-FR\",\"@id\":\"https:\\\/\\\/secure.gravatar.com\\\/avatar\\\/a3c4f944a184c737c95a33c9fc36f74b2637ea270671045d89722a608b50fd88?s=96&d=mm&r=g\",\"url\":\"https:\\\/\\\/secure.gravatar.com\\\/avatar\\\/a3c4f944a184c737c95a33c9fc36f74b2637ea270671045d89722a608b50fd88?s=96&d=mm&r=g\",\"contentUrl\":\"https:\\\/\\\/secure.gravatar.com\\\/avatar\\\/a3c4f944a184c737c95a33c9fc36f74b2637ea270671045d89722a608b50fd88?s=96&d=mm&r=g\",\"caption\":\"Marine R\"},\"url\":\"https:\\\/\\\/www.altercampagne.net\\\/?author=198\"}]}<\/script>\n<!-- \/ Yoast SEO plugin. -->","yoast_head_json":{"title":"Rencontre avec l'association environnementale Lot-C\u00e9l\u00e9 - AlterTour","robots":{"index":"index","follow":"follow","max-snippet":"max-snippet:-1","max-image-preview":"max-image-preview:large","max-video-preview":"max-video-preview:-1"},"canonical":"https:\/\/www.altercampagne.net\/?p=29202","og_locale":"fr_FR","og_type":"article","og_title":"Rencontre avec l'association environnementale Lot-C\u00e9l\u00e9 - AlterTour","og_description":"Apr\u00e8s la pluie, le beau temps nous accueille pour le reveil du 28 juillet \u00e0 Ceneviere pour rencontrer l&rsquo;AELC et Sous les panneaux la rage et participer \u00e0 la \u00ab\u00a0Fete locale sans total\u00a0\u00bb organis\u00e9e l&rsquo;apres midi. L&rsquo;AELC (association environnementale Lot-C\u00e9l\u00e9) lutte depuis 2022 pour la protection du PNR (Parc naturel ... Read More","og_url":"https:\/\/www.altercampagne.net\/?p=29202","og_site_name":"AlterTour","article_published_time":"2025-08-03T14:27:21+00:00","article_modified_time":"2025-08-04T08:55:44+00:00","og_image":[{"width":2000,"height":1500,"url":"https:\/\/www.altercampagne.net\/wp-content\/uploads\/2025\/08\/20250728_163028_resized.jpg","type":"image\/jpeg"}],"author":"Marine R","twitter_card":"summary_large_image","twitter_misc":{"\u00c9crit par":"Marine R","Dur\u00e9e de lecture estim\u00e9e":"3 minutes"},"schema":{"@context":"https:\/\/schema.org","@graph":[{"@type":"Article","@id":"https:\/\/www.altercampagne.net\/?p=29202#article","isPartOf":{"@id":"https:\/\/www.altercampagne.net\/?p=29202"},"author":{"name":"Marine R","@id":"https:\/\/www.altercampagne.net\/#\/schema\/person\/3afde49d8c0be52224ae61fe720b4b19"},"headline":"Rencontre avec l&rsquo;association environnementale Lot-C\u00e9l\u00e9","datePublished":"2025-08-03T14:27:21+00:00","dateModified":"2025-08-04T08:55:44+00:00","mainEntityOfPage":{"@id":"https:\/\/www.altercampagne.net\/?p=29202"},"wordCount":323,"image":{"@id":"https:\/\/www.altercampagne.net\/?p=29202#primaryimage"},"thumbnailUrl":"https:\/\/www.altercampagne.net\/wp-content\/uploads\/2025\/08\/20250728_163028_resized.jpg","articleSection":["\u00c9dition 2025","AlterTour","\u00c9nergie","Nouvelle-Aquitaine","Lutte"],"inLanguage":"fr-FR"},{"@type":"WebPage","@id":"https:\/\/www.altercampagne.net\/?p=29202","url":"https:\/\/www.altercampagne.net\/?p=29202","name":"Rencontre avec l'association environnementale Lot-C\u00e9l\u00e9 - AlterTour","isPartOf":{"@id":"https:\/\/www.altercampagne.net\/#website"},"primaryImageOfPage":{"@id":"https:\/\/www.altercampagne.net\/?p=29202#primaryimage"},"image":{"@id":"https:\/\/www.altercampagne.net\/?p=29202#primaryimage"},"thumbnailUrl":"https:\/\/www.altercampagne.net\/wp-content\/uploads\/2025\/08\/20250728_163028_resized.jpg","datePublished":"2025-08-03T14:27:21+00:00","dateModified":"2025-08-04T08:55:44+00:00","author":{"@id":"https:\/\/www.altercampagne.net\/#\/schema\/person\/3afde49d8c0be52224ae61fe720b4b19"},"breadcrumb":{"@id":"https:\/\/www.altercampagne.net\/?p=29202#breadcrumb"},"inLanguage":"fr-FR","potentialAction":[{"@type":"ReadAction","target":["https:\/\/www.altercampagne.net\/?p=29202"]}]},{"@type":"ImageObject","inLanguage":"fr-FR","@id":"https:\/\/www.altercampagne.net\/?p=29202#primaryimage","url":"https:\/\/www.altercampagne.net\/wp-content\/uploads\/2025\/08\/20250728_163028_resized.jpg","contentUrl":"https:\/\/www.altercampagne.net\/wp-content\/uploads\/2025\/08\/20250728_163028_resized.jpg","width":2000,"height":1500},{"@type":"BreadcrumbList","@id":"https:\/\/www.altercampagne.net\/?p=29202#breadcrumb","itemListElement":[{"@type":"ListItem","position":1,"name":"Accueil","item":"https:\/\/www.altercampagne.net\/"},{"@type":"ListItem","position":2,"name":"Rencontre avec l&rsquo;association environnementale Lot-C\u00e9l\u00e9"}]},{"@type":"WebSite","@id":"https:\/\/www.altercampagne.net\/#website","url":"https:\/\/www.altercampagne.net\/","name":"AlterTour","description":"Reliez les Alternatives \u00e0 v\u00e9lo","potentialAction":[{"@type":"SearchAction","target":{"@type":"EntryPoint","urlTemplate":"https:\/\/www.altercampagne.net\/?s={search_term_string}"},"query-input":{"@type":"PropertyValueSpecification","valueRequired":true,"valueName":"search_term_string"}}],"inLanguage":"fr-FR"},{"@type":"Person","@id":"https:\/\/www.altercampagne.net\/#\/schema\/person\/3afde49d8c0be52224ae61fe720b4b19","name":"Marine R","image":{"@type":"ImageObject","inLanguage":"fr-FR","@id":"https:\/\/secure.gravatar.com\/avatar\/a3c4f944a184c737c95a33c9fc36f74b2637ea270671045d89722a608b50fd88?s=96&d=mm&r=g","url":"https:\/\/secure.gravatar.com\/avatar\/a3c4f944a184c737c95a33c9fc36f74b2637ea270671045d89722a608b50fd88?s=96&d=mm&r=g","contentUrl":"https:\/\/secure.gravatar.com\/avatar\/a3c4f944a184c737c95a33c9fc36f74b2637ea270671045d89722a608b50fd88?s=96&d=mm&r=g","caption":"Marine R"},"url":"https:\/\/www.altercampagne.net\/?author=198"}]}},"_links":{"self":[{"href":"https:\/\/www.altercampagne.net\/index.php?rest_route=\/wp\/v2\/posts\/29202","targetHints":{"allow":["GET"]}}],"collection":[{"href":"https:\/\/www.altercampagne.net\/index.php?rest_route=\/wp\/v2\/posts"}],"about":[{"href":"https:\/\/www.altercampagne.net\/index.php?rest_route=\/wp\/v2\/types\/post"}],"author":[{"embeddable":true,"href":"https:\/\/www.altercampagne.net\/index.php?rest_route=\/wp\/v2\/users\/198"}],"replies":[{"embeddable":true,"href":"https:\/\/www.altercampagne.net\/index.php?rest_route=%2Fwp%2Fv2%2Fcomments&post=29202"}],"version-history":[{"count":5,"href":"https:\/\/www.altercampagne.net\/index.php?rest_route=\/wp\/v2\/posts\/29202\/revisions"}],"predecessor-version":[{"id":29213,"href":"https:\/\/www.altercampagne.net\/index.php?rest_route=\/wp\/v2\/posts\/29202\/revisions\/29213"}],"wp:featuredmedia":[{"embeddable":true,"href":"https:\/\/www.altercampagne.net\/index.php?rest_route=\/wp\/v2\/media\/29208"}],"wp:attachment":[{"href":"https:\/\/www.altercampagne.net\/index.php?rest_route=%2Fwp%2Fv2%2Fmedia&parent=29202"}],"wp:term":[{"taxonomy":"category","embeddable":true,"href":"https:\/\/www.altercampagne.net\/index.php?rest_route=%2Fwp%2Fv2%2Fcategories&post=29202"},{"taxonomy":"post_tag","embeddable":true,"href":"https:\/\/www.altercampagne.net\/index.php?rest_route=%2Fwp%2Fv2%2Ftags&post=29202"}],"curies":[{"name":"wp","href":"https:\/\/api.w.org\/{rel}","templated":true}]}}