{"id":29214,"date":"2025-08-04T11:03:28","date_gmt":"2025-08-04T09:03:28","guid":{"rendered":"https:\/\/www.altercampagne.net\/?p=29214"},"modified":"2025-08-04T11:03:29","modified_gmt":"2025-08-04T09:03:29","slug":"a-loasis-des-ages-le-22-23-juillet","status":"publish","type":"post","link":"https:\/\/www.altercampagne.net\/?p=29214","title":{"rendered":"A l&rsquo;Oasis des \u00e2ges, le 22 &amp; 23 juillet"},"content":{"rendered":"\n<p>Le hameau des \u00e2ges, abandonn\u00e9 dans les ann\u00e9es 70, a vu se succ\u00e9der plusieurs projets collectifs. Ce furent d\u2019abord colonies de vacances qui s\u2019y install\u00e8rent puis un projet d\u2019\u00e9colieu Oasis. Les habitants actuels ont repris le flambeau de leurs pr\u00e9d\u00e9cesseurs en 2022. Ils et elles se sont rencontr\u00e9s lors de la 1\u00e8re \u00e9dition du parcours \u00ab&nbsp;Coop\u00e9rations Fertiles&nbsp;\u00bb en octobre 2020. Cette formation a marqu\u00e9 le d\u00e9but de leur amiti\u00e9 et de leur envie de s\u2019ancrer ensemble dans un lieu d\u00e9di\u00e9 \u00e0 la transition \u00e9cologique et au vivre ensemble.<\/p>\n\n\n\n<p>Concr\u00e8tement, le hameau est constitu\u00e9 de b\u00e2timents d\u2019habitations qui ont \u00e9t\u00e9 r\u00e9nov\u00e9s lors de chantiers participatifs, d\u2019un \u00ab&nbsp;th\u00e9\u00e2tre&nbsp;\u00bb qui sert \u00e9galement de salle de pratique de yoga ou danse, d\u2019un cabinet para-m\u00e9dical partag\u00e9 par des praticiens ext\u00e9rieurs (ost\u00e9opathe, r\u00e9flexologue, sage femme), et d\u2019une biblioth\u00e8que partag\u00e9e o\u00f9 les habitants mettent \u00e0 disposition les livres qui les ont marqu\u00e9s. Il y a \u00e9galement deux g\u00eetes de quinze personnes qui servent essentiellement \u00e0 accueillir des groupes en formation et constituent la principale source de revenu pour financer l\u2019Oasis. Et n\u2019oublions pas le caf\u00e9 associatif&nbsp;en libre service ! C\u2019est un espace cosy avec sa chemin\u00e9e, ses canap\u00e9s et ses jeux o\u00f9 l\u2019on peut aller se servir soi-m\u00eame un caf\u00e9, une bi\u00e8re ou m\u00eame un esquimau v\u00e9gan (pour les besoins de l\u2019investigation journalistique nous avons tenu \u00e0 go\u00fbter tous les parfums&nbsp;: chocolat verveine, cacahu\u00e8te, noix, violette). Il accueille r\u00e9guli\u00e8rement des soir\u00e9es pizzas et autres activit\u00e9s th\u00e9matiques propos\u00e9es par les b\u00e9n\u00e9voles pour cr\u00e9er du lien sur le territoire.<\/p>\n\n\n\n<p>Le collectif est actuellement compos\u00e9 de 9 adultes et 2 b\u00e9b\u00e9s (Iels cherchent \u00e0 accueillir encore quelques foyers, avis aux int\u00e9ress\u00e9.e.s&nbsp;!). Il y a un boulanger, un p\u00e9pini\u00e9riste, un menuisier, une professeure de yoga, une formatrice et un constructeur de tiny house. La gestion du lieu est b\u00e9n\u00e9vole et le tout le monde a r\u00e9serv\u00e9 ses lundis pour cela. Entre la gestion logistique, la coh\u00e9sion du groupe et les chantiers qui continuent, il y a de quoi faire.<\/p>\n\n\n\n<p>C\u2019est l\u2019\u00e9tape id\u00e9ale pour se reposer une journ\u00e9e enti\u00e8re apr\u00e8s plusieurs quatre jours de v\u00e9lo. Le matin on file un coup de main au lieu en rangeant 20 st\u00e8res de bois pour l\u2019hiver. Il y a \u00e9galement en parall\u00e8le un atelier r\u00e9paration de v\u00e9lo et une r\u00e9vision des gestes de premier secours. L\u2019apr\u00e8s-midi, des initiations sont propos\u00e9es par des altercyclistes. On va ainsi pouvoir s\u2019essayer \u00e0 l\u2019acro yoga, au massage tha\u00ef et au tango. On apprend aussi la chanson polyphonique \u00ab&nbsp;De l\u2019eau&nbsp;\u00bb, cr\u00e9\u00e9e dans le contexte de la lutte contre les m\u00e9ga bassines et que l\u2019on va essayer de se transmettre tout le long du tour. Cette belle journ\u00e9e, bien que pluvieuse sur la fin, s\u2019ach\u00e8ve en beaut\u00e9 avec une sc\u00e8ne ouverte de th\u00e9\u00e2tre d\u2019impro.<\/p>\n\n\n\n<p>Alterjournalistes : Z\u00e9lie et C\u00e9dric<\/p>\n","protected":false},"excerpt":{"rendered":"<p>Le hameau des \u00e2ges, abandonn\u00e9 dans les ann\u00e9es 70, a vu se succ\u00e9der plusieurs projets collectifs. Ce furent d\u2019abord colonies de vacances qui s\u2019y install\u00e8rent puis un projet d\u2019\u00e9colieu Oasis. Les habitants actuels ont repris le flambeau de leurs pr\u00e9d\u00e9cesseurs en 2022. Ils et elles se sont rencontr\u00e9s lors de &#8230; <\/p>\n<div><a href=\"https:\/\/www.altercampagne.net\/?p=29214\" class=\"more-link\">Read More<\/a><\/div>\n","protected":false},"author":198,"featured_media":29215,"comment_status":"closed","ping_status":"closed","sticky":false,"template":"","format":"standard","meta":{"footnotes":""},"categories":[4511,4313,3485,3488],"tags":[],"class_list":["post-29214","post","type-post","status-publish","format-standard","has-post-thumbnail","hentry","category-edition-2025","category-altertour","category-habitat","category-social"],"yoast_head":"<!-- This site is optimized with the Yoast SEO plugin v27.3 - https:\/\/yoast.com\/product\/yoast-seo-wordpress\/ -->\n<title>A l&#039;Oasis des \u00e2ges, le 22 &amp; 23 juillet - AlterTour<\/title>\n<meta name=\"robots\" content=\"index, follow, max-snippet:-1, max-image-preview:large, max-video-preview:-1\" \/>\n<link rel=\"canonical\" href=\"https:\/\/www.altercampagne.net\/?p=29214\" \/>\n<meta property=\"og:locale\" content=\"fr_FR\" \/>\n<meta property=\"og:type\" content=\"article\" \/>\n<meta property=\"og:title\" content=\"A l&#039;Oasis des \u00e2ges, le 22 &amp; 23 juillet - AlterTour\" \/>\n<meta property=\"og:description\" content=\"Le hameau des \u00e2ges, abandonn\u00e9 dans les ann\u00e9es 70, a vu se succ\u00e9der plusieurs projets collectifs. Ce furent d\u2019abord colonies de vacances qui s\u2019y install\u00e8rent puis un projet d\u2019\u00e9colieu Oasis. Les habitants actuels ont repris le flambeau de leurs pr\u00e9d\u00e9cesseurs en 2022. Ils et elles se sont rencontr\u00e9s lors de ... Read More\" \/>\n<meta property=\"og:url\" content=\"https:\/\/www.altercampagne.net\/?p=29214\" \/>\n<meta property=\"og:site_name\" content=\"AlterTour\" \/>\n<meta property=\"article:published_time\" content=\"2025-08-04T09:03:28+00:00\" \/>\n<meta property=\"article:modified_time\" content=\"2025-08-04T09:03:29+00:00\" \/>\n<meta property=\"og:image\" content=\"https:\/\/www.altercampagne.net\/wp-content\/uploads\/2025\/08\/1000012693.jpg\" \/>\n\t<meta property=\"og:image:width\" content=\"1600\" \/>\n\t<meta property=\"og:image:height\" content=\"1200\" \/>\n\t<meta property=\"og:image:type\" content=\"image\/jpeg\" \/>\n<meta name=\"author\" content=\"Marine R\" \/>\n<meta name=\"twitter:card\" content=\"summary_large_image\" \/>\n<meta name=\"twitter:label1\" content=\"\u00c9crit par\" \/>\n\t<meta name=\"twitter:data1\" content=\"Marine R\" \/>\n\t<meta name=\"twitter:label2\" content=\"Dur\u00e9e de lecture estim\u00e9e\" \/>\n\t<meta name=\"twitter:data2\" content=\"3 minutes\" \/>\n<script type=\"application\/ld+json\" class=\"yoast-schema-graph\">{\"@context\":\"https:\\\/\\\/schema.org\",\"@graph\":[{\"@type\":\"Article\",\"@id\":\"https:\\\/\\\/www.altercampagne.net\\\/?p=29214#article\",\"isPartOf\":{\"@id\":\"https:\\\/\\\/www.altercampagne.net\\\/?p=29214\"},\"author\":{\"name\":\"Marine R\",\"@id\":\"https:\\\/\\\/www.altercampagne.net\\\/#\\\/schema\\\/person\\\/3afde49d8c0be52224ae61fe720b4b19\"},\"headline\":\"A l&rsquo;Oasis des \u00e2ges, le 22 &amp; 23 juillet\",\"datePublished\":\"2025-08-04T09:03:28+00:00\",\"dateModified\":\"2025-08-04T09:03:29+00:00\",\"mainEntityOfPage\":{\"@id\":\"https:\\\/\\\/www.altercampagne.net\\\/?p=29214\"},\"wordCount\":555,\"image\":{\"@id\":\"https:\\\/\\\/www.altercampagne.net\\\/?p=29214#primaryimage\"},\"thumbnailUrl\":\"https:\\\/\\\/www.altercampagne.net\\\/wp-content\\\/uploads\\\/2025\\\/08\\\/1000012693.jpg\",\"articleSection\":[\"\u00c9dition 2025\",\"AlterTour\",\"Habitat\",\"Social\"],\"inLanguage\":\"fr-FR\"},{\"@type\":\"WebPage\",\"@id\":\"https:\\\/\\\/www.altercampagne.net\\\/?p=29214\",\"url\":\"https:\\\/\\\/www.altercampagne.net\\\/?p=29214\",\"name\":\"A l'Oasis des \u00e2ges, le 22 &amp; 23 juillet - AlterTour\",\"isPartOf\":{\"@id\":\"https:\\\/\\\/www.altercampagne.net\\\/#website\"},\"primaryImageOfPage\":{\"@id\":\"https:\\\/\\\/www.altercampagne.net\\\/?p=29214#primaryimage\"},\"image\":{\"@id\":\"https:\\\/\\\/www.altercampagne.net\\\/?p=29214#primaryimage\"},\"thumbnailUrl\":\"https:\\\/\\\/www.altercampagne.net\\\/wp-content\\\/uploads\\\/2025\\\/08\\\/1000012693.jpg\",\"datePublished\":\"2025-08-04T09:03:28+00:00\",\"dateModified\":\"2025-08-04T09:03:29+00:00\",\"author\":{\"@id\":\"https:\\\/\\\/www.altercampagne.net\\\/#\\\/schema\\\/person\\\/3afde49d8c0be52224ae61fe720b4b19\"},\"breadcrumb\":{\"@id\":\"https:\\\/\\\/www.altercampagne.net\\\/?p=29214#breadcrumb\"},\"inLanguage\":\"fr-FR\",\"potentialAction\":[{\"@type\":\"ReadAction\",\"target\":[\"https:\\\/\\\/www.altercampagne.net\\\/?p=29214\"]}]},{\"@type\":\"ImageObject\",\"inLanguage\":\"fr-FR\",\"@id\":\"https:\\\/\\\/www.altercampagne.net\\\/?p=29214#primaryimage\",\"url\":\"https:\\\/\\\/www.altercampagne.net\\\/wp-content\\\/uploads\\\/2025\\\/08\\\/1000012693.jpg\",\"contentUrl\":\"https:\\\/\\\/www.altercampagne.net\\\/wp-content\\\/uploads\\\/2025\\\/08\\\/1000012693.jpg\",\"width\":1600,\"height\":1200},{\"@type\":\"BreadcrumbList\",\"@id\":\"https:\\\/\\\/www.altercampagne.net\\\/?p=29214#breadcrumb\",\"itemListElement\":[{\"@type\":\"ListItem\",\"position\":1,\"name\":\"Accueil\",\"item\":\"https:\\\/\\\/www.altercampagne.net\\\/\"},{\"@type\":\"ListItem\",\"position\":2,\"name\":\"A l&rsquo;Oasis des \u00e2ges, le 22 &amp; 23 juillet\"}]},{\"@type\":\"WebSite\",\"@id\":\"https:\\\/\\\/www.altercampagne.net\\\/#website\",\"url\":\"https:\\\/\\\/www.altercampagne.net\\\/\",\"name\":\"AlterTour\",\"description\":\"Reliez les Alternatives \u00e0 v\u00e9lo\",\"potentialAction\":[{\"@type\":\"SearchAction\",\"target\":{\"@type\":\"EntryPoint\",\"urlTemplate\":\"https:\\\/\\\/www.altercampagne.net\\\/?s={search_term_string}\"},\"query-input\":{\"@type\":\"PropertyValueSpecification\",\"valueRequired\":true,\"valueName\":\"search_term_string\"}}],\"inLanguage\":\"fr-FR\"},{\"@type\":\"Person\",\"@id\":\"https:\\\/\\\/www.altercampagne.net\\\/#\\\/schema\\\/person\\\/3afde49d8c0be52224ae61fe720b4b19\",\"name\":\"Marine R\",\"image\":{\"@type\":\"ImageObject\",\"inLanguage\":\"fr-FR\",\"@id\":\"https:\\\/\\\/secure.gravatar.com\\\/avatar\\\/a3c4f944a184c737c95a33c9fc36f74b2637ea270671045d89722a608b50fd88?s=96&d=mm&r=g\",\"url\":\"https:\\\/\\\/secure.gravatar.com\\\/avatar\\\/a3c4f944a184c737c95a33c9fc36f74b2637ea270671045d89722a608b50fd88?s=96&d=mm&r=g\",\"contentUrl\":\"https:\\\/\\\/secure.gravatar.com\\\/avatar\\\/a3c4f944a184c737c95a33c9fc36f74b2637ea270671045d89722a608b50fd88?s=96&d=mm&r=g\",\"caption\":\"Marine R\"},\"url\":\"https:\\\/\\\/www.altercampagne.net\\\/?author=198\"}]}<\/script>\n<!-- \/ Yoast SEO plugin. -->","yoast_head_json":{"title":"A l'Oasis des \u00e2ges, le 22 &amp; 23 juillet - AlterTour","robots":{"index":"index","follow":"follow","max-snippet":"max-snippet:-1","max-image-preview":"max-image-preview:large","max-video-preview":"max-video-preview:-1"},"canonical":"https:\/\/www.altercampagne.net\/?p=29214","og_locale":"fr_FR","og_type":"article","og_title":"A l'Oasis des \u00e2ges, le 22 &amp; 23 juillet - AlterTour","og_description":"Le hameau des \u00e2ges, abandonn\u00e9 dans les ann\u00e9es 70, a vu se succ\u00e9der plusieurs projets collectifs. Ce furent d\u2019abord colonies de vacances qui s\u2019y install\u00e8rent puis un projet d\u2019\u00e9colieu Oasis. Les habitants actuels ont repris le flambeau de leurs pr\u00e9d\u00e9cesseurs en 2022. Ils et elles se sont rencontr\u00e9s lors de ... Read More","og_url":"https:\/\/www.altercampagne.net\/?p=29214","og_site_name":"AlterTour","article_published_time":"2025-08-04T09:03:28+00:00","article_modified_time":"2025-08-04T09:03:29+00:00","og_image":[{"width":1600,"height":1200,"url":"https:\/\/www.altercampagne.net\/wp-content\/uploads\/2025\/08\/1000012693.jpg","type":"image\/jpeg"}],"author":"Marine R","twitter_card":"summary_large_image","twitter_misc":{"\u00c9crit par":"Marine R","Dur\u00e9e de lecture estim\u00e9e":"3 minutes"},"schema":{"@context":"https:\/\/schema.org","@graph":[{"@type":"Article","@id":"https:\/\/www.altercampagne.net\/?p=29214#article","isPartOf":{"@id":"https:\/\/www.altercampagne.net\/?p=29214"},"author":{"name":"Marine R","@id":"https:\/\/www.altercampagne.net\/#\/schema\/person\/3afde49d8c0be52224ae61fe720b4b19"},"headline":"A l&rsquo;Oasis des \u00e2ges, le 22 &amp; 23 juillet","datePublished":"2025-08-04T09:03:28+00:00","dateModified":"2025-08-04T09:03:29+00:00","mainEntityOfPage":{"@id":"https:\/\/www.altercampagne.net\/?p=29214"},"wordCount":555,"image":{"@id":"https:\/\/www.altercampagne.net\/?p=29214#primaryimage"},"thumbnailUrl":"https:\/\/www.altercampagne.net\/wp-content\/uploads\/2025\/08\/1000012693.jpg","articleSection":["\u00c9dition 2025","AlterTour","Habitat","Social"],"inLanguage":"fr-FR"},{"@type":"WebPage","@id":"https:\/\/www.altercampagne.net\/?p=29214","url":"https:\/\/www.altercampagne.net\/?p=29214","name":"A l'Oasis des \u00e2ges, le 22 &amp; 23 juillet - AlterTour","isPartOf":{"@id":"https:\/\/www.altercampagne.net\/#website"},"primaryImageOfPage":{"@id":"https:\/\/www.altercampagne.net\/?p=29214#primaryimage"},"image":{"@id":"https:\/\/www.altercampagne.net\/?p=29214#primaryimage"},"thumbnailUrl":"https:\/\/www.altercampagne.net\/wp-content\/uploads\/2025\/08\/1000012693.jpg","datePublished":"2025-08-04T09:03:28+00:00","dateModified":"2025-08-04T09:03:29+00:00","author":{"@id":"https:\/\/www.altercampagne.net\/#\/schema\/person\/3afde49d8c0be52224ae61fe720b4b19"},"breadcrumb":{"@id":"https:\/\/www.altercampagne.net\/?p=29214#breadcrumb"},"inLanguage":"fr-FR","potentialAction":[{"@type":"ReadAction","target":["https:\/\/www.altercampagne.net\/?p=29214"]}]},{"@type":"ImageObject","inLanguage":"fr-FR","@id":"https:\/\/www.altercampagne.net\/?p=29214#primaryimage","url":"https:\/\/www.altercampagne.net\/wp-content\/uploads\/2025\/08\/1000012693.jpg","contentUrl":"https:\/\/www.altercampagne.net\/wp-content\/uploads\/2025\/08\/1000012693.jpg","width":1600,"height":1200},{"@type":"BreadcrumbList","@id":"https:\/\/www.altercampagne.net\/?p=29214#breadcrumb","itemListElement":[{"@type":"ListItem","position":1,"name":"Accueil","item":"https:\/\/www.altercampagne.net\/"},{"@type":"ListItem","position":2,"name":"A l&rsquo;Oasis des \u00e2ges, le 22 &amp; 23 juillet"}]},{"@type":"WebSite","@id":"https:\/\/www.altercampagne.net\/#website","url":"https:\/\/www.altercampagne.net\/","name":"AlterTour","description":"Reliez les Alternatives \u00e0 v\u00e9lo","potentialAction":[{"@type":"SearchAction","target":{"@type":"EntryPoint","urlTemplate":"https:\/\/www.altercampagne.net\/?s={search_term_string}"},"query-input":{"@type":"PropertyValueSpecification","valueRequired":true,"valueName":"search_term_string"}}],"inLanguage":"fr-FR"},{"@type":"Person","@id":"https:\/\/www.altercampagne.net\/#\/schema\/person\/3afde49d8c0be52224ae61fe720b4b19","name":"Marine R","image":{"@type":"ImageObject","inLanguage":"fr-FR","@id":"https:\/\/secure.gravatar.com\/avatar\/a3c4f944a184c737c95a33c9fc36f74b2637ea270671045d89722a608b50fd88?s=96&d=mm&r=g","url":"https:\/\/secure.gravatar.com\/avatar\/a3c4f944a184c737c95a33c9fc36f74b2637ea270671045d89722a608b50fd88?s=96&d=mm&r=g","contentUrl":"https:\/\/secure.gravatar.com\/avatar\/a3c4f944a184c737c95a33c9fc36f74b2637ea270671045d89722a608b50fd88?s=96&d=mm&r=g","caption":"Marine R"},"url":"https:\/\/www.altercampagne.net\/?author=198"}]}},"_links":{"self":[{"href":"https:\/\/www.altercampagne.net\/index.php?rest_route=\/wp\/v2\/posts\/29214","targetHints":{"allow":["GET"]}}],"collection":[{"href":"https:\/\/www.altercampagne.net\/index.php?rest_route=\/wp\/v2\/posts"}],"about":[{"href":"https:\/\/www.altercampagne.net\/index.php?rest_route=\/wp\/v2\/types\/post"}],"author":[{"embeddable":true,"href":"https:\/\/www.altercampagne.net\/index.php?rest_route=\/wp\/v2\/users\/198"}],"replies":[{"embeddable":true,"href":"https:\/\/www.altercampagne.net\/index.php?rest_route=%2Fwp%2Fv2%2Fcomments&post=29214"}],"version-history":[{"count":1,"href":"https:\/\/www.altercampagne.net\/index.php?rest_route=\/wp\/v2\/posts\/29214\/revisions"}],"predecessor-version":[{"id":29218,"href":"https:\/\/www.altercampagne.net\/index.php?rest_route=\/wp\/v2\/posts\/29214\/revisions\/29218"}],"wp:featuredmedia":[{"embeddable":true,"href":"https:\/\/www.altercampagne.net\/index.php?rest_route=\/wp\/v2\/media\/29215"}],"wp:attachment":[{"href":"https:\/\/www.altercampagne.net\/index.php?rest_route=%2Fwp%2Fv2%2Fmedia&parent=29214"}],"wp:term":[{"taxonomy":"category","embeddable":true,"href":"https:\/\/www.altercampagne.net\/index.php?rest_route=%2Fwp%2Fv2%2Fcategories&post=29214"},{"taxonomy":"post_tag","embeddable":true,"href":"https:\/\/www.altercampagne.net\/index.php?rest_route=%2Fwp%2Fv2%2Ftags&post=29214"}],"curies":[{"name":"wp","href":"https:\/\/api.w.org\/{rel}","templated":true}]}}