{"id":29219,"date":"2025-08-04T11:21:59","date_gmt":"2025-08-04T09:21:59","guid":{"rendered":"https:\/\/www.altercampagne.net\/?p=29219"},"modified":"2025-08-04T11:25:13","modified_gmt":"2025-08-04T09:25:13","slug":"sur-l-altertour-de-bio-a-listours-en-passant-par-figeac","status":"publish","type":"post","link":"https:\/\/www.altercampagne.net\/?p=29219","title":{"rendered":"Sur l&rsquo;Altertour de Bio \u00e0 Listours en passant par Figeac"},"content":{"rendered":"\n<p>Ce matin r\u00e9veil \u00e0 6 h avec un magnifique chant polyphonique de notre \u00e9quipe petit dej&rsquo; pour un d\u00e9part \u00e0 8h de ce joli lieu \u00e0 Bio.<br>La lumi\u00e8re est orang\u00e9e sur les collines vertes.<br>Premiers \u00e9changes avec les altercyclistes dont certains sont arriv\u00e9s hier, une \u00e0 minuit, d\u00e9couvre le groupe au petit d\u00e9jeuner.<br>H\u00e9l\u00e8ne et Juliette sont nos nouvelles pr\u00e9paratrices d&rsquo;\u00e9tapes toutes souriantes et&nbsp; \u00e9nergiques.<br>H\u00e9l\u00e8ne : un peu stressant d&#8217;embarquer un grand groupe, mais je sens que cela va \u00eatre bien, que je vais me d\u00e9tendre.<br>\u00c7a y est on roule, l&rsquo;air est humide et fait ressortir les bonnes odeurs d&rsquo;herbes. D\u00e9couverte du Lot \u00e0 v\u00e9lo!<br>Petite pause \u00e0&#8230;.sous la halle. Un point presse vend de petites revues bien engag\u00e9es, un caf\u00e9 permet aux altercyclistes de faire une pause caf\u00e9 en plus des graines. Nous nous retrouvons dans l&rsquo;\u00e9glise style moyen \u00e2ge\/renaissance et osons entonner le chant qui traversera peut \u00eatre l&rsquo;altertour : l&rsquo;eau<\/p>\n\n\n\n<p>Arriv\u00e9e \u00e0 Figeac, ville toute mignonne m\u00e9di\u00e9vale et renaissance avec un centre tr\u00e8s bien restaur\u00e9 o\u00f9 nous attend un repas tout pr\u00eat au restaurant \u00ab\u00a0la petite graine\u00a0\u00bb associatif et solidaire luttant contre l&rsquo;exclusion et l&rsquo;isolement . Cuisine avec des produits locaux et de saison.L&rsquo;initiatrice du lieu, unique salari\u00e9e nous raconte son histoire.<br>L&rsquo;id\u00e9e a germ\u00e9 en 2015, l&rsquo;association a \u00e9t\u00e9 fond\u00e9e en 2017 et le restaurant a pu ouvrir en 2018.<br>Le principe est celui du repas suspendu: Chacun est invit\u00e9 s&rsquo;il le souhaite \u00e0 laisser un pourboire qui finance des repas. Les bons pour repas sont distribu\u00e9s dans les associations Secours Populaire, Secours Catholique ou SOS Figeac et permettent \u00e0 certains certaines de venir au restaurant.<br>Le restaurant fonctionne sans subvention, il a depuis son ouverture permis de distribuer 2500 repas solidaires. Toutes les autres personnes sont b\u00e9n\u00e9voles en cuisine, au service. Tout le monde s&rsquo;affaire, chacun \u00e0 sa t\u00e2che et m\u00eame si l&rsquo;on sent un peu de surcharge avec notre arriv\u00e9e en masse, le sourire est l\u00e0 avec le service alors on profite. Les tables sont remplies au gr\u00e9 des arriv\u00e9es pour favoriser la rencontre.<br>En septembre, une nouvelle histoire va peut-\u00eatre s&rsquo;\u00e9crire. Devant des difficult\u00e9s financi\u00e8res et avec le d\u00e9part&nbsp; de la salari\u00e9e, le lieu pourrait \u00eatre repris par une association d&rsquo;insertion .<\/p>\n\n\n\n<p>Puis direction \u00a0\u00bb l&rsquo;arrosoir\u00a0\u00bb, caf\u00e9 associatif, espace social culturel.<br>Fred copr\u00e9sident de l&rsquo;association nous parle avec passion de ce lieu nich\u00e9 au RDC d&rsquo;un h\u00f4tel particulier renaissance.<br>Au premier \u00e9tage vivent les habitants- m\u00e9c\u00e8nes du projet&nbsp; favorisant le lien social.<br>Au deuxi\u00e8me \u00e9tage, des bureaux accueillent des associations comme la CIMADE, Amnesty international&#8230;un lieu de coworking.Un faible co\u00fbt pour elles et la possibilit\u00e9 de se rencontrer, de faire na\u00eetre des synergies.<br>L&rsquo;association compte 700 adh\u00e9rents pour 10 000 habitants.<br>Le caf\u00e9 permet de rentrer boire un coup, d&rsquo;\u00eatre accueilli, d&rsquo;\u00e9changer, de cr\u00e9er du lien. Il est d&rsquo;ailleurs agr\u00e9\u00e9 par la CAF.<br>Des id\u00e9es d&rsquo;ateliers naissent et prennent forme par et pour les habitants selon les envies et les besoins : tricot, italien, conf\u00e9rence, karaok\u00e9, caf\u00e9 philo, caf\u00e9 autisme, clown, tango Argentin&#8230;<br>On y trouve \u00e9galement un p\u00f4le parentalit\u00e9 qui a \u00e9t\u00e9 \u00e0 l&rsquo;origine du projet, un grand coin est d&rsquo;ailleurs am\u00e9nag\u00e9 pour les petits et nos petits altercyclistes se sont r\u00e9gal\u00e9s.<br>Un caf\u00e9 bidouille permet \u00e0 tout un chacun de r\u00e9parer tous \u00e2ges et conditions confondues.<br>Des jeux, des concerts autoris\u00e9s jusqu&rsquo;\u00e0 maxi 22 h par le propri\u00e9taire.<br>L&rsquo;association a deux salari\u00e9s pour un 1,5 ETP qui font de l&rsquo;accueil, programmation, et comptabilit\u00e9. 70 b\u00e9n\u00e9voles plus ou moins actifs ( une affichette invite \u00e0 s&rsquo;engager d&rsquo;avantage!)<br>Les principaux financeurs sont la CAF avec le REAP r\u00e9seau d&rsquo;entraide \u00e0 la parentalit\u00e9, le D\u00e9partement par la Maison des solidarit\u00e9s (RSA)<br>Pourquoi sont ils engag\u00e9s en temps que copr\u00e9sident ou salari\u00e9e ?<br>\u00a0\u00bb La mixit\u00e9 cela fait chaud au c\u0153ur\u00a0\u00bb<br>\u00a0\u00bb Voir, se rencontrer, parler ensemble. Puis faire cr\u00e9er ensemble. Cela cr\u00e9e de l&rsquo;\u00e9mancipation\u00a0\u00bb<br>Le culturel apporte du dynamisme et fait que le lieu ne se referme pas sur lui-m\u00eame.<br>Reste la question \u00e9galement de la p\u00e9rennit\u00e9 de la mise \u00e0 disposition du lieu.<\/p>\n\n\n\n<p>Reprise de notre route et arriv\u00e9e sur le site de la ferme de Listours .<br>Laura et R\u00e9mi nous content l&rsquo;histoire : l&rsquo;association la boucle de Listours est cr\u00e9\u00e9 pour soutenir un projet agricole et collectif sur 24 hectares d&rsquo;espaces de prairies, de bois, une grange et une maison d&rsquo;habitation mis en vente par la mairie avec le souhait d&rsquo;un projet social.<br>Celui-ci sera agricole, collectif, avec un p\u00f4le social, culturel avec guinguette et un p\u00f4le de sant\u00e9 .<br>L&rsquo;investissement de 243 000 \u20ac a \u00e9t\u00e9 financ\u00e9 tr\u00e8s rapidement par des parts prises par des particuliers dans une SAS \u00e0 capital variable cr\u00e9\u00e9 en 2023.<br>Cette forme juridique choisie a l&rsquo;avantage de permettre d&rsquo;impliquer des personnes morales et physiques,<br>d&rsquo;\u00eatre accessible \u00e0 tous moyennant des parts de 100\u20ac, s\u00e9curis\u00e9es avec une perte max de ce m\u00eame montant.<br>Elle permet \u00e9galement de s\u00e9parer le foncier de l&rsquo;usage et d&rsquo;ouvrir un champ des possibles :<br>D\u00e9but de l&rsquo;activit\u00e9 en agriculture bio avec cr\u00e9ation d&rsquo;un collectif en novembre 2024.<br>Le p\u00f4le social est pens\u00e9 avec l&rsquo;accueil des scolaires et d&rsquo;un public en insertion.<br>Le p\u00f4le culturel avec spectacles et concerts , dont la guinguette avec march\u00e9 de producteurs locaux dont nous avons profit\u00e9s.<br>Possibilit\u00e9 d&rsquo;accueillir encore des projets en coh\u00e9rence.<br>Actuellement :<br>\u00c9levage de poulets, avec ma\u00efs et bl\u00e9 cultiv\u00e9s sur place .<br>Un nouveau maraicher est recherch\u00e9.<br>Une installation d&rsquo;un luthier de fl\u00fbte en bambou est en cours.<br>Un \u00e9levage de brebis est pens\u00e9 et \u00e0 d\u00e9velopper. Avis aux amateurs !<br>Laure nous raconte comment ils souhaitent cr\u00e9er du lien avec les autres agriculteurs m\u00eame ceux non en bio. Ils ont appr\u00e9ci\u00e9 l&rsquo;aide apport\u00e9e et les \u00e9changes lors du d\u00e9but de leur installation. Chaque difficult\u00e9 nourrit la rencontre dans le respect de l&rsquo;autre.<br>La SAFER \u00e9tait \u00e9galement favorable, cela s&rsquo;inscrivant dans le projet de d\u00e9veloppement territorial .<br>Reste \u00e0 d\u00e9velopper de la communication sur ce champ des possibles et agrandir le collectif.<br>Mais aussi r\u00e9nover la grange et la maison d&rsquo;habitation.<br>Apr\u00e8s quelques bi\u00e8res bues, des \u00e9changes avec les locaux et altercyclistes , nous avons regagn\u00e9 nos tentes remplis de d\u00e9couvertes.<br>Fin de cette \u00e9tape de 42 km et 390 D+.<br>Merci \u00e0 tous !<\/p>\n\n\n\n<p>AlterJournaliste : Marie-C\u00e9cile<\/p>\n\n\n\n<figure class=\"wp-block-gallery has-nested-images columns-default is-cropped wp-block-gallery-1 is-layout-flex wp-block-gallery-is-layout-flex\">\n<figure class=\"wp-block-image size-large\"><a href=\"https:\/\/www.altercampagne.net\/wp-content\/uploads\/2025\/08\/IMG-20250726-WA0008.jpg\"><img loading=\"lazy\" decoding=\"async\" width=\"1024\" height=\"768\" data-id=\"29226\" src=\"https:\/\/www.altercampagne.net\/wp-content\/uploads\/2025\/08\/IMG-20250726-WA0008-1024x768.jpg\" alt=\"\" class=\"wp-image-29226\" srcset=\"https:\/\/www.altercampagne.net\/wp-content\/uploads\/2025\/08\/IMG-20250726-WA0008-1024x768.jpg 1024w, https:\/\/www.altercampagne.net\/wp-content\/uploads\/2025\/08\/IMG-20250726-WA0008-300x225.jpg 300w, https:\/\/www.altercampagne.net\/wp-content\/uploads\/2025\/08\/IMG-20250726-WA0008-768x576.jpg 768w, https:\/\/www.altercampagne.net\/wp-content\/uploads\/2025\/08\/IMG-20250726-WA0008-1536x1152.jpg 1536w, https:\/\/www.altercampagne.net\/wp-content\/uploads\/2025\/08\/IMG-20250726-WA0008-100x75.jpg 100w, https:\/\/www.altercampagne.net\/wp-content\/uploads\/2025\/08\/IMG-20250726-WA0008-862x647.jpg 862w, https:\/\/www.altercampagne.net\/wp-content\/uploads\/2025\/08\/IMG-20250726-WA0008-1140x855.jpg 1140w, https:\/\/www.altercampagne.net\/wp-content\/uploads\/2025\/08\/IMG-20250726-WA0008.jpg 1824w\" sizes=\"auto, (max-width: 1024px) 100vw, 1024px\" \/><\/a><\/figure>\n\n\n\n<figure class=\"wp-block-image size-large\"><a href=\"https:\/\/www.altercampagne.net\/wp-content\/uploads\/2025\/08\/IMG-20250726-WA0002.jpg\"><img loading=\"lazy\" decoding=\"async\" width=\"1024\" height=\"768\" data-id=\"29224\" src=\"https:\/\/www.altercampagne.net\/wp-content\/uploads\/2025\/08\/IMG-20250726-WA0002-1024x768.jpg\" alt=\"\" class=\"wp-image-29224\" srcset=\"https:\/\/www.altercampagne.net\/wp-content\/uploads\/2025\/08\/IMG-20250726-WA0002-1024x768.jpg 1024w, https:\/\/www.altercampagne.net\/wp-content\/uploads\/2025\/08\/IMG-20250726-WA0002-300x225.jpg 300w, https:\/\/www.altercampagne.net\/wp-content\/uploads\/2025\/08\/IMG-20250726-WA0002-768x576.jpg 768w, https:\/\/www.altercampagne.net\/wp-content\/uploads\/2025\/08\/IMG-20250726-WA0002-1536x1152.jpg 1536w, https:\/\/www.altercampagne.net\/wp-content\/uploads\/2025\/08\/IMG-20250726-WA0002-100x75.jpg 100w, https:\/\/www.altercampagne.net\/wp-content\/uploads\/2025\/08\/IMG-20250726-WA0002-862x647.jpg 862w, https:\/\/www.altercampagne.net\/wp-content\/uploads\/2025\/08\/IMG-20250726-WA0002-1140x855.jpg 1140w, https:\/\/www.altercampagne.net\/wp-content\/uploads\/2025\/08\/IMG-20250726-WA0002.jpg 1824w\" sizes=\"auto, (max-width: 1024px) 100vw, 1024px\" \/><\/a><\/figure>\n\n\n\n<figure class=\"wp-block-image size-large\"><a href=\"https:\/\/www.altercampagne.net\/wp-content\/uploads\/2025\/08\/IMG-20250726-WA0003.jpg\"><img loading=\"lazy\" decoding=\"async\" width=\"1024\" height=\"768\" data-id=\"29223\" src=\"https:\/\/www.altercampagne.net\/wp-content\/uploads\/2025\/08\/IMG-20250726-WA0003-1024x768.jpg\" alt=\"\" class=\"wp-image-29223\" srcset=\"https:\/\/www.altercampagne.net\/wp-content\/uploads\/2025\/08\/IMG-20250726-WA0003-1024x768.jpg 1024w, https:\/\/www.altercampagne.net\/wp-content\/uploads\/2025\/08\/IMG-20250726-WA0003-300x225.jpg 300w, https:\/\/www.altercampagne.net\/wp-content\/uploads\/2025\/08\/IMG-20250726-WA0003-768x576.jpg 768w, https:\/\/www.altercampagne.net\/wp-content\/uploads\/2025\/08\/IMG-20250726-WA0003-1536x1152.jpg 1536w, https:\/\/www.altercampagne.net\/wp-content\/uploads\/2025\/08\/IMG-20250726-WA0003-100x75.jpg 100w, https:\/\/www.altercampagne.net\/wp-content\/uploads\/2025\/08\/IMG-20250726-WA0003-862x647.jpg 862w, https:\/\/www.altercampagne.net\/wp-content\/uploads\/2025\/08\/IMG-20250726-WA0003-1140x855.jpg 1140w, https:\/\/www.altercampagne.net\/wp-content\/uploads\/2025\/08\/IMG-20250726-WA0003.jpg 1824w\" sizes=\"auto, (max-width: 1024px) 100vw, 1024px\" \/><\/a><\/figure>\n\n\n\n<figure class=\"wp-block-image size-large\"><a href=\"https:\/\/www.altercampagne.net\/wp-content\/uploads\/2025\/08\/IMG-20250726-WA0007.jpg\"><img loading=\"lazy\" decoding=\"async\" width=\"768\" height=\"1024\" data-id=\"29222\" src=\"https:\/\/www.altercampagne.net\/wp-content\/uploads\/2025\/08\/IMG-20250726-WA0007-768x1024.jpg\" alt=\"\" class=\"wp-image-29222\" srcset=\"https:\/\/www.altercampagne.net\/wp-content\/uploads\/2025\/08\/IMG-20250726-WA0007-768x1024.jpg 768w, https:\/\/www.altercampagne.net\/wp-content\/uploads\/2025\/08\/IMG-20250726-WA0007-225x300.jpg 225w, https:\/\/www.altercampagne.net\/wp-content\/uploads\/2025\/08\/IMG-20250726-WA0007-1152x1536.jpg 1152w, https:\/\/www.altercampagne.net\/wp-content\/uploads\/2025\/08\/IMG-20250726-WA0007-100x133.jpg 100w, https:\/\/www.altercampagne.net\/wp-content\/uploads\/2025\/08\/IMG-20250726-WA0007-862x1149.jpg 862w, https:\/\/www.altercampagne.net\/wp-content\/uploads\/2025\/08\/IMG-20250726-WA0007-1140x1520.jpg 1140w, https:\/\/www.altercampagne.net\/wp-content\/uploads\/2025\/08\/IMG-20250726-WA0007.jpg 1368w\" sizes=\"auto, (max-width: 768px) 100vw, 768px\" \/><\/a><\/figure>\n\n\n\n<figure class=\"wp-block-image size-large\"><a href=\"https:\/\/www.altercampagne.net\/wp-content\/uploads\/2025\/08\/IMG-20250726-WA0004.jpg\"><img loading=\"lazy\" decoding=\"async\" width=\"1024\" height=\"768\" data-id=\"29221\" src=\"https:\/\/www.altercampagne.net\/wp-content\/uploads\/2025\/08\/IMG-20250726-WA0004-1024x768.jpg\" alt=\"\" class=\"wp-image-29221\" srcset=\"https:\/\/www.altercampagne.net\/wp-content\/uploads\/2025\/08\/IMG-20250726-WA0004-1024x768.jpg 1024w, https:\/\/www.altercampagne.net\/wp-content\/uploads\/2025\/08\/IMG-20250726-WA0004-300x225.jpg 300w, https:\/\/www.altercampagne.net\/wp-content\/uploads\/2025\/08\/IMG-20250726-WA0004-768x576.jpg 768w, https:\/\/www.altercampagne.net\/wp-content\/uploads\/2025\/08\/IMG-20250726-WA0004-1536x1152.jpg 1536w, https:\/\/www.altercampagne.net\/wp-content\/uploads\/2025\/08\/IMG-20250726-WA0004-100x75.jpg 100w, https:\/\/www.altercampagne.net\/wp-content\/uploads\/2025\/08\/IMG-20250726-WA0004-862x647.jpg 862w, https:\/\/www.altercampagne.net\/wp-content\/uploads\/2025\/08\/IMG-20250726-WA0004-1140x855.jpg 1140w, https:\/\/www.altercampagne.net\/wp-content\/uploads\/2025\/08\/IMG-20250726-WA0004.jpg 1824w\" sizes=\"auto, (max-width: 1024px) 100vw, 1024px\" \/><\/a><\/figure>\n\n\n\n<figure class=\"wp-block-image size-large\"><a href=\"https:\/\/www.altercampagne.net\/wp-content\/uploads\/2025\/08\/IMG-20250726-WA0006.jpg\"><img loading=\"lazy\" decoding=\"async\" width=\"1024\" height=\"768\" data-id=\"29220\" src=\"https:\/\/www.altercampagne.net\/wp-content\/uploads\/2025\/08\/IMG-20250726-WA0006-1024x768.jpg\" alt=\"\" class=\"wp-image-29220\" srcset=\"https:\/\/www.altercampagne.net\/wp-content\/uploads\/2025\/08\/IMG-20250726-WA0006-1024x768.jpg 1024w, https:\/\/www.altercampagne.net\/wp-content\/uploads\/2025\/08\/IMG-20250726-WA0006-300x225.jpg 300w, https:\/\/www.altercampagne.net\/wp-content\/uploads\/2025\/08\/IMG-20250726-WA0006-768x576.jpg 768w, https:\/\/www.altercampagne.net\/wp-content\/uploads\/2025\/08\/IMG-20250726-WA0006-1536x1152.jpg 1536w, https:\/\/www.altercampagne.net\/wp-content\/uploads\/2025\/08\/IMG-20250726-WA0006-100x75.jpg 100w, https:\/\/www.altercampagne.net\/wp-content\/uploads\/2025\/08\/IMG-20250726-WA0006-862x647.jpg 862w, https:\/\/www.altercampagne.net\/wp-content\/uploads\/2025\/08\/IMG-20250726-WA0006-1140x855.jpg 1140w, https:\/\/www.altercampagne.net\/wp-content\/uploads\/2025\/08\/IMG-20250726-WA0006.jpg 1600w\" sizes=\"auto, (max-width: 1024px) 100vw, 1024px\" \/><\/a><\/figure>\n\n\n\n<figure class=\"wp-block-image size-large\"><a href=\"https:\/\/www.altercampagne.net\/wp-content\/uploads\/2025\/08\/1000012694.jpg\"><img loading=\"lazy\" decoding=\"async\" width=\"1024\" height=\"768\" data-id=\"29217\" src=\"https:\/\/www.altercampagne.net\/wp-content\/uploads\/2025\/08\/1000012694-1024x768.jpg\" alt=\"\" class=\"wp-image-29217\" srcset=\"https:\/\/www.altercampagne.net\/wp-content\/uploads\/2025\/08\/1000012694-1024x768.jpg 1024w, https:\/\/www.altercampagne.net\/wp-content\/uploads\/2025\/08\/1000012694-300x225.jpg 300w, https:\/\/www.altercampagne.net\/wp-content\/uploads\/2025\/08\/1000012694-768x576.jpg 768w, https:\/\/www.altercampagne.net\/wp-content\/uploads\/2025\/08\/1000012694-1536x1152.jpg 1536w, https:\/\/www.altercampagne.net\/wp-content\/uploads\/2025\/08\/1000012694-100x75.jpg 100w, https:\/\/www.altercampagne.net\/wp-content\/uploads\/2025\/08\/1000012694-862x647.jpg 862w, https:\/\/www.altercampagne.net\/wp-content\/uploads\/2025\/08\/1000012694-1140x855.jpg 1140w, https:\/\/www.altercampagne.net\/wp-content\/uploads\/2025\/08\/1000012694.jpg 1600w\" sizes=\"auto, (max-width: 1024px) 100vw, 1024px\" \/><\/a><\/figure>\n<\/figure>\n","protected":false},"excerpt":{"rendered":"<p>Ce matin r\u00e9veil \u00e0 6 h avec un magnifique chant polyphonique de notre \u00e9quipe petit dej&rsquo; pour un d\u00e9part \u00e0 8h de ce joli lieu \u00e0 Bio.La lumi\u00e8re est orang\u00e9e sur les collines vertes.Premiers \u00e9changes avec les altercyclistes dont certains sont arriv\u00e9s hier, une \u00e0 minuit, d\u00e9couvre le groupe au &#8230; <\/p>\n<div><a href=\"https:\/\/www.altercampagne.net\/?p=29219\" class=\"more-link\">Read More<\/a><\/div>\n","protected":false},"author":198,"featured_media":29225,"comment_status":"closed","ping_status":"closed","sticky":false,"template":"","format":"standard","meta":{"footnotes":""},"categories":[4511,3483,4313,3489,3490,3488],"tags":[],"class_list":["post-29219","post","type-post","status-publish","format-standard","has-post-thumbnail","hentry","category-edition-2025","category-agriculture","category-altertour","category-alimentation","category-culture","category-social"],"yoast_head":"<!-- This site is optimized with the Yoast SEO plugin v27.3 - https:\/\/yoast.com\/product\/yoast-seo-wordpress\/ -->\n<title>Sur l&#039;Altertour de Bio \u00e0 Listours en passant par Figeac - AlterTour<\/title>\n<meta name=\"robots\" content=\"index, follow, max-snippet:-1, max-image-preview:large, max-video-preview:-1\" \/>\n<link rel=\"canonical\" href=\"https:\/\/www.altercampagne.net\/?p=29219\" \/>\n<meta property=\"og:locale\" content=\"fr_FR\" \/>\n<meta property=\"og:type\" content=\"article\" \/>\n<meta property=\"og:title\" content=\"Sur l&#039;Altertour de Bio \u00e0 Listours en passant par Figeac - AlterTour\" \/>\n<meta property=\"og:description\" content=\"Ce matin r\u00e9veil \u00e0 6 h avec un magnifique chant polyphonique de notre \u00e9quipe petit dej&rsquo; pour un d\u00e9part \u00e0 8h de ce joli lieu \u00e0 Bio.La lumi\u00e8re est orang\u00e9e sur les collines vertes.Premiers \u00e9changes avec les altercyclistes dont certains sont arriv\u00e9s hier, une \u00e0 minuit, d\u00e9couvre le groupe au ... Read More\" \/>\n<meta property=\"og:url\" content=\"https:\/\/www.altercampagne.net\/?p=29219\" \/>\n<meta property=\"og:site_name\" content=\"AlterTour\" \/>\n<meta property=\"article:published_time\" content=\"2025-08-04T09:21:59+00:00\" \/>\n<meta property=\"article:modified_time\" content=\"2025-08-04T09:25:13+00:00\" \/>\n<meta property=\"og:image\" content=\"https:\/\/www.altercampagne.net\/wp-content\/uploads\/2025\/08\/IMG-20250726-WA0001.jpg\" \/>\n\t<meta property=\"og:image:width\" content=\"1824\" \/>\n\t<meta property=\"og:image:height\" content=\"1368\" \/>\n\t<meta property=\"og:image:type\" content=\"image\/jpeg\" \/>\n<meta name=\"author\" content=\"Marine R\" \/>\n<meta name=\"twitter:card\" content=\"summary_large_image\" \/>\n<meta name=\"twitter:label1\" content=\"\u00c9crit par\" \/>\n\t<meta name=\"twitter:data1\" content=\"Marine R\" \/>\n\t<meta name=\"twitter:label2\" content=\"Dur\u00e9e de lecture estim\u00e9e\" \/>\n\t<meta name=\"twitter:data2\" content=\"7 minutes\" \/>\n<script type=\"application\/ld+json\" class=\"yoast-schema-graph\">{\"@context\":\"https:\\\/\\\/schema.org\",\"@graph\":[{\"@type\":\"Article\",\"@id\":\"https:\\\/\\\/www.altercampagne.net\\\/?p=29219#article\",\"isPartOf\":{\"@id\":\"https:\\\/\\\/www.altercampagne.net\\\/?p=29219\"},\"author\":{\"name\":\"Marine R\",\"@id\":\"https:\\\/\\\/www.altercampagne.net\\\/#\\\/schema\\\/person\\\/3afde49d8c0be52224ae61fe720b4b19\"},\"headline\":\"Sur l&rsquo;Altertour de Bio \u00e0 Listours en passant par Figeac\",\"datePublished\":\"2025-08-04T09:21:59+00:00\",\"dateModified\":\"2025-08-04T09:25:13+00:00\",\"mainEntityOfPage\":{\"@id\":\"https:\\\/\\\/www.altercampagne.net\\\/?p=29219\"},\"wordCount\":1148,\"image\":{\"@id\":\"https:\\\/\\\/www.altercampagne.net\\\/?p=29219#primaryimage\"},\"thumbnailUrl\":\"https:\\\/\\\/www.altercampagne.net\\\/wp-content\\\/uploads\\\/2025\\\/08\\\/IMG-20250726-WA0001.jpg\",\"articleSection\":[\"\u00c9dition 2025\",\"Agriculture\",\"AlterTour\",\"Alimentation\",\"Culture\",\"Social\"],\"inLanguage\":\"fr-FR\"},{\"@type\":\"WebPage\",\"@id\":\"https:\\\/\\\/www.altercampagne.net\\\/?p=29219\",\"url\":\"https:\\\/\\\/www.altercampagne.net\\\/?p=29219\",\"name\":\"Sur l'Altertour de Bio \u00e0 Listours en passant par Figeac - AlterTour\",\"isPartOf\":{\"@id\":\"https:\\\/\\\/www.altercampagne.net\\\/#website\"},\"primaryImageOfPage\":{\"@id\":\"https:\\\/\\\/www.altercampagne.net\\\/?p=29219#primaryimage\"},\"image\":{\"@id\":\"https:\\\/\\\/www.altercampagne.net\\\/?p=29219#primaryimage\"},\"thumbnailUrl\":\"https:\\\/\\\/www.altercampagne.net\\\/wp-content\\\/uploads\\\/2025\\\/08\\\/IMG-20250726-WA0001.jpg\",\"datePublished\":\"2025-08-04T09:21:59+00:00\",\"dateModified\":\"2025-08-04T09:25:13+00:00\",\"author\":{\"@id\":\"https:\\\/\\\/www.altercampagne.net\\\/#\\\/schema\\\/person\\\/3afde49d8c0be52224ae61fe720b4b19\"},\"breadcrumb\":{\"@id\":\"https:\\\/\\\/www.altercampagne.net\\\/?p=29219#breadcrumb\"},\"inLanguage\":\"fr-FR\",\"potentialAction\":[{\"@type\":\"ReadAction\",\"target\":[\"https:\\\/\\\/www.altercampagne.net\\\/?p=29219\"]}]},{\"@type\":\"ImageObject\",\"inLanguage\":\"fr-FR\",\"@id\":\"https:\\\/\\\/www.altercampagne.net\\\/?p=29219#primaryimage\",\"url\":\"https:\\\/\\\/www.altercampagne.net\\\/wp-content\\\/uploads\\\/2025\\\/08\\\/IMG-20250726-WA0001.jpg\",\"contentUrl\":\"https:\\\/\\\/www.altercampagne.net\\\/wp-content\\\/uploads\\\/2025\\\/08\\\/IMG-20250726-WA0001.jpg\",\"width\":1824,\"height\":1368},{\"@type\":\"BreadcrumbList\",\"@id\":\"https:\\\/\\\/www.altercampagne.net\\\/?p=29219#breadcrumb\",\"itemListElement\":[{\"@type\":\"ListItem\",\"position\":1,\"name\":\"Accueil\",\"item\":\"https:\\\/\\\/www.altercampagne.net\\\/\"},{\"@type\":\"ListItem\",\"position\":2,\"name\":\"Sur l&rsquo;Altertour de Bio \u00e0 Listours en passant par Figeac\"}]},{\"@type\":\"WebSite\",\"@id\":\"https:\\\/\\\/www.altercampagne.net\\\/#website\",\"url\":\"https:\\\/\\\/www.altercampagne.net\\\/\",\"name\":\"AlterTour\",\"description\":\"Reliez les Alternatives \u00e0 v\u00e9lo\",\"potentialAction\":[{\"@type\":\"SearchAction\",\"target\":{\"@type\":\"EntryPoint\",\"urlTemplate\":\"https:\\\/\\\/www.altercampagne.net\\\/?s={search_term_string}\"},\"query-input\":{\"@type\":\"PropertyValueSpecification\",\"valueRequired\":true,\"valueName\":\"search_term_string\"}}],\"inLanguage\":\"fr-FR\"},{\"@type\":\"Person\",\"@id\":\"https:\\\/\\\/www.altercampagne.net\\\/#\\\/schema\\\/person\\\/3afde49d8c0be52224ae61fe720b4b19\",\"name\":\"Marine R\",\"image\":{\"@type\":\"ImageObject\",\"inLanguage\":\"fr-FR\",\"@id\":\"https:\\\/\\\/secure.gravatar.com\\\/avatar\\\/a3c4f944a184c737c95a33c9fc36f74b2637ea270671045d89722a608b50fd88?s=96&d=mm&r=g\",\"url\":\"https:\\\/\\\/secure.gravatar.com\\\/avatar\\\/a3c4f944a184c737c95a33c9fc36f74b2637ea270671045d89722a608b50fd88?s=96&d=mm&r=g\",\"contentUrl\":\"https:\\\/\\\/secure.gravatar.com\\\/avatar\\\/a3c4f944a184c737c95a33c9fc36f74b2637ea270671045d89722a608b50fd88?s=96&d=mm&r=g\",\"caption\":\"Marine R\"},\"url\":\"https:\\\/\\\/www.altercampagne.net\\\/?author=198\"}]}<\/script>\n<!-- \/ Yoast SEO plugin. -->","yoast_head_json":{"title":"Sur l'Altertour de Bio \u00e0 Listours en passant par Figeac - AlterTour","robots":{"index":"index","follow":"follow","max-snippet":"max-snippet:-1","max-image-preview":"max-image-preview:large","max-video-preview":"max-video-preview:-1"},"canonical":"https:\/\/www.altercampagne.net\/?p=29219","og_locale":"fr_FR","og_type":"article","og_title":"Sur l'Altertour de Bio \u00e0 Listours en passant par Figeac - AlterTour","og_description":"Ce matin r\u00e9veil \u00e0 6 h avec un magnifique chant polyphonique de notre \u00e9quipe petit dej&rsquo; pour un d\u00e9part \u00e0 8h de ce joli lieu \u00e0 Bio.La lumi\u00e8re est orang\u00e9e sur les collines vertes.Premiers \u00e9changes avec les altercyclistes dont certains sont arriv\u00e9s hier, une \u00e0 minuit, d\u00e9couvre le groupe au ... Read More","og_url":"https:\/\/www.altercampagne.net\/?p=29219","og_site_name":"AlterTour","article_published_time":"2025-08-04T09:21:59+00:00","article_modified_time":"2025-08-04T09:25:13+00:00","og_image":[{"width":1824,"height":1368,"url":"https:\/\/www.altercampagne.net\/wp-content\/uploads\/2025\/08\/IMG-20250726-WA0001.jpg","type":"image\/jpeg"}],"author":"Marine R","twitter_card":"summary_large_image","twitter_misc":{"\u00c9crit par":"Marine R","Dur\u00e9e de lecture estim\u00e9e":"7 minutes"},"schema":{"@context":"https:\/\/schema.org","@graph":[{"@type":"Article","@id":"https:\/\/www.altercampagne.net\/?p=29219#article","isPartOf":{"@id":"https:\/\/www.altercampagne.net\/?p=29219"},"author":{"name":"Marine R","@id":"https:\/\/www.altercampagne.net\/#\/schema\/person\/3afde49d8c0be52224ae61fe720b4b19"},"headline":"Sur l&rsquo;Altertour de Bio \u00e0 Listours en passant par Figeac","datePublished":"2025-08-04T09:21:59+00:00","dateModified":"2025-08-04T09:25:13+00:00","mainEntityOfPage":{"@id":"https:\/\/www.altercampagne.net\/?p=29219"},"wordCount":1148,"image":{"@id":"https:\/\/www.altercampagne.net\/?p=29219#primaryimage"},"thumbnailUrl":"https:\/\/www.altercampagne.net\/wp-content\/uploads\/2025\/08\/IMG-20250726-WA0001.jpg","articleSection":["\u00c9dition 2025","Agriculture","AlterTour","Alimentation","Culture","Social"],"inLanguage":"fr-FR"},{"@type":"WebPage","@id":"https:\/\/www.altercampagne.net\/?p=29219","url":"https:\/\/www.altercampagne.net\/?p=29219","name":"Sur l'Altertour de Bio \u00e0 Listours en passant par Figeac - AlterTour","isPartOf":{"@id":"https:\/\/www.altercampagne.net\/#website"},"primaryImageOfPage":{"@id":"https:\/\/www.altercampagne.net\/?p=29219#primaryimage"},"image":{"@id":"https:\/\/www.altercampagne.net\/?p=29219#primaryimage"},"thumbnailUrl":"https:\/\/www.altercampagne.net\/wp-content\/uploads\/2025\/08\/IMG-20250726-WA0001.jpg","datePublished":"2025-08-04T09:21:59+00:00","dateModified":"2025-08-04T09:25:13+00:00","author":{"@id":"https:\/\/www.altercampagne.net\/#\/schema\/person\/3afde49d8c0be52224ae61fe720b4b19"},"breadcrumb":{"@id":"https:\/\/www.altercampagne.net\/?p=29219#breadcrumb"},"inLanguage":"fr-FR","potentialAction":[{"@type":"ReadAction","target":["https:\/\/www.altercampagne.net\/?p=29219"]}]},{"@type":"ImageObject","inLanguage":"fr-FR","@id":"https:\/\/www.altercampagne.net\/?p=29219#primaryimage","url":"https:\/\/www.altercampagne.net\/wp-content\/uploads\/2025\/08\/IMG-20250726-WA0001.jpg","contentUrl":"https:\/\/www.altercampagne.net\/wp-content\/uploads\/2025\/08\/IMG-20250726-WA0001.jpg","width":1824,"height":1368},{"@type":"BreadcrumbList","@id":"https:\/\/www.altercampagne.net\/?p=29219#breadcrumb","itemListElement":[{"@type":"ListItem","position":1,"name":"Accueil","item":"https:\/\/www.altercampagne.net\/"},{"@type":"ListItem","position":2,"name":"Sur l&rsquo;Altertour de Bio \u00e0 Listours en passant par Figeac"}]},{"@type":"WebSite","@id":"https:\/\/www.altercampagne.net\/#website","url":"https:\/\/www.altercampagne.net\/","name":"AlterTour","description":"Reliez les Alternatives \u00e0 v\u00e9lo","potentialAction":[{"@type":"SearchAction","target":{"@type":"EntryPoint","urlTemplate":"https:\/\/www.altercampagne.net\/?s={search_term_string}"},"query-input":{"@type":"PropertyValueSpecification","valueRequired":true,"valueName":"search_term_string"}}],"inLanguage":"fr-FR"},{"@type":"Person","@id":"https:\/\/www.altercampagne.net\/#\/schema\/person\/3afde49d8c0be52224ae61fe720b4b19","name":"Marine R","image":{"@type":"ImageObject","inLanguage":"fr-FR","@id":"https:\/\/secure.gravatar.com\/avatar\/a3c4f944a184c737c95a33c9fc36f74b2637ea270671045d89722a608b50fd88?s=96&d=mm&r=g","url":"https:\/\/secure.gravatar.com\/avatar\/a3c4f944a184c737c95a33c9fc36f74b2637ea270671045d89722a608b50fd88?s=96&d=mm&r=g","contentUrl":"https:\/\/secure.gravatar.com\/avatar\/a3c4f944a184c737c95a33c9fc36f74b2637ea270671045d89722a608b50fd88?s=96&d=mm&r=g","caption":"Marine R"},"url":"https:\/\/www.altercampagne.net\/?author=198"}]}},"_links":{"self":[{"href":"https:\/\/www.altercampagne.net\/index.php?rest_route=\/wp\/v2\/posts\/29219","targetHints":{"allow":["GET"]}}],"collection":[{"href":"https:\/\/www.altercampagne.net\/index.php?rest_route=\/wp\/v2\/posts"}],"about":[{"href":"https:\/\/www.altercampagne.net\/index.php?rest_route=\/wp\/v2\/types\/post"}],"author":[{"embeddable":true,"href":"https:\/\/www.altercampagne.net\/index.php?rest_route=\/wp\/v2\/users\/198"}],"replies":[{"embeddable":true,"href":"https:\/\/www.altercampagne.net\/index.php?rest_route=%2Fwp%2Fv2%2Fcomments&post=29219"}],"version-history":[{"count":2,"href":"https:\/\/www.altercampagne.net\/index.php?rest_route=\/wp\/v2\/posts\/29219\/revisions"}],"predecessor-version":[{"id":29228,"href":"https:\/\/www.altercampagne.net\/index.php?rest_route=\/wp\/v2\/posts\/29219\/revisions\/29228"}],"wp:featuredmedia":[{"embeddable":true,"href":"https:\/\/www.altercampagne.net\/index.php?rest_route=\/wp\/v2\/media\/29225"}],"wp:attachment":[{"href":"https:\/\/www.altercampagne.net\/index.php?rest_route=%2Fwp%2Fv2%2Fmedia&parent=29219"}],"wp:term":[{"taxonomy":"category","embeddable":true,"href":"https:\/\/www.altercampagne.net\/index.php?rest_route=%2Fwp%2Fv2%2Fcategories&post=29219"},{"taxonomy":"post_tag","embeddable":true,"href":"https:\/\/www.altercampagne.net\/index.php?rest_route=%2Fwp%2Fv2%2Ftags&post=29219"}],"curies":[{"name":"wp","href":"https:\/\/api.w.org\/{rel}","templated":true}]}}