{"id":29229,"date":"2025-08-04T11:50:50","date_gmt":"2025-08-04T09:50:50","guid":{"rendered":"https:\/\/www.altercampagne.net\/?p=29229"},"modified":"2025-08-04T11:53:45","modified_gmt":"2025-08-04T09:53:45","slug":"cap-sur-verfeil-sur-seye","status":"publish","type":"post","link":"https:\/\/www.altercampagne.net\/?p=29229","title":{"rendered":"Cap sur Verfeil sur Seye"},"content":{"rendered":"\n<p>Mardi 29 juillet : Cap sur Verfeil sur Seye, nous arrivons dans ce village du Tarn et Garonne apr\u00e8s 41km de grimpe et une longue descente rafra\u00eechissante!&nbsp;<\/p>\n\n\n\n<p>Arriv\u00e9.es \u00e0 destination, nous partons a la rencontre des\u00a0habitant.es d&rsquo;un \u00e9co-hameau o\u00f9 vivent 10 foyers dans des maisons en materiaux bio-sourc\u00e9s (c&rsquo;est \u00e0 dire beaucoup de pailles, de bois et de terre!) dont la raison d&rsquo;\u00eatre est de \u00ab\u00a0cr\u00e9er en coop\u00e9ration un lieu de vie et d&rsquo;\u00e9changes cherchant un \u00e9quilibre entre humain et nature, collectif et individuel\u00a0\u00bb.\u00a0<\/p>\n\n\n\n<p>Dans leur salle commune, Anne nous raconte la gen\u00e8se et les valeurs du hameau.&nbsp;<\/p>\n\n\n\n<p>Malgr\u00e9 beaucoup de r\u00e9sistance locale au d\u00e9but du projet en 2004, les premi\u00e8res constructions ont d\u00e9marr\u00e9 en 2013 et chaque ann\u00e9e a vu arriver un nouveau foyer.<\/p>\n\n\n\n<p>Aujourd&rsquo;hui toutes les parcelles ont \u00e9t\u00e9 construites, les travaux continuent pour am\u00e9liorer les espaces communs et am\u00e9nager les espaces ext\u00e9rieurs (jardins for\u00eats, nouveaux arbres). C&rsquo;est avec Anne, Dominique et Yacinthe que nous d\u00e9ambulerons dans le hameau et en apprendrons un peu plus sur l&rsquo;\u00e9co construction mais aussi les dynamiques relationnelles collectives.&nbsp;<\/p>\n\n\n\n<p>La journ\u00e9e se poursuit avec Mathieu (habitant et b\u00e9n\u00e9vole \u00e0 la ludoth\u00e8que), qui nous propose une belle s\u00e9lection de jeux de soci\u00e9t\u00e9 \u00e0 la salle des f\u00eates de Verfeil pour finir cette journ\u00e9e sur une note ludique !\u00a0<\/p>\n\n\n\n<p>Alterjournaliste : Marie-Laure<\/p>\n\n\n\n<figure class=\"wp-block-gallery has-nested-images columns-default is-cropped wp-block-gallery-1 is-layout-flex wp-block-gallery-is-layout-flex\">\n<figure class=\"wp-block-image size-large\"><a href=\"https:\/\/www.altercampagne.net\/wp-content\/uploads\/2025\/08\/1000034770-scaled.jpg\"><img loading=\"lazy\" decoding=\"async\" width=\"1024\" height=\"576\" data-id=\"29232\" src=\"https:\/\/www.altercampagne.net\/wp-content\/uploads\/2025\/08\/1000034770-1024x576.jpg\" alt=\"\" class=\"wp-image-29232\" srcset=\"https:\/\/www.altercampagne.net\/wp-content\/uploads\/2025\/08\/1000034770-1024x576.jpg 1024w, https:\/\/www.altercampagne.net\/wp-content\/uploads\/2025\/08\/1000034770-300x169.jpg 300w, https:\/\/www.altercampagne.net\/wp-content\/uploads\/2025\/08\/1000034770-768x432.jpg 768w, https:\/\/www.altercampagne.net\/wp-content\/uploads\/2025\/08\/1000034770-1536x864.jpg 1536w, https:\/\/www.altercampagne.net\/wp-content\/uploads\/2025\/08\/1000034770-2048x1152.jpg 2048w, https:\/\/www.altercampagne.net\/wp-content\/uploads\/2025\/08\/1000034770-100x56.jpg 100w, https:\/\/www.altercampagne.net\/wp-content\/uploads\/2025\/08\/1000034770-862x485.jpg 862w, https:\/\/www.altercampagne.net\/wp-content\/uploads\/2025\/08\/1000034770-1140x641.jpg 1140w\" sizes=\"auto, (max-width: 1024px) 100vw, 1024px\" \/><\/a><\/figure>\n\n\n\n<figure class=\"wp-block-image size-large\"><a href=\"https:\/\/www.altercampagne.net\/wp-content\/uploads\/2025\/08\/1000034771-scaled.jpg\"><img loading=\"lazy\" decoding=\"async\" width=\"1024\" height=\"576\" data-id=\"29231\" src=\"https:\/\/www.altercampagne.net\/wp-content\/uploads\/2025\/08\/1000034771-1024x576.jpg\" alt=\"\" class=\"wp-image-29231\" srcset=\"https:\/\/www.altercampagne.net\/wp-content\/uploads\/2025\/08\/1000034771-1024x576.jpg 1024w, https:\/\/www.altercampagne.net\/wp-content\/uploads\/2025\/08\/1000034771-300x169.jpg 300w, https:\/\/www.altercampagne.net\/wp-content\/uploads\/2025\/08\/1000034771-768x432.jpg 768w, https:\/\/www.altercampagne.net\/wp-content\/uploads\/2025\/08\/1000034771-1536x864.jpg 1536w, https:\/\/www.altercampagne.net\/wp-content\/uploads\/2025\/08\/1000034771-2048x1152.jpg 2048w, https:\/\/www.altercampagne.net\/wp-content\/uploads\/2025\/08\/1000034771-100x56.jpg 100w, https:\/\/www.altercampagne.net\/wp-content\/uploads\/2025\/08\/1000034771-862x485.jpg 862w, https:\/\/www.altercampagne.net\/wp-content\/uploads\/2025\/08\/1000034771-1140x641.jpg 1140w\" sizes=\"auto, (max-width: 1024px) 100vw, 1024px\" \/><\/a><\/figure>\n<\/figure>\n","protected":false},"excerpt":{"rendered":"<p>Mardi 29 juillet : Cap sur Verfeil sur Seye, nous arrivons dans ce village du Tarn et Garonne apr\u00e8s 41km de grimpe et une longue descente rafra\u00eechissante!&nbsp; Arriv\u00e9.es \u00e0 destination, nous partons a la rencontre des\u00a0habitant.es d&rsquo;un \u00e9co-hameau o\u00f9 vivent 10 foyers dans des maisons en materiaux bio-sourc\u00e9s (c&rsquo;est \u00e0 &#8230; <\/p>\n<div><a href=\"https:\/\/www.altercampagne.net\/?p=29229\" class=\"more-link\">Read More<\/a><\/div>\n","protected":false},"author":198,"featured_media":29230,"comment_status":"closed","ping_status":"closed","sticky":false,"template":"","format":"standard","meta":{"footnotes":""},"categories":[4511,4313,3485,3480],"tags":[],"class_list":["post-29229","post","type-post","status-publish","format-standard","has-post-thumbnail","hentry","category-edition-2025","category-altertour","category-habitat","category-occitanie"],"yoast_head":"<!-- This site is optimized with the Yoast SEO plugin v27.3 - https:\/\/yoast.com\/product\/yoast-seo-wordpress\/ -->\n<title>Cap sur Verfeil sur Seye - AlterTour<\/title>\n<meta name=\"robots\" content=\"index, follow, max-snippet:-1, max-image-preview:large, max-video-preview:-1\" \/>\n<link rel=\"canonical\" href=\"https:\/\/www.altercampagne.net\/?p=29229\" \/>\n<meta property=\"og:locale\" content=\"fr_FR\" \/>\n<meta property=\"og:type\" content=\"article\" \/>\n<meta property=\"og:title\" content=\"Cap sur Verfeil sur Seye - AlterTour\" \/>\n<meta property=\"og:description\" content=\"Mardi 29 juillet : Cap sur Verfeil sur Seye, nous arrivons dans ce village du Tarn et Garonne apr\u00e8s 41km de grimpe et une longue descente rafra\u00eechissante!&nbsp; Arriv\u00e9.es \u00e0 destination, nous partons a la rencontre des\u00a0habitant.es d&rsquo;un \u00e9co-hameau o\u00f9 vivent 10 foyers dans des maisons en materiaux bio-sourc\u00e9s (c&rsquo;est \u00e0 ... Read More\" \/>\n<meta property=\"og:url\" content=\"https:\/\/www.altercampagne.net\/?p=29229\" \/>\n<meta property=\"og:site_name\" content=\"AlterTour\" \/>\n<meta property=\"article:published_time\" content=\"2025-08-04T09:50:50+00:00\" \/>\n<meta property=\"article:modified_time\" content=\"2025-08-04T09:53:45+00:00\" \/>\n<meta property=\"og:image\" content=\"https:\/\/www.altercampagne.net\/wp-content\/uploads\/2025\/08\/1000034730-scaled.jpg\" \/>\n\t<meta property=\"og:image:width\" content=\"2560\" \/>\n\t<meta property=\"og:image:height\" content=\"1920\" \/>\n\t<meta property=\"og:image:type\" content=\"image\/jpeg\" \/>\n<meta name=\"author\" content=\"Marine R\" \/>\n<meta name=\"twitter:card\" content=\"summary_large_image\" \/>\n<meta name=\"twitter:label1\" content=\"\u00c9crit par\" \/>\n\t<meta name=\"twitter:data1\" content=\"Marine R\" \/>\n\t<meta name=\"twitter:label2\" content=\"Dur\u00e9e de lecture estim\u00e9e\" \/>\n\t<meta name=\"twitter:data2\" content=\"2 minutes\" \/>\n<script type=\"application\/ld+json\" class=\"yoast-schema-graph\">{\"@context\":\"https:\\\/\\\/schema.org\",\"@graph\":[{\"@type\":\"Article\",\"@id\":\"https:\\\/\\\/www.altercampagne.net\\\/?p=29229#article\",\"isPartOf\":{\"@id\":\"https:\\\/\\\/www.altercampagne.net\\\/?p=29229\"},\"author\":{\"name\":\"Marine R\",\"@id\":\"https:\\\/\\\/www.altercampagne.net\\\/#\\\/schema\\\/person\\\/3afde49d8c0be52224ae61fe720b4b19\"},\"headline\":\"Cap sur Verfeil sur Seye\",\"datePublished\":\"2025-08-04T09:50:50+00:00\",\"dateModified\":\"2025-08-04T09:53:45+00:00\",\"mainEntityOfPage\":{\"@id\":\"https:\\\/\\\/www.altercampagne.net\\\/?p=29229\"},\"wordCount\":248,\"image\":{\"@id\":\"https:\\\/\\\/www.altercampagne.net\\\/?p=29229#primaryimage\"},\"thumbnailUrl\":\"https:\\\/\\\/www.altercampagne.net\\\/wp-content\\\/uploads\\\/2025\\\/08\\\/1000034730-scaled.jpg\",\"articleSection\":[\"\u00c9dition 2025\",\"AlterTour\",\"Habitat\",\"Occitanie\"],\"inLanguage\":\"fr-FR\"},{\"@type\":\"WebPage\",\"@id\":\"https:\\\/\\\/www.altercampagne.net\\\/?p=29229\",\"url\":\"https:\\\/\\\/www.altercampagne.net\\\/?p=29229\",\"name\":\"Cap sur Verfeil sur Seye - AlterTour\",\"isPartOf\":{\"@id\":\"https:\\\/\\\/www.altercampagne.net\\\/#website\"},\"primaryImageOfPage\":{\"@id\":\"https:\\\/\\\/www.altercampagne.net\\\/?p=29229#primaryimage\"},\"image\":{\"@id\":\"https:\\\/\\\/www.altercampagne.net\\\/?p=29229#primaryimage\"},\"thumbnailUrl\":\"https:\\\/\\\/www.altercampagne.net\\\/wp-content\\\/uploads\\\/2025\\\/08\\\/1000034730-scaled.jpg\",\"datePublished\":\"2025-08-04T09:50:50+00:00\",\"dateModified\":\"2025-08-04T09:53:45+00:00\",\"author\":{\"@id\":\"https:\\\/\\\/www.altercampagne.net\\\/#\\\/schema\\\/person\\\/3afde49d8c0be52224ae61fe720b4b19\"},\"breadcrumb\":{\"@id\":\"https:\\\/\\\/www.altercampagne.net\\\/?p=29229#breadcrumb\"},\"inLanguage\":\"fr-FR\",\"potentialAction\":[{\"@type\":\"ReadAction\",\"target\":[\"https:\\\/\\\/www.altercampagne.net\\\/?p=29229\"]}]},{\"@type\":\"ImageObject\",\"inLanguage\":\"fr-FR\",\"@id\":\"https:\\\/\\\/www.altercampagne.net\\\/?p=29229#primaryimage\",\"url\":\"https:\\\/\\\/www.altercampagne.net\\\/wp-content\\\/uploads\\\/2025\\\/08\\\/1000034730-scaled.jpg\",\"contentUrl\":\"https:\\\/\\\/www.altercampagne.net\\\/wp-content\\\/uploads\\\/2025\\\/08\\\/1000034730-scaled.jpg\",\"width\":2560,\"height\":1920},{\"@type\":\"BreadcrumbList\",\"@id\":\"https:\\\/\\\/www.altercampagne.net\\\/?p=29229#breadcrumb\",\"itemListElement\":[{\"@type\":\"ListItem\",\"position\":1,\"name\":\"Accueil\",\"item\":\"https:\\\/\\\/www.altercampagne.net\\\/\"},{\"@type\":\"ListItem\",\"position\":2,\"name\":\"Cap sur Verfeil sur Seye\"}]},{\"@type\":\"WebSite\",\"@id\":\"https:\\\/\\\/www.altercampagne.net\\\/#website\",\"url\":\"https:\\\/\\\/www.altercampagne.net\\\/\",\"name\":\"AlterTour\",\"description\":\"Reliez les Alternatives \u00e0 v\u00e9lo\",\"potentialAction\":[{\"@type\":\"SearchAction\",\"target\":{\"@type\":\"EntryPoint\",\"urlTemplate\":\"https:\\\/\\\/www.altercampagne.net\\\/?s={search_term_string}\"},\"query-input\":{\"@type\":\"PropertyValueSpecification\",\"valueRequired\":true,\"valueName\":\"search_term_string\"}}],\"inLanguage\":\"fr-FR\"},{\"@type\":\"Person\",\"@id\":\"https:\\\/\\\/www.altercampagne.net\\\/#\\\/schema\\\/person\\\/3afde49d8c0be52224ae61fe720b4b19\",\"name\":\"Marine R\",\"image\":{\"@type\":\"ImageObject\",\"inLanguage\":\"fr-FR\",\"@id\":\"https:\\\/\\\/secure.gravatar.com\\\/avatar\\\/a3c4f944a184c737c95a33c9fc36f74b2637ea270671045d89722a608b50fd88?s=96&d=mm&r=g\",\"url\":\"https:\\\/\\\/secure.gravatar.com\\\/avatar\\\/a3c4f944a184c737c95a33c9fc36f74b2637ea270671045d89722a608b50fd88?s=96&d=mm&r=g\",\"contentUrl\":\"https:\\\/\\\/secure.gravatar.com\\\/avatar\\\/a3c4f944a184c737c95a33c9fc36f74b2637ea270671045d89722a608b50fd88?s=96&d=mm&r=g\",\"caption\":\"Marine R\"},\"url\":\"https:\\\/\\\/www.altercampagne.net\\\/?author=198\"}]}<\/script>\n<!-- \/ Yoast SEO plugin. -->","yoast_head_json":{"title":"Cap sur Verfeil sur Seye - AlterTour","robots":{"index":"index","follow":"follow","max-snippet":"max-snippet:-1","max-image-preview":"max-image-preview:large","max-video-preview":"max-video-preview:-1"},"canonical":"https:\/\/www.altercampagne.net\/?p=29229","og_locale":"fr_FR","og_type":"article","og_title":"Cap sur Verfeil sur Seye - AlterTour","og_description":"Mardi 29 juillet : Cap sur Verfeil sur Seye, nous arrivons dans ce village du Tarn et Garonne apr\u00e8s 41km de grimpe et une longue descente rafra\u00eechissante!&nbsp; Arriv\u00e9.es \u00e0 destination, nous partons a la rencontre des\u00a0habitant.es d&rsquo;un \u00e9co-hameau o\u00f9 vivent 10 foyers dans des maisons en materiaux bio-sourc\u00e9s (c&rsquo;est \u00e0 ... Read More","og_url":"https:\/\/www.altercampagne.net\/?p=29229","og_site_name":"AlterTour","article_published_time":"2025-08-04T09:50:50+00:00","article_modified_time":"2025-08-04T09:53:45+00:00","og_image":[{"width":2560,"height":1920,"url":"https:\/\/www.altercampagne.net\/wp-content\/uploads\/2025\/08\/1000034730-scaled.jpg","type":"image\/jpeg"}],"author":"Marine R","twitter_card":"summary_large_image","twitter_misc":{"\u00c9crit par":"Marine R","Dur\u00e9e de lecture estim\u00e9e":"2 minutes"},"schema":{"@context":"https:\/\/schema.org","@graph":[{"@type":"Article","@id":"https:\/\/www.altercampagne.net\/?p=29229#article","isPartOf":{"@id":"https:\/\/www.altercampagne.net\/?p=29229"},"author":{"name":"Marine R","@id":"https:\/\/www.altercampagne.net\/#\/schema\/person\/3afde49d8c0be52224ae61fe720b4b19"},"headline":"Cap sur Verfeil sur Seye","datePublished":"2025-08-04T09:50:50+00:00","dateModified":"2025-08-04T09:53:45+00:00","mainEntityOfPage":{"@id":"https:\/\/www.altercampagne.net\/?p=29229"},"wordCount":248,"image":{"@id":"https:\/\/www.altercampagne.net\/?p=29229#primaryimage"},"thumbnailUrl":"https:\/\/www.altercampagne.net\/wp-content\/uploads\/2025\/08\/1000034730-scaled.jpg","articleSection":["\u00c9dition 2025","AlterTour","Habitat","Occitanie"],"inLanguage":"fr-FR"},{"@type":"WebPage","@id":"https:\/\/www.altercampagne.net\/?p=29229","url":"https:\/\/www.altercampagne.net\/?p=29229","name":"Cap sur Verfeil sur Seye - AlterTour","isPartOf":{"@id":"https:\/\/www.altercampagne.net\/#website"},"primaryImageOfPage":{"@id":"https:\/\/www.altercampagne.net\/?p=29229#primaryimage"},"image":{"@id":"https:\/\/www.altercampagne.net\/?p=29229#primaryimage"},"thumbnailUrl":"https:\/\/www.altercampagne.net\/wp-content\/uploads\/2025\/08\/1000034730-scaled.jpg","datePublished":"2025-08-04T09:50:50+00:00","dateModified":"2025-08-04T09:53:45+00:00","author":{"@id":"https:\/\/www.altercampagne.net\/#\/schema\/person\/3afde49d8c0be52224ae61fe720b4b19"},"breadcrumb":{"@id":"https:\/\/www.altercampagne.net\/?p=29229#breadcrumb"},"inLanguage":"fr-FR","potentialAction":[{"@type":"ReadAction","target":["https:\/\/www.altercampagne.net\/?p=29229"]}]},{"@type":"ImageObject","inLanguage":"fr-FR","@id":"https:\/\/www.altercampagne.net\/?p=29229#primaryimage","url":"https:\/\/www.altercampagne.net\/wp-content\/uploads\/2025\/08\/1000034730-scaled.jpg","contentUrl":"https:\/\/www.altercampagne.net\/wp-content\/uploads\/2025\/08\/1000034730-scaled.jpg","width":2560,"height":1920},{"@type":"BreadcrumbList","@id":"https:\/\/www.altercampagne.net\/?p=29229#breadcrumb","itemListElement":[{"@type":"ListItem","position":1,"name":"Accueil","item":"https:\/\/www.altercampagne.net\/"},{"@type":"ListItem","position":2,"name":"Cap sur Verfeil sur Seye"}]},{"@type":"WebSite","@id":"https:\/\/www.altercampagne.net\/#website","url":"https:\/\/www.altercampagne.net\/","name":"AlterTour","description":"Reliez les Alternatives \u00e0 v\u00e9lo","potentialAction":[{"@type":"SearchAction","target":{"@type":"EntryPoint","urlTemplate":"https:\/\/www.altercampagne.net\/?s={search_term_string}"},"query-input":{"@type":"PropertyValueSpecification","valueRequired":true,"valueName":"search_term_string"}}],"inLanguage":"fr-FR"},{"@type":"Person","@id":"https:\/\/www.altercampagne.net\/#\/schema\/person\/3afde49d8c0be52224ae61fe720b4b19","name":"Marine R","image":{"@type":"ImageObject","inLanguage":"fr-FR","@id":"https:\/\/secure.gravatar.com\/avatar\/a3c4f944a184c737c95a33c9fc36f74b2637ea270671045d89722a608b50fd88?s=96&d=mm&r=g","url":"https:\/\/secure.gravatar.com\/avatar\/a3c4f944a184c737c95a33c9fc36f74b2637ea270671045d89722a608b50fd88?s=96&d=mm&r=g","contentUrl":"https:\/\/secure.gravatar.com\/avatar\/a3c4f944a184c737c95a33c9fc36f74b2637ea270671045d89722a608b50fd88?s=96&d=mm&r=g","caption":"Marine R"},"url":"https:\/\/www.altercampagne.net\/?author=198"}]}},"_links":{"self":[{"href":"https:\/\/www.altercampagne.net\/index.php?rest_route=\/wp\/v2\/posts\/29229","targetHints":{"allow":["GET"]}}],"collection":[{"href":"https:\/\/www.altercampagne.net\/index.php?rest_route=\/wp\/v2\/posts"}],"about":[{"href":"https:\/\/www.altercampagne.net\/index.php?rest_route=\/wp\/v2\/types\/post"}],"author":[{"embeddable":true,"href":"https:\/\/www.altercampagne.net\/index.php?rest_route=\/wp\/v2\/users\/198"}],"replies":[{"embeddable":true,"href":"https:\/\/www.altercampagne.net\/index.php?rest_route=%2Fwp%2Fv2%2Fcomments&post=29229"}],"version-history":[{"count":2,"href":"https:\/\/www.altercampagne.net\/index.php?rest_route=\/wp\/v2\/posts\/29229\/revisions"}],"predecessor-version":[{"id":29235,"href":"https:\/\/www.altercampagne.net\/index.php?rest_route=\/wp\/v2\/posts\/29229\/revisions\/29235"}],"wp:featuredmedia":[{"embeddable":true,"href":"https:\/\/www.altercampagne.net\/index.php?rest_route=\/wp\/v2\/media\/29230"}],"wp:attachment":[{"href":"https:\/\/www.altercampagne.net\/index.php?rest_route=%2Fwp%2Fv2%2Fmedia&parent=29229"}],"wp:term":[{"taxonomy":"category","embeddable":true,"href":"https:\/\/www.altercampagne.net\/index.php?rest_route=%2Fwp%2Fv2%2Fcategories&post=29229"},{"taxonomy":"post_tag","embeddable":true,"href":"https:\/\/www.altercampagne.net\/index.php?rest_route=%2Fwp%2Fv2%2Ftags&post=29229"}],"curies":[{"name":"wp","href":"https:\/\/api.w.org\/{rel}","templated":true}]}}