{"id":29236,"date":"2025-08-05T10:20:11","date_gmt":"2025-08-05T08:20:11","guid":{"rendered":"https:\/\/www.altercampagne.net\/?p=29236"},"modified":"2025-08-05T10:20:12","modified_gmt":"2025-08-05T08:20:12","slug":"on-fera-pas-un-monde-different-avec-des-gens-indifferents-arundhati-royal-militante-indienne","status":"publish","type":"post","link":"https:\/\/www.altercampagne.net\/?p=29236","title":{"rendered":"\u201cOn fera pas un monde diff\u00e9rent avec des gens indiff\u00e9rents\u201d Arundhati Royal, militante indienne."},"content":{"rendered":"\n<p>La journ\u00e9e du vendredi 1er ao\u00fbt fut dense pour moi, L\u00e9a. Elle commen\u00e7a par la travers\u00e9e de la rivi\u00e8re \u201cl\u2019Ago\u00fbt\u201d, direction Saint Sulpice et sa for\u00eat comestible \u201cCroque ta for\u00eat\u201d; Gilles, Anne-Marie, Brigitte, Evelyn et Philippe nous pr\u00e9sentent le lieu con\u00e7u autour du concept de guilde, puis organisent divers ateliers : une chasse aux \u0153ufs, un atelier arrosage, et nous aident \u00e0 choper le coup de main (et de rein) pour faucher les pousses de ch\u00eane vert sauvages entre ch\u00e2taigniers, tilleuls, bouleaux.<\/p>\n\n\n\n<figure class=\"wp-block-image size-large\"><a href=\"https:\/\/www.altercampagne.net\/wp-content\/uploads\/2025\/08\/IMG_7258-scaled.jpeg\"><img loading=\"lazy\" decoding=\"async\" width=\"478\" height=\"1024\" src=\"https:\/\/www.altercampagne.net\/wp-content\/uploads\/2025\/08\/IMG_7258-478x1024.jpeg\" alt=\"\" class=\"wp-image-29237\" srcset=\"https:\/\/www.altercampagne.net\/wp-content\/uploads\/2025\/08\/IMG_7258-478x1024.jpeg 478w, https:\/\/www.altercampagne.net\/wp-content\/uploads\/2025\/08\/IMG_7258-140x300.jpeg 140w, https:\/\/www.altercampagne.net\/wp-content\/uploads\/2025\/08\/IMG_7258-768x1645.jpeg 768w, https:\/\/www.altercampagne.net\/wp-content\/uploads\/2025\/08\/IMG_7258-717x1536.jpeg 717w, https:\/\/www.altercampagne.net\/wp-content\/uploads\/2025\/08\/IMG_7258-956x2048.jpeg 956w, https:\/\/www.altercampagne.net\/wp-content\/uploads\/2025\/08\/IMG_7258-100x214.jpeg 100w, https:\/\/www.altercampagne.net\/wp-content\/uploads\/2025\/08\/IMG_7258-862x1846.jpeg 862w, https:\/\/www.altercampagne.net\/wp-content\/uploads\/2025\/08\/IMG_7258-1140x2441.jpeg 1140w, https:\/\/www.altercampagne.net\/wp-content\/uploads\/2025\/08\/IMG_7258-scaled.jpeg 1196w\" sizes=\"auto, (max-width: 478px) 100vw, 478px\" \/><\/a><\/figure>\n\n\n\n<p>En parall\u00e8le,&nbsp;Bruno a \u00e9t\u00e9 marqu\u00e9 par un atelier pain, voici&nbsp;le&nbsp;t\u00e9moignage&nbsp;qu&rsquo;il a tenu \u00e0 m&rsquo;envoyer&nbsp;<\/p>\n\n\n\n<p>\u00ab\u00a0Boulang\u00e8re sur parking<\/p>\n\n\n\n<p>C\u00e9line a install\u00e9 le four ambulant communal sur le parking car chez nos accueillant.e.s de l&rsquo;\u00e9co-hameau l&rsquo;herbe est trop s\u00e8che.<\/p>\n\n\n\n<p>\u00ab\u00a0C\u00e9line ? et son nom, &#8211; Barrier\u00a0\u00bb<\/p>\n\n\n\n<p>\u00ab\u00a0Ha, c&rsquo;est curieux j&rsquo;ai connu une C\u00e9line Barrier qui \u00e9tait \u00e9ducatrice pour chiens d&rsquo;aveugle\u00a0\u00bb<\/p>\n\n\n\n<p>\u00ab\u00a0\u00c7a alors, moi j&rsquo;en ai rencontr\u00e9 une qui avait pr\u00e9sent\u00e9 une th\u00e8se de doctorat de sociologie avec un titre \u00e0 rallonge qui causait de m\u00e9diation animal dans l&rsquo;\u00e9ducation d&rsquo;enfants d\u00e9laiss\u00e9s.\u00a0\u00bb<\/p>\n\n\n\n<p>\u00ab\u00a0La C\u00e9line, m&rsquo;en parlez pas, elle nous a souffl\u00e9 les 7ha qu&rsquo;on lorgnait avec les coll\u00e8gues, c&rsquo;est rageant.\u00a0\u00bb<\/p>\n\n\n\n<p>Quelle personne ! Quel force interne au service des laiss\u00e9s pour compte ou maltrait\u00e9s par notre soci\u00e9t\u00e9.&nbsp;<\/p>\n\n\n\n<p>Maintenant elle nourrit avec ses superbes pains et va de temps \u00e0 autres partout ou d\u00e9couvrir que faire du pain peut vous apporter le sentiment d&rsquo;appartenir\u201d.<\/p>\n\n\n\n<p>Apr\u00e8s le repas aux Amarres, l\u2019un des habitants pr\u00e9nomm\u00e9 G\u00e9rard, &nbsp;auto-construite avec sa compagne Marica.&nbsp;<\/p>\n\n\n\n<p>Nous sommes aux Amarres, l\u2019un des deux habitats participatifs o\u00f9 nous campons.<\/p>\n\n\n\n<p>Dans l\u2019apr\u00e8s-midi, les groupes tournent dans le sens des aiguilles d\u2019une montre au World Caf\u00e9 pr\u00e9par\u00e9 par Karine et gr\u00e2ce au concours de beaucoup de porteurs d\u2019initiatives associatives locales. J\u2019y apprendrai que\u00a0\u00d4 jardin Labastide\u00a0(Commune de Rabastens) et\u00a0les Amarres\u00a0(Commune de Couffouleux) ont \u00e9t\u00e9 cr\u00e9\u00e9s suite \u00e0 une \u201cscission\u201d entre b\u00e9n\u00e9voles\u00a0du Pr\u00e9 Vert, un tiers-lieu situ\u00e9 non loin. Scission,\u00a0car ces lieux d\u2019habitat participatif ne reposent pas sur les m\u00eames principes: le premier est id\u00e9al pour des personnes souhaitant\u00a0acheter leur habitat,\u00a0\u00a0tandis que le second\u00a0est plut\u00f4t\u00a0destin\u00e9 \u00e0 des\u00a0personnes voulant construire comme Marica et G\u00e9rard. D&rsquo;ailleurs, plus t\u00f4t sur la pause du midi, ce dernier\u00a0invite spontan\u00e9ment quelques\u00a0un.es dans sa demeure octogonale en terre-paille.\u00a0Il nous explique en d\u00e9tail les bons tuyaux pour fabriquer son po\u00eale, ou encore obtenir un torchis avec des propri\u00e9t\u00e9s aussi parfaites que les\u00a0romain.es<\/p>\n\n\n\n<p>Plus tard, s&rsquo;ensuit une pr\u00e9sentation du Pr\u00e9 Vert par Florian, ainsi qu&rsquo;une&nbsp;conf\u00e9rence donn\u00e9e par H\u00e9l\u00e8ne.&nbsp;Cette derni\u00e8re&nbsp;nous pr\u00e9sente une \u00e9tude sur les tiers-lieux,&nbsp;men\u00e9e&nbsp;avec un collectif de chercheur.ses&nbsp;qui m&rsquo;int\u00e9ressa&nbsp;particuli\u00e8rement.&nbsp;Je reformule la probl\u00e9matique g\u00e9n\u00e9rale \u00ab\u00a0Comment entrevoir leur contribution sociale, qui est par essence immat\u00e9rielle, intangible?\u00a0\u00bb.&nbsp;La finalit\u00e9 de l\u2019\u00e9tude me semble pertinente: proposer un outil simple d\u2019usage aux 2500 tiers-lieux&nbsp;de l&rsquo;hexagone (et d&rsquo;ailleurs),&nbsp;afin d&rsquo;identifier des&nbsp;contributions sociales sp\u00e9cifiques&nbsp;:&nbsp;&nbsp;par exemple l&rsquo;enrichissement du lien social si&nbsp;une apicultrice&nbsp;devient \u00ab\u00a0coll\u00e8gue\u00a0\u00bb de travail avec un&nbsp;danseur&nbsp;gr\u00e2ce \u00e0 un espace de co-working&nbsp;souvent pr\u00e9sents dans ce type de lieu.<\/p>\n\n\n\n<blockquote class=\"wp-block-quote is-layout-flow wp-block-quote-is-layout-flow\">\n<p>Pour marquer notre dernier jour&nbsp;d&rsquo;altertouristes, mes deux potes et moi buvons un coup : Elric immortalise le moment o\u00f9&nbsp;Coco&nbsp;m\u2019apprend faire cuire des bricks aux \u00e9pinards&nbsp;dans son foodtruck.<\/p>\n\n\n\n<p>Coufouleux c\u2019est le feu! Dixit Candice et Fran\u00e7ois, les animateur.ices de la sc\u00e8ne ouverte. A la cha\u00eene (TV), les repr\u00e9sentations s\u2019encha\u00eenent, c\u2019est le bouquet final de ma semaine! J\u2019ai ador\u00e9 la chor\u00e9graphie&nbsp;m\u00e9ga styl\u00e9e&nbsp;de Camille, l\u2019introspection de supr\u00e9maciste v\u00e9lo-ciraptor de Clement,&nbsp;Marie-Laure alias&nbsp;ML&nbsp;qui fait de nous un orchestre n&rsquo;ayant rien \u00e0 envier aux plus pr\u00e9stigueux,&nbsp;mais encore&nbsp;la&nbsp;chorale&nbsp;et sa magnifique chanson&nbsp;\u201cde l\u2019eau de l\u2019eau\u201d des soul\u00e8vements de la Terre&nbsp;(elle se transmet tout au long de l&rsquo;altertour). Il y a aussi&nbsp;Val\u00e9rie et Juan Fe \u00e0 l\u2019accord\u00e9on et la guitare et enfin, le po\u00e8me de mon cher Tristan que voici :<\/p>\n<\/blockquote>\n\n\n\n<p>Altertour<\/p>\n\n\n\n<p>N&rsquo;en d\u00e9plaise \u00e0 l&rsquo;h\u00e9micycle,<\/p>\n\n\n\n<p>Et \u00e0 ses lois d\u00e9l\u00e9t\u00e8res,<\/p>\n\n\n\n<p>Nous errons sur nos cycles<\/p>\n\n\n\n<p>Pour d\u00e9couvrir la Terre.<\/p>\n\n\n\n<p>A la rencontre de personnes<\/p>\n\n\n\n<p>Qui oeuvrent pour changer les choses<\/p>\n\n\n\n<p>Sans artifice on d\u00e9tonne<\/p>\n\n\n\n<p>Pour remercier&nbsp;celles qui osent<\/p>\n\n\n\n<p>En autogestion, autrement on s&rsquo;imagine<\/p>\n\n\n\n<p>On nous dit anti-tout \u00e0 l&rsquo;Altertour<\/p>\n\n\n\n<p>Non, juste le capitalisme et ses machines<\/p>\n\n\n\n<p>L&rsquo;amour et l&rsquo;entraide, on est pour!<\/p>\n\n\n\n<p>On veut une vie, et un futur,<\/p>\n\n\n\n<p>Le vent sur nos visages,<\/p>\n\n\n\n<p>Pas de gaz, pas de voitures,<\/p>\n\n\n\n<p>Mais la voie, le v\u00e9lo et le voyage.<\/p>\n\n\n\n<p>J&rsquo;entends comme un conseil<\/p>\n\n\n\n<p>Dans un moment de liesse,<\/p>\n\n\n\n<p>Le monde qui murmure dans mes oreilles<\/p>\n\n\n\n<p>Une phrase ou une promesse:<\/p>\n\n\n\n<p>Vagabonde, et s\u00e8me,<\/p>\n\n\n\n<p>De bois en brume<\/p>\n\n\n\n<p>Une vie de boh\u00e8me<\/p>\n\n\n\n<p>Sur le bitume.<\/p>\n\n\n\n<p><\/p>\n\n\n\n<p><\/p>\n\n\n\n<p>Alterjournaliste : L\u00e9a<\/p>\n","protected":false},"excerpt":{"rendered":"<p>La journ\u00e9e du vendredi 1er ao\u00fbt fut dense pour moi, L\u00e9a. Elle commen\u00e7a par la travers\u00e9e de la rivi\u00e8re \u201cl\u2019Ago\u00fbt\u201d, direction Saint Sulpice et sa for\u00eat comestible \u201cCroque ta for\u00eat\u201d; Gilles, Anne-Marie, Brigitte, Evelyn et Philippe nous pr\u00e9sentent le lieu con\u00e7u autour du concept de guilde, puis organisent divers ateliers &#8230; <\/p>\n<div><a href=\"https:\/\/www.altercampagne.net\/?p=29236\" class=\"more-link\">Read More<\/a><\/div>\n","protected":false},"author":198,"featured_media":29238,"comment_status":"closed","ping_status":"closed","sticky":false,"template":"","format":"standard","meta":{"footnotes":""},"categories":[4511,4313,3485,3480,3488],"tags":[],"class_list":["post-29236","post","type-post","status-publish","format-standard","has-post-thumbnail","hentry","category-edition-2025","category-altertour","category-habitat","category-occitanie","category-social"],"yoast_head":"<!-- This site is optimized with the Yoast SEO plugin v27.3 - https:\/\/yoast.com\/product\/yoast-seo-wordpress\/ -->\n<title>\u201cOn fera pas un monde diff\u00e9rent avec des gens indiff\u00e9rents\u201d Arundhati Royal, militante indienne. - AlterTour<\/title>\n<meta name=\"robots\" content=\"index, follow, max-snippet:-1, max-image-preview:large, max-video-preview:-1\" \/>\n<link rel=\"canonical\" href=\"https:\/\/www.altercampagne.net\/?p=29236\" \/>\n<meta property=\"og:locale\" content=\"fr_FR\" \/>\n<meta property=\"og:type\" content=\"article\" \/>\n<meta property=\"og:title\" content=\"\u201cOn fera pas un monde diff\u00e9rent avec des gens indiff\u00e9rents\u201d Arundhati Royal, militante indienne. - AlterTour\" \/>\n<meta property=\"og:description\" content=\"La journ\u00e9e du vendredi 1er ao\u00fbt fut dense pour moi, L\u00e9a. Elle commen\u00e7a par la travers\u00e9e de la rivi\u00e8re \u201cl\u2019Ago\u00fbt\u201d, direction Saint Sulpice et sa for\u00eat comestible \u201cCroque ta for\u00eat\u201d; Gilles, Anne-Marie, Brigitte, Evelyn et Philippe nous pr\u00e9sentent le lieu con\u00e7u autour du concept de guilde, puis organisent divers ateliers ... Read More\" \/>\n<meta property=\"og:url\" content=\"https:\/\/www.altercampagne.net\/?p=29236\" \/>\n<meta property=\"og:site_name\" content=\"AlterTour\" \/>\n<meta property=\"article:published_time\" content=\"2025-08-05T08:20:11+00:00\" \/>\n<meta property=\"article:modified_time\" content=\"2025-08-05T08:20:12+00:00\" \/>\n<meta property=\"og:image\" content=\"https:\/\/www.altercampagne.net\/wp-content\/uploads\/2025\/08\/05b785cd-327e-4d82-a676-8613d75cdb4b.jpeg\" \/>\n\t<meta property=\"og:image:width\" content=\"2048\" \/>\n\t<meta property=\"og:image:height\" content=\"1536\" \/>\n\t<meta property=\"og:image:type\" content=\"image\/jpeg\" \/>\n<meta name=\"author\" content=\"Marine R\" \/>\n<meta name=\"twitter:card\" content=\"summary_large_image\" \/>\n<meta name=\"twitter:label1\" content=\"\u00c9crit par\" \/>\n\t<meta name=\"twitter:data1\" content=\"Marine R\" \/>\n\t<meta name=\"twitter:label2\" content=\"Dur\u00e9e de lecture estim\u00e9e\" \/>\n\t<meta name=\"twitter:data2\" content=\"4 minutes\" \/>\n<script type=\"application\/ld+json\" class=\"yoast-schema-graph\">{\"@context\":\"https:\\\/\\\/schema.org\",\"@graph\":[{\"@type\":\"Article\",\"@id\":\"https:\\\/\\\/www.altercampagne.net\\\/?p=29236#article\",\"isPartOf\":{\"@id\":\"https:\\\/\\\/www.altercampagne.net\\\/?p=29236\"},\"author\":{\"name\":\"Marine R\",\"@id\":\"https:\\\/\\\/www.altercampagne.net\\\/#\\\/schema\\\/person\\\/3afde49d8c0be52224ae61fe720b4b19\"},\"headline\":\"\u201cOn fera pas un monde diff\u00e9rent avec des gens indiff\u00e9rents\u201d Arundhati Royal, militante indienne.\",\"datePublished\":\"2025-08-05T08:20:11+00:00\",\"dateModified\":\"2025-08-05T08:20:12+00:00\",\"mainEntityOfPage\":{\"@id\":\"https:\\\/\\\/www.altercampagne.net\\\/?p=29236\"},\"wordCount\":969,\"image\":{\"@id\":\"https:\\\/\\\/www.altercampagne.net\\\/?p=29236#primaryimage\"},\"thumbnailUrl\":\"https:\\\/\\\/www.altercampagne.net\\\/wp-content\\\/uploads\\\/2025\\\/08\\\/05b785cd-327e-4d82-a676-8613d75cdb4b.jpeg\",\"articleSection\":[\"\u00c9dition 2025\",\"AlterTour\",\"Habitat\",\"Occitanie\",\"Social\"],\"inLanguage\":\"fr-FR\"},{\"@type\":\"WebPage\",\"@id\":\"https:\\\/\\\/www.altercampagne.net\\\/?p=29236\",\"url\":\"https:\\\/\\\/www.altercampagne.net\\\/?p=29236\",\"name\":\"\u201cOn fera pas un monde diff\u00e9rent avec des gens indiff\u00e9rents\u201d Arundhati Royal, militante indienne. - AlterTour\",\"isPartOf\":{\"@id\":\"https:\\\/\\\/www.altercampagne.net\\\/#website\"},\"primaryImageOfPage\":{\"@id\":\"https:\\\/\\\/www.altercampagne.net\\\/?p=29236#primaryimage\"},\"image\":{\"@id\":\"https:\\\/\\\/www.altercampagne.net\\\/?p=29236#primaryimage\"},\"thumbnailUrl\":\"https:\\\/\\\/www.altercampagne.net\\\/wp-content\\\/uploads\\\/2025\\\/08\\\/05b785cd-327e-4d82-a676-8613d75cdb4b.jpeg\",\"datePublished\":\"2025-08-05T08:20:11+00:00\",\"dateModified\":\"2025-08-05T08:20:12+00:00\",\"author\":{\"@id\":\"https:\\\/\\\/www.altercampagne.net\\\/#\\\/schema\\\/person\\\/3afde49d8c0be52224ae61fe720b4b19\"},\"breadcrumb\":{\"@id\":\"https:\\\/\\\/www.altercampagne.net\\\/?p=29236#breadcrumb\"},\"inLanguage\":\"fr-FR\",\"potentialAction\":[{\"@type\":\"ReadAction\",\"target\":[\"https:\\\/\\\/www.altercampagne.net\\\/?p=29236\"]}]},{\"@type\":\"ImageObject\",\"inLanguage\":\"fr-FR\",\"@id\":\"https:\\\/\\\/www.altercampagne.net\\\/?p=29236#primaryimage\",\"url\":\"https:\\\/\\\/www.altercampagne.net\\\/wp-content\\\/uploads\\\/2025\\\/08\\\/05b785cd-327e-4d82-a676-8613d75cdb4b.jpeg\",\"contentUrl\":\"https:\\\/\\\/www.altercampagne.net\\\/wp-content\\\/uploads\\\/2025\\\/08\\\/05b785cd-327e-4d82-a676-8613d75cdb4b.jpeg\",\"width\":2048,\"height\":1536},{\"@type\":\"BreadcrumbList\",\"@id\":\"https:\\\/\\\/www.altercampagne.net\\\/?p=29236#breadcrumb\",\"itemListElement\":[{\"@type\":\"ListItem\",\"position\":1,\"name\":\"Accueil\",\"item\":\"https:\\\/\\\/www.altercampagne.net\\\/\"},{\"@type\":\"ListItem\",\"position\":2,\"name\":\"\u201cOn fera pas un monde diff\u00e9rent avec des gens indiff\u00e9rents\u201d Arundhati Royal, militante indienne.\"}]},{\"@type\":\"WebSite\",\"@id\":\"https:\\\/\\\/www.altercampagne.net\\\/#website\",\"url\":\"https:\\\/\\\/www.altercampagne.net\\\/\",\"name\":\"AlterTour\",\"description\":\"Reliez les Alternatives \u00e0 v\u00e9lo\",\"potentialAction\":[{\"@type\":\"SearchAction\",\"target\":{\"@type\":\"EntryPoint\",\"urlTemplate\":\"https:\\\/\\\/www.altercampagne.net\\\/?s={search_term_string}\"},\"query-input\":{\"@type\":\"PropertyValueSpecification\",\"valueRequired\":true,\"valueName\":\"search_term_string\"}}],\"inLanguage\":\"fr-FR\"},{\"@type\":\"Person\",\"@id\":\"https:\\\/\\\/www.altercampagne.net\\\/#\\\/schema\\\/person\\\/3afde49d8c0be52224ae61fe720b4b19\",\"name\":\"Marine R\",\"image\":{\"@type\":\"ImageObject\",\"inLanguage\":\"fr-FR\",\"@id\":\"https:\\\/\\\/secure.gravatar.com\\\/avatar\\\/a3c4f944a184c737c95a33c9fc36f74b2637ea270671045d89722a608b50fd88?s=96&d=mm&r=g\",\"url\":\"https:\\\/\\\/secure.gravatar.com\\\/avatar\\\/a3c4f944a184c737c95a33c9fc36f74b2637ea270671045d89722a608b50fd88?s=96&d=mm&r=g\",\"contentUrl\":\"https:\\\/\\\/secure.gravatar.com\\\/avatar\\\/a3c4f944a184c737c95a33c9fc36f74b2637ea270671045d89722a608b50fd88?s=96&d=mm&r=g\",\"caption\":\"Marine R\"},\"url\":\"https:\\\/\\\/www.altercampagne.net\\\/?author=198\"}]}<\/script>\n<!-- \/ Yoast SEO plugin. -->","yoast_head_json":{"title":"\u201cOn fera pas un monde diff\u00e9rent avec des gens indiff\u00e9rents\u201d Arundhati Royal, militante indienne. - AlterTour","robots":{"index":"index","follow":"follow","max-snippet":"max-snippet:-1","max-image-preview":"max-image-preview:large","max-video-preview":"max-video-preview:-1"},"canonical":"https:\/\/www.altercampagne.net\/?p=29236","og_locale":"fr_FR","og_type":"article","og_title":"\u201cOn fera pas un monde diff\u00e9rent avec des gens indiff\u00e9rents\u201d Arundhati Royal, militante indienne. - AlterTour","og_description":"La journ\u00e9e du vendredi 1er ao\u00fbt fut dense pour moi, L\u00e9a. Elle commen\u00e7a par la travers\u00e9e de la rivi\u00e8re \u201cl\u2019Ago\u00fbt\u201d, direction Saint Sulpice et sa for\u00eat comestible \u201cCroque ta for\u00eat\u201d; Gilles, Anne-Marie, Brigitte, Evelyn et Philippe nous pr\u00e9sentent le lieu con\u00e7u autour du concept de guilde, puis organisent divers ateliers ... Read More","og_url":"https:\/\/www.altercampagne.net\/?p=29236","og_site_name":"AlterTour","article_published_time":"2025-08-05T08:20:11+00:00","article_modified_time":"2025-08-05T08:20:12+00:00","og_image":[{"width":2048,"height":1536,"url":"https:\/\/www.altercampagne.net\/wp-content\/uploads\/2025\/08\/05b785cd-327e-4d82-a676-8613d75cdb4b.jpeg","type":"image\/jpeg"}],"author":"Marine R","twitter_card":"summary_large_image","twitter_misc":{"\u00c9crit par":"Marine R","Dur\u00e9e de lecture estim\u00e9e":"4 minutes"},"schema":{"@context":"https:\/\/schema.org","@graph":[{"@type":"Article","@id":"https:\/\/www.altercampagne.net\/?p=29236#article","isPartOf":{"@id":"https:\/\/www.altercampagne.net\/?p=29236"},"author":{"name":"Marine R","@id":"https:\/\/www.altercampagne.net\/#\/schema\/person\/3afde49d8c0be52224ae61fe720b4b19"},"headline":"\u201cOn fera pas un monde diff\u00e9rent avec des gens indiff\u00e9rents\u201d Arundhati Royal, militante indienne.","datePublished":"2025-08-05T08:20:11+00:00","dateModified":"2025-08-05T08:20:12+00:00","mainEntityOfPage":{"@id":"https:\/\/www.altercampagne.net\/?p=29236"},"wordCount":969,"image":{"@id":"https:\/\/www.altercampagne.net\/?p=29236#primaryimage"},"thumbnailUrl":"https:\/\/www.altercampagne.net\/wp-content\/uploads\/2025\/08\/05b785cd-327e-4d82-a676-8613d75cdb4b.jpeg","articleSection":["\u00c9dition 2025","AlterTour","Habitat","Occitanie","Social"],"inLanguage":"fr-FR"},{"@type":"WebPage","@id":"https:\/\/www.altercampagne.net\/?p=29236","url":"https:\/\/www.altercampagne.net\/?p=29236","name":"\u201cOn fera pas un monde diff\u00e9rent avec des gens indiff\u00e9rents\u201d Arundhati Royal, militante indienne. - AlterTour","isPartOf":{"@id":"https:\/\/www.altercampagne.net\/#website"},"primaryImageOfPage":{"@id":"https:\/\/www.altercampagne.net\/?p=29236#primaryimage"},"image":{"@id":"https:\/\/www.altercampagne.net\/?p=29236#primaryimage"},"thumbnailUrl":"https:\/\/www.altercampagne.net\/wp-content\/uploads\/2025\/08\/05b785cd-327e-4d82-a676-8613d75cdb4b.jpeg","datePublished":"2025-08-05T08:20:11+00:00","dateModified":"2025-08-05T08:20:12+00:00","author":{"@id":"https:\/\/www.altercampagne.net\/#\/schema\/person\/3afde49d8c0be52224ae61fe720b4b19"},"breadcrumb":{"@id":"https:\/\/www.altercampagne.net\/?p=29236#breadcrumb"},"inLanguage":"fr-FR","potentialAction":[{"@type":"ReadAction","target":["https:\/\/www.altercampagne.net\/?p=29236"]}]},{"@type":"ImageObject","inLanguage":"fr-FR","@id":"https:\/\/www.altercampagne.net\/?p=29236#primaryimage","url":"https:\/\/www.altercampagne.net\/wp-content\/uploads\/2025\/08\/05b785cd-327e-4d82-a676-8613d75cdb4b.jpeg","contentUrl":"https:\/\/www.altercampagne.net\/wp-content\/uploads\/2025\/08\/05b785cd-327e-4d82-a676-8613d75cdb4b.jpeg","width":2048,"height":1536},{"@type":"BreadcrumbList","@id":"https:\/\/www.altercampagne.net\/?p=29236#breadcrumb","itemListElement":[{"@type":"ListItem","position":1,"name":"Accueil","item":"https:\/\/www.altercampagne.net\/"},{"@type":"ListItem","position":2,"name":"\u201cOn fera pas un monde diff\u00e9rent avec des gens indiff\u00e9rents\u201d Arundhati Royal, militante indienne."}]},{"@type":"WebSite","@id":"https:\/\/www.altercampagne.net\/#website","url":"https:\/\/www.altercampagne.net\/","name":"AlterTour","description":"Reliez les Alternatives \u00e0 v\u00e9lo","potentialAction":[{"@type":"SearchAction","target":{"@type":"EntryPoint","urlTemplate":"https:\/\/www.altercampagne.net\/?s={search_term_string}"},"query-input":{"@type":"PropertyValueSpecification","valueRequired":true,"valueName":"search_term_string"}}],"inLanguage":"fr-FR"},{"@type":"Person","@id":"https:\/\/www.altercampagne.net\/#\/schema\/person\/3afde49d8c0be52224ae61fe720b4b19","name":"Marine R","image":{"@type":"ImageObject","inLanguage":"fr-FR","@id":"https:\/\/secure.gravatar.com\/avatar\/a3c4f944a184c737c95a33c9fc36f74b2637ea270671045d89722a608b50fd88?s=96&d=mm&r=g","url":"https:\/\/secure.gravatar.com\/avatar\/a3c4f944a184c737c95a33c9fc36f74b2637ea270671045d89722a608b50fd88?s=96&d=mm&r=g","contentUrl":"https:\/\/secure.gravatar.com\/avatar\/a3c4f944a184c737c95a33c9fc36f74b2637ea270671045d89722a608b50fd88?s=96&d=mm&r=g","caption":"Marine R"},"url":"https:\/\/www.altercampagne.net\/?author=198"}]}},"_links":{"self":[{"href":"https:\/\/www.altercampagne.net\/index.php?rest_route=\/wp\/v2\/posts\/29236","targetHints":{"allow":["GET"]}}],"collection":[{"href":"https:\/\/www.altercampagne.net\/index.php?rest_route=\/wp\/v2\/posts"}],"about":[{"href":"https:\/\/www.altercampagne.net\/index.php?rest_route=\/wp\/v2\/types\/post"}],"author":[{"embeddable":true,"href":"https:\/\/www.altercampagne.net\/index.php?rest_route=\/wp\/v2\/users\/198"}],"replies":[{"embeddable":true,"href":"https:\/\/www.altercampagne.net\/index.php?rest_route=%2Fwp%2Fv2%2Fcomments&post=29236"}],"version-history":[{"count":1,"href":"https:\/\/www.altercampagne.net\/index.php?rest_route=\/wp\/v2\/posts\/29236\/revisions"}],"predecessor-version":[{"id":29239,"href":"https:\/\/www.altercampagne.net\/index.php?rest_route=\/wp\/v2\/posts\/29236\/revisions\/29239"}],"wp:featuredmedia":[{"embeddable":true,"href":"https:\/\/www.altercampagne.net\/index.php?rest_route=\/wp\/v2\/media\/29238"}],"wp:attachment":[{"href":"https:\/\/www.altercampagne.net\/index.php?rest_route=%2Fwp%2Fv2%2Fmedia&parent=29236"}],"wp:term":[{"taxonomy":"category","embeddable":true,"href":"https:\/\/www.altercampagne.net\/index.php?rest_route=%2Fwp%2Fv2%2Fcategories&post=29236"},{"taxonomy":"post_tag","embeddable":true,"href":"https:\/\/www.altercampagne.net\/index.php?rest_route=%2Fwp%2Fv2%2Ftags&post=29236"}],"curies":[{"name":"wp","href":"https:\/\/api.w.org\/{rel}","templated":true}]}}