{"id":29240,"date":"2025-08-07T09:02:58","date_gmt":"2025-08-07T07:02:58","guid":{"rendered":"https:\/\/www.altercampagne.net\/?p=29240"},"modified":"2025-08-07T09:06:51","modified_gmt":"2025-08-07T07:06:51","slug":"derniere-journee-de-juilllet-a-rabastens","status":"publish","type":"post","link":"https:\/\/www.altercampagne.net\/?p=29240","title":{"rendered":"Derni\u00e8re journ\u00e9e de juilllet \u00e0 Rabastens"},"content":{"rendered":"\n<p>C&rsquo;est \u00e0 l&rsquo;aube sous une douce lumi\u00e8re que les Altercyclistes sont sortis de leur tente ce matin (31 juillet), non sans quelques grognements. Heureusement, l&rsquo;\u00e9quipe de petit-d\u00e9jeuner a pu leur offrir une belle chanson de r\u00e9veil et surtout une opulence de caf\u00e9. Il faut dire que le groupe se pr\u00e9pare pour une journ\u00e9e cors\u00e9e : il va falloir franchir la vall\u00e9e de l&rsquo;Aveyron et grimper jusqu&rsquo;\u00e0 Vaour, avant de redescendre \u00e0 travers la for\u00eat de Gr\u00e9signe, et franchir les vall\u00e9es de la V\u00e8re et du Tescou (nous en reparlerons, du Tescou). La mont\u00e9e vers Vaour est longue et bien pentue, ce qui a fait s\u00e9rieusement transpirer m\u00eame les plus aguerri.e.s. On souffle, on r\u00e2le, on s&rsquo;encourage, on \u00e9change les meilleurs choix de rapports de transmission, on pousse un peu le v\u00e9lo parfois, on zigue-zague, on papote &#8211; en soufflant plus fort encore &#8211; pour partager les points de vue sur les exp\u00e9riences des derniers jours.Le petit march\u00e9 de Vaour nous accueille l\u00e0-haut, et nous nous laissons tenter par tout ce qui est gras, sucr\u00e9 ou juteux, cr\u00eapes, fruits, pizzas&#8230; ou tout \u00e0 la fois. Nous sommes \u00e9galement r\u00e9compens\u00e9s par de splendides points de vue, et surtout une descente \u00ab\u00a0parfaite\u00a0\u00bb, faite de grands lacets \u00e0 travers la for\u00eat. Sensations de glisse au top! Pour la pause d\u00e9jeuner, un taboul\u00e9 tout aussi opulent que le caf\u00e9 nous attend, ainsi qu&rsquo;une chasse au tr\u00e9sor un peu stressante: retrouver la cl\u00e9 de l&rsquo;Iveco, malicieusement tomb\u00e9e par un trou derri\u00e8re le volant.La route reprend sous les arbres pour nous mener aux Barri\u00e8res, o\u00f9 nous accueillent des membres du collectif Testet, en lutte contre le barrage de Sivens, projet situ\u00e9 tout proche sur le lit du Tescou.Axelle et Fran\u00e7oise nous retracent un historique des \u00e9v\u00e9nements marquants du projet, dont la mort de R\u00e9mi Fraisse en 2014 qui a \u00e9t\u00e9 un drame particuli\u00e8rement choquant. La situation est complexe, avec une r\u00e9gion souffrant de tensions sur la ressource en eau, avec des zones naturelles \u00e0 prot\u00e9ger, et des besoins \u00e9lev\u00e9s en irrigation pour l&rsquo;agriculture.Le collectif Testet nous pr\u00e9sente plus particuli\u00e8rement et tr\u00e8s positivement le projet de territoire (PTGE du Tescou) qui a \u00e9t\u00e9 initi\u00e9 avec IDEPRINA AGRO PARISTECH \u00e0 partir de 2016. Ce travail a consist\u00e9 \u00e0 mettre autour de la table les principaux repr\u00e9sentants des parties en jeu. Il a permis de r\u00e9tablir le dialogue et de proposer un projet alternatif au barrage de Sivens, tenant davantage compte des contraintes des uns et des autres par des ouvrages de plus faible ampleur, r\u00e9partis sur le trajet du Tescou, et en r\u00e9habilitant certaines retenues existantes. Cette option doit aller de pair avec une orientation agricole plus sobre en eau sur ce territoire, et est jug\u00e9e r\u00e9aliste par la plupart des acteurs.Pourtant, aujourd&rsquo;hui cette proposition n&rsquo;a pas \u00e9t\u00e9 retenue et le projet du barrage de Sivens pourrait red\u00e9marrer cet automne, ce qui r\u00e9veille le clivage politique dans la r\u00e9gion.La discussion plus libre qui s&rsquo;ensuit est riche et agr\u00e9ment\u00e9e de jus de pommes, de biscuits, et de la possibilit\u00e9 d&rsquo;un plouf dans une petite retenue d&rsquo;un autre type: une piscine.Nous reprenons la route pour une derni\u00e8re \u00e9tape vallonn\u00e9e, nous menant vers la plaine du Gaillacois. Changement radical de paysage, l&rsquo;horizon s&rsquo;ouvre, et nous posons nos tentes \u00e0 Rabastens-Couffouleux, aux \u00e9co-hameaux des Amarres et de \u00d4 Jardin Labastide, habitats participatifs. Cette longue journ\u00e9e s&rsquo;ach\u00e8ve avec une passation de pr\u00e9pa d&rsquo;\u00e9tapes, Julie et Polza laissant leur place \u00e0 Gr\u00e9goire et In\u00e8s. Beaucoup filent vite sous la douche et dans leur duvet, mais il para\u00eet que certains ont encore trouv\u00e9 l&rsquo;\u00e9nergie de s&rsquo;ambiancer au concert d&rsquo;\u00e0 c\u00f4t\u00e9. Et apr\u00e8s on nous dit que les Altercyclistes ne sont pas dop\u00e9s?!<\/p>\n\n\n\n<figure class=\"wp-block-gallery has-nested-images columns-default is-cropped wp-block-gallery-1 is-layout-flex wp-block-gallery-is-layout-flex\">\n<figure class=\"wp-block-image size-large\"><a href=\"https:\/\/www.altercampagne.net\/wp-content\/uploads\/2025\/08\/1000038679-scaled.jpg\"><img loading=\"lazy\" decoding=\"async\" width=\"1024\" height=\"768\" data-id=\"29242\" src=\"https:\/\/www.altercampagne.net\/wp-content\/uploads\/2025\/08\/1000038679-1024x768.jpg\" alt=\"\" class=\"wp-image-29242\" srcset=\"https:\/\/www.altercampagne.net\/wp-content\/uploads\/2025\/08\/1000038679-1024x768.jpg 1024w, https:\/\/www.altercampagne.net\/wp-content\/uploads\/2025\/08\/1000038679-300x225.jpg 300w, https:\/\/www.altercampagne.net\/wp-content\/uploads\/2025\/08\/1000038679-768x576.jpg 768w, https:\/\/www.altercampagne.net\/wp-content\/uploads\/2025\/08\/1000038679-1536x1152.jpg 1536w, https:\/\/www.altercampagne.net\/wp-content\/uploads\/2025\/08\/1000038679-2048x1536.jpg 2048w, https:\/\/www.altercampagne.net\/wp-content\/uploads\/2025\/08\/1000038679-100x75.jpg 100w, https:\/\/www.altercampagne.net\/wp-content\/uploads\/2025\/08\/1000038679-862x647.jpg 862w, https:\/\/www.altercampagne.net\/wp-content\/uploads\/2025\/08\/1000038679-1140x855.jpg 1140w\" sizes=\"auto, (max-width: 1024px) 100vw, 1024px\" \/><\/a><\/figure>\n\n\n\n<figure class=\"wp-block-image size-large\"><a href=\"https:\/\/www.altercampagne.net\/wp-content\/uploads\/2025\/08\/1000038887.jpg\"><img loading=\"lazy\" decoding=\"async\" width=\"1024\" height=\"768\" data-id=\"29243\" src=\"https:\/\/www.altercampagne.net\/wp-content\/uploads\/2025\/08\/1000038887-1024x768.jpg\" alt=\"\" class=\"wp-image-29243\" srcset=\"https:\/\/www.altercampagne.net\/wp-content\/uploads\/2025\/08\/1000038887-1024x768.jpg 1024w, https:\/\/www.altercampagne.net\/wp-content\/uploads\/2025\/08\/1000038887-300x225.jpg 300w, https:\/\/www.altercampagne.net\/wp-content\/uploads\/2025\/08\/1000038887-768x576.jpg 768w, https:\/\/www.altercampagne.net\/wp-content\/uploads\/2025\/08\/1000038887-1536x1152.jpg 1536w, https:\/\/www.altercampagne.net\/wp-content\/uploads\/2025\/08\/1000038887-100x75.jpg 100w, https:\/\/www.altercampagne.net\/wp-content\/uploads\/2025\/08\/1000038887-862x647.jpg 862w, https:\/\/www.altercampagne.net\/wp-content\/uploads\/2025\/08\/1000038887-1140x855.jpg 1140w, https:\/\/www.altercampagne.net\/wp-content\/uploads\/2025\/08\/1000038887.jpg 1600w\" sizes=\"auto, (max-width: 1024px) 100vw, 1024px\" \/><\/a><\/figure>\n\n\n\n<figure class=\"wp-block-image size-large\"><a href=\"https:\/\/www.altercampagne.net\/wp-content\/uploads\/2025\/08\/1000038884.jpg\"><img loading=\"lazy\" decoding=\"async\" width=\"1024\" height=\"768\" data-id=\"29244\" src=\"https:\/\/www.altercampagne.net\/wp-content\/uploads\/2025\/08\/1000038884-1024x768.jpg\" alt=\"\" class=\"wp-image-29244\" srcset=\"https:\/\/www.altercampagne.net\/wp-content\/uploads\/2025\/08\/1000038884-1024x768.jpg 1024w, https:\/\/www.altercampagne.net\/wp-content\/uploads\/2025\/08\/1000038884-300x225.jpg 300w, https:\/\/www.altercampagne.net\/wp-content\/uploads\/2025\/08\/1000038884-768x576.jpg 768w, https:\/\/www.altercampagne.net\/wp-content\/uploads\/2025\/08\/1000038884-1536x1152.jpg 1536w, https:\/\/www.altercampagne.net\/wp-content\/uploads\/2025\/08\/1000038884-100x75.jpg 100w, https:\/\/www.altercampagne.net\/wp-content\/uploads\/2025\/08\/1000038884-862x647.jpg 862w, https:\/\/www.altercampagne.net\/wp-content\/uploads\/2025\/08\/1000038884-1140x855.jpg 1140w, https:\/\/www.altercampagne.net\/wp-content\/uploads\/2025\/08\/1000038884.jpg 1600w\" sizes=\"auto, (max-width: 1024px) 100vw, 1024px\" \/><\/a><\/figure>\n<\/figure>\n","protected":false},"excerpt":{"rendered":"<p>C&rsquo;est \u00e0 l&rsquo;aube sous une douce lumi\u00e8re que les Altercyclistes sont sortis de leur tente ce matin (31 juillet), non sans quelques grognements. Heureusement, l&rsquo;\u00e9quipe de petit-d\u00e9jeuner a pu leur offrir une belle chanson de r\u00e9veil et surtout une opulence de caf\u00e9. Il faut dire que le groupe se pr\u00e9pare &#8230; <\/p>\n<div><a href=\"https:\/\/www.altercampagne.net\/?p=29240\" class=\"more-link\">Read More<\/a><\/div>\n","protected":false},"author":198,"featured_media":29241,"comment_status":"closed","ping_status":"closed","sticky":false,"template":"","format":"standard","meta":{"footnotes":""},"categories":[4511,4313,3542,3480,4054,3540],"tags":[],"class_list":["post-29240","post","type-post","status-publish","format-standard","has-post-thumbnail","hentry","category-edition-2025","category-altertour","category-lutte","category-occitanie","category-temoignages","category-transverse"],"yoast_head":"<!-- This site is optimized with the Yoast SEO plugin v27.3 - https:\/\/yoast.com\/product\/yoast-seo-wordpress\/ -->\n<title>Derni\u00e8re journ\u00e9e de juilllet \u00e0 Rabastens - AlterTour<\/title>\n<meta name=\"robots\" content=\"index, follow, max-snippet:-1, max-image-preview:large, max-video-preview:-1\" \/>\n<link rel=\"canonical\" href=\"https:\/\/www.altercampagne.net\/?p=29240\" \/>\n<meta property=\"og:locale\" content=\"fr_FR\" \/>\n<meta property=\"og:type\" content=\"article\" \/>\n<meta property=\"og:title\" content=\"Derni\u00e8re journ\u00e9e de juilllet \u00e0 Rabastens - AlterTour\" \/>\n<meta property=\"og:description\" content=\"C&rsquo;est \u00e0 l&rsquo;aube sous une douce lumi\u00e8re que les Altercyclistes sont sortis de leur tente ce matin (31 juillet), non sans quelques grognements. Heureusement, l&rsquo;\u00e9quipe de petit-d\u00e9jeuner a pu leur offrir une belle chanson de r\u00e9veil et surtout une opulence de caf\u00e9. Il faut dire que le groupe se pr\u00e9pare ... Read More\" \/>\n<meta property=\"og:url\" content=\"https:\/\/www.altercampagne.net\/?p=29240\" \/>\n<meta property=\"og:site_name\" content=\"AlterTour\" \/>\n<meta property=\"article:published_time\" content=\"2025-08-07T07:02:58+00:00\" \/>\n<meta property=\"article:modified_time\" content=\"2025-08-07T07:06:51+00:00\" \/>\n<meta property=\"og:image\" content=\"https:\/\/www.altercampagne.net\/wp-content\/uploads\/2025\/08\/1000038728-scaled.jpg\" \/>\n\t<meta property=\"og:image:width\" content=\"2560\" \/>\n\t<meta property=\"og:image:height\" content=\"1920\" \/>\n\t<meta property=\"og:image:type\" content=\"image\/jpeg\" \/>\n<meta name=\"author\" content=\"Marine R\" \/>\n<meta name=\"twitter:card\" content=\"summary_large_image\" \/>\n<meta name=\"twitter:label1\" content=\"\u00c9crit par\" \/>\n\t<meta name=\"twitter:data1\" content=\"Marine R\" \/>\n\t<meta name=\"twitter:label2\" content=\"Dur\u00e9e de lecture estim\u00e9e\" \/>\n\t<meta name=\"twitter:data2\" content=\"4 minutes\" \/>\n<script type=\"application\/ld+json\" class=\"yoast-schema-graph\">{\"@context\":\"https:\\\/\\\/schema.org\",\"@graph\":[{\"@type\":\"Article\",\"@id\":\"https:\\\/\\\/www.altercampagne.net\\\/?p=29240#article\",\"isPartOf\":{\"@id\":\"https:\\\/\\\/www.altercampagne.net\\\/?p=29240\"},\"author\":{\"name\":\"Marine R\",\"@id\":\"https:\\\/\\\/www.altercampagne.net\\\/#\\\/schema\\\/person\\\/3afde49d8c0be52224ae61fe720b4b19\"},\"headline\":\"Derni\u00e8re journ\u00e9e de juilllet \u00e0 Rabastens\",\"datePublished\":\"2025-08-07T07:02:58+00:00\",\"dateModified\":\"2025-08-07T07:06:51+00:00\",\"mainEntityOfPage\":{\"@id\":\"https:\\\/\\\/www.altercampagne.net\\\/?p=29240\"},\"wordCount\":686,\"image\":{\"@id\":\"https:\\\/\\\/www.altercampagne.net\\\/?p=29240#primaryimage\"},\"thumbnailUrl\":\"https:\\\/\\\/www.altercampagne.net\\\/wp-content\\\/uploads\\\/2025\\\/08\\\/1000038728-scaled.jpg\",\"articleSection\":[\"\u00c9dition 2025\",\"AlterTour\",\"Lutte\",\"Occitanie\",\"T\u00e9moignages\",\"Transverse\"],\"inLanguage\":\"fr-FR\"},{\"@type\":\"WebPage\",\"@id\":\"https:\\\/\\\/www.altercampagne.net\\\/?p=29240\",\"url\":\"https:\\\/\\\/www.altercampagne.net\\\/?p=29240\",\"name\":\"Derni\u00e8re journ\u00e9e de juilllet \u00e0 Rabastens - AlterTour\",\"isPartOf\":{\"@id\":\"https:\\\/\\\/www.altercampagne.net\\\/#website\"},\"primaryImageOfPage\":{\"@id\":\"https:\\\/\\\/www.altercampagne.net\\\/?p=29240#primaryimage\"},\"image\":{\"@id\":\"https:\\\/\\\/www.altercampagne.net\\\/?p=29240#primaryimage\"},\"thumbnailUrl\":\"https:\\\/\\\/www.altercampagne.net\\\/wp-content\\\/uploads\\\/2025\\\/08\\\/1000038728-scaled.jpg\",\"datePublished\":\"2025-08-07T07:02:58+00:00\",\"dateModified\":\"2025-08-07T07:06:51+00:00\",\"author\":{\"@id\":\"https:\\\/\\\/www.altercampagne.net\\\/#\\\/schema\\\/person\\\/3afde49d8c0be52224ae61fe720b4b19\"},\"breadcrumb\":{\"@id\":\"https:\\\/\\\/www.altercampagne.net\\\/?p=29240#breadcrumb\"},\"inLanguage\":\"fr-FR\",\"potentialAction\":[{\"@type\":\"ReadAction\",\"target\":[\"https:\\\/\\\/www.altercampagne.net\\\/?p=29240\"]}]},{\"@type\":\"ImageObject\",\"inLanguage\":\"fr-FR\",\"@id\":\"https:\\\/\\\/www.altercampagne.net\\\/?p=29240#primaryimage\",\"url\":\"https:\\\/\\\/www.altercampagne.net\\\/wp-content\\\/uploads\\\/2025\\\/08\\\/1000038728-scaled.jpg\",\"contentUrl\":\"https:\\\/\\\/www.altercampagne.net\\\/wp-content\\\/uploads\\\/2025\\\/08\\\/1000038728-scaled.jpg\",\"width\":2560,\"height\":1920},{\"@type\":\"BreadcrumbList\",\"@id\":\"https:\\\/\\\/www.altercampagne.net\\\/?p=29240#breadcrumb\",\"itemListElement\":[{\"@type\":\"ListItem\",\"position\":1,\"name\":\"Accueil\",\"item\":\"https:\\\/\\\/www.altercampagne.net\\\/\"},{\"@type\":\"ListItem\",\"position\":2,\"name\":\"Derni\u00e8re journ\u00e9e de juilllet \u00e0 Rabastens\"}]},{\"@type\":\"WebSite\",\"@id\":\"https:\\\/\\\/www.altercampagne.net\\\/#website\",\"url\":\"https:\\\/\\\/www.altercampagne.net\\\/\",\"name\":\"AlterTour\",\"description\":\"Reliez les Alternatives \u00e0 v\u00e9lo\",\"potentialAction\":[{\"@type\":\"SearchAction\",\"target\":{\"@type\":\"EntryPoint\",\"urlTemplate\":\"https:\\\/\\\/www.altercampagne.net\\\/?s={search_term_string}\"},\"query-input\":{\"@type\":\"PropertyValueSpecification\",\"valueRequired\":true,\"valueName\":\"search_term_string\"}}],\"inLanguage\":\"fr-FR\"},{\"@type\":\"Person\",\"@id\":\"https:\\\/\\\/www.altercampagne.net\\\/#\\\/schema\\\/person\\\/3afde49d8c0be52224ae61fe720b4b19\",\"name\":\"Marine R\",\"image\":{\"@type\":\"ImageObject\",\"inLanguage\":\"fr-FR\",\"@id\":\"https:\\\/\\\/secure.gravatar.com\\\/avatar\\\/a3c4f944a184c737c95a33c9fc36f74b2637ea270671045d89722a608b50fd88?s=96&d=mm&r=g\",\"url\":\"https:\\\/\\\/secure.gravatar.com\\\/avatar\\\/a3c4f944a184c737c95a33c9fc36f74b2637ea270671045d89722a608b50fd88?s=96&d=mm&r=g\",\"contentUrl\":\"https:\\\/\\\/secure.gravatar.com\\\/avatar\\\/a3c4f944a184c737c95a33c9fc36f74b2637ea270671045d89722a608b50fd88?s=96&d=mm&r=g\",\"caption\":\"Marine R\"},\"url\":\"https:\\\/\\\/www.altercampagne.net\\\/?author=198\"}]}<\/script>\n<!-- \/ Yoast SEO plugin. -->","yoast_head_json":{"title":"Derni\u00e8re journ\u00e9e de juilllet \u00e0 Rabastens - AlterTour","robots":{"index":"index","follow":"follow","max-snippet":"max-snippet:-1","max-image-preview":"max-image-preview:large","max-video-preview":"max-video-preview:-1"},"canonical":"https:\/\/www.altercampagne.net\/?p=29240","og_locale":"fr_FR","og_type":"article","og_title":"Derni\u00e8re journ\u00e9e de juilllet \u00e0 Rabastens - AlterTour","og_description":"C&rsquo;est \u00e0 l&rsquo;aube sous une douce lumi\u00e8re que les Altercyclistes sont sortis de leur tente ce matin (31 juillet), non sans quelques grognements. Heureusement, l&rsquo;\u00e9quipe de petit-d\u00e9jeuner a pu leur offrir une belle chanson de r\u00e9veil et surtout une opulence de caf\u00e9. Il faut dire que le groupe se pr\u00e9pare ... Read More","og_url":"https:\/\/www.altercampagne.net\/?p=29240","og_site_name":"AlterTour","article_published_time":"2025-08-07T07:02:58+00:00","article_modified_time":"2025-08-07T07:06:51+00:00","og_image":[{"width":2560,"height":1920,"url":"https:\/\/www.altercampagne.net\/wp-content\/uploads\/2025\/08\/1000038728-scaled.jpg","type":"image\/jpeg"}],"author":"Marine R","twitter_card":"summary_large_image","twitter_misc":{"\u00c9crit par":"Marine R","Dur\u00e9e de lecture estim\u00e9e":"4 minutes"},"schema":{"@context":"https:\/\/schema.org","@graph":[{"@type":"Article","@id":"https:\/\/www.altercampagne.net\/?p=29240#article","isPartOf":{"@id":"https:\/\/www.altercampagne.net\/?p=29240"},"author":{"name":"Marine R","@id":"https:\/\/www.altercampagne.net\/#\/schema\/person\/3afde49d8c0be52224ae61fe720b4b19"},"headline":"Derni\u00e8re journ\u00e9e de juilllet \u00e0 Rabastens","datePublished":"2025-08-07T07:02:58+00:00","dateModified":"2025-08-07T07:06:51+00:00","mainEntityOfPage":{"@id":"https:\/\/www.altercampagne.net\/?p=29240"},"wordCount":686,"image":{"@id":"https:\/\/www.altercampagne.net\/?p=29240#primaryimage"},"thumbnailUrl":"https:\/\/www.altercampagne.net\/wp-content\/uploads\/2025\/08\/1000038728-scaled.jpg","articleSection":["\u00c9dition 2025","AlterTour","Lutte","Occitanie","T\u00e9moignages","Transverse"],"inLanguage":"fr-FR"},{"@type":"WebPage","@id":"https:\/\/www.altercampagne.net\/?p=29240","url":"https:\/\/www.altercampagne.net\/?p=29240","name":"Derni\u00e8re journ\u00e9e de juilllet \u00e0 Rabastens - AlterTour","isPartOf":{"@id":"https:\/\/www.altercampagne.net\/#website"},"primaryImageOfPage":{"@id":"https:\/\/www.altercampagne.net\/?p=29240#primaryimage"},"image":{"@id":"https:\/\/www.altercampagne.net\/?p=29240#primaryimage"},"thumbnailUrl":"https:\/\/www.altercampagne.net\/wp-content\/uploads\/2025\/08\/1000038728-scaled.jpg","datePublished":"2025-08-07T07:02:58+00:00","dateModified":"2025-08-07T07:06:51+00:00","author":{"@id":"https:\/\/www.altercampagne.net\/#\/schema\/person\/3afde49d8c0be52224ae61fe720b4b19"},"breadcrumb":{"@id":"https:\/\/www.altercampagne.net\/?p=29240#breadcrumb"},"inLanguage":"fr-FR","potentialAction":[{"@type":"ReadAction","target":["https:\/\/www.altercampagne.net\/?p=29240"]}]},{"@type":"ImageObject","inLanguage":"fr-FR","@id":"https:\/\/www.altercampagne.net\/?p=29240#primaryimage","url":"https:\/\/www.altercampagne.net\/wp-content\/uploads\/2025\/08\/1000038728-scaled.jpg","contentUrl":"https:\/\/www.altercampagne.net\/wp-content\/uploads\/2025\/08\/1000038728-scaled.jpg","width":2560,"height":1920},{"@type":"BreadcrumbList","@id":"https:\/\/www.altercampagne.net\/?p=29240#breadcrumb","itemListElement":[{"@type":"ListItem","position":1,"name":"Accueil","item":"https:\/\/www.altercampagne.net\/"},{"@type":"ListItem","position":2,"name":"Derni\u00e8re journ\u00e9e de juilllet \u00e0 Rabastens"}]},{"@type":"WebSite","@id":"https:\/\/www.altercampagne.net\/#website","url":"https:\/\/www.altercampagne.net\/","name":"AlterTour","description":"Reliez les Alternatives \u00e0 v\u00e9lo","potentialAction":[{"@type":"SearchAction","target":{"@type":"EntryPoint","urlTemplate":"https:\/\/www.altercampagne.net\/?s={search_term_string}"},"query-input":{"@type":"PropertyValueSpecification","valueRequired":true,"valueName":"search_term_string"}}],"inLanguage":"fr-FR"},{"@type":"Person","@id":"https:\/\/www.altercampagne.net\/#\/schema\/person\/3afde49d8c0be52224ae61fe720b4b19","name":"Marine R","image":{"@type":"ImageObject","inLanguage":"fr-FR","@id":"https:\/\/secure.gravatar.com\/avatar\/a3c4f944a184c737c95a33c9fc36f74b2637ea270671045d89722a608b50fd88?s=96&d=mm&r=g","url":"https:\/\/secure.gravatar.com\/avatar\/a3c4f944a184c737c95a33c9fc36f74b2637ea270671045d89722a608b50fd88?s=96&d=mm&r=g","contentUrl":"https:\/\/secure.gravatar.com\/avatar\/a3c4f944a184c737c95a33c9fc36f74b2637ea270671045d89722a608b50fd88?s=96&d=mm&r=g","caption":"Marine R"},"url":"https:\/\/www.altercampagne.net\/?author=198"}]}},"_links":{"self":[{"href":"https:\/\/www.altercampagne.net\/index.php?rest_route=\/wp\/v2\/posts\/29240","targetHints":{"allow":["GET"]}}],"collection":[{"href":"https:\/\/www.altercampagne.net\/index.php?rest_route=\/wp\/v2\/posts"}],"about":[{"href":"https:\/\/www.altercampagne.net\/index.php?rest_route=\/wp\/v2\/types\/post"}],"author":[{"embeddable":true,"href":"https:\/\/www.altercampagne.net\/index.php?rest_route=\/wp\/v2\/users\/198"}],"replies":[{"embeddable":true,"href":"https:\/\/www.altercampagne.net\/index.php?rest_route=%2Fwp%2Fv2%2Fcomments&post=29240"}],"version-history":[{"count":2,"href":"https:\/\/www.altercampagne.net\/index.php?rest_route=\/wp\/v2\/posts\/29240\/revisions"}],"predecessor-version":[{"id":29247,"href":"https:\/\/www.altercampagne.net\/index.php?rest_route=\/wp\/v2\/posts\/29240\/revisions\/29247"}],"wp:featuredmedia":[{"embeddable":true,"href":"https:\/\/www.altercampagne.net\/index.php?rest_route=\/wp\/v2\/media\/29241"}],"wp:attachment":[{"href":"https:\/\/www.altercampagne.net\/index.php?rest_route=%2Fwp%2Fv2%2Fmedia&parent=29240"}],"wp:term":[{"taxonomy":"category","embeddable":true,"href":"https:\/\/www.altercampagne.net\/index.php?rest_route=%2Fwp%2Fv2%2Fcategories&post=29240"},{"taxonomy":"post_tag","embeddable":true,"href":"https:\/\/www.altercampagne.net\/index.php?rest_route=%2Fwp%2Fv2%2Ftags&post=29240"}],"curies":[{"name":"wp","href":"https:\/\/api.w.org\/{rel}","templated":true}]}}