{"id":29249,"date":"2025-08-09T15:16:52","date_gmt":"2025-08-09T13:16:52","guid":{"rendered":"https:\/\/www.altercampagne.net\/?p=29249"},"modified":"2025-08-10T21:57:05","modified_gmt":"2025-08-10T19:57:05","slug":"aupres-didylle","status":"publish","type":"post","link":"https:\/\/www.altercampagne.net\/?p=29249","title":{"rendered":"Mercredi 30 juillet: Aupr\u00e8s d&rsquo;Idylle"},"content":{"rendered":"\n<p>Apr\u00e8s une incroyable grasse mat jusqu&rsquo;\u00e0 7h15, les altercyclistes se r\u00e9veillent au son des Corons de Bachelet sur le stade de foot (et d&rsquo;ultimate Frisbee) de Verfeil-sur-Seye. Aujourd&rsquo;hui on ne d\u00e9plie pas les tentes mais on roule : direction Caylus \u00e0 la ferme Aupr\u00e8s d&rsquo;Idylle chez Claire et Nicolas, Idylle du nom de feu leur jument de traite d&rsquo;une belle tonne, d\u00e9c\u00e9d\u00e9e r\u00e9cemment \u00e0 l&rsquo;\u00e2ge respectable de 30 ans. La route est courte mais bien vallon\u00e9e, en tant que serre file j&rsquo;encourage les enfants descendus de leur v\u00e9lo pour le pousser dans les c\u00f4tes les plus raides.<\/p>\n\n\n\n<p>Aupr\u00e8s d&rsquo;Idylle est l&rsquo;une des deux seules fermes d&rsquo;Occitanie labellis\u00e9es \u00e0 la FNAB, F\u00e9d\u00e9ration Nationale de l&rsquo;Agriculture Biologique, qui respecte et va plus loin que le cahier des charges AB (par exemple l&rsquo;ivermectine, un vermifuge pour les brebis, n&rsquo;est pas autoris\u00e9e sauf en cas d&rsquo;urgence). Elle s&rsquo;\u00e9tend sur 16 ha dont 8 sont encore en friche. Quand Claire et Nicolas l&rsquo;ont r\u00e9cup\u00e9r\u00e9e en 2019 elle n&rsquo;\u00e9tait plus en exploitation depuis 1962, c&rsquo;est donc elleux qui ont tout r\u00e9nov\u00e9 et d\u00e9frich\u00e9.<\/p>\n\n\n\n<p>Une salari\u00e9e \u00e0 mi-temps aide Nicolas sur la ferme, Claire, elle, travaille \u00e0 l&rsquo;ext\u00e9rieur et donne des coups de main d\u00e8s qu&rsquo;elle peut.<\/p>\n\n\n\n<p>Les altercyclistes se sont divis\u00e9\u00b7es en 2 groupes, l&rsquo;un donnant un coup de main pour d\u00e9fricher une parcelle en pente sur laquelle les machines ne peuvent pas passer et qui est couverte de pruneliers, une plante invasive et pleine d&rsquo;\u00e9pines. A terme des oliviers, pommiers et ch\u00e2taigniers seront plant\u00e9s sur cette parcelle.&nbsp;<\/p>\n\n\n\n<figure class=\"wp-block-image size-full\"><a href=\"https:\/\/www.altercampagne.net\/wp-content\/uploads\/2025\/08\/image-1.jpeg\"><img loading=\"lazy\" decoding=\"async\" width=\"800\" height=\"695\" src=\"https:\/\/www.altercampagne.net\/wp-content\/uploads\/2025\/08\/image-1.jpeg\" alt=\"\" class=\"wp-image-29252\" srcset=\"https:\/\/www.altercampagne.net\/wp-content\/uploads\/2025\/08\/image-1.jpeg 800w, https:\/\/www.altercampagne.net\/wp-content\/uploads\/2025\/08\/image-1-300x261.jpeg 300w, https:\/\/www.altercampagne.net\/wp-content\/uploads\/2025\/08\/image-1-768x667.jpeg 768w, https:\/\/www.altercampagne.net\/wp-content\/uploads\/2025\/08\/image-1-100x87.jpeg 100w\" sizes=\"auto, (max-width: 800px) 100vw, 800px\" \/><\/a><\/figure>\n\n\n\n<p>Atelier d\u00e9frichage de pruneliers sur la ferme Aupr\u00e8s d&rsquo;Idylle (cr\u00e9dit : Bruno Cl\u00e9mentin)<\/p>\n\n\n\n<p>L&rsquo;autre groupe aura le droit \u00e0 une visite compl\u00e8te de la ferme et de nombreuses explications sur son fonctionnement. La ferme comprend 2 activit\u00e9s principales :<\/p>\n\n\n\n<p>&#8211; de l&rsquo;\u00e9levage de brebis allaitantes pour faire de la viande d&rsquo;agneaux&nbsp;<\/p>\n\n\n\n<p>&#8211; de l&rsquo;\u00e9levage de porcs (Nicolas est \u00e0 la fois naisseur et engraisseur)<\/p>\n\n\n\n<p>Le troupeau comprend 150 brebis m\u00e8res qui ne sont pas en permanence sur la ferme et sont envoy\u00e9es en p\u00e2turage sur diverses parcelles publiques des communes avoisinantes pour compl\u00e9ter les recettes de la ferme (cet \u00e9co-p\u00e2turage repr\u00e9sente aujourd&rsquo;hui la moiti\u00e9 des revenus de la ferme) mais aussi l&rsquo;alimentation des b\u00eates pour laquelle les 8ha de la ferme sont insuffisants. Quatre b\u00e9liers reproducteurs, remplac\u00e9s tous les 3 ans pour \u00e9viter la consanguinit\u00e9, et des agneaux sont \u00e9galement pr\u00e9sent\u00b7es ainsi que 3 chiens de protection, des Patous (Sigy, Voyou &#8211; un jeune Patou &#8211; et Bella, une crois\u00e9e Patou et Kangal) et des chiens guides de troupeau (des Borders Coly). Les chiens de protection prot\u00e8gent aussi bien des pr\u00e9dateurs (renards, loups, blaireaux et buses), que des sangliers qui peuvent transmettre une maladie tr\u00e8s grave aux porcs, la maladie d&rsquo;Aujeszky qui se transmet par simple contact salivaire, groin \u00e0 groin par exemple (si un porc est contamin\u00e9 il faut abattre tout le troupeau car la maladie est tr\u00e8s contagieuse et peut se transmettre aux humain), ou encore des intrusions humaines. La laine n&rsquo;est pas valoris\u00e9e \u00e9conomiquement, il n&rsquo;y a pas de fili\u00e8re en France &#8211; des initiatives existent mais trop petites pour pouvoir \u00e9couler tout le stock de laine du coin, elle est donc valoris\u00e9e directement sur la ferme pour l&rsquo;isolation de la cabane des cochons ou autres usages internes.<\/p>\n\n\n\n<figure class=\"wp-block-image size-large\"><a href=\"https:\/\/www.altercampagne.net\/wp-content\/uploads\/2025\/08\/image2.jpeg\"><img loading=\"lazy\" decoding=\"async\" width=\"769\" height=\"1024\" src=\"https:\/\/www.altercampagne.net\/wp-content\/uploads\/2025\/08\/image2-769x1024.jpeg\" alt=\"\" class=\"wp-image-29251\" srcset=\"https:\/\/www.altercampagne.net\/wp-content\/uploads\/2025\/08\/image2-769x1024.jpeg 769w, https:\/\/www.altercampagne.net\/wp-content\/uploads\/2025\/08\/image2-225x300.jpeg 225w, https:\/\/www.altercampagne.net\/wp-content\/uploads\/2025\/08\/image2-768x1023.jpeg 768w, https:\/\/www.altercampagne.net\/wp-content\/uploads\/2025\/08\/image2-1153x1536.jpeg 1153w, https:\/\/www.altercampagne.net\/wp-content\/uploads\/2025\/08\/image2-1538x2048.jpeg 1538w, https:\/\/www.altercampagne.net\/wp-content\/uploads\/2025\/08\/image2-100x133.jpeg 100w, https:\/\/www.altercampagne.net\/wp-content\/uploads\/2025\/08\/image2-862x1148.jpeg 862w, https:\/\/www.altercampagne.net\/wp-content\/uploads\/2025\/08\/image2-1140x1518.jpeg 1140w, https:\/\/www.altercampagne.net\/wp-content\/uploads\/2025\/08\/image2.jpeg 1920w\" sizes=\"auto, (max-width: 769px) 100vw, 769px\" \/><\/a><\/figure>\n\n\n\n<p>Nicolas, Sigy le patou et 2 brebis &nbsp;(cr\u00e9dit : Anne Chaumillon)<\/p>\n\n\n\n<p>Concernant l&rsquo;\u00e9levage de porcs, Nicolas a aujourd&rsquo;hui 4 parcs, 1 parc pour les truies grosses ou non encore engross\u00e9es, 1 parc reproducteur pour les verrats, 1 pour la truie qui allaite ses porcelets et 1 pour les porcelets sevr\u00e9s. Les truies mettent bas au bout de 3 mois 3 semaines et 3 jours de gestation, une port\u00e9e d&rsquo;une dizaines de porcelets dont certain meurent \u00e9cras\u00e9s par la m\u00e8re \u00e0 leur naissance. Les porcelets sont sevr\u00e9s \u00e0 6 semaines, soit proches du sevrage naturel, contre 4 en conventionnel avec dans ce cas un risque de mort pr\u00e9matur\u00e9. Ici, les porcelets ne sont pas castr\u00e9s et leur queue n&rsquo;est pas coup\u00e9e (elle l&rsquo;est en conventionnel car les porcelets enferm\u00e9s s&rsquo;ennuient sans espace de jeu et finissent par se mordre la queue les uns les autres). Sans castration, cela \u00e9vite aussi de leur donner des antibiotiques, n\u00e9cessaires en cas d&rsquo;acte chirurgical. Les porcelets sont envoy\u00e9s \u00e0 l&rsquo;abattoir vers 9 mois (ils font alors un peu moins de 120 kg), avant leur pubert\u00e9, car alors les m\u00e2les prennent une odeur tr\u00e8s forte.<\/p>\n\n\n\n<p>Les agneaux eux sont vendus \u00e0 20\u20ac\/kg pour par colis (un agneau permet de faire deux colis), tout est \u00e9coul\u00e9 en vente direct avec une liste d&rsquo;attente pour des futurs clients. Plusieurs imams ont contact\u00e9 la ferme qui a d\u00e9j\u00e0 vendu des colis pour l&rsquo;A\u00efd, avec par contre la demande que les b\u00eates soient tu\u00e9es \u00e0 l&rsquo;abattoir (la tradition, de moins en moins respect\u00e9e, \u00e9tant d&rsquo;\u00e9gorger le mouton dans la baignoire).<\/p>\n\n\n\n<figure class=\"wp-block-image size-large\"><a href=\"https:\/\/www.altercampagne.net\/wp-content\/uploads\/2025\/08\/image3.jpeg\"><img loading=\"lazy\" decoding=\"async\" width=\"769\" height=\"1024\" src=\"https:\/\/www.altercampagne.net\/wp-content\/uploads\/2025\/08\/image3-769x1024.jpeg\" alt=\"\" class=\"wp-image-29253\" srcset=\"https:\/\/www.altercampagne.net\/wp-content\/uploads\/2025\/08\/image3-769x1024.jpeg 769w, https:\/\/www.altercampagne.net\/wp-content\/uploads\/2025\/08\/image3-225x300.jpeg 225w, https:\/\/www.altercampagne.net\/wp-content\/uploads\/2025\/08\/image3-768x1023.jpeg 768w, https:\/\/www.altercampagne.net\/wp-content\/uploads\/2025\/08\/image3-1153x1536.jpeg 1153w, https:\/\/www.altercampagne.net\/wp-content\/uploads\/2025\/08\/image3-1538x2048.jpeg 1538w, https:\/\/www.altercampagne.net\/wp-content\/uploads\/2025\/08\/image3-100x133.jpeg 100w, https:\/\/www.altercampagne.net\/wp-content\/uploads\/2025\/08\/image3-862x1148.jpeg 862w, https:\/\/www.altercampagne.net\/wp-content\/uploads\/2025\/08\/image3-1140x1518.jpeg 1140w, https:\/\/www.altercampagne.net\/wp-content\/uploads\/2025\/08\/image3.jpeg 1920w\" sizes=\"auto, (max-width: 769px) 100vw, 769px\" \/><\/a><\/figure>\n\n\n\n<p>Nicolas et 2 porcelets sevr\u00e9s&nbsp; (cr\u00e9dit : Anne Chaumillon)<\/p>\n\n\n\n<p>Comme sur toute ferme des travaux et investissements sont sans cesse r\u00e9alis\u00e9s. Une grande maison qui \u00e9tait \u00e0 l&rsquo;abandon est en cours de r\u00e9habilitation. Nicolas a \u00e9galement investi dans une bergerie, livr\u00e9e en d\u00e9cembre dernier, pour pouvoir mettre les brebis au chaud l&rsquo;hiver mais aussi prot\u00e9ger le mat\u00e9riel et surtout le foin. La r\u00e9flexion en cours concerne l&rsquo;achat de silos et sans doute d&rsquo;un camion pour l&rsquo;approvisionnement en c\u00e9r\u00e9ales locales pour nourrir les b\u00eates \u00e0 la place des granul\u00e9s aujourd&rsquo;hui achet\u00e9s dans l&rsquo;Aude et produits \u00e0 partir de c\u00e9r\u00e9ales venant de tout le sud-ouest. La difficult\u00e9 est que les producteurs du coin ne peuvent pas livrer, il faudra donc que Nicolas y aille lui m\u00eame en camion pour ramener les c\u00e9r\u00e9ales et les mettre dans le silo.<\/p>\n\n\n\n<p>En 2023, la ferme a \u00e9t\u00e9 touch\u00e9e par la Fi\u00e8vre Catarrhale Ovine (FCO) \u00e9galement appel\u00e9e maladie de la langue bleue qui tue une brebis contamin\u00e9e en 48 \u00e0 72h et qui est caus\u00e9e par un moucheron (c&rsquo;est une maladie non contagieuse qui ne n\u00e9cessite pas d&rsquo;abattre le troupeau quand une b\u00eate est contamin\u00e9e). 40 agneaux et 15 brebis sont mortes de cette maladie et le chiffre d&rsquo;affaires de la ferme a alors chut\u00e9 de 40%. L&rsquo;\u00e9co-p\u00e2turage et l&rsquo;\u00e9levage de porcs permet ainsi de diversifier l&rsquo;\u00e9conomie de la ferme. Outre les chiens qui prot\u00e8gent des sangliers, les normes bios\u00e9curitaires imposent de cl\u00f4turer toute la ferme pour pr\u00e9venir un maximum de contamination, comme la maladie de Tchevsky mentionn\u00e9e plus haut et qui se propage par simple contact, il est demand\u00e9 2 cl\u00f4tures \u00e9lectriques distantes de plus de 50 cm avec un grillage entre les deux. Malheureusement, en p\u00e9riode de chaleur des truies ou lorsqu&rsquo;ils sont pourchass\u00e9s par des chiens de chasse, cela ne suffit pas \u00e0 emp\u00eacher l&rsquo;intrusion des sangliers (d&rsquo;o\u00f9 les chiens de protection). Un sas sanitaire est \u00e9galement exig\u00e9, pour enlever les v\u00eatements et chaussures avant d&rsquo;entrer dans l&rsquo;enclos des porcs afin d&#8217;emp\u00eacher toute contamination.<\/p>\n\n\n\n<p>Nous avons eu un \u00e9change riche sur ces normes, drastiques et extr\u00eamement difficiles \u00e0 respecter pour un petit \u00e9leveur qui fait du plein air et qui sont souvent la r\u00e9ponse \u00e0 des cas de contamination par des \u00e9leveurs, voire des particuliers qui ne jouent pas le jeu. Ainsi Claire et Nicolas nous ont parl\u00e9 de leur voisine retrait\u00e9e qui veut \u00ab&nbsp;sauver&nbsp;\u00bb des brebis, des ch\u00e8vres et des porcs sans les d\u00e9clarer et qui ne mettaient initialement pas de cl\u00f4ture et ne vaccinaient pas les animaux recueillis ce qui risquait d&rsquo;entra\u00eener la contamination de tout le troupeau de la ferme Aupr\u00e8s d&rsquo;Idylle. Apr\u00e8s un \u00e9change, elle a toutefois compris et accept\u00e9 la n\u00e9cessit\u00e9 de mettre ces cl\u00f4tures.<\/p>\n\n\n\n<p>La pr\u00e9sence des chiens de protection a \u00e9galement \u00e9t\u00e9 l&rsquo;occasion de nous apprendre la bonne posture \u00e0 adopter en randonn\u00e9e quand on croise un troupeau prot\u00e9g\u00e9 par ce type de chiens, l&rsquo;id\u00e9e \u00e9tant de ne pas \u00eatre agressif, de les laisser nous approcher pour nous renifler, de leur parler calmement et de reculer si n\u00e9cessaire en laissant bien les bras le long du corps. Nicolas nous a m\u00eame conseill\u00e9 de renoncer \u00e0 continuer son chemin plut\u00f4t que de forcer le passage&#8230;<\/p>\n\n\n\n<p>Comme souvent quand on passe par des fermes avec des paysans et notamment des \u00e9leveurs ou \u00e9leveuses passionn\u00e9\u00b7es, je suis frapp\u00e9 par l&rsquo;\u00e9tendu de sa connaissance, une connaissance toujours confront\u00e9e au terrain et au vivant, qui aboutit \u00e0 une posture de compromis entre de multiples injonctions parfois difficilement conciliables (faire de la qualit\u00e9 tout en \u00e9tant rentable, donner une vie la plus heureuse possible \u00e0 ses b\u00eates et passer le plus de temps possibles avec elles mais pour finalement les faire abattre pour pouvoir gagner sa vie, se prot\u00e9ger des pr\u00e9dateurs mais accepter leur pr\u00e9sence etc.).<\/p>\n\n\n\n<p>Nous finissons cette belle journ\u00e9e par un saut au village de Verfeil o\u00f9 la ludoth\u00e8que, le caf\u00e9 associative et le march\u00e9 de producteurs sont ouverts tous les mercredi avant de revenir au campement pour le briefing et le repas et pour nous faire belles et beaux, autant que faire se peut dans les conditions de l&rsquo;altertour, pour le bal folk organis\u00e9 au village&#8230;<\/p>\n\n\n\n<p><em>alterjournaliste : Vincent Krakowski<\/em><\/p>\n","protected":false},"excerpt":{"rendered":"<p>Apr\u00e8s une incroyable grasse mat jusqu&rsquo;\u00e0 7h15, les altercyclistes se r\u00e9veillent au son des Corons de Bachelet sur le stade de foot (et d&rsquo;ultimate Frisbee) de Verfeil-sur-Seye. Aujourd&rsquo;hui on ne d\u00e9plie pas les tentes mais on roule : direction Caylus \u00e0 la ferme Aupr\u00e8s d&rsquo;Idylle chez Claire et Nicolas, Idylle &#8230; <\/p>\n<div><a href=\"https:\/\/www.altercampagne.net\/?p=29249\" class=\"more-link\">Read More<\/a><\/div>\n","protected":false},"author":403,"featured_media":29254,"comment_status":"closed","ping_status":"closed","sticky":false,"template":"","format":"standard","meta":{"footnotes":""},"categories":[4511,3483,3489,3480],"tags":[],"class_list":["post-29249","post","type-post","status-publish","format-standard","has-post-thumbnail","hentry","category-edition-2025","category-agriculture","category-alimentation","category-occitanie"],"yoast_head":"<!-- This site is optimized with the Yoast SEO plugin v27.3 - https:\/\/yoast.com\/product\/yoast-seo-wordpress\/ -->\n<title>Mercredi 30 juillet: Aupr\u00e8s d&#039;Idylle - AlterTour<\/title>\n<meta name=\"robots\" content=\"index, follow, max-snippet:-1, max-image-preview:large, max-video-preview:-1\" \/>\n<link rel=\"canonical\" href=\"https:\/\/www.altercampagne.net\/?p=29249\" \/>\n<meta property=\"og:locale\" content=\"fr_FR\" \/>\n<meta property=\"og:type\" content=\"article\" \/>\n<meta property=\"og:title\" content=\"Mercredi 30 juillet: Aupr\u00e8s d&#039;Idylle - AlterTour\" \/>\n<meta property=\"og:description\" content=\"Apr\u00e8s une incroyable grasse mat jusqu&rsquo;\u00e0 7h15, les altercyclistes se r\u00e9veillent au son des Corons de Bachelet sur le stade de foot (et d&rsquo;ultimate Frisbee) de Verfeil-sur-Seye. Aujourd&rsquo;hui on ne d\u00e9plie pas les tentes mais on roule : direction Caylus \u00e0 la ferme Aupr\u00e8s d&rsquo;Idylle chez Claire et Nicolas, Idylle ... Read More\" \/>\n<meta property=\"og:url\" content=\"https:\/\/www.altercampagne.net\/?p=29249\" \/>\n<meta property=\"og:site_name\" content=\"AlterTour\" \/>\n<meta property=\"article:published_time\" content=\"2025-08-09T13:16:52+00:00\" \/>\n<meta property=\"article:modified_time\" content=\"2025-08-10T19:57:05+00:00\" \/>\n<meta property=\"og:image\" content=\"https:\/\/www.altercampagne.net\/wp-content\/uploads\/2025\/08\/image2-1.jpeg\" \/>\n\t<meta property=\"og:image:width\" content=\"1920\" \/>\n\t<meta property=\"og:image:height\" content=\"2557\" \/>\n\t<meta property=\"og:image:type\" content=\"image\/jpeg\" \/>\n<meta name=\"author\" content=\"Cl\u00e9ment Baril\" \/>\n<meta name=\"twitter:card\" content=\"summary_large_image\" \/>\n<meta name=\"twitter:label1\" content=\"\u00c9crit par\" \/>\n\t<meta name=\"twitter:data1\" content=\"Cl\u00e9ment Baril\" \/>\n\t<meta name=\"twitter:label2\" content=\"Dur\u00e9e de lecture estim\u00e9e\" \/>\n\t<meta name=\"twitter:data2\" content=\"9 minutes\" \/>\n<script type=\"application\/ld+json\" class=\"yoast-schema-graph\">{\"@context\":\"https:\\\/\\\/schema.org\",\"@graph\":[{\"@type\":\"Article\",\"@id\":\"https:\\\/\\\/www.altercampagne.net\\\/?p=29249#article\",\"isPartOf\":{\"@id\":\"https:\\\/\\\/www.altercampagne.net\\\/?p=29249\"},\"author\":{\"name\":\"Cl\u00e9ment Baril\",\"@id\":\"https:\\\/\\\/www.altercampagne.net\\\/#\\\/schema\\\/person\\\/dcee38da6bc36259ec4de60e71e4d2ac\"},\"headline\":\"Mercredi 30 juillet: Aupr\u00e8s d&rsquo;Idylle\",\"datePublished\":\"2025-08-09T13:16:52+00:00\",\"dateModified\":\"2025-08-10T19:57:05+00:00\",\"mainEntityOfPage\":{\"@id\":\"https:\\\/\\\/www.altercampagne.net\\\/?p=29249\"},\"wordCount\":1653,\"image\":{\"@id\":\"https:\\\/\\\/www.altercampagne.net\\\/?p=29249#primaryimage\"},\"thumbnailUrl\":\"https:\\\/\\\/www.altercampagne.net\\\/wp-content\\\/uploads\\\/2025\\\/08\\\/image2-1.jpeg\",\"articleSection\":[\"\u00c9dition 2025\",\"Agriculture\",\"Alimentation\",\"Occitanie\"],\"inLanguage\":\"fr-FR\"},{\"@type\":\"WebPage\",\"@id\":\"https:\\\/\\\/www.altercampagne.net\\\/?p=29249\",\"url\":\"https:\\\/\\\/www.altercampagne.net\\\/?p=29249\",\"name\":\"Mercredi 30 juillet: Aupr\u00e8s d'Idylle - AlterTour\",\"isPartOf\":{\"@id\":\"https:\\\/\\\/www.altercampagne.net\\\/#website\"},\"primaryImageOfPage\":{\"@id\":\"https:\\\/\\\/www.altercampagne.net\\\/?p=29249#primaryimage\"},\"image\":{\"@id\":\"https:\\\/\\\/www.altercampagne.net\\\/?p=29249#primaryimage\"},\"thumbnailUrl\":\"https:\\\/\\\/www.altercampagne.net\\\/wp-content\\\/uploads\\\/2025\\\/08\\\/image2-1.jpeg\",\"datePublished\":\"2025-08-09T13:16:52+00:00\",\"dateModified\":\"2025-08-10T19:57:05+00:00\",\"author\":{\"@id\":\"https:\\\/\\\/www.altercampagne.net\\\/#\\\/schema\\\/person\\\/dcee38da6bc36259ec4de60e71e4d2ac\"},\"breadcrumb\":{\"@id\":\"https:\\\/\\\/www.altercampagne.net\\\/?p=29249#breadcrumb\"},\"inLanguage\":\"fr-FR\",\"potentialAction\":[{\"@type\":\"ReadAction\",\"target\":[\"https:\\\/\\\/www.altercampagne.net\\\/?p=29249\"]}]},{\"@type\":\"ImageObject\",\"inLanguage\":\"fr-FR\",\"@id\":\"https:\\\/\\\/www.altercampagne.net\\\/?p=29249#primaryimage\",\"url\":\"https:\\\/\\\/www.altercampagne.net\\\/wp-content\\\/uploads\\\/2025\\\/08\\\/image2-1.jpeg\",\"contentUrl\":\"https:\\\/\\\/www.altercampagne.net\\\/wp-content\\\/uploads\\\/2025\\\/08\\\/image2-1.jpeg\",\"width\":1920,\"height\":2557},{\"@type\":\"BreadcrumbList\",\"@id\":\"https:\\\/\\\/www.altercampagne.net\\\/?p=29249#breadcrumb\",\"itemListElement\":[{\"@type\":\"ListItem\",\"position\":1,\"name\":\"Accueil\",\"item\":\"https:\\\/\\\/www.altercampagne.net\\\/\"},{\"@type\":\"ListItem\",\"position\":2,\"name\":\"Mercredi 30 juillet: Aupr\u00e8s d&rsquo;Idylle\"}]},{\"@type\":\"WebSite\",\"@id\":\"https:\\\/\\\/www.altercampagne.net\\\/#website\",\"url\":\"https:\\\/\\\/www.altercampagne.net\\\/\",\"name\":\"AlterTour\",\"description\":\"Reliez les Alternatives \u00e0 v\u00e9lo\",\"potentialAction\":[{\"@type\":\"SearchAction\",\"target\":{\"@type\":\"EntryPoint\",\"urlTemplate\":\"https:\\\/\\\/www.altercampagne.net\\\/?s={search_term_string}\"},\"query-input\":{\"@type\":\"PropertyValueSpecification\",\"valueRequired\":true,\"valueName\":\"search_term_string\"}}],\"inLanguage\":\"fr-FR\"},{\"@type\":\"Person\",\"@id\":\"https:\\\/\\\/www.altercampagne.net\\\/#\\\/schema\\\/person\\\/dcee38da6bc36259ec4de60e71e4d2ac\",\"name\":\"Cl\u00e9ment Baril\",\"image\":{\"@type\":\"ImageObject\",\"inLanguage\":\"fr-FR\",\"@id\":\"https:\\\/\\\/secure.gravatar.com\\\/avatar\\\/f40bbb8c399c37f9bf4c721d1e115a86ae4bdb28f2dd97bb73a36f1dde76e122?s=96&d=mm&r=g\",\"url\":\"https:\\\/\\\/secure.gravatar.com\\\/avatar\\\/f40bbb8c399c37f9bf4c721d1e115a86ae4bdb28f2dd97bb73a36f1dde76e122?s=96&d=mm&r=g\",\"contentUrl\":\"https:\\\/\\\/secure.gravatar.com\\\/avatar\\\/f40bbb8c399c37f9bf4c721d1e115a86ae4bdb28f2dd97bb73a36f1dde76e122?s=96&d=mm&r=g\",\"caption\":\"Cl\u00e9ment Baril\"},\"url\":\"https:\\\/\\\/www.altercampagne.net\\\/?author=403\"}]}<\/script>\n<!-- \/ Yoast SEO plugin. -->","yoast_head_json":{"title":"Mercredi 30 juillet: Aupr\u00e8s d'Idylle - AlterTour","robots":{"index":"index","follow":"follow","max-snippet":"max-snippet:-1","max-image-preview":"max-image-preview:large","max-video-preview":"max-video-preview:-1"},"canonical":"https:\/\/www.altercampagne.net\/?p=29249","og_locale":"fr_FR","og_type":"article","og_title":"Mercredi 30 juillet: Aupr\u00e8s d'Idylle - AlterTour","og_description":"Apr\u00e8s une incroyable grasse mat jusqu&rsquo;\u00e0 7h15, les altercyclistes se r\u00e9veillent au son des Corons de Bachelet sur le stade de foot (et d&rsquo;ultimate Frisbee) de Verfeil-sur-Seye. Aujourd&rsquo;hui on ne d\u00e9plie pas les tentes mais on roule : direction Caylus \u00e0 la ferme Aupr\u00e8s d&rsquo;Idylle chez Claire et Nicolas, Idylle ... Read More","og_url":"https:\/\/www.altercampagne.net\/?p=29249","og_site_name":"AlterTour","article_published_time":"2025-08-09T13:16:52+00:00","article_modified_time":"2025-08-10T19:57:05+00:00","og_image":[{"width":1920,"height":2557,"url":"https:\/\/www.altercampagne.net\/wp-content\/uploads\/2025\/08\/image2-1.jpeg","type":"image\/jpeg"}],"author":"Cl\u00e9ment Baril","twitter_card":"summary_large_image","twitter_misc":{"\u00c9crit par":"Cl\u00e9ment Baril","Dur\u00e9e de lecture estim\u00e9e":"9 minutes"},"schema":{"@context":"https:\/\/schema.org","@graph":[{"@type":"Article","@id":"https:\/\/www.altercampagne.net\/?p=29249#article","isPartOf":{"@id":"https:\/\/www.altercampagne.net\/?p=29249"},"author":{"name":"Cl\u00e9ment Baril","@id":"https:\/\/www.altercampagne.net\/#\/schema\/person\/dcee38da6bc36259ec4de60e71e4d2ac"},"headline":"Mercredi 30 juillet: Aupr\u00e8s d&rsquo;Idylle","datePublished":"2025-08-09T13:16:52+00:00","dateModified":"2025-08-10T19:57:05+00:00","mainEntityOfPage":{"@id":"https:\/\/www.altercampagne.net\/?p=29249"},"wordCount":1653,"image":{"@id":"https:\/\/www.altercampagne.net\/?p=29249#primaryimage"},"thumbnailUrl":"https:\/\/www.altercampagne.net\/wp-content\/uploads\/2025\/08\/image2-1.jpeg","articleSection":["\u00c9dition 2025","Agriculture","Alimentation","Occitanie"],"inLanguage":"fr-FR"},{"@type":"WebPage","@id":"https:\/\/www.altercampagne.net\/?p=29249","url":"https:\/\/www.altercampagne.net\/?p=29249","name":"Mercredi 30 juillet: Aupr\u00e8s d'Idylle - AlterTour","isPartOf":{"@id":"https:\/\/www.altercampagne.net\/#website"},"primaryImageOfPage":{"@id":"https:\/\/www.altercampagne.net\/?p=29249#primaryimage"},"image":{"@id":"https:\/\/www.altercampagne.net\/?p=29249#primaryimage"},"thumbnailUrl":"https:\/\/www.altercampagne.net\/wp-content\/uploads\/2025\/08\/image2-1.jpeg","datePublished":"2025-08-09T13:16:52+00:00","dateModified":"2025-08-10T19:57:05+00:00","author":{"@id":"https:\/\/www.altercampagne.net\/#\/schema\/person\/dcee38da6bc36259ec4de60e71e4d2ac"},"breadcrumb":{"@id":"https:\/\/www.altercampagne.net\/?p=29249#breadcrumb"},"inLanguage":"fr-FR","potentialAction":[{"@type":"ReadAction","target":["https:\/\/www.altercampagne.net\/?p=29249"]}]},{"@type":"ImageObject","inLanguage":"fr-FR","@id":"https:\/\/www.altercampagne.net\/?p=29249#primaryimage","url":"https:\/\/www.altercampagne.net\/wp-content\/uploads\/2025\/08\/image2-1.jpeg","contentUrl":"https:\/\/www.altercampagne.net\/wp-content\/uploads\/2025\/08\/image2-1.jpeg","width":1920,"height":2557},{"@type":"BreadcrumbList","@id":"https:\/\/www.altercampagne.net\/?p=29249#breadcrumb","itemListElement":[{"@type":"ListItem","position":1,"name":"Accueil","item":"https:\/\/www.altercampagne.net\/"},{"@type":"ListItem","position":2,"name":"Mercredi 30 juillet: Aupr\u00e8s d&rsquo;Idylle"}]},{"@type":"WebSite","@id":"https:\/\/www.altercampagne.net\/#website","url":"https:\/\/www.altercampagne.net\/","name":"AlterTour","description":"Reliez les Alternatives \u00e0 v\u00e9lo","potentialAction":[{"@type":"SearchAction","target":{"@type":"EntryPoint","urlTemplate":"https:\/\/www.altercampagne.net\/?s={search_term_string}"},"query-input":{"@type":"PropertyValueSpecification","valueRequired":true,"valueName":"search_term_string"}}],"inLanguage":"fr-FR"},{"@type":"Person","@id":"https:\/\/www.altercampagne.net\/#\/schema\/person\/dcee38da6bc36259ec4de60e71e4d2ac","name":"Cl\u00e9ment Baril","image":{"@type":"ImageObject","inLanguage":"fr-FR","@id":"https:\/\/secure.gravatar.com\/avatar\/f40bbb8c399c37f9bf4c721d1e115a86ae4bdb28f2dd97bb73a36f1dde76e122?s=96&d=mm&r=g","url":"https:\/\/secure.gravatar.com\/avatar\/f40bbb8c399c37f9bf4c721d1e115a86ae4bdb28f2dd97bb73a36f1dde76e122?s=96&d=mm&r=g","contentUrl":"https:\/\/secure.gravatar.com\/avatar\/f40bbb8c399c37f9bf4c721d1e115a86ae4bdb28f2dd97bb73a36f1dde76e122?s=96&d=mm&r=g","caption":"Cl\u00e9ment Baril"},"url":"https:\/\/www.altercampagne.net\/?author=403"}]}},"_links":{"self":[{"href":"https:\/\/www.altercampagne.net\/index.php?rest_route=\/wp\/v2\/posts\/29249","targetHints":{"allow":["GET"]}}],"collection":[{"href":"https:\/\/www.altercampagne.net\/index.php?rest_route=\/wp\/v2\/posts"}],"about":[{"href":"https:\/\/www.altercampagne.net\/index.php?rest_route=\/wp\/v2\/types\/post"}],"author":[{"embeddable":true,"href":"https:\/\/www.altercampagne.net\/index.php?rest_route=\/wp\/v2\/users\/403"}],"replies":[{"embeddable":true,"href":"https:\/\/www.altercampagne.net\/index.php?rest_route=%2Fwp%2Fv2%2Fcomments&post=29249"}],"version-history":[{"count":4,"href":"https:\/\/www.altercampagne.net\/index.php?rest_route=\/wp\/v2\/posts\/29249\/revisions"}],"predecessor-version":[{"id":29262,"href":"https:\/\/www.altercampagne.net\/index.php?rest_route=\/wp\/v2\/posts\/29249\/revisions\/29262"}],"wp:featuredmedia":[{"embeddable":true,"href":"https:\/\/www.altercampagne.net\/index.php?rest_route=\/wp\/v2\/media\/29254"}],"wp:attachment":[{"href":"https:\/\/www.altercampagne.net\/index.php?rest_route=%2Fwp%2Fv2%2Fmedia&parent=29249"}],"wp:term":[{"taxonomy":"category","embeddable":true,"href":"https:\/\/www.altercampagne.net\/index.php?rest_route=%2Fwp%2Fv2%2Fcategories&post=29249"},{"taxonomy":"post_tag","embeddable":true,"href":"https:\/\/www.altercampagne.net\/index.php?rest_route=%2Fwp%2Fv2%2Ftags&post=29249"}],"curies":[{"name":"wp","href":"https:\/\/api.w.org\/{rel}","templated":true}]}}