{"id":29256,"date":"2025-08-10T11:04:15","date_gmt":"2025-08-10T09:04:15","guid":{"rendered":"https:\/\/www.altercampagne.net\/?p=29256"},"modified":"2025-08-10T11:04:15","modified_gmt":"2025-08-10T09:04:15","slug":"lundi-4-aout-la-guilde-laroque-a-peyregoux","status":"publish","type":"post","link":"https:\/\/www.altercampagne.net\/?p=29256","title":{"rendered":"Lundi 4 aout : la guilde Laroque \u00e0 Peyregoux"},"content":{"rendered":"\n<p>La Guilde Laroque est un \u00e9colieu tr\u00e8s dynamique et accueillant.<br>Install\u00e9es dans une grande ferme, une dizaine de personnes y vit en<br>collectif, autour de 4 activit\u00e9s :<\/p>\n\n\n\n<ul class=\"wp-block-list\">\n<li>mara\u00eechage et poules pondeuses pour lesquelles trois personnes<br>travaillent<\/li>\n\n\n\n<li>la transformation des surplus du mara\u00eechage<\/li>\n\n\n\n<li>l&rsquo;activit\u00e9 bam boulanger agriculteur meunier. Il travaille seul aussi.<\/li>\n\n\n\n<li>la brasserie, Sabotage, qui occupe trois personnes.<\/li>\n<\/ul>\n\n\n\n<p>Les anciens propri\u00e9taires du lieu souhaitaient vendre leur propri\u00e9t\u00e9,<br>ils se sont adress\u00e9s \u00e0 terre de liens qui a achet\u00e9 le foncier et les<br>quatre porteurs de projets ont mont\u00e9 une SCI pour acheter les b\u00e2timents<br>et y loger les familles.<\/p>\n\n\n\n<p>Apr\u00e8s la pr\u00e9sentation g\u00e9n\u00e9rale de la ferme, par petits groupes nous<br>avons pu \u00e9changer avec chacun\u2022es des repr\u00e9sentant\u2022es des activit\u00e9s \u00e0 qui<br>s&rsquo;est \u00e9galement joint Alain de SunPlicity qui fabrique des fours<br>solaires et qui nous avait pr\u00e9c\u00e9demment r\u00e9gal\u00e9 de bouch\u00e9es cuites sur<br>place dans un de ses fours.<\/p>\n\n\n\n<p>Les terres de 70 ha n&rsquo;ont pas \u00e9t\u00e9 travaill\u00e9s depuis 30 ans. Romain y est<br>venu pour se mettre \u00e0 l&rsquo;agriculture apr\u00e8s quelques ann\u00e9es \u00e0 travailler<br>en boulangerie. Il y cultive du bl\u00e9, mais \u00e9galement de l&rsquo;orge, du soja<br>et d&rsquo;autres cultures qu&rsquo;il exp\u00e9rimente petit \u00e0 petit. Avec le bl\u00e9 il<br>fabrique son pain qui de l&rsquo;avis de tou\u2022tes est excellent.<\/p>\n\n\n\n<p>Viviane et Romain sont elleux en mara\u00eechage diversifi\u00e9 avec des poules<br>pondeuses. Le tout en agroforesterie et en bio !<\/p>\n\n\n\n<p>De leur c\u00f4t\u00e9 Justin et Micka ont investi une partie de la ferme pour<br>s\u00e9dentariser leur activit\u00e9 de microbrasserie. Sabotage con\u00e7oit des<br>bi\u00e8res des plus originales aux plus classiques, en prenant soin de<br>s\u00e9lectionner de l&rsquo;orge produit le moins loin possible et de limiter les<br>houblons provenant de grosses exploitations ou de l&rsquo;autre bout du monde.<br>Leur production abreuve les bars et les \u00e9v\u00e9nements associatifs dans un<br>rayon de 5km et se d\u00e9guste \u00e9galement sur place dans le bar de la guilde.<\/p>\n\n\n\n<p>Parce que la ferme collective se veut aussi un lieu de vie, un lieu de<br>rencontre. C&rsquo;est un ainsi qu&rsquo;il existe la guilde guinguette qui propose<br>des animations musicales l&rsquo;\u00e9t\u00e9, notamment \u00e0 l&rsquo;occasion du passage de<br>l&rsquo;altertour. Ce soir le concert et l&rsquo;animation danse africaine aura \u00e9t\u00e9<br>bien chaleureuse.<\/p>\n\n\n\n<figure class=\"wp-block-image size-large\"><a href=\"https:\/\/www.altercampagne.net\/wp-content\/uploads\/2025\/08\/IMGP6850.jpg\"><img loading=\"lazy\" decoding=\"async\" width=\"1024\" height=\"683\" src=\"https:\/\/www.altercampagne.net\/wp-content\/uploads\/2025\/08\/IMGP6850-1024x683.jpg\" alt=\"\" class=\"wp-image-29257\" srcset=\"https:\/\/www.altercampagne.net\/wp-content\/uploads\/2025\/08\/IMGP6850-1024x683.jpg 1024w, https:\/\/www.altercampagne.net\/wp-content\/uploads\/2025\/08\/IMGP6850-300x200.jpg 300w, https:\/\/www.altercampagne.net\/wp-content\/uploads\/2025\/08\/IMGP6850-768x512.jpg 768w, https:\/\/www.altercampagne.net\/wp-content\/uploads\/2025\/08\/IMGP6850-1536x1024.jpg 1536w, https:\/\/www.altercampagne.net\/wp-content\/uploads\/2025\/08\/IMGP6850-100x67.jpg 100w, https:\/\/www.altercampagne.net\/wp-content\/uploads\/2025\/08\/IMGP6850-862x575.jpg 862w, https:\/\/www.altercampagne.net\/wp-content\/uploads\/2025\/08\/IMGP6850-1140x760.jpg 1140w, https:\/\/www.altercampagne.net\/wp-content\/uploads\/2025\/08\/IMGP6850.jpg 1824w\" sizes=\"auto, (max-width: 1024px) 100vw, 1024px\" \/><\/a><\/figure>\n","protected":false},"excerpt":{"rendered":"<p>La Guilde Laroque est un \u00e9colieu tr\u00e8s dynamique et accueillant.Install\u00e9es dans une grande ferme, une dizaine de personnes y vit encollectif, autour de 4 activit\u00e9s : Les anciens propri\u00e9taires du lieu souhaitaient vendre leur propri\u00e9t\u00e9,ils se sont adress\u00e9s \u00e0 terre de liens qui a achet\u00e9 le foncier et lesquatre porteurs &#8230; <\/p>\n<div><a href=\"https:\/\/www.altercampagne.net\/?p=29256\" class=\"more-link\">Read More<\/a><\/div>\n","protected":false},"author":403,"featured_media":29258,"comment_status":"closed","ping_status":"closed","sticky":false,"template":"","format":"standard","meta":{"footnotes":""},"categories":[4511,3483,4313,3489,4037,3485,3480,3540],"tags":[],"class_list":["post-29256","post","type-post","status-publish","format-standard","has-post-thumbnail","hentry","category-edition-2025","category-agriculture","category-altertour","category-alimentation","category-biere","category-habitat","category-occitanie","category-transverse"],"yoast_head":"<!-- This site is optimized with the Yoast SEO plugin v27.3 - https:\/\/yoast.com\/product\/yoast-seo-wordpress\/ -->\n<title>Lundi 4 aout : la guilde Laroque \u00e0 Peyregoux - AlterTour<\/title>\n<meta name=\"robots\" content=\"index, follow, max-snippet:-1, max-image-preview:large, max-video-preview:-1\" \/>\n<link rel=\"canonical\" href=\"https:\/\/www.altercampagne.net\/?p=29256\" \/>\n<meta property=\"og:locale\" content=\"fr_FR\" \/>\n<meta property=\"og:type\" content=\"article\" \/>\n<meta property=\"og:title\" content=\"Lundi 4 aout : la guilde Laroque \u00e0 Peyregoux - AlterTour\" \/>\n<meta property=\"og:description\" content=\"La Guilde Laroque est un \u00e9colieu tr\u00e8s dynamique et accueillant.Install\u00e9es dans une grande ferme, une dizaine de personnes y vit encollectif, autour de 4 activit\u00e9s : Les anciens propri\u00e9taires du lieu souhaitaient vendre leur propri\u00e9t\u00e9,ils se sont adress\u00e9s \u00e0 terre de liens qui a achet\u00e9 le foncier et lesquatre porteurs ... Read More\" \/>\n<meta property=\"og:url\" content=\"https:\/\/www.altercampagne.net\/?p=29256\" \/>\n<meta property=\"og:site_name\" content=\"AlterTour\" \/>\n<meta property=\"article:published_time\" content=\"2025-08-10T09:04:15+00:00\" \/>\n<meta property=\"og:image\" content=\"https:\/\/www.altercampagne.net\/wp-content\/uploads\/2025\/08\/IMGP6789-1024x683.jpg\" \/>\n\t<meta property=\"og:image:width\" content=\"1024\" \/>\n\t<meta property=\"og:image:height\" content=\"683\" \/>\n\t<meta property=\"og:image:type\" content=\"image\/jpeg\" \/>\n<meta name=\"author\" content=\"Cl\u00e9ment Baril\" \/>\n<meta name=\"twitter:card\" content=\"summary_large_image\" \/>\n<meta name=\"twitter:label1\" content=\"\u00c9crit par\" \/>\n\t<meta name=\"twitter:data1\" content=\"Cl\u00e9ment Baril\" \/>\n\t<meta name=\"twitter:label2\" content=\"Dur\u00e9e de lecture estim\u00e9e\" \/>\n\t<meta name=\"twitter:data2\" content=\"3 minutes\" \/>\n<script type=\"application\/ld+json\" class=\"yoast-schema-graph\">{\"@context\":\"https:\\\/\\\/schema.org\",\"@graph\":[{\"@type\":\"Article\",\"@id\":\"https:\\\/\\\/www.altercampagne.net\\\/?p=29256#article\",\"isPartOf\":{\"@id\":\"https:\\\/\\\/www.altercampagne.net\\\/?p=29256\"},\"author\":{\"name\":\"Cl\u00e9ment Baril\",\"@id\":\"https:\\\/\\\/www.altercampagne.net\\\/#\\\/schema\\\/person\\\/dcee38da6bc36259ec4de60e71e4d2ac\"},\"headline\":\"Lundi 4 aout : la guilde Laroque \u00e0 Peyregoux\",\"datePublished\":\"2025-08-10T09:04:15+00:00\",\"mainEntityOfPage\":{\"@id\":\"https:\\\/\\\/www.altercampagne.net\\\/?p=29256\"},\"wordCount\":385,\"image\":{\"@id\":\"https:\\\/\\\/www.altercampagne.net\\\/?p=29256#primaryimage\"},\"thumbnailUrl\":\"https:\\\/\\\/www.altercampagne.net\\\/wp-content\\\/uploads\\\/2025\\\/08\\\/IMGP6789.jpg\",\"articleSection\":[\"\u00c9dition 2025\",\"Agriculture\",\"AlterTour\",\"Alimentation\",\"Bi\u00e8re\",\"Habitat\",\"Occitanie\",\"Transverse\"],\"inLanguage\":\"fr-FR\"},{\"@type\":\"WebPage\",\"@id\":\"https:\\\/\\\/www.altercampagne.net\\\/?p=29256\",\"url\":\"https:\\\/\\\/www.altercampagne.net\\\/?p=29256\",\"name\":\"Lundi 4 aout : la guilde Laroque \u00e0 Peyregoux - AlterTour\",\"isPartOf\":{\"@id\":\"https:\\\/\\\/www.altercampagne.net\\\/#website\"},\"primaryImageOfPage\":{\"@id\":\"https:\\\/\\\/www.altercampagne.net\\\/?p=29256#primaryimage\"},\"image\":{\"@id\":\"https:\\\/\\\/www.altercampagne.net\\\/?p=29256#primaryimage\"},\"thumbnailUrl\":\"https:\\\/\\\/www.altercampagne.net\\\/wp-content\\\/uploads\\\/2025\\\/08\\\/IMGP6789.jpg\",\"datePublished\":\"2025-08-10T09:04:15+00:00\",\"author\":{\"@id\":\"https:\\\/\\\/www.altercampagne.net\\\/#\\\/schema\\\/person\\\/dcee38da6bc36259ec4de60e71e4d2ac\"},\"breadcrumb\":{\"@id\":\"https:\\\/\\\/www.altercampagne.net\\\/?p=29256#breadcrumb\"},\"inLanguage\":\"fr-FR\",\"potentialAction\":[{\"@type\":\"ReadAction\",\"target\":[\"https:\\\/\\\/www.altercampagne.net\\\/?p=29256\"]}]},{\"@type\":\"ImageObject\",\"inLanguage\":\"fr-FR\",\"@id\":\"https:\\\/\\\/www.altercampagne.net\\\/?p=29256#primaryimage\",\"url\":\"https:\\\/\\\/www.altercampagne.net\\\/wp-content\\\/uploads\\\/2025\\\/08\\\/IMGP6789.jpg\",\"contentUrl\":\"https:\\\/\\\/www.altercampagne.net\\\/wp-content\\\/uploads\\\/2025\\\/08\\\/IMGP6789.jpg\",\"width\":1824,\"height\":1216},{\"@type\":\"BreadcrumbList\",\"@id\":\"https:\\\/\\\/www.altercampagne.net\\\/?p=29256#breadcrumb\",\"itemListElement\":[{\"@type\":\"ListItem\",\"position\":1,\"name\":\"Accueil\",\"item\":\"https:\\\/\\\/www.altercampagne.net\\\/\"},{\"@type\":\"ListItem\",\"position\":2,\"name\":\"Lundi 4 aout : la guilde Laroque \u00e0 Peyregoux\"}]},{\"@type\":\"WebSite\",\"@id\":\"https:\\\/\\\/www.altercampagne.net\\\/#website\",\"url\":\"https:\\\/\\\/www.altercampagne.net\\\/\",\"name\":\"AlterTour\",\"description\":\"Reliez les Alternatives \u00e0 v\u00e9lo\",\"potentialAction\":[{\"@type\":\"SearchAction\",\"target\":{\"@type\":\"EntryPoint\",\"urlTemplate\":\"https:\\\/\\\/www.altercampagne.net\\\/?s={search_term_string}\"},\"query-input\":{\"@type\":\"PropertyValueSpecification\",\"valueRequired\":true,\"valueName\":\"search_term_string\"}}],\"inLanguage\":\"fr-FR\"},{\"@type\":\"Person\",\"@id\":\"https:\\\/\\\/www.altercampagne.net\\\/#\\\/schema\\\/person\\\/dcee38da6bc36259ec4de60e71e4d2ac\",\"name\":\"Cl\u00e9ment Baril\",\"image\":{\"@type\":\"ImageObject\",\"inLanguage\":\"fr-FR\",\"@id\":\"https:\\\/\\\/secure.gravatar.com\\\/avatar\\\/f40bbb8c399c37f9bf4c721d1e115a86ae4bdb28f2dd97bb73a36f1dde76e122?s=96&d=mm&r=g\",\"url\":\"https:\\\/\\\/secure.gravatar.com\\\/avatar\\\/f40bbb8c399c37f9bf4c721d1e115a86ae4bdb28f2dd97bb73a36f1dde76e122?s=96&d=mm&r=g\",\"contentUrl\":\"https:\\\/\\\/secure.gravatar.com\\\/avatar\\\/f40bbb8c399c37f9bf4c721d1e115a86ae4bdb28f2dd97bb73a36f1dde76e122?s=96&d=mm&r=g\",\"caption\":\"Cl\u00e9ment Baril\"},\"url\":\"https:\\\/\\\/www.altercampagne.net\\\/?author=403\"}]}<\/script>\n<!-- \/ Yoast SEO plugin. -->","yoast_head_json":{"title":"Lundi 4 aout : la guilde Laroque \u00e0 Peyregoux - AlterTour","robots":{"index":"index","follow":"follow","max-snippet":"max-snippet:-1","max-image-preview":"max-image-preview:large","max-video-preview":"max-video-preview:-1"},"canonical":"https:\/\/www.altercampagne.net\/?p=29256","og_locale":"fr_FR","og_type":"article","og_title":"Lundi 4 aout : la guilde Laroque \u00e0 Peyregoux - AlterTour","og_description":"La Guilde Laroque est un \u00e9colieu tr\u00e8s dynamique et accueillant.Install\u00e9es dans une grande ferme, une dizaine de personnes y vit encollectif, autour de 4 activit\u00e9s : Les anciens propri\u00e9taires du lieu souhaitaient vendre leur propri\u00e9t\u00e9,ils se sont adress\u00e9s \u00e0 terre de liens qui a achet\u00e9 le foncier et lesquatre porteurs ... Read More","og_url":"https:\/\/www.altercampagne.net\/?p=29256","og_site_name":"AlterTour","article_published_time":"2025-08-10T09:04:15+00:00","og_image":[{"width":1024,"height":683,"url":"https:\/\/www.altercampagne.net\/wp-content\/uploads\/2025\/08\/IMGP6789-1024x683.jpg","type":"image\/jpeg"}],"author":"Cl\u00e9ment Baril","twitter_card":"summary_large_image","twitter_misc":{"\u00c9crit par":"Cl\u00e9ment Baril","Dur\u00e9e de lecture estim\u00e9e":"3 minutes"},"schema":{"@context":"https:\/\/schema.org","@graph":[{"@type":"Article","@id":"https:\/\/www.altercampagne.net\/?p=29256#article","isPartOf":{"@id":"https:\/\/www.altercampagne.net\/?p=29256"},"author":{"name":"Cl\u00e9ment Baril","@id":"https:\/\/www.altercampagne.net\/#\/schema\/person\/dcee38da6bc36259ec4de60e71e4d2ac"},"headline":"Lundi 4 aout : la guilde Laroque \u00e0 Peyregoux","datePublished":"2025-08-10T09:04:15+00:00","mainEntityOfPage":{"@id":"https:\/\/www.altercampagne.net\/?p=29256"},"wordCount":385,"image":{"@id":"https:\/\/www.altercampagne.net\/?p=29256#primaryimage"},"thumbnailUrl":"https:\/\/www.altercampagne.net\/wp-content\/uploads\/2025\/08\/IMGP6789.jpg","articleSection":["\u00c9dition 2025","Agriculture","AlterTour","Alimentation","Bi\u00e8re","Habitat","Occitanie","Transverse"],"inLanguage":"fr-FR"},{"@type":"WebPage","@id":"https:\/\/www.altercampagne.net\/?p=29256","url":"https:\/\/www.altercampagne.net\/?p=29256","name":"Lundi 4 aout : la guilde Laroque \u00e0 Peyregoux - AlterTour","isPartOf":{"@id":"https:\/\/www.altercampagne.net\/#website"},"primaryImageOfPage":{"@id":"https:\/\/www.altercampagne.net\/?p=29256#primaryimage"},"image":{"@id":"https:\/\/www.altercampagne.net\/?p=29256#primaryimage"},"thumbnailUrl":"https:\/\/www.altercampagne.net\/wp-content\/uploads\/2025\/08\/IMGP6789.jpg","datePublished":"2025-08-10T09:04:15+00:00","author":{"@id":"https:\/\/www.altercampagne.net\/#\/schema\/person\/dcee38da6bc36259ec4de60e71e4d2ac"},"breadcrumb":{"@id":"https:\/\/www.altercampagne.net\/?p=29256#breadcrumb"},"inLanguage":"fr-FR","potentialAction":[{"@type":"ReadAction","target":["https:\/\/www.altercampagne.net\/?p=29256"]}]},{"@type":"ImageObject","inLanguage":"fr-FR","@id":"https:\/\/www.altercampagne.net\/?p=29256#primaryimage","url":"https:\/\/www.altercampagne.net\/wp-content\/uploads\/2025\/08\/IMGP6789.jpg","contentUrl":"https:\/\/www.altercampagne.net\/wp-content\/uploads\/2025\/08\/IMGP6789.jpg","width":1824,"height":1216},{"@type":"BreadcrumbList","@id":"https:\/\/www.altercampagne.net\/?p=29256#breadcrumb","itemListElement":[{"@type":"ListItem","position":1,"name":"Accueil","item":"https:\/\/www.altercampagne.net\/"},{"@type":"ListItem","position":2,"name":"Lundi 4 aout : la guilde Laroque \u00e0 Peyregoux"}]},{"@type":"WebSite","@id":"https:\/\/www.altercampagne.net\/#website","url":"https:\/\/www.altercampagne.net\/","name":"AlterTour","description":"Reliez les Alternatives \u00e0 v\u00e9lo","potentialAction":[{"@type":"SearchAction","target":{"@type":"EntryPoint","urlTemplate":"https:\/\/www.altercampagne.net\/?s={search_term_string}"},"query-input":{"@type":"PropertyValueSpecification","valueRequired":true,"valueName":"search_term_string"}}],"inLanguage":"fr-FR"},{"@type":"Person","@id":"https:\/\/www.altercampagne.net\/#\/schema\/person\/dcee38da6bc36259ec4de60e71e4d2ac","name":"Cl\u00e9ment Baril","image":{"@type":"ImageObject","inLanguage":"fr-FR","@id":"https:\/\/secure.gravatar.com\/avatar\/f40bbb8c399c37f9bf4c721d1e115a86ae4bdb28f2dd97bb73a36f1dde76e122?s=96&d=mm&r=g","url":"https:\/\/secure.gravatar.com\/avatar\/f40bbb8c399c37f9bf4c721d1e115a86ae4bdb28f2dd97bb73a36f1dde76e122?s=96&d=mm&r=g","contentUrl":"https:\/\/secure.gravatar.com\/avatar\/f40bbb8c399c37f9bf4c721d1e115a86ae4bdb28f2dd97bb73a36f1dde76e122?s=96&d=mm&r=g","caption":"Cl\u00e9ment Baril"},"url":"https:\/\/www.altercampagne.net\/?author=403"}]}},"_links":{"self":[{"href":"https:\/\/www.altercampagne.net\/index.php?rest_route=\/wp\/v2\/posts\/29256","targetHints":{"allow":["GET"]}}],"collection":[{"href":"https:\/\/www.altercampagne.net\/index.php?rest_route=\/wp\/v2\/posts"}],"about":[{"href":"https:\/\/www.altercampagne.net\/index.php?rest_route=\/wp\/v2\/types\/post"}],"author":[{"embeddable":true,"href":"https:\/\/www.altercampagne.net\/index.php?rest_route=\/wp\/v2\/users\/403"}],"replies":[{"embeddable":true,"href":"https:\/\/www.altercampagne.net\/index.php?rest_route=%2Fwp%2Fv2%2Fcomments&post=29256"}],"version-history":[{"count":1,"href":"https:\/\/www.altercampagne.net\/index.php?rest_route=\/wp\/v2\/posts\/29256\/revisions"}],"predecessor-version":[{"id":29259,"href":"https:\/\/www.altercampagne.net\/index.php?rest_route=\/wp\/v2\/posts\/29256\/revisions\/29259"}],"wp:featuredmedia":[{"embeddable":true,"href":"https:\/\/www.altercampagne.net\/index.php?rest_route=\/wp\/v2\/media\/29258"}],"wp:attachment":[{"href":"https:\/\/www.altercampagne.net\/index.php?rest_route=%2Fwp%2Fv2%2Fmedia&parent=29256"}],"wp:term":[{"taxonomy":"category","embeddable":true,"href":"https:\/\/www.altercampagne.net\/index.php?rest_route=%2Fwp%2Fv2%2Fcategories&post=29256"},{"taxonomy":"post_tag","embeddable":true,"href":"https:\/\/www.altercampagne.net\/index.php?rest_route=%2Fwp%2Fv2%2Ftags&post=29256"}],"curies":[{"name":"wp","href":"https:\/\/api.w.org\/{rel}","templated":true}]}}