{"id":29263,"date":"2025-08-11T12:24:19","date_gmt":"2025-08-11T10:24:19","guid":{"rendered":"https:\/\/www.altercampagne.net\/?p=29263"},"modified":"2025-08-11T12:24:19","modified_gmt":"2025-08-11T10:24:19","slug":"samedi-9-aout-vol-au-dessus-dun-nid-delefanto","status":"publish","type":"post","link":"https:\/\/www.altercampagne.net\/?p=29263","title":{"rendered":"Samedi 9 ao\u00fbt: Vol au dessus d&rsquo;un nid d&rsquo;Elefanto\u00a0"},"content":{"rendered":"\n<p>Apr\u00e8s deux nuits de convivialit\u00e9 partag\u00e9e \u00e0 Ramonville, le cap est mis d\u00e8s huit heures du matin en direction des collines ensoleill\u00e9es de Latrape, o\u00f9 nous attend le collection Circassien du Nid des Elefanto.<\/p>\n\n\n\n<p>Le r\u00e9veil est matinal &#8211; 6h du matin &#8211; mais le moral est bon en d\u00e9pit de l&rsquo;\u00e9tape du jour, annonc\u00e9e comme difficile par les pr\u00e9parateurs d&rsquo;\u00e9tape, Oph\u00e9lie et Julien.<\/p>\n\n\n\n<p>Apr\u00e8s avoir long\u00e9 le canal du midi qui offre au groupe de la fra\u00eecheur sur quelques kilom\u00e8tres seulement, une premi\u00e8re pause permet aux altercyclistes de perdre quelques degr\u00e9s dans les remous de la Garonne avant de profiter d&rsquo;une pause dans le parc de St-Sulpice-sur-L\u00e8ze.<\/p>\n\n\n\n<figure class=\"wp-block-image size-full\"><a href=\"https:\/\/www.altercampagne.net\/wp-content\/uploads\/2025\/08\/29B624C9-7D01-40B5-A321-7003348C5561.jpg\"><img loading=\"lazy\" decoding=\"async\" width=\"1024\" height=\"768\" src=\"https:\/\/www.altercampagne.net\/wp-content\/uploads\/2025\/08\/29B624C9-7D01-40B5-A321-7003348C5561.jpg\" alt=\"\" class=\"wp-image-29264\" srcset=\"https:\/\/www.altercampagne.net\/wp-content\/uploads\/2025\/08\/29B624C9-7D01-40B5-A321-7003348C5561.jpg 1024w, https:\/\/www.altercampagne.net\/wp-content\/uploads\/2025\/08\/29B624C9-7D01-40B5-A321-7003348C5561-300x225.jpg 300w, https:\/\/www.altercampagne.net\/wp-content\/uploads\/2025\/08\/29B624C9-7D01-40B5-A321-7003348C5561-768x576.jpg 768w, https:\/\/www.altercampagne.net\/wp-content\/uploads\/2025\/08\/29B624C9-7D01-40B5-A321-7003348C5561-100x75.jpg 100w, https:\/\/www.altercampagne.net\/wp-content\/uploads\/2025\/08\/29B624C9-7D01-40B5-A321-7003348C5561-862x647.jpg 862w\" sizes=\"auto, (max-width: 1024px) 100vw, 1024px\" \/><\/a><\/figure>\n\n\n\n<p>L&rsquo;apr\u00e8s-midi est une \u00e9preuve mais la r\u00e9compense est la hauteur des efforts : les collines de Latrape offrent une vue splendide sur les Pyr\u00e9n\u00e9es sugg\u00e9r\u00e9es au loin.<\/p>\n\n\n\n<p>La famille de Circassiens accueille des&nbsp;&nbsp;altercyclistes odorants mais ravis. La soir\u00e9e se poursuit sur la cr\u00e9ation d&rsquo;un nouveau spectacle du collectif qui divertit et intrigue le groupe qui se dirige ensuite vers un repos bien m\u00e9rit\u00e9.<\/p>\n\n\n\n<figure class=\"wp-block-image size-full\"><a href=\"https:\/\/www.altercampagne.net\/wp-content\/uploads\/2025\/08\/D271FD0B-6771-4896-8ECB-DBF3917D9756.jpg\"><img loading=\"lazy\" decoding=\"async\" width=\"1024\" height=\"768\" src=\"https:\/\/www.altercampagne.net\/wp-content\/uploads\/2025\/08\/D271FD0B-6771-4896-8ECB-DBF3917D9756.jpg\" alt=\"\" class=\"wp-image-29265\" srcset=\"https:\/\/www.altercampagne.net\/wp-content\/uploads\/2025\/08\/D271FD0B-6771-4896-8ECB-DBF3917D9756.jpg 1024w, https:\/\/www.altercampagne.net\/wp-content\/uploads\/2025\/08\/D271FD0B-6771-4896-8ECB-DBF3917D9756-300x225.jpg 300w, https:\/\/www.altercampagne.net\/wp-content\/uploads\/2025\/08\/D271FD0B-6771-4896-8ECB-DBF3917D9756-768x576.jpg 768w, https:\/\/www.altercampagne.net\/wp-content\/uploads\/2025\/08\/D271FD0B-6771-4896-8ECB-DBF3917D9756-100x75.jpg 100w, https:\/\/www.altercampagne.net\/wp-content\/uploads\/2025\/08\/D271FD0B-6771-4896-8ECB-DBF3917D9756-862x647.jpg 862w\" sizes=\"auto, (max-width: 1024px) 100vw, 1024px\" \/><\/a><\/figure>\n\n\n\n<p>Alterjournaliste : Samuel Fillon<\/p>\n\n\n\n<p><\/p>\n","protected":false},"excerpt":{"rendered":"<p>Apr\u00e8s deux nuits de convivialit\u00e9 partag\u00e9e \u00e0 Ramonville, le cap est mis d\u00e8s huit heures du matin en direction des collines ensoleill\u00e9es de Latrape, o\u00f9 nous attend le collection Circassien du Nid des Elefanto. Le r\u00e9veil est matinal &#8211; 6h du matin &#8211; mais le moral est bon en d\u00e9pit &#8230; <\/p>\n<div><a href=\"https:\/\/www.altercampagne.net\/?p=29263\" class=\"more-link\">Read More<\/a><\/div>\n","protected":false},"author":403,"featured_media":29266,"comment_status":"closed","ping_status":"closed","sticky":false,"template":"","format":"standard","meta":{"footnotes":""},"categories":[4511,3490,3480,3932],"tags":[],"class_list":["post-29263","post","type-post","status-publish","format-standard","has-post-thumbnail","hentry","category-edition-2025","category-culture","category-occitanie","category-velo"],"yoast_head":"<!-- This site is optimized with the Yoast SEO plugin v27.3 - https:\/\/yoast.com\/product\/yoast-seo-wordpress\/ -->\n<title>Samedi 9 ao\u00fbt: Vol au dessus d&#039;un nid d&#039;Elefanto\u00a0 - AlterTour<\/title>\n<meta name=\"robots\" content=\"index, follow, max-snippet:-1, max-image-preview:large, max-video-preview:-1\" \/>\n<link rel=\"canonical\" href=\"https:\/\/www.altercampagne.net\/?p=29263\" \/>\n<meta property=\"og:locale\" content=\"fr_FR\" \/>\n<meta property=\"og:type\" content=\"article\" \/>\n<meta property=\"og:title\" content=\"Samedi 9 ao\u00fbt: Vol au dessus d&#039;un nid d&#039;Elefanto\u00a0 - AlterTour\" \/>\n<meta property=\"og:description\" content=\"Apr\u00e8s deux nuits de convivialit\u00e9 partag\u00e9e \u00e0 Ramonville, le cap est mis d\u00e8s huit heures du matin en direction des collines ensoleill\u00e9es de Latrape, o\u00f9 nous attend le collection Circassien du Nid des Elefanto. Le r\u00e9veil est matinal &#8211; 6h du matin &#8211; mais le moral est bon en d\u00e9pit ... Read More\" \/>\n<meta property=\"og:url\" content=\"https:\/\/www.altercampagne.net\/?p=29263\" \/>\n<meta property=\"og:site_name\" content=\"AlterTour\" \/>\n<meta property=\"article:published_time\" content=\"2025-08-11T10:24:19+00:00\" \/>\n<meta property=\"og:image\" content=\"https:\/\/www.altercampagne.net\/wp-content\/uploads\/2025\/08\/D41A1A3C-12D2-4E0D-827D-FB58DE084E50.jpg\" \/>\n\t<meta property=\"og:image:width\" content=\"1024\" \/>\n\t<meta property=\"og:image:height\" content=\"768\" \/>\n\t<meta property=\"og:image:type\" content=\"image\/jpeg\" \/>\n<meta name=\"author\" content=\"Cl\u00e9ment Baril\" \/>\n<meta name=\"twitter:card\" content=\"summary_large_image\" \/>\n<meta name=\"twitter:label1\" content=\"\u00c9crit par\" \/>\n\t<meta name=\"twitter:data1\" content=\"Cl\u00e9ment Baril\" \/>\n\t<meta name=\"twitter:label2\" content=\"Dur\u00e9e de lecture estim\u00e9e\" \/>\n\t<meta name=\"twitter:data2\" content=\"2 minutes\" \/>\n<script type=\"application\/ld+json\" class=\"yoast-schema-graph\">{\"@context\":\"https:\\\/\\\/schema.org\",\"@graph\":[{\"@type\":\"Article\",\"@id\":\"https:\\\/\\\/www.altercampagne.net\\\/?p=29263#article\",\"isPartOf\":{\"@id\":\"https:\\\/\\\/www.altercampagne.net\\\/?p=29263\"},\"author\":{\"name\":\"Cl\u00e9ment Baril\",\"@id\":\"https:\\\/\\\/www.altercampagne.net\\\/#\\\/schema\\\/person\\\/dcee38da6bc36259ec4de60e71e4d2ac\"},\"headline\":\"Samedi 9 ao\u00fbt: Vol au dessus d&rsquo;un nid d&rsquo;Elefanto\u00a0\",\"datePublished\":\"2025-08-11T10:24:19+00:00\",\"mainEntityOfPage\":{\"@id\":\"https:\\\/\\\/www.altercampagne.net\\\/?p=29263\"},\"wordCount\":215,\"image\":{\"@id\":\"https:\\\/\\\/www.altercampagne.net\\\/?p=29263#primaryimage\"},\"thumbnailUrl\":\"https:\\\/\\\/www.altercampagne.net\\\/wp-content\\\/uploads\\\/2025\\\/08\\\/D41A1A3C-12D2-4E0D-827D-FB58DE084E50.jpg\",\"articleSection\":[\"\u00c9dition 2025\",\"Culture\",\"Occitanie\",\"V\u00e9lo\"],\"inLanguage\":\"fr-FR\"},{\"@type\":\"WebPage\",\"@id\":\"https:\\\/\\\/www.altercampagne.net\\\/?p=29263\",\"url\":\"https:\\\/\\\/www.altercampagne.net\\\/?p=29263\",\"name\":\"Samedi 9 ao\u00fbt: Vol au dessus d'un nid d'Elefanto\u00a0 - AlterTour\",\"isPartOf\":{\"@id\":\"https:\\\/\\\/www.altercampagne.net\\\/#website\"},\"primaryImageOfPage\":{\"@id\":\"https:\\\/\\\/www.altercampagne.net\\\/?p=29263#primaryimage\"},\"image\":{\"@id\":\"https:\\\/\\\/www.altercampagne.net\\\/?p=29263#primaryimage\"},\"thumbnailUrl\":\"https:\\\/\\\/www.altercampagne.net\\\/wp-content\\\/uploads\\\/2025\\\/08\\\/D41A1A3C-12D2-4E0D-827D-FB58DE084E50.jpg\",\"datePublished\":\"2025-08-11T10:24:19+00:00\",\"author\":{\"@id\":\"https:\\\/\\\/www.altercampagne.net\\\/#\\\/schema\\\/person\\\/dcee38da6bc36259ec4de60e71e4d2ac\"},\"breadcrumb\":{\"@id\":\"https:\\\/\\\/www.altercampagne.net\\\/?p=29263#breadcrumb\"},\"inLanguage\":\"fr-FR\",\"potentialAction\":[{\"@type\":\"ReadAction\",\"target\":[\"https:\\\/\\\/www.altercampagne.net\\\/?p=29263\"]}]},{\"@type\":\"ImageObject\",\"inLanguage\":\"fr-FR\",\"@id\":\"https:\\\/\\\/www.altercampagne.net\\\/?p=29263#primaryimage\",\"url\":\"https:\\\/\\\/www.altercampagne.net\\\/wp-content\\\/uploads\\\/2025\\\/08\\\/D41A1A3C-12D2-4E0D-827D-FB58DE084E50.jpg\",\"contentUrl\":\"https:\\\/\\\/www.altercampagne.net\\\/wp-content\\\/uploads\\\/2025\\\/08\\\/D41A1A3C-12D2-4E0D-827D-FB58DE084E50.jpg\",\"width\":1024,\"height\":768},{\"@type\":\"BreadcrumbList\",\"@id\":\"https:\\\/\\\/www.altercampagne.net\\\/?p=29263#breadcrumb\",\"itemListElement\":[{\"@type\":\"ListItem\",\"position\":1,\"name\":\"Accueil\",\"item\":\"https:\\\/\\\/www.altercampagne.net\\\/\"},{\"@type\":\"ListItem\",\"position\":2,\"name\":\"Samedi 9 ao\u00fbt: Vol au dessus d&rsquo;un nid d&rsquo;Elefanto\u00a0\"}]},{\"@type\":\"WebSite\",\"@id\":\"https:\\\/\\\/www.altercampagne.net\\\/#website\",\"url\":\"https:\\\/\\\/www.altercampagne.net\\\/\",\"name\":\"AlterTour\",\"description\":\"Reliez les Alternatives \u00e0 v\u00e9lo\",\"potentialAction\":[{\"@type\":\"SearchAction\",\"target\":{\"@type\":\"EntryPoint\",\"urlTemplate\":\"https:\\\/\\\/www.altercampagne.net\\\/?s={search_term_string}\"},\"query-input\":{\"@type\":\"PropertyValueSpecification\",\"valueRequired\":true,\"valueName\":\"search_term_string\"}}],\"inLanguage\":\"fr-FR\"},{\"@type\":\"Person\",\"@id\":\"https:\\\/\\\/www.altercampagne.net\\\/#\\\/schema\\\/person\\\/dcee38da6bc36259ec4de60e71e4d2ac\",\"name\":\"Cl\u00e9ment Baril\",\"image\":{\"@type\":\"ImageObject\",\"inLanguage\":\"fr-FR\",\"@id\":\"https:\\\/\\\/secure.gravatar.com\\\/avatar\\\/f40bbb8c399c37f9bf4c721d1e115a86ae4bdb28f2dd97bb73a36f1dde76e122?s=96&d=mm&r=g\",\"url\":\"https:\\\/\\\/secure.gravatar.com\\\/avatar\\\/f40bbb8c399c37f9bf4c721d1e115a86ae4bdb28f2dd97bb73a36f1dde76e122?s=96&d=mm&r=g\",\"contentUrl\":\"https:\\\/\\\/secure.gravatar.com\\\/avatar\\\/f40bbb8c399c37f9bf4c721d1e115a86ae4bdb28f2dd97bb73a36f1dde76e122?s=96&d=mm&r=g\",\"caption\":\"Cl\u00e9ment Baril\"},\"url\":\"https:\\\/\\\/www.altercampagne.net\\\/?author=403\"}]}<\/script>\n<!-- \/ Yoast SEO plugin. -->","yoast_head_json":{"title":"Samedi 9 ao\u00fbt: Vol au dessus d'un nid d'Elefanto\u00a0 - AlterTour","robots":{"index":"index","follow":"follow","max-snippet":"max-snippet:-1","max-image-preview":"max-image-preview:large","max-video-preview":"max-video-preview:-1"},"canonical":"https:\/\/www.altercampagne.net\/?p=29263","og_locale":"fr_FR","og_type":"article","og_title":"Samedi 9 ao\u00fbt: Vol au dessus d'un nid d'Elefanto\u00a0 - AlterTour","og_description":"Apr\u00e8s deux nuits de convivialit\u00e9 partag\u00e9e \u00e0 Ramonville, le cap est mis d\u00e8s huit heures du matin en direction des collines ensoleill\u00e9es de Latrape, o\u00f9 nous attend le collection Circassien du Nid des Elefanto. Le r\u00e9veil est matinal &#8211; 6h du matin &#8211; mais le moral est bon en d\u00e9pit ... Read More","og_url":"https:\/\/www.altercampagne.net\/?p=29263","og_site_name":"AlterTour","article_published_time":"2025-08-11T10:24:19+00:00","og_image":[{"width":1024,"height":768,"url":"https:\/\/www.altercampagne.net\/wp-content\/uploads\/2025\/08\/D41A1A3C-12D2-4E0D-827D-FB58DE084E50.jpg","type":"image\/jpeg"}],"author":"Cl\u00e9ment Baril","twitter_card":"summary_large_image","twitter_misc":{"\u00c9crit par":"Cl\u00e9ment Baril","Dur\u00e9e de lecture estim\u00e9e":"2 minutes"},"schema":{"@context":"https:\/\/schema.org","@graph":[{"@type":"Article","@id":"https:\/\/www.altercampagne.net\/?p=29263#article","isPartOf":{"@id":"https:\/\/www.altercampagne.net\/?p=29263"},"author":{"name":"Cl\u00e9ment Baril","@id":"https:\/\/www.altercampagne.net\/#\/schema\/person\/dcee38da6bc36259ec4de60e71e4d2ac"},"headline":"Samedi 9 ao\u00fbt: Vol au dessus d&rsquo;un nid d&rsquo;Elefanto\u00a0","datePublished":"2025-08-11T10:24:19+00:00","mainEntityOfPage":{"@id":"https:\/\/www.altercampagne.net\/?p=29263"},"wordCount":215,"image":{"@id":"https:\/\/www.altercampagne.net\/?p=29263#primaryimage"},"thumbnailUrl":"https:\/\/www.altercampagne.net\/wp-content\/uploads\/2025\/08\/D41A1A3C-12D2-4E0D-827D-FB58DE084E50.jpg","articleSection":["\u00c9dition 2025","Culture","Occitanie","V\u00e9lo"],"inLanguage":"fr-FR"},{"@type":"WebPage","@id":"https:\/\/www.altercampagne.net\/?p=29263","url":"https:\/\/www.altercampagne.net\/?p=29263","name":"Samedi 9 ao\u00fbt: Vol au dessus d'un nid d'Elefanto\u00a0 - AlterTour","isPartOf":{"@id":"https:\/\/www.altercampagne.net\/#website"},"primaryImageOfPage":{"@id":"https:\/\/www.altercampagne.net\/?p=29263#primaryimage"},"image":{"@id":"https:\/\/www.altercampagne.net\/?p=29263#primaryimage"},"thumbnailUrl":"https:\/\/www.altercampagne.net\/wp-content\/uploads\/2025\/08\/D41A1A3C-12D2-4E0D-827D-FB58DE084E50.jpg","datePublished":"2025-08-11T10:24:19+00:00","author":{"@id":"https:\/\/www.altercampagne.net\/#\/schema\/person\/dcee38da6bc36259ec4de60e71e4d2ac"},"breadcrumb":{"@id":"https:\/\/www.altercampagne.net\/?p=29263#breadcrumb"},"inLanguage":"fr-FR","potentialAction":[{"@type":"ReadAction","target":["https:\/\/www.altercampagne.net\/?p=29263"]}]},{"@type":"ImageObject","inLanguage":"fr-FR","@id":"https:\/\/www.altercampagne.net\/?p=29263#primaryimage","url":"https:\/\/www.altercampagne.net\/wp-content\/uploads\/2025\/08\/D41A1A3C-12D2-4E0D-827D-FB58DE084E50.jpg","contentUrl":"https:\/\/www.altercampagne.net\/wp-content\/uploads\/2025\/08\/D41A1A3C-12D2-4E0D-827D-FB58DE084E50.jpg","width":1024,"height":768},{"@type":"BreadcrumbList","@id":"https:\/\/www.altercampagne.net\/?p=29263#breadcrumb","itemListElement":[{"@type":"ListItem","position":1,"name":"Accueil","item":"https:\/\/www.altercampagne.net\/"},{"@type":"ListItem","position":2,"name":"Samedi 9 ao\u00fbt: Vol au dessus d&rsquo;un nid d&rsquo;Elefanto\u00a0"}]},{"@type":"WebSite","@id":"https:\/\/www.altercampagne.net\/#website","url":"https:\/\/www.altercampagne.net\/","name":"AlterTour","description":"Reliez les Alternatives \u00e0 v\u00e9lo","potentialAction":[{"@type":"SearchAction","target":{"@type":"EntryPoint","urlTemplate":"https:\/\/www.altercampagne.net\/?s={search_term_string}"},"query-input":{"@type":"PropertyValueSpecification","valueRequired":true,"valueName":"search_term_string"}}],"inLanguage":"fr-FR"},{"@type":"Person","@id":"https:\/\/www.altercampagne.net\/#\/schema\/person\/dcee38da6bc36259ec4de60e71e4d2ac","name":"Cl\u00e9ment Baril","image":{"@type":"ImageObject","inLanguage":"fr-FR","@id":"https:\/\/secure.gravatar.com\/avatar\/f40bbb8c399c37f9bf4c721d1e115a86ae4bdb28f2dd97bb73a36f1dde76e122?s=96&d=mm&r=g","url":"https:\/\/secure.gravatar.com\/avatar\/f40bbb8c399c37f9bf4c721d1e115a86ae4bdb28f2dd97bb73a36f1dde76e122?s=96&d=mm&r=g","contentUrl":"https:\/\/secure.gravatar.com\/avatar\/f40bbb8c399c37f9bf4c721d1e115a86ae4bdb28f2dd97bb73a36f1dde76e122?s=96&d=mm&r=g","caption":"Cl\u00e9ment Baril"},"url":"https:\/\/www.altercampagne.net\/?author=403"}]}},"_links":{"self":[{"href":"https:\/\/www.altercampagne.net\/index.php?rest_route=\/wp\/v2\/posts\/29263","targetHints":{"allow":["GET"]}}],"collection":[{"href":"https:\/\/www.altercampagne.net\/index.php?rest_route=\/wp\/v2\/posts"}],"about":[{"href":"https:\/\/www.altercampagne.net\/index.php?rest_route=\/wp\/v2\/types\/post"}],"author":[{"embeddable":true,"href":"https:\/\/www.altercampagne.net\/index.php?rest_route=\/wp\/v2\/users\/403"}],"replies":[{"embeddable":true,"href":"https:\/\/www.altercampagne.net\/index.php?rest_route=%2Fwp%2Fv2%2Fcomments&post=29263"}],"version-history":[{"count":1,"href":"https:\/\/www.altercampagne.net\/index.php?rest_route=\/wp\/v2\/posts\/29263\/revisions"}],"predecessor-version":[{"id":29267,"href":"https:\/\/www.altercampagne.net\/index.php?rest_route=\/wp\/v2\/posts\/29263\/revisions\/29267"}],"wp:featuredmedia":[{"embeddable":true,"href":"https:\/\/www.altercampagne.net\/index.php?rest_route=\/wp\/v2\/media\/29266"}],"wp:attachment":[{"href":"https:\/\/www.altercampagne.net\/index.php?rest_route=%2Fwp%2Fv2%2Fmedia&parent=29263"}],"wp:term":[{"taxonomy":"category","embeddable":true,"href":"https:\/\/www.altercampagne.net\/index.php?rest_route=%2Fwp%2Fv2%2Fcategories&post=29263"},{"taxonomy":"post_tag","embeddable":true,"href":"https:\/\/www.altercampagne.net\/index.php?rest_route=%2Fwp%2Fv2%2Ftags&post=29263"}],"curies":[{"name":"wp","href":"https:\/\/api.w.org\/{rel}","templated":true}]}}