{"id":29268,"date":"2025-09-03T12:12:00","date_gmt":"2025-09-03T10:12:00","guid":{"rendered":"https:\/\/www.altercampagne.net\/?p=29268"},"modified":"2025-09-03T12:12:01","modified_gmt":"2025-09-03T10:12:01","slug":"alterjournee-du-8-aout-ateliers-et-reflexions-collectives-a-mediter","status":"publish","type":"post","link":"https:\/\/www.altercampagne.net\/?p=29268","title":{"rendered":"Alterjourn\u00e9e du 8 ao\u00fbt\u00a0: ateliers et r\u00e9flexions collectives \u2013 \u00e0 m\u00e9diter"},"content":{"rendered":"\n<p>Toujours camp\u00e9.es dans le bois du collectif la Maison, \u00e0 Ramonville, aujourd\u2019hui c\u2019est conf\u00e9rences.<\/p>\n\n\n\n<p>Pour le matin, un trio de chercheuses&nbsp;: Ga\u00efa, Arg et Evlyn, nous invitent \u00e0 r\u00e9fl\u00e9chir autour de l\u2019autogestion. Apr\u00e8s une pr\u00e9sentation et un premier brise glace, nous nous sommes regroup\u00e9.es pour r\u00e9fl\u00e9chir autour de 4 questions&nbsp;que nous souhaitions vous transmettre&nbsp;:<\/p>\n\n\n\n<p>&#8211; En quoi la mani\u00e8re dont nous organisons nos projets induit la coop\u00e9ration ou la comp\u00e9tition&nbsp;?<\/p>\n\n\n\n<p>&#8211; Quelles sont les valeurs sous-jacentes \u00e0 l\u2019auto-organisation&nbsp;?<\/p>\n\n\n\n<p>&#8211; Parmi les institutions actuelles, sont-elles des organes de domination ou de facilitation \u00e0 l\u2019auto-organisation&nbsp;?<\/p>\n\n\n\n<p>&#8211; Notre soci\u00e9t\u00e9 pourrait-elle fonctionner de fa\u00e7on auto-organis\u00e9e&nbsp;? Comment faire&nbsp;?<\/p>\n\n\n\n<p>A tour de r\u00f4le, chaque groupe s\u2019est pr\u00e9sent\u00e9 devant une feuille assortie de l\u2019une des quatre questions, o\u00f9 nous avions la possibilit\u00e9 de situ\u00e9 nos r\u00e9ponses dans trois endroits&nbsp;: la for\u00eat des dissensus, la rivi\u00e8re des incertitudes et la colline des consensus.<\/p>\n\n\n\n<figure class=\"wp-block-image size-large\"><a href=\"https:\/\/www.altercampagne.net\/wp-content\/uploads\/2025\/08\/image-1-808.jpg\"><img loading=\"lazy\" decoding=\"async\" width=\"1024\" height=\"683\" src=\"https:\/\/www.altercampagne.net\/wp-content\/uploads\/2025\/08\/image-1-808-1024x683.jpg\" alt=\"\" class=\"wp-image-29269\" srcset=\"https:\/\/www.altercampagne.net\/wp-content\/uploads\/2025\/08\/image-1-808-1024x683.jpg 1024w, https:\/\/www.altercampagne.net\/wp-content\/uploads\/2025\/08\/image-1-808-300x200.jpg 300w, https:\/\/www.altercampagne.net\/wp-content\/uploads\/2025\/08\/image-1-808-768x512.jpg 768w, https:\/\/www.altercampagne.net\/wp-content\/uploads\/2025\/08\/image-1-808-1536x1024.jpg 1536w, https:\/\/www.altercampagne.net\/wp-content\/uploads\/2025\/08\/image-1-808-100x67.jpg 100w, https:\/\/www.altercampagne.net\/wp-content\/uploads\/2025\/08\/image-1-808-862x575.jpg 862w, https:\/\/www.altercampagne.net\/wp-content\/uploads\/2025\/08\/image-1-808-1140x760.jpg 1140w, https:\/\/www.altercampagne.net\/wp-content\/uploads\/2025\/08\/image-1-808.jpg 1824w\" sizes=\"auto, (max-width: 1024px) 100vw, 1024px\" \/><\/a><\/figure>\n\n\n\n<p><em>Photo 1&nbsp;: La fa\u00e7on dont nous nous organisons favorise-t-elle la coop\u00e9ration ou la comp\u00e9tition ?<\/em><\/p>\n\n\n\n<p>8 kilom\u00e8tres plus loin le long du Canal du midi, nous voil\u00e0 \u00e0 la librairie La Librairie \u00e0 Toulouse pour une seconde session de conf\u00e9rence. Le duo de r\u00e9paratrices de v\u00e9lo, Poppy et Lila, nous partage leurs exp\u00e9riences personnelles des dominations de genre, de race, de classe, dans le monde du v\u00e9lo en les mettant en regard avec les chiffres existant sur les discriminations dans ce milieu. Elles nous ont pr\u00e9par\u00e9 un fascicule pr\u00e9sentant un lexique de termes li\u00e9s aux discriminations, une frise chronologique th\u00e9matis\u00e9e sur les femmes et le v\u00e9lo ainsi qu\u2019une s\u00e9lection d\u2019ouvrages permettant d\u2019approfondir. Ce superbe fascicule figure \u00e0 la fin de cet article, n\u2019h\u00e9sitez pas \u00e0 y jeter un \u0153il&nbsp;! L\u00e0 encore, nous avons r\u00e9fl\u00e9chi en groupe, \u00e0 partir de situations d\u2019oppressions en nous demandant quelles pouvaient \u00eatre les r\u00e9ponses \u00e0 apporter.<\/p>\n\n\n\n<p>Face \u00e0 ces probl\u00e9matiques quotidiennes pour Lila et Poppy, elles se sont r\u00e9unies pour cr\u00e9er leur propre atelier de r\u00e9paration de v\u00e9lo, \u00ab&nbsp;Bicyclit\u2019&nbsp;\u00bb, que nous avons eu la chance de visiter. Ami.es toulousain.es, foncez, surtout en cas de probl\u00e8me de freins.<\/p>\n\n\n\n<figure class=\"wp-block-image size-large\"><a href=\"https:\/\/www.altercampagne.net\/wp-content\/uploads\/2025\/08\/image-2-808.jpg\"><img loading=\"lazy\" decoding=\"async\" width=\"1024\" height=\"683\" src=\"https:\/\/www.altercampagne.net\/wp-content\/uploads\/2025\/08\/image-2-808-1024x683.jpg\" alt=\"\" class=\"wp-image-29270\" srcset=\"https:\/\/www.altercampagne.net\/wp-content\/uploads\/2025\/08\/image-2-808-1024x683.jpg 1024w, https:\/\/www.altercampagne.net\/wp-content\/uploads\/2025\/08\/image-2-808-300x200.jpg 300w, https:\/\/www.altercampagne.net\/wp-content\/uploads\/2025\/08\/image-2-808-768x512.jpg 768w, https:\/\/www.altercampagne.net\/wp-content\/uploads\/2025\/08\/image-2-808-1536x1024.jpg 1536w, https:\/\/www.altercampagne.net\/wp-content\/uploads\/2025\/08\/image-2-808-100x67.jpg 100w, https:\/\/www.altercampagne.net\/wp-content\/uploads\/2025\/08\/image-2-808-862x575.jpg 862w, https:\/\/www.altercampagne.net\/wp-content\/uploads\/2025\/08\/image-2-808-1140x760.jpg 1140w, https:\/\/www.altercampagne.net\/wp-content\/uploads\/2025\/08\/image-2-808.jpg 1824w\" sizes=\"auto, (max-width: 1024px) 100vw, 1024px\" \/><\/a><\/figure>\n\n\n\n<p><em>Image 2&nbsp;: S\u00e9lection d&rsquo;ouvrages de la librairie La Librairie<\/em> <\/p>\n\n\n\n<p>Le soir, des p\u00e2tes et puis des p\u00e2tes&nbsp;! Et puis m\u00eame, rab de p\u00e2tes, bien m\u00e9rit\u00e9 apr\u00e8s avoir fait travailler nos m\u00e9ninges&nbsp;! Ensuite soir\u00e9e libre&nbsp;: pour certain.es initiation au tango, pour d\u2019autres jeu des convergences brid\u00e9, les Altercyclistes se sont finalement couch\u00e9.es de bonne heure pour \u00eatre en forme pour la grosse (grosse) journ\u00e9e du lendemain\u2026<\/p>\n\n\n\n<p><\/p>\n\n\n\n<p>Pour consulter le fascicule pr\u00e9sentant un lexique de termes li\u00e9s aux discriminations, une frise chronologique th\u00e9matis\u00e9e sur les femmes et le v\u00e9lo ainsi qu\u2019une s\u00e9lection d\u2019ouvrages permettant d\u2019approfondir, suivez ce lien : https:\/\/cloud.altercampagne.ovh\/s\/fc8X8mbnZDrTabp<\/p>\n","protected":false},"excerpt":{"rendered":"<p>Toujours camp\u00e9.es dans le bois du collectif la Maison, \u00e0 Ramonville, aujourd\u2019hui c\u2019est conf\u00e9rences. Pour le matin, un trio de chercheuses&nbsp;: Ga\u00efa, Arg et Evlyn, nous invitent \u00e0 r\u00e9fl\u00e9chir autour de l\u2019autogestion. Apr\u00e8s une pr\u00e9sentation et un premier brise glace, nous nous sommes regroup\u00e9.es pour r\u00e9fl\u00e9chir autour de 4 questions&nbsp;que &#8230; <\/p>\n<div><a href=\"https:\/\/www.altercampagne.net\/?p=29268\" class=\"more-link\">Read More<\/a><\/div>\n","protected":false},"author":403,"featured_media":29270,"comment_status":"closed","ping_status":"closed","sticky":false,"template":"","format":"standard","meta":{"footnotes":""},"categories":[4511,3938,3480,3932],"tags":[],"class_list":["post-29268","post","type-post","status-publish","format-standard","has-post-thumbnail","hentry","category-edition-2025","category-education","category-occitanie","category-velo"],"yoast_head":"<!-- This site is optimized with the Yoast SEO plugin v27.3 - https:\/\/yoast.com\/product\/yoast-seo-wordpress\/ -->\n<title>Alterjourn\u00e9e du 8 ao\u00fbt\u00a0: ateliers et r\u00e9flexions collectives \u2013 \u00e0 m\u00e9diter - AlterTour<\/title>\n<meta name=\"robots\" content=\"index, follow, max-snippet:-1, max-image-preview:large, max-video-preview:-1\" \/>\n<link rel=\"canonical\" href=\"https:\/\/www.altercampagne.net\/?p=29268\" \/>\n<meta property=\"og:locale\" content=\"fr_FR\" \/>\n<meta property=\"og:type\" content=\"article\" \/>\n<meta property=\"og:title\" content=\"Alterjourn\u00e9e du 8 ao\u00fbt\u00a0: ateliers et r\u00e9flexions collectives \u2013 \u00e0 m\u00e9diter - AlterTour\" \/>\n<meta property=\"og:description\" content=\"Toujours camp\u00e9.es dans le bois du collectif la Maison, \u00e0 Ramonville, aujourd\u2019hui c\u2019est conf\u00e9rences. Pour le matin, un trio de chercheuses&nbsp;: Ga\u00efa, Arg et Evlyn, nous invitent \u00e0 r\u00e9fl\u00e9chir autour de l\u2019autogestion. Apr\u00e8s une pr\u00e9sentation et un premier brise glace, nous nous sommes regroup\u00e9.es pour r\u00e9fl\u00e9chir autour de 4 questions&nbsp;que ... Read More\" \/>\n<meta property=\"og:url\" content=\"https:\/\/www.altercampagne.net\/?p=29268\" \/>\n<meta property=\"og:site_name\" content=\"AlterTour\" \/>\n<meta property=\"article:published_time\" content=\"2025-09-03T10:12:00+00:00\" \/>\n<meta property=\"article:modified_time\" content=\"2025-09-03T10:12:01+00:00\" \/>\n<meta property=\"og:image\" content=\"https:\/\/www.altercampagne.net\/wp-content\/uploads\/2025\/08\/image-2-808.jpg\" \/>\n\t<meta property=\"og:image:width\" content=\"1824\" \/>\n\t<meta property=\"og:image:height\" content=\"1216\" \/>\n\t<meta property=\"og:image:type\" content=\"image\/jpeg\" \/>\n<meta name=\"author\" content=\"Cl\u00e9ment Baril\" \/>\n<meta name=\"twitter:card\" content=\"summary_large_image\" \/>\n<meta name=\"twitter:label1\" content=\"\u00c9crit par\" \/>\n\t<meta name=\"twitter:data1\" content=\"Cl\u00e9ment Baril\" \/>\n\t<meta name=\"twitter:label2\" content=\"Dur\u00e9e de lecture estim\u00e9e\" \/>\n\t<meta name=\"twitter:data2\" content=\"3 minutes\" \/>\n<script type=\"application\/ld+json\" class=\"yoast-schema-graph\">{\"@context\":\"https:\\\/\\\/schema.org\",\"@graph\":[{\"@type\":\"Article\",\"@id\":\"https:\\\/\\\/www.altercampagne.net\\\/?p=29268#article\",\"isPartOf\":{\"@id\":\"https:\\\/\\\/www.altercampagne.net\\\/?p=29268\"},\"author\":{\"name\":\"Cl\u00e9ment Baril\",\"@id\":\"https:\\\/\\\/www.altercampagne.net\\\/#\\\/schema\\\/person\\\/dcee38da6bc36259ec4de60e71e4d2ac\"},\"headline\":\"Alterjourn\u00e9e du 8 ao\u00fbt\u00a0: ateliers et r\u00e9flexions collectives \u2013 \u00e0 m\u00e9diter\",\"datePublished\":\"2025-09-03T10:12:00+00:00\",\"dateModified\":\"2025-09-03T10:12:01+00:00\",\"mainEntityOfPage\":{\"@id\":\"https:\\\/\\\/www.altercampagne.net\\\/?p=29268\"},\"wordCount\":539,\"image\":{\"@id\":\"https:\\\/\\\/www.altercampagne.net\\\/?p=29268#primaryimage\"},\"thumbnailUrl\":\"https:\\\/\\\/www.altercampagne.net\\\/wp-content\\\/uploads\\\/2025\\\/08\\\/image-2-808.jpg\",\"articleSection\":[\"\u00c9dition 2025\",\"Education\",\"Occitanie\",\"V\u00e9lo\"],\"inLanguage\":\"fr-FR\"},{\"@type\":\"WebPage\",\"@id\":\"https:\\\/\\\/www.altercampagne.net\\\/?p=29268\",\"url\":\"https:\\\/\\\/www.altercampagne.net\\\/?p=29268\",\"name\":\"Alterjourn\u00e9e du 8 ao\u00fbt\u00a0: ateliers et r\u00e9flexions collectives \u2013 \u00e0 m\u00e9diter - AlterTour\",\"isPartOf\":{\"@id\":\"https:\\\/\\\/www.altercampagne.net\\\/#website\"},\"primaryImageOfPage\":{\"@id\":\"https:\\\/\\\/www.altercampagne.net\\\/?p=29268#primaryimage\"},\"image\":{\"@id\":\"https:\\\/\\\/www.altercampagne.net\\\/?p=29268#primaryimage\"},\"thumbnailUrl\":\"https:\\\/\\\/www.altercampagne.net\\\/wp-content\\\/uploads\\\/2025\\\/08\\\/image-2-808.jpg\",\"datePublished\":\"2025-09-03T10:12:00+00:00\",\"dateModified\":\"2025-09-03T10:12:01+00:00\",\"author\":{\"@id\":\"https:\\\/\\\/www.altercampagne.net\\\/#\\\/schema\\\/person\\\/dcee38da6bc36259ec4de60e71e4d2ac\"},\"breadcrumb\":{\"@id\":\"https:\\\/\\\/www.altercampagne.net\\\/?p=29268#breadcrumb\"},\"inLanguage\":\"fr-FR\",\"potentialAction\":[{\"@type\":\"ReadAction\",\"target\":[\"https:\\\/\\\/www.altercampagne.net\\\/?p=29268\"]}]},{\"@type\":\"ImageObject\",\"inLanguage\":\"fr-FR\",\"@id\":\"https:\\\/\\\/www.altercampagne.net\\\/?p=29268#primaryimage\",\"url\":\"https:\\\/\\\/www.altercampagne.net\\\/wp-content\\\/uploads\\\/2025\\\/08\\\/image-2-808.jpg\",\"contentUrl\":\"https:\\\/\\\/www.altercampagne.net\\\/wp-content\\\/uploads\\\/2025\\\/08\\\/image-2-808.jpg\",\"width\":1824,\"height\":1216},{\"@type\":\"BreadcrumbList\",\"@id\":\"https:\\\/\\\/www.altercampagne.net\\\/?p=29268#breadcrumb\",\"itemListElement\":[{\"@type\":\"ListItem\",\"position\":1,\"name\":\"Accueil\",\"item\":\"https:\\\/\\\/www.altercampagne.net\\\/\"},{\"@type\":\"ListItem\",\"position\":2,\"name\":\"Alterjourn\u00e9e du 8 ao\u00fbt\u00a0: ateliers et r\u00e9flexions collectives \u2013 \u00e0 m\u00e9diter\"}]},{\"@type\":\"WebSite\",\"@id\":\"https:\\\/\\\/www.altercampagne.net\\\/#website\",\"url\":\"https:\\\/\\\/www.altercampagne.net\\\/\",\"name\":\"AlterTour\",\"description\":\"Reliez les Alternatives \u00e0 v\u00e9lo\",\"potentialAction\":[{\"@type\":\"SearchAction\",\"target\":{\"@type\":\"EntryPoint\",\"urlTemplate\":\"https:\\\/\\\/www.altercampagne.net\\\/?s={search_term_string}\"},\"query-input\":{\"@type\":\"PropertyValueSpecification\",\"valueRequired\":true,\"valueName\":\"search_term_string\"}}],\"inLanguage\":\"fr-FR\"},{\"@type\":\"Person\",\"@id\":\"https:\\\/\\\/www.altercampagne.net\\\/#\\\/schema\\\/person\\\/dcee38da6bc36259ec4de60e71e4d2ac\",\"name\":\"Cl\u00e9ment Baril\",\"image\":{\"@type\":\"ImageObject\",\"inLanguage\":\"fr-FR\",\"@id\":\"https:\\\/\\\/secure.gravatar.com\\\/avatar\\\/f40bbb8c399c37f9bf4c721d1e115a86ae4bdb28f2dd97bb73a36f1dde76e122?s=96&d=mm&r=g\",\"url\":\"https:\\\/\\\/secure.gravatar.com\\\/avatar\\\/f40bbb8c399c37f9bf4c721d1e115a86ae4bdb28f2dd97bb73a36f1dde76e122?s=96&d=mm&r=g\",\"contentUrl\":\"https:\\\/\\\/secure.gravatar.com\\\/avatar\\\/f40bbb8c399c37f9bf4c721d1e115a86ae4bdb28f2dd97bb73a36f1dde76e122?s=96&d=mm&r=g\",\"caption\":\"Cl\u00e9ment Baril\"},\"url\":\"https:\\\/\\\/www.altercampagne.net\\\/?author=403\"}]}<\/script>\n<!-- \/ Yoast SEO plugin. -->","yoast_head_json":{"title":"Alterjourn\u00e9e du 8 ao\u00fbt\u00a0: ateliers et r\u00e9flexions collectives \u2013 \u00e0 m\u00e9diter - AlterTour","robots":{"index":"index","follow":"follow","max-snippet":"max-snippet:-1","max-image-preview":"max-image-preview:large","max-video-preview":"max-video-preview:-1"},"canonical":"https:\/\/www.altercampagne.net\/?p=29268","og_locale":"fr_FR","og_type":"article","og_title":"Alterjourn\u00e9e du 8 ao\u00fbt\u00a0: ateliers et r\u00e9flexions collectives \u2013 \u00e0 m\u00e9diter - AlterTour","og_description":"Toujours camp\u00e9.es dans le bois du collectif la Maison, \u00e0 Ramonville, aujourd\u2019hui c\u2019est conf\u00e9rences. Pour le matin, un trio de chercheuses&nbsp;: Ga\u00efa, Arg et Evlyn, nous invitent \u00e0 r\u00e9fl\u00e9chir autour de l\u2019autogestion. Apr\u00e8s une pr\u00e9sentation et un premier brise glace, nous nous sommes regroup\u00e9.es pour r\u00e9fl\u00e9chir autour de 4 questions&nbsp;que ... Read More","og_url":"https:\/\/www.altercampagne.net\/?p=29268","og_site_name":"AlterTour","article_published_time":"2025-09-03T10:12:00+00:00","article_modified_time":"2025-09-03T10:12:01+00:00","og_image":[{"width":1824,"height":1216,"url":"https:\/\/www.altercampagne.net\/wp-content\/uploads\/2025\/08\/image-2-808.jpg","type":"image\/jpeg"}],"author":"Cl\u00e9ment Baril","twitter_card":"summary_large_image","twitter_misc":{"\u00c9crit par":"Cl\u00e9ment Baril","Dur\u00e9e de lecture estim\u00e9e":"3 minutes"},"schema":{"@context":"https:\/\/schema.org","@graph":[{"@type":"Article","@id":"https:\/\/www.altercampagne.net\/?p=29268#article","isPartOf":{"@id":"https:\/\/www.altercampagne.net\/?p=29268"},"author":{"name":"Cl\u00e9ment Baril","@id":"https:\/\/www.altercampagne.net\/#\/schema\/person\/dcee38da6bc36259ec4de60e71e4d2ac"},"headline":"Alterjourn\u00e9e du 8 ao\u00fbt\u00a0: ateliers et r\u00e9flexions collectives \u2013 \u00e0 m\u00e9diter","datePublished":"2025-09-03T10:12:00+00:00","dateModified":"2025-09-03T10:12:01+00:00","mainEntityOfPage":{"@id":"https:\/\/www.altercampagne.net\/?p=29268"},"wordCount":539,"image":{"@id":"https:\/\/www.altercampagne.net\/?p=29268#primaryimage"},"thumbnailUrl":"https:\/\/www.altercampagne.net\/wp-content\/uploads\/2025\/08\/image-2-808.jpg","articleSection":["\u00c9dition 2025","Education","Occitanie","V\u00e9lo"],"inLanguage":"fr-FR"},{"@type":"WebPage","@id":"https:\/\/www.altercampagne.net\/?p=29268","url":"https:\/\/www.altercampagne.net\/?p=29268","name":"Alterjourn\u00e9e du 8 ao\u00fbt\u00a0: ateliers et r\u00e9flexions collectives \u2013 \u00e0 m\u00e9diter - AlterTour","isPartOf":{"@id":"https:\/\/www.altercampagne.net\/#website"},"primaryImageOfPage":{"@id":"https:\/\/www.altercampagne.net\/?p=29268#primaryimage"},"image":{"@id":"https:\/\/www.altercampagne.net\/?p=29268#primaryimage"},"thumbnailUrl":"https:\/\/www.altercampagne.net\/wp-content\/uploads\/2025\/08\/image-2-808.jpg","datePublished":"2025-09-03T10:12:00+00:00","dateModified":"2025-09-03T10:12:01+00:00","author":{"@id":"https:\/\/www.altercampagne.net\/#\/schema\/person\/dcee38da6bc36259ec4de60e71e4d2ac"},"breadcrumb":{"@id":"https:\/\/www.altercampagne.net\/?p=29268#breadcrumb"},"inLanguage":"fr-FR","potentialAction":[{"@type":"ReadAction","target":["https:\/\/www.altercampagne.net\/?p=29268"]}]},{"@type":"ImageObject","inLanguage":"fr-FR","@id":"https:\/\/www.altercampagne.net\/?p=29268#primaryimage","url":"https:\/\/www.altercampagne.net\/wp-content\/uploads\/2025\/08\/image-2-808.jpg","contentUrl":"https:\/\/www.altercampagne.net\/wp-content\/uploads\/2025\/08\/image-2-808.jpg","width":1824,"height":1216},{"@type":"BreadcrumbList","@id":"https:\/\/www.altercampagne.net\/?p=29268#breadcrumb","itemListElement":[{"@type":"ListItem","position":1,"name":"Accueil","item":"https:\/\/www.altercampagne.net\/"},{"@type":"ListItem","position":2,"name":"Alterjourn\u00e9e du 8 ao\u00fbt\u00a0: ateliers et r\u00e9flexions collectives \u2013 \u00e0 m\u00e9diter"}]},{"@type":"WebSite","@id":"https:\/\/www.altercampagne.net\/#website","url":"https:\/\/www.altercampagne.net\/","name":"AlterTour","description":"Reliez les Alternatives \u00e0 v\u00e9lo","potentialAction":[{"@type":"SearchAction","target":{"@type":"EntryPoint","urlTemplate":"https:\/\/www.altercampagne.net\/?s={search_term_string}"},"query-input":{"@type":"PropertyValueSpecification","valueRequired":true,"valueName":"search_term_string"}}],"inLanguage":"fr-FR"},{"@type":"Person","@id":"https:\/\/www.altercampagne.net\/#\/schema\/person\/dcee38da6bc36259ec4de60e71e4d2ac","name":"Cl\u00e9ment Baril","image":{"@type":"ImageObject","inLanguage":"fr-FR","@id":"https:\/\/secure.gravatar.com\/avatar\/f40bbb8c399c37f9bf4c721d1e115a86ae4bdb28f2dd97bb73a36f1dde76e122?s=96&d=mm&r=g","url":"https:\/\/secure.gravatar.com\/avatar\/f40bbb8c399c37f9bf4c721d1e115a86ae4bdb28f2dd97bb73a36f1dde76e122?s=96&d=mm&r=g","contentUrl":"https:\/\/secure.gravatar.com\/avatar\/f40bbb8c399c37f9bf4c721d1e115a86ae4bdb28f2dd97bb73a36f1dde76e122?s=96&d=mm&r=g","caption":"Cl\u00e9ment Baril"},"url":"https:\/\/www.altercampagne.net\/?author=403"}]}},"_links":{"self":[{"href":"https:\/\/www.altercampagne.net\/index.php?rest_route=\/wp\/v2\/posts\/29268","targetHints":{"allow":["GET"]}}],"collection":[{"href":"https:\/\/www.altercampagne.net\/index.php?rest_route=\/wp\/v2\/posts"}],"about":[{"href":"https:\/\/www.altercampagne.net\/index.php?rest_route=\/wp\/v2\/types\/post"}],"author":[{"embeddable":true,"href":"https:\/\/www.altercampagne.net\/index.php?rest_route=\/wp\/v2\/users\/403"}],"replies":[{"embeddable":true,"href":"https:\/\/www.altercampagne.net\/index.php?rest_route=%2Fwp%2Fv2%2Fcomments&post=29268"}],"version-history":[{"count":2,"href":"https:\/\/www.altercampagne.net\/index.php?rest_route=\/wp\/v2\/posts\/29268\/revisions"}],"predecessor-version":[{"id":29361,"href":"https:\/\/www.altercampagne.net\/index.php?rest_route=\/wp\/v2\/posts\/29268\/revisions\/29361"}],"wp:featuredmedia":[{"embeddable":true,"href":"https:\/\/www.altercampagne.net\/index.php?rest_route=\/wp\/v2\/media\/29270"}],"wp:attachment":[{"href":"https:\/\/www.altercampagne.net\/index.php?rest_route=%2Fwp%2Fv2%2Fmedia&parent=29268"}],"wp:term":[{"taxonomy":"category","embeddable":true,"href":"https:\/\/www.altercampagne.net\/index.php?rest_route=%2Fwp%2Fv2%2Fcategories&post=29268"},{"taxonomy":"post_tag","embeddable":true,"href":"https:\/\/www.altercampagne.net\/index.php?rest_route=%2Fwp%2Fv2%2Ftags&post=29268"}],"curies":[{"name":"wp","href":"https:\/\/api.w.org\/{rel}","templated":true}]}}