{"id":29272,"date":"2025-08-13T17:56:05","date_gmt":"2025-08-13T15:56:05","guid":{"rendered":"https:\/\/www.altercampagne.net\/?p=29272"},"modified":"2025-08-13T17:56:05","modified_gmt":"2025-08-13T15:56:05","slug":"5-aout-contre-le-projet-dautoroute-roulons-a-69","status":"publish","type":"post","link":"https:\/\/www.altercampagne.net\/?p=29272","title":{"rendered":"5 Ao\u00fbt : Contre le projet d&rsquo;autoroute, roulons \u00e0 69 !"},"content":{"rendered":"\n<p>D\u00e9part de Peyregoux a 8h00 direction Scopont<\/p>\n\n\n\n<p>\ufeffC\u2019\u00e9tait une journ\u00e9e intense de tous points de vue celle du 5 ao\u00fbt sur l\u2019altertour.<\/p>\n\n\n\n<p>Guillemette et Ulysse, qui viennent de prendre en main la d\u00e9licate t\u00e2che de prepa-d\u2019etape apr\u00e8s le d\u00e9part des super Gregoire et Ines, nous avaient pr\u00e9venu la veille :<\/p>\n\n\n\n<p>60 km a parcourir, m\u00e9t\u00e9o pr\u00e9vue tr\u00e8s chaude, et la rencontre avec l\u2019association La voie est libre qui lutte contre l\u2019autoroute A69.<\/p>\n\n\n\n<figure class=\"wp-block-image size-full\"><a href=\"https:\/\/www.altercampagne.net\/wp-content\/uploads\/2025\/08\/IMG_6342.jpg\"><img loading=\"lazy\" decoding=\"async\" width=\"640\" height=\"480\" src=\"https:\/\/www.altercampagne.net\/wp-content\/uploads\/2025\/08\/IMG_6342.jpg\" alt=\"\" class=\"wp-image-29273\" srcset=\"https:\/\/www.altercampagne.net\/wp-content\/uploads\/2025\/08\/IMG_6342.jpg 640w, https:\/\/www.altercampagne.net\/wp-content\/uploads\/2025\/08\/IMG_6342-300x225.jpg 300w, https:\/\/www.altercampagne.net\/wp-content\/uploads\/2025\/08\/IMG_6342-100x75.jpg 100w\" sizes=\"auto, (max-width: 640px) 100vw, 640px\" \/><\/a><\/figure>\n\n\n\n<p>Nous d\u00e9couvrons les nombreux probl\u00e8mes li\u00e9s au projet : artificialisation des sols, destruction de zones Natura 2000, autoroute passant \u00e0 quelques m\u00e8tres d&rsquo;une base de loisirs et d&rsquo;une cr\u00e8che, &#8230; Ils nous expliquent aussi que 2 tron\u00e7ons de la route nationale actuelle vont \u00eatre int\u00e9gr\u00e9s au projet de l&rsquo;A69. Cons\u00e9quence : ces passages deviendront payants et entra\u00eeneront une augmentation du trafic automobile dans ces villages. Un vrai projet du si\u00e8cle dernier ! Mais au del\u00e0 de l&rsquo;absurdit\u00e9 du projet, ils d\u00e9crivent les conditions dans lesquelles se r\u00e9alisent le projet. L&rsquo;association a alert\u00e9 l&rsquo;Etat sur les nombreuses irr\u00e9gularit\u00e9s sur le chantier. Une quinzaine de mises en demeure ont d\u00e9j\u00e0 \u00e9t\u00e9 adress\u00e9es au concessionnaire par l&rsquo;administration. Dans ce d\u00e9partement en alerte rouge consommation d&rsquo;eau, le chantier est arros\u00e9 continuellement pour limiter les poussi\u00e8res li\u00e9es aux travaux. Voil\u00e0 quelques exemples qui illustrent pourquoi les militants de La voie est libre continuent de lutter, dans des conditions difficiles. Plus de 2 millions d&rsquo;euros de d\u00e9penses de police ont d\u00e9j\u00e0 \u00e9t\u00e9 engag\u00e9es pour r\u00e9primer leurs actions et les leurs noms ont \u00e9t\u00e9 diffus\u00e9s publiquement comme des cibles, leurs maisons parfois tagu\u00e9es.<\/p>\n\n\n\n<p>Le chantier a repris en attendant la d\u00e9cision de justice en appel pr\u00e9vue en octobre \/ novembre.<\/p>\n\n\n\n<p>Ils veulent rester constructifs et positifs malgr\u00e9 l\u2019avancement des travaux et ils mettent en avant un projet alternatif, innovant et d\u2019utilit\u00e9 sociale, comme l\u2019accueil et le soutien de jeunes agriculteurs et artisans.<\/p>\n\n\n\n<p>Pour toute information on vous invite a consulter leur site: <a href=\"http:\/\/linktr.ee\/stop_A69\" target=\"_blank\" rel=\"noreferrer noopener\">linktr.ee\/stop_A69<\/a>.<\/p>\n\n\n\n<p>Pour nous alter-cyclistes c\u2019\u00e9tait extr\u00eamement dur de traverser l\u2019horrible chantier de l\u2019autoroute apr\u00e8s avoir parcouru les magnifiques et verdoyantes berges du Tarn, le long de la voie verte.<\/p>\n\n\n\n<p>On a pu voir de nombreux hectares de nature d\u00e9truite et d\u2019arbres coup\u00e9s\u2026<\/p>\n\n\n\n<p>Et c\u2019est exactement de \u00e7a qu\u2019on a discut\u00e9 a En Ambrosis dans une ferme o\u00f9 on a \u00e9t\u00e9 gentillement accueillis, sous l\u2019ombre d\u2019un immense arbre, en d\u00e9but d\u2019apr\u00e8s-midi.<\/p>\n\n\n\n<p>La \u201c table ronde \u201c a \u00e9t\u00e9 anim\u00e9e par Cedric Cabriol qui nous a parl\u00e9 d\u2019agriculture regenerative et de l\u2019influence directe qu\u2019il y a entre le travail des sols, la fa\u00e7on de g\u00e9rer les espaces verts et la pluie.<\/p>\n\n\n\n<p>Vers 16h30 on est reparti direction le Ch\u00e2teau de Scopont.<\/p>\n\n\n\n<p>Encore 30 km \u00e0 p\u00e9daler et on est enfin arriv\u00e9s \u00e0 19h30 !!<\/p>\n\n\n\n<p>Heureusement qu\u2019 un d\u00e9licieux d\u00eener \u00e9tait pr\u00e9par\u00e9 par l\u2019\u00e9quipe des \u201cgo first\u201d .<\/p>\n\n\n\n<p>Pour finir la soir\u00e9e on a visionn\u00e9 un film (propos\u00e9 toujours par l\u2019association) dans les caves du ch\u00e2teau : Totoprod court m\u00e9trage conte l&rsquo;A69. C\u2019\u00e9tait un remake de : \u201cDon\u2019t look up\u201d.<\/p>\n","protected":false},"excerpt":{"rendered":"<p>D\u00e9part de Peyregoux a 8h00 direction Scopont \ufeffC\u2019\u00e9tait une journ\u00e9e intense de tous points de vue celle du 5 ao\u00fbt sur l\u2019altertour. Guillemette et Ulysse, qui viennent de prendre en main la d\u00e9licate t\u00e2che de prepa-d\u2019etape apr\u00e8s le d\u00e9part des super Gregoire et Ines, nous avaient pr\u00e9venu la veille : &#8230; <\/p>\n<div><a href=\"https:\/\/www.altercampagne.net\/?p=29272\" class=\"more-link\">Read More<\/a><\/div>\n","protected":false},"author":403,"featured_media":29274,"comment_status":"closed","ping_status":"closed","sticky":false,"template":"","format":"standard","meta":{"footnotes":""},"categories":[4511,3486,3542,3480,3932],"tags":[],"class_list":["post-29272","post","type-post","status-publish","format-standard","has-post-thumbnail","hentry","category-edition-2025","category-environnement","category-lutte","category-occitanie","category-velo"],"yoast_head":"<!-- This site is optimized with the Yoast SEO plugin v27.3 - https:\/\/yoast.com\/product\/yoast-seo-wordpress\/ -->\n<title>5 Ao\u00fbt : Contre le projet d&#039;autoroute, roulons \u00e0 69 ! - AlterTour<\/title>\n<meta name=\"robots\" content=\"index, follow, max-snippet:-1, max-image-preview:large, max-video-preview:-1\" \/>\n<link rel=\"canonical\" href=\"https:\/\/www.altercampagne.net\/?p=29272\" \/>\n<meta property=\"og:locale\" content=\"fr_FR\" \/>\n<meta property=\"og:type\" content=\"article\" \/>\n<meta property=\"og:title\" content=\"5 Ao\u00fbt : Contre le projet d&#039;autoroute, roulons \u00e0 69 ! - AlterTour\" \/>\n<meta property=\"og:description\" content=\"D\u00e9part de Peyregoux a 8h00 direction Scopont \ufeffC\u2019\u00e9tait une journ\u00e9e intense de tous points de vue celle du 5 ao\u00fbt sur l\u2019altertour. Guillemette et Ulysse, qui viennent de prendre en main la d\u00e9licate t\u00e2che de prepa-d\u2019etape apr\u00e8s le d\u00e9part des super Gregoire et Ines, nous avaient pr\u00e9venu la veille : ... Read More\" \/>\n<meta property=\"og:url\" content=\"https:\/\/www.altercampagne.net\/?p=29272\" \/>\n<meta property=\"og:site_name\" content=\"AlterTour\" \/>\n<meta property=\"article:published_time\" content=\"2025-08-13T15:56:05+00:00\" \/>\n<meta property=\"og:image\" content=\"https:\/\/www.altercampagne.net\/wp-content\/uploads\/2025\/08\/IMG_6337-rotated.jpg\" \/>\n\t<meta property=\"og:image:width\" content=\"480\" \/>\n\t<meta property=\"og:image:height\" content=\"640\" \/>\n\t<meta property=\"og:image:type\" content=\"image\/jpeg\" \/>\n<meta name=\"author\" content=\"Cl\u00e9ment Baril\" \/>\n<meta name=\"twitter:card\" content=\"summary_large_image\" \/>\n<meta name=\"twitter:label1\" content=\"\u00c9crit par\" \/>\n\t<meta name=\"twitter:data1\" content=\"Cl\u00e9ment Baril\" \/>\n\t<meta name=\"twitter:label2\" content=\"Dur\u00e9e de lecture estim\u00e9e\" \/>\n\t<meta name=\"twitter:data2\" content=\"3 minutes\" \/>\n<script type=\"application\/ld+json\" class=\"yoast-schema-graph\">{\"@context\":\"https:\\\/\\\/schema.org\",\"@graph\":[{\"@type\":\"Article\",\"@id\":\"https:\\\/\\\/www.altercampagne.net\\\/?p=29272#article\",\"isPartOf\":{\"@id\":\"https:\\\/\\\/www.altercampagne.net\\\/?p=29272\"},\"author\":{\"name\":\"Cl\u00e9ment Baril\",\"@id\":\"https:\\\/\\\/www.altercampagne.net\\\/#\\\/schema\\\/person\\\/dcee38da6bc36259ec4de60e71e4d2ac\"},\"headline\":\"5 Ao\u00fbt : Contre le projet d&rsquo;autoroute, roulons \u00e0 69 !\",\"datePublished\":\"2025-08-13T15:56:05+00:00\",\"mainEntityOfPage\":{\"@id\":\"https:\\\/\\\/www.altercampagne.net\\\/?p=29272\"},\"wordCount\":576,\"image\":{\"@id\":\"https:\\\/\\\/www.altercampagne.net\\\/?p=29272#primaryimage\"},\"thumbnailUrl\":\"https:\\\/\\\/www.altercampagne.net\\\/wp-content\\\/uploads\\\/2025\\\/08\\\/IMG_6337-rotated.jpg\",\"articleSection\":[\"\u00c9dition 2025\",\"Environnement\",\"Lutte\",\"Occitanie\",\"V\u00e9lo\"],\"inLanguage\":\"fr-FR\"},{\"@type\":\"WebPage\",\"@id\":\"https:\\\/\\\/www.altercampagne.net\\\/?p=29272\",\"url\":\"https:\\\/\\\/www.altercampagne.net\\\/?p=29272\",\"name\":\"5 Ao\u00fbt : Contre le projet d'autoroute, roulons \u00e0 69 ! - AlterTour\",\"isPartOf\":{\"@id\":\"https:\\\/\\\/www.altercampagne.net\\\/#website\"},\"primaryImageOfPage\":{\"@id\":\"https:\\\/\\\/www.altercampagne.net\\\/?p=29272#primaryimage\"},\"image\":{\"@id\":\"https:\\\/\\\/www.altercampagne.net\\\/?p=29272#primaryimage\"},\"thumbnailUrl\":\"https:\\\/\\\/www.altercampagne.net\\\/wp-content\\\/uploads\\\/2025\\\/08\\\/IMG_6337-rotated.jpg\",\"datePublished\":\"2025-08-13T15:56:05+00:00\",\"author\":{\"@id\":\"https:\\\/\\\/www.altercampagne.net\\\/#\\\/schema\\\/person\\\/dcee38da6bc36259ec4de60e71e4d2ac\"},\"breadcrumb\":{\"@id\":\"https:\\\/\\\/www.altercampagne.net\\\/?p=29272#breadcrumb\"},\"inLanguage\":\"fr-FR\",\"potentialAction\":[{\"@type\":\"ReadAction\",\"target\":[\"https:\\\/\\\/www.altercampagne.net\\\/?p=29272\"]}]},{\"@type\":\"ImageObject\",\"inLanguage\":\"fr-FR\",\"@id\":\"https:\\\/\\\/www.altercampagne.net\\\/?p=29272#primaryimage\",\"url\":\"https:\\\/\\\/www.altercampagne.net\\\/wp-content\\\/uploads\\\/2025\\\/08\\\/IMG_6337-rotated.jpg\",\"contentUrl\":\"https:\\\/\\\/www.altercampagne.net\\\/wp-content\\\/uploads\\\/2025\\\/08\\\/IMG_6337-rotated.jpg\",\"width\":480,\"height\":640},{\"@type\":\"BreadcrumbList\",\"@id\":\"https:\\\/\\\/www.altercampagne.net\\\/?p=29272#breadcrumb\",\"itemListElement\":[{\"@type\":\"ListItem\",\"position\":1,\"name\":\"Accueil\",\"item\":\"https:\\\/\\\/www.altercampagne.net\\\/\"},{\"@type\":\"ListItem\",\"position\":2,\"name\":\"5 Ao\u00fbt : Contre le projet d&rsquo;autoroute, roulons \u00e0 69 !\"}]},{\"@type\":\"WebSite\",\"@id\":\"https:\\\/\\\/www.altercampagne.net\\\/#website\",\"url\":\"https:\\\/\\\/www.altercampagne.net\\\/\",\"name\":\"AlterTour\",\"description\":\"Reliez les Alternatives \u00e0 v\u00e9lo\",\"potentialAction\":[{\"@type\":\"SearchAction\",\"target\":{\"@type\":\"EntryPoint\",\"urlTemplate\":\"https:\\\/\\\/www.altercampagne.net\\\/?s={search_term_string}\"},\"query-input\":{\"@type\":\"PropertyValueSpecification\",\"valueRequired\":true,\"valueName\":\"search_term_string\"}}],\"inLanguage\":\"fr-FR\"},{\"@type\":\"Person\",\"@id\":\"https:\\\/\\\/www.altercampagne.net\\\/#\\\/schema\\\/person\\\/dcee38da6bc36259ec4de60e71e4d2ac\",\"name\":\"Cl\u00e9ment Baril\",\"image\":{\"@type\":\"ImageObject\",\"inLanguage\":\"fr-FR\",\"@id\":\"https:\\\/\\\/secure.gravatar.com\\\/avatar\\\/f40bbb8c399c37f9bf4c721d1e115a86ae4bdb28f2dd97bb73a36f1dde76e122?s=96&d=mm&r=g\",\"url\":\"https:\\\/\\\/secure.gravatar.com\\\/avatar\\\/f40bbb8c399c37f9bf4c721d1e115a86ae4bdb28f2dd97bb73a36f1dde76e122?s=96&d=mm&r=g\",\"contentUrl\":\"https:\\\/\\\/secure.gravatar.com\\\/avatar\\\/f40bbb8c399c37f9bf4c721d1e115a86ae4bdb28f2dd97bb73a36f1dde76e122?s=96&d=mm&r=g\",\"caption\":\"Cl\u00e9ment Baril\"},\"url\":\"https:\\\/\\\/www.altercampagne.net\\\/?author=403\"}]}<\/script>\n<!-- \/ Yoast SEO plugin. -->","yoast_head_json":{"title":"5 Ao\u00fbt : Contre le projet d'autoroute, roulons \u00e0 69 ! - AlterTour","robots":{"index":"index","follow":"follow","max-snippet":"max-snippet:-1","max-image-preview":"max-image-preview:large","max-video-preview":"max-video-preview:-1"},"canonical":"https:\/\/www.altercampagne.net\/?p=29272","og_locale":"fr_FR","og_type":"article","og_title":"5 Ao\u00fbt : Contre le projet d'autoroute, roulons \u00e0 69 ! - AlterTour","og_description":"D\u00e9part de Peyregoux a 8h00 direction Scopont \ufeffC\u2019\u00e9tait une journ\u00e9e intense de tous points de vue celle du 5 ao\u00fbt sur l\u2019altertour. Guillemette et Ulysse, qui viennent de prendre en main la d\u00e9licate t\u00e2che de prepa-d\u2019etape apr\u00e8s le d\u00e9part des super Gregoire et Ines, nous avaient pr\u00e9venu la veille : ... Read More","og_url":"https:\/\/www.altercampagne.net\/?p=29272","og_site_name":"AlterTour","article_published_time":"2025-08-13T15:56:05+00:00","og_image":[{"width":480,"height":640,"url":"https:\/\/www.altercampagne.net\/wp-content\/uploads\/2025\/08\/IMG_6337-rotated.jpg","type":"image\/jpeg"}],"author":"Cl\u00e9ment Baril","twitter_card":"summary_large_image","twitter_misc":{"\u00c9crit par":"Cl\u00e9ment Baril","Dur\u00e9e de lecture estim\u00e9e":"3 minutes"},"schema":{"@context":"https:\/\/schema.org","@graph":[{"@type":"Article","@id":"https:\/\/www.altercampagne.net\/?p=29272#article","isPartOf":{"@id":"https:\/\/www.altercampagne.net\/?p=29272"},"author":{"name":"Cl\u00e9ment Baril","@id":"https:\/\/www.altercampagne.net\/#\/schema\/person\/dcee38da6bc36259ec4de60e71e4d2ac"},"headline":"5 Ao\u00fbt : Contre le projet d&rsquo;autoroute, roulons \u00e0 69 !","datePublished":"2025-08-13T15:56:05+00:00","mainEntityOfPage":{"@id":"https:\/\/www.altercampagne.net\/?p=29272"},"wordCount":576,"image":{"@id":"https:\/\/www.altercampagne.net\/?p=29272#primaryimage"},"thumbnailUrl":"https:\/\/www.altercampagne.net\/wp-content\/uploads\/2025\/08\/IMG_6337-rotated.jpg","articleSection":["\u00c9dition 2025","Environnement","Lutte","Occitanie","V\u00e9lo"],"inLanguage":"fr-FR"},{"@type":"WebPage","@id":"https:\/\/www.altercampagne.net\/?p=29272","url":"https:\/\/www.altercampagne.net\/?p=29272","name":"5 Ao\u00fbt : Contre le projet d'autoroute, roulons \u00e0 69 ! - AlterTour","isPartOf":{"@id":"https:\/\/www.altercampagne.net\/#website"},"primaryImageOfPage":{"@id":"https:\/\/www.altercampagne.net\/?p=29272#primaryimage"},"image":{"@id":"https:\/\/www.altercampagne.net\/?p=29272#primaryimage"},"thumbnailUrl":"https:\/\/www.altercampagne.net\/wp-content\/uploads\/2025\/08\/IMG_6337-rotated.jpg","datePublished":"2025-08-13T15:56:05+00:00","author":{"@id":"https:\/\/www.altercampagne.net\/#\/schema\/person\/dcee38da6bc36259ec4de60e71e4d2ac"},"breadcrumb":{"@id":"https:\/\/www.altercampagne.net\/?p=29272#breadcrumb"},"inLanguage":"fr-FR","potentialAction":[{"@type":"ReadAction","target":["https:\/\/www.altercampagne.net\/?p=29272"]}]},{"@type":"ImageObject","inLanguage":"fr-FR","@id":"https:\/\/www.altercampagne.net\/?p=29272#primaryimage","url":"https:\/\/www.altercampagne.net\/wp-content\/uploads\/2025\/08\/IMG_6337-rotated.jpg","contentUrl":"https:\/\/www.altercampagne.net\/wp-content\/uploads\/2025\/08\/IMG_6337-rotated.jpg","width":480,"height":640},{"@type":"BreadcrumbList","@id":"https:\/\/www.altercampagne.net\/?p=29272#breadcrumb","itemListElement":[{"@type":"ListItem","position":1,"name":"Accueil","item":"https:\/\/www.altercampagne.net\/"},{"@type":"ListItem","position":2,"name":"5 Ao\u00fbt : Contre le projet d&rsquo;autoroute, roulons \u00e0 69 !"}]},{"@type":"WebSite","@id":"https:\/\/www.altercampagne.net\/#website","url":"https:\/\/www.altercampagne.net\/","name":"AlterTour","description":"Reliez les Alternatives \u00e0 v\u00e9lo","potentialAction":[{"@type":"SearchAction","target":{"@type":"EntryPoint","urlTemplate":"https:\/\/www.altercampagne.net\/?s={search_term_string}"},"query-input":{"@type":"PropertyValueSpecification","valueRequired":true,"valueName":"search_term_string"}}],"inLanguage":"fr-FR"},{"@type":"Person","@id":"https:\/\/www.altercampagne.net\/#\/schema\/person\/dcee38da6bc36259ec4de60e71e4d2ac","name":"Cl\u00e9ment Baril","image":{"@type":"ImageObject","inLanguage":"fr-FR","@id":"https:\/\/secure.gravatar.com\/avatar\/f40bbb8c399c37f9bf4c721d1e115a86ae4bdb28f2dd97bb73a36f1dde76e122?s=96&d=mm&r=g","url":"https:\/\/secure.gravatar.com\/avatar\/f40bbb8c399c37f9bf4c721d1e115a86ae4bdb28f2dd97bb73a36f1dde76e122?s=96&d=mm&r=g","contentUrl":"https:\/\/secure.gravatar.com\/avatar\/f40bbb8c399c37f9bf4c721d1e115a86ae4bdb28f2dd97bb73a36f1dde76e122?s=96&d=mm&r=g","caption":"Cl\u00e9ment Baril"},"url":"https:\/\/www.altercampagne.net\/?author=403"}]}},"_links":{"self":[{"href":"https:\/\/www.altercampagne.net\/index.php?rest_route=\/wp\/v2\/posts\/29272","targetHints":{"allow":["GET"]}}],"collection":[{"href":"https:\/\/www.altercampagne.net\/index.php?rest_route=\/wp\/v2\/posts"}],"about":[{"href":"https:\/\/www.altercampagne.net\/index.php?rest_route=\/wp\/v2\/types\/post"}],"author":[{"embeddable":true,"href":"https:\/\/www.altercampagne.net\/index.php?rest_route=\/wp\/v2\/users\/403"}],"replies":[{"embeddable":true,"href":"https:\/\/www.altercampagne.net\/index.php?rest_route=%2Fwp%2Fv2%2Fcomments&post=29272"}],"version-history":[{"count":1,"href":"https:\/\/www.altercampagne.net\/index.php?rest_route=\/wp\/v2\/posts\/29272\/revisions"}],"predecessor-version":[{"id":29275,"href":"https:\/\/www.altercampagne.net\/index.php?rest_route=\/wp\/v2\/posts\/29272\/revisions\/29275"}],"wp:featuredmedia":[{"embeddable":true,"href":"https:\/\/www.altercampagne.net\/index.php?rest_route=\/wp\/v2\/media\/29274"}],"wp:attachment":[{"href":"https:\/\/www.altercampagne.net\/index.php?rest_route=%2Fwp%2Fv2%2Fmedia&parent=29272"}],"wp:term":[{"taxonomy":"category","embeddable":true,"href":"https:\/\/www.altercampagne.net\/index.php?rest_route=%2Fwp%2Fv2%2Fcategories&post=29272"},{"taxonomy":"post_tag","embeddable":true,"href":"https:\/\/www.altercampagne.net\/index.php?rest_route=%2Fwp%2Fv2%2Ftags&post=29272"}],"curies":[{"name":"wp","href":"https:\/\/api.w.org\/{rel}","templated":true}]}}