{"id":29276,"date":"2025-08-13T19:42:16","date_gmt":"2025-08-13T17:42:16","guid":{"rendered":"https:\/\/www.altercampagne.net\/?p=29276"},"modified":"2025-08-13T19:42:17","modified_gmt":"2025-08-13T17:42:17","slug":"effusion-associative-a-aurignac","status":"publish","type":"post","link":"https:\/\/www.altercampagne.net\/?p=29276","title":{"rendered":"Effusion associative \u00e0 Aurignac"},"content":{"rendered":"\n<p>Aujourd&rsquo;hui, mardi 12 ao\u00fbt, r\u00e9veil \u00e0 6h30 pour p\u00e9daler 25km jusqu&rsquo;\u00e0 Aurignac.&nbsp;<\/p>\n\n\n\n<p>Une pause baignade est la bienvenue \u00e0 Roquefort sur Garonne alors que les fortes temp\u00e9ratures commencent \u00e0 se faire ressentir. Elle permet aux Alter cyclistes de faire quelques sauts dans l&rsquo;eau, plus ou moins artistiques il faut le dire.<\/p>\n\n\n\n<figure class=\"wp-block-image size-large\"><a href=\"https:\/\/www.altercampagne.net\/wp-content\/uploads\/2025\/08\/1625-scaled.jpg\"><img loading=\"lazy\" decoding=\"async\" width=\"769\" height=\"1024\" src=\"https:\/\/www.altercampagne.net\/wp-content\/uploads\/2025\/08\/1625-769x1024.jpg\" alt=\"\" class=\"wp-image-29277\" srcset=\"https:\/\/www.altercampagne.net\/wp-content\/uploads\/2025\/08\/1625-769x1024.jpg 769w, https:\/\/www.altercampagne.net\/wp-content\/uploads\/2025\/08\/1625-225x300.jpg 225w, https:\/\/www.altercampagne.net\/wp-content\/uploads\/2025\/08\/1625-768x1023.jpg 768w, https:\/\/www.altercampagne.net\/wp-content\/uploads\/2025\/08\/1625-1153x1536.jpg 1153w, https:\/\/www.altercampagne.net\/wp-content\/uploads\/2025\/08\/1625-1538x2048.jpg 1538w, https:\/\/www.altercampagne.net\/wp-content\/uploads\/2025\/08\/1625-100x133.jpg 100w, https:\/\/www.altercampagne.net\/wp-content\/uploads\/2025\/08\/1625-862x1148.jpg 862w, https:\/\/www.altercampagne.net\/wp-content\/uploads\/2025\/08\/1625-1140x1518.jpg 1140w, https:\/\/www.altercampagne.net\/wp-content\/uploads\/2025\/08\/1625-scaled.jpg 1922w\" sizes=\"auto, (max-width: 769px) 100vw, 769px\" \/><\/a><\/figure>\n\n\n\n<p>Puis c&rsquo;est reparti pour les derniers 10km jusqu&rsquo;\u00e0 Aurignac, au terme de mont\u00e9es caniculaires nous arrivons \u00e0 la Glissade. L\u00e0 nous attendent plusieurs ateliers pour l&rsquo;apr\u00e8s-midi, plusieurs sont officiellement pr\u00e9vus notamment un atelier effeuillage de plantes servant \u00e0 la r\u00e9alisation de tisanes et un atelier sieste s&rsquo;improvise.<\/p>\n\n\n\n<figure class=\"wp-block-image size-large\"><a href=\"https:\/\/www.altercampagne.net\/wp-content\/uploads\/2025\/08\/1654-scaled.jpg\"><img loading=\"lazy\" decoding=\"async\" width=\"769\" height=\"1024\" src=\"https:\/\/www.altercampagne.net\/wp-content\/uploads\/2025\/08\/1654-769x1024.jpg\" alt=\"\" class=\"wp-image-29278\" srcset=\"https:\/\/www.altercampagne.net\/wp-content\/uploads\/2025\/08\/1654-769x1024.jpg 769w, https:\/\/www.altercampagne.net\/wp-content\/uploads\/2025\/08\/1654-225x300.jpg 225w, https:\/\/www.altercampagne.net\/wp-content\/uploads\/2025\/08\/1654-768x1023.jpg 768w, https:\/\/www.altercampagne.net\/wp-content\/uploads\/2025\/08\/1654-1153x1536.jpg 1153w, https:\/\/www.altercampagne.net\/wp-content\/uploads\/2025\/08\/1654-1538x2048.jpg 1538w, https:\/\/www.altercampagne.net\/wp-content\/uploads\/2025\/08\/1654-100x133.jpg 100w, https:\/\/www.altercampagne.net\/wp-content\/uploads\/2025\/08\/1654-862x1148.jpg 862w, https:\/\/www.altercampagne.net\/wp-content\/uploads\/2025\/08\/1654-1140x1518.jpg 1140w, https:\/\/www.altercampagne.net\/wp-content\/uploads\/2025\/08\/1654-scaled.jpg 1922w\" sizes=\"auto, (max-width: 769px) 100vw, 769px\" \/><\/a><\/figure>\n\n\n\n<figure class=\"wp-block-image size-large\"><a href=\"https:\/\/www.altercampagne.net\/wp-content\/uploads\/2025\/08\/1658-scaled.jpg\"><img loading=\"lazy\" decoding=\"async\" width=\"769\" height=\"1024\" src=\"https:\/\/www.altercampagne.net\/wp-content\/uploads\/2025\/08\/1658-769x1024.jpg\" alt=\"\" class=\"wp-image-29281\" srcset=\"https:\/\/www.altercampagne.net\/wp-content\/uploads\/2025\/08\/1658-769x1024.jpg 769w, https:\/\/www.altercampagne.net\/wp-content\/uploads\/2025\/08\/1658-225x300.jpg 225w, https:\/\/www.altercampagne.net\/wp-content\/uploads\/2025\/08\/1658-768x1023.jpg 768w, https:\/\/www.altercampagne.net\/wp-content\/uploads\/2025\/08\/1658-1153x1536.jpg 1153w, https:\/\/www.altercampagne.net\/wp-content\/uploads\/2025\/08\/1658-1538x2048.jpg 1538w, https:\/\/www.altercampagne.net\/wp-content\/uploads\/2025\/08\/1658-100x133.jpg 100w, https:\/\/www.altercampagne.net\/wp-content\/uploads\/2025\/08\/1658-862x1148.jpg 862w, https:\/\/www.altercampagne.net\/wp-content\/uploads\/2025\/08\/1658-1140x1518.jpg 1140w, https:\/\/www.altercampagne.net\/wp-content\/uploads\/2025\/08\/1658-scaled.jpg 1922w\" sizes=\"auto, (max-width: 769px) 100vw, 769px\" \/><\/a><\/figure>\n\n\n\n<p>Pendant ce 4eme atelier non officiel, une r\u00e9volte lilloise s&rsquo;organise. Ces lillois accompagn\u00e9s de plusieurs belges r\u00e9clament la tenue d&rsquo;une pl\u00e9ni\u00e8re dans leur ville tant ch\u00e9rie. A suivre !<\/p>\n\n\n\n<p>Nous passons ensuite la soir\u00e9e \u00e0 Aurignac, dans le caf\u00e9 tiers-lieu La Cafeti\u00e8re o\u00f9 nous rencontrons aussi plusieurs b\u00e9n\u00e9voles de Alter Ego Aurignac. Cette association propose des activit\u00e9s diverses \u00e0 destination des familles demandeuses d&rsquo;asile h\u00e9berg\u00e9es sur la commune. Elles nous font visiter leur jardin partag\u00e9 en contrebas du village.<\/p>\n\n\n\n<figure class=\"wp-block-image size-large\"><a href=\"https:\/\/www.altercampagne.net\/wp-content\/uploads\/2025\/08\/1667-scaled.jpg\"><img loading=\"lazy\" decoding=\"async\" width=\"1024\" height=\"769\" src=\"https:\/\/www.altercampagne.net\/wp-content\/uploads\/2025\/08\/1667-1024x769.jpg\" alt=\"\" class=\"wp-image-29279\" srcset=\"https:\/\/www.altercampagne.net\/wp-content\/uploads\/2025\/08\/1667-1024x769.jpg 1024w, https:\/\/www.altercampagne.net\/wp-content\/uploads\/2025\/08\/1667-300x225.jpg 300w, https:\/\/www.altercampagne.net\/wp-content\/uploads\/2025\/08\/1667-768x577.jpg 768w, https:\/\/www.altercampagne.net\/wp-content\/uploads\/2025\/08\/1667-1536x1153.jpg 1536w, https:\/\/www.altercampagne.net\/wp-content\/uploads\/2025\/08\/1667-2048x1538.jpg 2048w, https:\/\/www.altercampagne.net\/wp-content\/uploads\/2025\/08\/1667-100x75.jpg 100w, https:\/\/www.altercampagne.net\/wp-content\/uploads\/2025\/08\/1667-862x647.jpg 862w, https:\/\/www.altercampagne.net\/wp-content\/uploads\/2025\/08\/1667-1140x856.jpg 1140w\" sizes=\"auto, (max-width: 1024px) 100vw, 1024px\" \/><\/a><\/figure>\n\n\n\n<p>La cafeti\u00e8re nous accueille avec des boissons et glaces locales, permettant de rafra\u00eechir les temp\u00e9ratures. Nous profitons de la terrasse pour y passer une soir\u00e9e festive avant de rentrer au campement install\u00e9 \u00e0 la Glissade.<\/p>\n\n\n\n<figure class=\"wp-block-image size-large\"><a href=\"https:\/\/www.altercampagne.net\/wp-content\/uploads\/2025\/08\/1661-scaled.jpg\"><img loading=\"lazy\" decoding=\"async\" width=\"769\" height=\"1024\" src=\"https:\/\/www.altercampagne.net\/wp-content\/uploads\/2025\/08\/1661-769x1024.jpg\" alt=\"\" class=\"wp-image-29280\" srcset=\"https:\/\/www.altercampagne.net\/wp-content\/uploads\/2025\/08\/1661-769x1024.jpg 769w, https:\/\/www.altercampagne.net\/wp-content\/uploads\/2025\/08\/1661-225x300.jpg 225w, https:\/\/www.altercampagne.net\/wp-content\/uploads\/2025\/08\/1661-768x1023.jpg 768w, https:\/\/www.altercampagne.net\/wp-content\/uploads\/2025\/08\/1661-1153x1536.jpg 1153w, https:\/\/www.altercampagne.net\/wp-content\/uploads\/2025\/08\/1661-1538x2048.jpg 1538w, https:\/\/www.altercampagne.net\/wp-content\/uploads\/2025\/08\/1661-100x133.jpg 100w, https:\/\/www.altercampagne.net\/wp-content\/uploads\/2025\/08\/1661-862x1148.jpg 862w, https:\/\/www.altercampagne.net\/wp-content\/uploads\/2025\/08\/1661-1140x1518.jpg 1140w, https:\/\/www.altercampagne.net\/wp-content\/uploads\/2025\/08\/1661-scaled.jpg 1922w\" sizes=\"auto, (max-width: 769px) 100vw, 769px\" \/><\/a><\/figure>\n\n\n\n<p>D&rsquo;ailleurs pourquoi ce nom : La Glissade ? Et bien il para\u00eet que l&rsquo;on glisse depuis les Pyr\u00e9n\u00e9es jusqu&rsquo;\u00e0 cet endroit et qu&rsquo;habituellement les temp\u00e9ratures y sont plus cl\u00e9mentes avec beaucoup de pluie. Ph\u00e9nom\u00e8ne que nous n&rsquo;avons pas exp\u00e9riment\u00e9 durant notre s\u00e9jour.<\/p>\n","protected":false},"excerpt":{"rendered":"<p>Aujourd&rsquo;hui, mardi 12 ao\u00fbt, r\u00e9veil \u00e0 6h30 pour p\u00e9daler 25km jusqu&rsquo;\u00e0 Aurignac.&nbsp; Une pause baignade est la bienvenue \u00e0 Roquefort sur Garonne alors que les fortes temp\u00e9ratures commencent \u00e0 se faire ressentir. Elle permet aux Alter cyclistes de faire quelques sauts dans l&rsquo;eau, plus ou moins artistiques il faut le &#8230; <\/p>\n<div><a href=\"https:\/\/www.altercampagne.net\/?p=29276\" class=\"more-link\">Read More<\/a><\/div>\n","protected":false},"author":403,"featured_media":29278,"comment_status":"closed","ping_status":"closed","sticky":false,"template":"","format":"standard","meta":{"footnotes":""},"categories":[4511,3483,3489,3480,3488,3932],"tags":[],"class_list":["post-29276","post","type-post","status-publish","format-standard","has-post-thumbnail","hentry","category-edition-2025","category-agriculture","category-alimentation","category-occitanie","category-social","category-velo"],"yoast_head":"<!-- This site is optimized with the Yoast SEO plugin v27.3 - https:\/\/yoast.com\/product\/yoast-seo-wordpress\/ -->\n<title>Effusion associative \u00e0 Aurignac - AlterTour<\/title>\n<meta name=\"robots\" content=\"index, follow, max-snippet:-1, max-image-preview:large, max-video-preview:-1\" \/>\n<link rel=\"canonical\" href=\"https:\/\/www.altercampagne.net\/?p=29276\" \/>\n<meta property=\"og:locale\" content=\"fr_FR\" \/>\n<meta property=\"og:type\" content=\"article\" \/>\n<meta property=\"og:title\" content=\"Effusion associative \u00e0 Aurignac - AlterTour\" \/>\n<meta property=\"og:description\" content=\"Aujourd&rsquo;hui, mardi 12 ao\u00fbt, r\u00e9veil \u00e0 6h30 pour p\u00e9daler 25km jusqu&rsquo;\u00e0 Aurignac.&nbsp; Une pause baignade est la bienvenue \u00e0 Roquefort sur Garonne alors que les fortes temp\u00e9ratures commencent \u00e0 se faire ressentir. Elle permet aux Alter cyclistes de faire quelques sauts dans l&rsquo;eau, plus ou moins artistiques il faut le ... Read More\" \/>\n<meta property=\"og:url\" content=\"https:\/\/www.altercampagne.net\/?p=29276\" \/>\n<meta property=\"og:site_name\" content=\"AlterTour\" \/>\n<meta property=\"article:published_time\" content=\"2025-08-13T17:42:16+00:00\" \/>\n<meta property=\"article:modified_time\" content=\"2025-08-13T17:42:17+00:00\" \/>\n<meta property=\"og:image\" content=\"https:\/\/www.altercampagne.net\/wp-content\/uploads\/2025\/08\/1654-scaled.jpg\" \/>\n\t<meta property=\"og:image:width\" content=\"1922\" \/>\n\t<meta property=\"og:image:height\" content=\"2560\" \/>\n\t<meta property=\"og:image:type\" content=\"image\/jpeg\" \/>\n<meta name=\"author\" content=\"Cl\u00e9ment Baril\" \/>\n<meta name=\"twitter:card\" content=\"summary_large_image\" \/>\n<meta name=\"twitter:label1\" content=\"\u00c9crit par\" \/>\n\t<meta name=\"twitter:data1\" content=\"Cl\u00e9ment Baril\" \/>\n\t<meta name=\"twitter:label2\" content=\"Dur\u00e9e de lecture estim\u00e9e\" \/>\n\t<meta name=\"twitter:data2\" content=\"3 minutes\" \/>\n<script type=\"application\/ld+json\" class=\"yoast-schema-graph\">{\"@context\":\"https:\\\/\\\/schema.org\",\"@graph\":[{\"@type\":\"Article\",\"@id\":\"https:\\\/\\\/www.altercampagne.net\\\/?p=29276#article\",\"isPartOf\":{\"@id\":\"https:\\\/\\\/www.altercampagne.net\\\/?p=29276\"},\"author\":{\"name\":\"Cl\u00e9ment Baril\",\"@id\":\"https:\\\/\\\/www.altercampagne.net\\\/#\\\/schema\\\/person\\\/dcee38da6bc36259ec4de60e71e4d2ac\"},\"headline\":\"Effusion associative \u00e0 Aurignac\",\"datePublished\":\"2025-08-13T17:42:16+00:00\",\"dateModified\":\"2025-08-13T17:42:17+00:00\",\"mainEntityOfPage\":{\"@id\":\"https:\\\/\\\/www.altercampagne.net\\\/?p=29276\"},\"wordCount\":292,\"image\":{\"@id\":\"https:\\\/\\\/www.altercampagne.net\\\/?p=29276#primaryimage\"},\"thumbnailUrl\":\"https:\\\/\\\/www.altercampagne.net\\\/wp-content\\\/uploads\\\/2025\\\/08\\\/1654-scaled.jpg\",\"articleSection\":[\"\u00c9dition 2025\",\"Agriculture\",\"Alimentation\",\"Occitanie\",\"Social\",\"V\u00e9lo\"],\"inLanguage\":\"fr-FR\"},{\"@type\":\"WebPage\",\"@id\":\"https:\\\/\\\/www.altercampagne.net\\\/?p=29276\",\"url\":\"https:\\\/\\\/www.altercampagne.net\\\/?p=29276\",\"name\":\"Effusion associative \u00e0 Aurignac - AlterTour\",\"isPartOf\":{\"@id\":\"https:\\\/\\\/www.altercampagne.net\\\/#website\"},\"primaryImageOfPage\":{\"@id\":\"https:\\\/\\\/www.altercampagne.net\\\/?p=29276#primaryimage\"},\"image\":{\"@id\":\"https:\\\/\\\/www.altercampagne.net\\\/?p=29276#primaryimage\"},\"thumbnailUrl\":\"https:\\\/\\\/www.altercampagne.net\\\/wp-content\\\/uploads\\\/2025\\\/08\\\/1654-scaled.jpg\",\"datePublished\":\"2025-08-13T17:42:16+00:00\",\"dateModified\":\"2025-08-13T17:42:17+00:00\",\"author\":{\"@id\":\"https:\\\/\\\/www.altercampagne.net\\\/#\\\/schema\\\/person\\\/dcee38da6bc36259ec4de60e71e4d2ac\"},\"breadcrumb\":{\"@id\":\"https:\\\/\\\/www.altercampagne.net\\\/?p=29276#breadcrumb\"},\"inLanguage\":\"fr-FR\",\"potentialAction\":[{\"@type\":\"ReadAction\",\"target\":[\"https:\\\/\\\/www.altercampagne.net\\\/?p=29276\"]}]},{\"@type\":\"ImageObject\",\"inLanguage\":\"fr-FR\",\"@id\":\"https:\\\/\\\/www.altercampagne.net\\\/?p=29276#primaryimage\",\"url\":\"https:\\\/\\\/www.altercampagne.net\\\/wp-content\\\/uploads\\\/2025\\\/08\\\/1654-scaled.jpg\",\"contentUrl\":\"https:\\\/\\\/www.altercampagne.net\\\/wp-content\\\/uploads\\\/2025\\\/08\\\/1654-scaled.jpg\",\"width\":1922,\"height\":2560},{\"@type\":\"BreadcrumbList\",\"@id\":\"https:\\\/\\\/www.altercampagne.net\\\/?p=29276#breadcrumb\",\"itemListElement\":[{\"@type\":\"ListItem\",\"position\":1,\"name\":\"Accueil\",\"item\":\"https:\\\/\\\/www.altercampagne.net\\\/\"},{\"@type\":\"ListItem\",\"position\":2,\"name\":\"Effusion associative \u00e0 Aurignac\"}]},{\"@type\":\"WebSite\",\"@id\":\"https:\\\/\\\/www.altercampagne.net\\\/#website\",\"url\":\"https:\\\/\\\/www.altercampagne.net\\\/\",\"name\":\"AlterTour\",\"description\":\"Reliez les Alternatives \u00e0 v\u00e9lo\",\"potentialAction\":[{\"@type\":\"SearchAction\",\"target\":{\"@type\":\"EntryPoint\",\"urlTemplate\":\"https:\\\/\\\/www.altercampagne.net\\\/?s={search_term_string}\"},\"query-input\":{\"@type\":\"PropertyValueSpecification\",\"valueRequired\":true,\"valueName\":\"search_term_string\"}}],\"inLanguage\":\"fr-FR\"},{\"@type\":\"Person\",\"@id\":\"https:\\\/\\\/www.altercampagne.net\\\/#\\\/schema\\\/person\\\/dcee38da6bc36259ec4de60e71e4d2ac\",\"name\":\"Cl\u00e9ment Baril\",\"image\":{\"@type\":\"ImageObject\",\"inLanguage\":\"fr-FR\",\"@id\":\"https:\\\/\\\/secure.gravatar.com\\\/avatar\\\/f40bbb8c399c37f9bf4c721d1e115a86ae4bdb28f2dd97bb73a36f1dde76e122?s=96&d=mm&r=g\",\"url\":\"https:\\\/\\\/secure.gravatar.com\\\/avatar\\\/f40bbb8c399c37f9bf4c721d1e115a86ae4bdb28f2dd97bb73a36f1dde76e122?s=96&d=mm&r=g\",\"contentUrl\":\"https:\\\/\\\/secure.gravatar.com\\\/avatar\\\/f40bbb8c399c37f9bf4c721d1e115a86ae4bdb28f2dd97bb73a36f1dde76e122?s=96&d=mm&r=g\",\"caption\":\"Cl\u00e9ment Baril\"},\"url\":\"https:\\\/\\\/www.altercampagne.net\\\/?author=403\"}]}<\/script>\n<!-- \/ Yoast SEO plugin. -->","yoast_head_json":{"title":"Effusion associative \u00e0 Aurignac - AlterTour","robots":{"index":"index","follow":"follow","max-snippet":"max-snippet:-1","max-image-preview":"max-image-preview:large","max-video-preview":"max-video-preview:-1"},"canonical":"https:\/\/www.altercampagne.net\/?p=29276","og_locale":"fr_FR","og_type":"article","og_title":"Effusion associative \u00e0 Aurignac - AlterTour","og_description":"Aujourd&rsquo;hui, mardi 12 ao\u00fbt, r\u00e9veil \u00e0 6h30 pour p\u00e9daler 25km jusqu&rsquo;\u00e0 Aurignac.&nbsp; Une pause baignade est la bienvenue \u00e0 Roquefort sur Garonne alors que les fortes temp\u00e9ratures commencent \u00e0 se faire ressentir. Elle permet aux Alter cyclistes de faire quelques sauts dans l&rsquo;eau, plus ou moins artistiques il faut le ... Read More","og_url":"https:\/\/www.altercampagne.net\/?p=29276","og_site_name":"AlterTour","article_published_time":"2025-08-13T17:42:16+00:00","article_modified_time":"2025-08-13T17:42:17+00:00","og_image":[{"width":1922,"height":2560,"url":"https:\/\/www.altercampagne.net\/wp-content\/uploads\/2025\/08\/1654-scaled.jpg","type":"image\/jpeg"}],"author":"Cl\u00e9ment Baril","twitter_card":"summary_large_image","twitter_misc":{"\u00c9crit par":"Cl\u00e9ment Baril","Dur\u00e9e de lecture estim\u00e9e":"3 minutes"},"schema":{"@context":"https:\/\/schema.org","@graph":[{"@type":"Article","@id":"https:\/\/www.altercampagne.net\/?p=29276#article","isPartOf":{"@id":"https:\/\/www.altercampagne.net\/?p=29276"},"author":{"name":"Cl\u00e9ment Baril","@id":"https:\/\/www.altercampagne.net\/#\/schema\/person\/dcee38da6bc36259ec4de60e71e4d2ac"},"headline":"Effusion associative \u00e0 Aurignac","datePublished":"2025-08-13T17:42:16+00:00","dateModified":"2025-08-13T17:42:17+00:00","mainEntityOfPage":{"@id":"https:\/\/www.altercampagne.net\/?p=29276"},"wordCount":292,"image":{"@id":"https:\/\/www.altercampagne.net\/?p=29276#primaryimage"},"thumbnailUrl":"https:\/\/www.altercampagne.net\/wp-content\/uploads\/2025\/08\/1654-scaled.jpg","articleSection":["\u00c9dition 2025","Agriculture","Alimentation","Occitanie","Social","V\u00e9lo"],"inLanguage":"fr-FR"},{"@type":"WebPage","@id":"https:\/\/www.altercampagne.net\/?p=29276","url":"https:\/\/www.altercampagne.net\/?p=29276","name":"Effusion associative \u00e0 Aurignac - AlterTour","isPartOf":{"@id":"https:\/\/www.altercampagne.net\/#website"},"primaryImageOfPage":{"@id":"https:\/\/www.altercampagne.net\/?p=29276#primaryimage"},"image":{"@id":"https:\/\/www.altercampagne.net\/?p=29276#primaryimage"},"thumbnailUrl":"https:\/\/www.altercampagne.net\/wp-content\/uploads\/2025\/08\/1654-scaled.jpg","datePublished":"2025-08-13T17:42:16+00:00","dateModified":"2025-08-13T17:42:17+00:00","author":{"@id":"https:\/\/www.altercampagne.net\/#\/schema\/person\/dcee38da6bc36259ec4de60e71e4d2ac"},"breadcrumb":{"@id":"https:\/\/www.altercampagne.net\/?p=29276#breadcrumb"},"inLanguage":"fr-FR","potentialAction":[{"@type":"ReadAction","target":["https:\/\/www.altercampagne.net\/?p=29276"]}]},{"@type":"ImageObject","inLanguage":"fr-FR","@id":"https:\/\/www.altercampagne.net\/?p=29276#primaryimage","url":"https:\/\/www.altercampagne.net\/wp-content\/uploads\/2025\/08\/1654-scaled.jpg","contentUrl":"https:\/\/www.altercampagne.net\/wp-content\/uploads\/2025\/08\/1654-scaled.jpg","width":1922,"height":2560},{"@type":"BreadcrumbList","@id":"https:\/\/www.altercampagne.net\/?p=29276#breadcrumb","itemListElement":[{"@type":"ListItem","position":1,"name":"Accueil","item":"https:\/\/www.altercampagne.net\/"},{"@type":"ListItem","position":2,"name":"Effusion associative \u00e0 Aurignac"}]},{"@type":"WebSite","@id":"https:\/\/www.altercampagne.net\/#website","url":"https:\/\/www.altercampagne.net\/","name":"AlterTour","description":"Reliez les Alternatives \u00e0 v\u00e9lo","potentialAction":[{"@type":"SearchAction","target":{"@type":"EntryPoint","urlTemplate":"https:\/\/www.altercampagne.net\/?s={search_term_string}"},"query-input":{"@type":"PropertyValueSpecification","valueRequired":true,"valueName":"search_term_string"}}],"inLanguage":"fr-FR"},{"@type":"Person","@id":"https:\/\/www.altercampagne.net\/#\/schema\/person\/dcee38da6bc36259ec4de60e71e4d2ac","name":"Cl\u00e9ment Baril","image":{"@type":"ImageObject","inLanguage":"fr-FR","@id":"https:\/\/secure.gravatar.com\/avatar\/f40bbb8c399c37f9bf4c721d1e115a86ae4bdb28f2dd97bb73a36f1dde76e122?s=96&d=mm&r=g","url":"https:\/\/secure.gravatar.com\/avatar\/f40bbb8c399c37f9bf4c721d1e115a86ae4bdb28f2dd97bb73a36f1dde76e122?s=96&d=mm&r=g","contentUrl":"https:\/\/secure.gravatar.com\/avatar\/f40bbb8c399c37f9bf4c721d1e115a86ae4bdb28f2dd97bb73a36f1dde76e122?s=96&d=mm&r=g","caption":"Cl\u00e9ment Baril"},"url":"https:\/\/www.altercampagne.net\/?author=403"}]}},"_links":{"self":[{"href":"https:\/\/www.altercampagne.net\/index.php?rest_route=\/wp\/v2\/posts\/29276","targetHints":{"allow":["GET"]}}],"collection":[{"href":"https:\/\/www.altercampagne.net\/index.php?rest_route=\/wp\/v2\/posts"}],"about":[{"href":"https:\/\/www.altercampagne.net\/index.php?rest_route=\/wp\/v2\/types\/post"}],"author":[{"embeddable":true,"href":"https:\/\/www.altercampagne.net\/index.php?rest_route=\/wp\/v2\/users\/403"}],"replies":[{"embeddable":true,"href":"https:\/\/www.altercampagne.net\/index.php?rest_route=%2Fwp%2Fv2%2Fcomments&post=29276"}],"version-history":[{"count":1,"href":"https:\/\/www.altercampagne.net\/index.php?rest_route=\/wp\/v2\/posts\/29276\/revisions"}],"predecessor-version":[{"id":29282,"href":"https:\/\/www.altercampagne.net\/index.php?rest_route=\/wp\/v2\/posts\/29276\/revisions\/29282"}],"wp:featuredmedia":[{"embeddable":true,"href":"https:\/\/www.altercampagne.net\/index.php?rest_route=\/wp\/v2\/media\/29278"}],"wp:attachment":[{"href":"https:\/\/www.altercampagne.net\/index.php?rest_route=%2Fwp%2Fv2%2Fmedia&parent=29276"}],"wp:term":[{"taxonomy":"category","embeddable":true,"href":"https:\/\/www.altercampagne.net\/index.php?rest_route=%2Fwp%2Fv2%2Fcategories&post=29276"},{"taxonomy":"post_tag","embeddable":true,"href":"https:\/\/www.altercampagne.net\/index.php?rest_route=%2Fwp%2Fv2%2Ftags&post=29276"}],"curies":[{"name":"wp","href":"https:\/\/api.w.org\/{rel}","templated":true}]}}