{"id":29283,"date":"2025-08-14T20:55:59","date_gmt":"2025-08-14T18:55:59","guid":{"rendered":"https:\/\/www.altercampagne.net\/?p=29283"},"modified":"2025-08-14T20:56:00","modified_gmt":"2025-08-14T18:56:00","slug":"11-aout-a-passreve","status":"publish","type":"post","link":"https:\/\/www.altercampagne.net\/?p=29283","title":{"rendered":"11 ao\u00fbt \u00e0 Pass&rsquo;R\u00eave"},"content":{"rendered":"\n<p><p class=\"MsoNormal\" style=\"margin-bottom:12.0pt\"><span lang=\"fr\">Canicule oblige, nous avons r\u00e9organis\u00e9 le programme : au lieu de reprendre la route, nous prolongeons d\u2019une journ\u00e9e notre halte \u00e0 <b style=\"mso-bidi-font-weight:normal\">Pass\u2019R\u00eave<\/b>, \u00e0 Coulad\u00e8re. Les baignades ont donc remplac\u00e9 les coups de p\u00e9dale !Ce tiers-lieu \u00e9cologique, en construction depuis 2024, est destin\u00e9 \u00e0 accueillir une diversit\u00e9 d\u2019initiatives autour du bien-\u00eatre, de l\u2019\u00e9co-construction, de l\u2019agro\u00e9cologie et de la transition \u00e9nerg\u00e9tique. \u00c0 la belle saison, une guinguette y proposera de la cuisine bio et locale \u00e0 petits prix, ainsi que des \u00e9v\u00e9nements culturels autour de la musique et des danses du monde.<\/span><\/p><\/p>\n\n\n\n<figure class=\"wp-block-image size-large\"><a href=\"https:\/\/www.altercampagne.net\/wp-content\/uploads\/2025\/08\/1.jpg\"><img loading=\"lazy\" decoding=\"async\" width=\"1024\" height=\"577\" src=\"https:\/\/www.altercampagne.net\/wp-content\/uploads\/2025\/08\/1-1024x577.jpg\" alt=\"\" class=\"wp-image-29284\" srcset=\"https:\/\/www.altercampagne.net\/wp-content\/uploads\/2025\/08\/1-1024x577.jpg 1024w, https:\/\/www.altercampagne.net\/wp-content\/uploads\/2025\/08\/1-300x169.jpg 300w, https:\/\/www.altercampagne.net\/wp-content\/uploads\/2025\/08\/1-768x432.jpg 768w, https:\/\/www.altercampagne.net\/wp-content\/uploads\/2025\/08\/1-1536x865.jpg 1536w, https:\/\/www.altercampagne.net\/wp-content\/uploads\/2025\/08\/1-100x56.jpg 100w, https:\/\/www.altercampagne.net\/wp-content\/uploads\/2025\/08\/1-862x485.jpg 862w, https:\/\/www.altercampagne.net\/wp-content\/uploads\/2025\/08\/1-1140x642.jpg 1140w, https:\/\/www.altercampagne.net\/wp-content\/uploads\/2025\/08\/1.jpg 2048w\" sizes=\"auto, (max-width: 1024px) 100vw, 1024px\" \/><\/a><\/figure>\n\n\n\n<p><p class=\"MsoNormal\" style=\"margin-top:12.0pt;margin-right:0cm;margin-bottom:\n12.0pt;margin-left:0cm\"><\/p><p class=\"MsoNormal\" style=\"margin-top:12.0pt;margin-right:0cm;margin-bottom:\n12.0pt;margin-left:0cm\"><span lang=\"fr\">Ce matin, grasse matin\u00e9e bien m\u00e9rit\u00e9e :<br>r\u00e9veil \u00e0 8h pour les altercyclistes encore berc\u00e9s par la belle soir\u00e9e de la veille, ponctu\u00e9e par un chouette concert. La matin\u00e9e a \u00e9t\u00e9 rythm\u00e9e par de petits ateliers, dont un atelier de fabrication de canisse \u00e0 partir de roseaux.<\/span><\/p><\/p>\n\n\n\n<figure class=\"wp-block-image size-large\"><a href=\"https:\/\/www.altercampagne.net\/wp-content\/uploads\/2025\/08\/2.jpg\"><img loading=\"lazy\" decoding=\"async\" width=\"1024\" height=\"577\" src=\"https:\/\/www.altercampagne.net\/wp-content\/uploads\/2025\/08\/2-1024x577.jpg\" alt=\"\" class=\"wp-image-29285\" srcset=\"https:\/\/www.altercampagne.net\/wp-content\/uploads\/2025\/08\/2-1024x577.jpg 1024w, https:\/\/www.altercampagne.net\/wp-content\/uploads\/2025\/08\/2-300x169.jpg 300w, https:\/\/www.altercampagne.net\/wp-content\/uploads\/2025\/08\/2-768x432.jpg 768w, https:\/\/www.altercampagne.net\/wp-content\/uploads\/2025\/08\/2-1536x865.jpg 1536w, https:\/\/www.altercampagne.net\/wp-content\/uploads\/2025\/08\/2-100x56.jpg 100w, https:\/\/www.altercampagne.net\/wp-content\/uploads\/2025\/08\/2-862x485.jpg 862w, https:\/\/www.altercampagne.net\/wp-content\/uploads\/2025\/08\/2-1140x642.jpg 1140w, https:\/\/www.altercampagne.net\/wp-content\/uploads\/2025\/08\/2.jpg 2048w\" sizes=\"auto, (max-width: 1024px) 100vw, 1024px\" \/><\/a><\/figure>\n\n\n\n<p><p class=\"MsoNormal\" style=\"margin-top:12.0pt;margin-right:0cm;margin-bottom:\n12.0pt;margin-left:0cm\"><span lang=\"fr\">Apr\u00e8s le d\u00e9jeuner, la chaleur s\u2019intensifie : plusieurs groupes s\u2019organisent pour aller se rafra\u00eechir.<br>Certains partent se baigner \u00e0 une jolie cascade, d&rsquo;autres pr\u00e9f\u00e8rent la Garonne, tandis que quelques-uns optent pour la piscine municipale.\u00a0<\/span><\/p><\/p>\n\n\n\n<figure class=\"wp-block-image size-large\"><a href=\"https:\/\/www.altercampagne.net\/wp-content\/uploads\/2025\/08\/3.jpg\"><img loading=\"lazy\" decoding=\"async\" width=\"1024\" height=\"577\" src=\"https:\/\/www.altercampagne.net\/wp-content\/uploads\/2025\/08\/3-1024x577.jpg\" alt=\"\" class=\"wp-image-29286\" srcset=\"https:\/\/www.altercampagne.net\/wp-content\/uploads\/2025\/08\/3-1024x577.jpg 1024w, https:\/\/www.altercampagne.net\/wp-content\/uploads\/2025\/08\/3-300x169.jpg 300w, https:\/\/www.altercampagne.net\/wp-content\/uploads\/2025\/08\/3-768x432.jpg 768w, https:\/\/www.altercampagne.net\/wp-content\/uploads\/2025\/08\/3-1536x865.jpg 1536w, https:\/\/www.altercampagne.net\/wp-content\/uploads\/2025\/08\/3-100x56.jpg 100w, https:\/\/www.altercampagne.net\/wp-content\/uploads\/2025\/08\/3-862x485.jpg 862w, https:\/\/www.altercampagne.net\/wp-content\/uploads\/2025\/08\/3-1140x642.jpg 1140w, https:\/\/www.altercampagne.net\/wp-content\/uploads\/2025\/08\/3.jpg 2048w\" sizes=\"auto, (max-width: 1024px) 100vw, 1024px\" \/><\/a><\/figure>\n\n\n\n<p><p class=\"MsoNormal\" style=\"margin-top:12.0pt;margin-right:0cm;margin-bottom:\n12.0pt;margin-left:0cm\"><span lang=\"fr\">En soir\u00e9e, la temp\u00e9rature devient plus cl\u00e9mente et nous cl\u00f4turons la journ\u00e9e par un <b style=\"mso-bidi-font-weight:\nnormal\">temps de parole collectif<\/b>. Ce moment d\u2019\u00e9coute et d\u2019\u00e9change permet de r\u00e9guler la vie de groupe et de renforcer sa coh\u00e9sion.<\/span>                                                                                                                                                        <span lang=\"fr\">La nuit tombe doucement sur le campement\u2026<br>Demain, d\u00e9part matinal pour profiter de la fra\u00eecheur et reprendre la route vers<br>de nouveaux horizons.\u00a0<\/span><\/p><\/p>\n\n\n\n<p><\/p>\n","protected":false},"excerpt":{"rendered":"<p>Canicule oblige, nous avons r\u00e9organis\u00e9 le programme : au lieu de reprendre la route, nous prolongeons d\u2019une journ\u00e9e notre halte \u00e0 Pass\u2019R\u00eave, \u00e0 Coulad\u00e8re. Les baignades ont donc remplac\u00e9 les coups de p\u00e9dale !Ce tiers-lieu \u00e9cologique, en construction depuis 2024, est destin\u00e9 \u00e0 accueillir une diversit\u00e9 d\u2019initiatives autour du bien-\u00eatre, &#8230; <\/p>\n<div><a href=\"https:\/\/www.altercampagne.net\/?p=29283\" class=\"more-link\">Read More<\/a><\/div>\n","protected":false},"author":403,"featured_media":0,"comment_status":"closed","ping_status":"closed","sticky":false,"template":"","format":"standard","meta":{"footnotes":""},"categories":[4511,3483,3489,3490,3485,3480],"tags":[],"class_list":["post-29283","post","type-post","status-publish","format-standard","hentry","category-edition-2025","category-agriculture","category-alimentation","category-culture","category-habitat","category-occitanie","no-post-thumbnail"],"yoast_head":"<!-- This site is optimized with the Yoast SEO plugin v27.3 - https:\/\/yoast.com\/product\/yoast-seo-wordpress\/ -->\n<title>11 ao\u00fbt \u00e0 Pass&#039;R\u00eave - AlterTour<\/title>\n<meta name=\"robots\" content=\"index, follow, max-snippet:-1, max-image-preview:large, max-video-preview:-1\" \/>\n<link rel=\"canonical\" href=\"https:\/\/www.altercampagne.net\/?p=29283\" \/>\n<meta property=\"og:locale\" content=\"fr_FR\" \/>\n<meta property=\"og:type\" content=\"article\" \/>\n<meta property=\"og:title\" content=\"11 ao\u00fbt \u00e0 Pass&#039;R\u00eave - AlterTour\" \/>\n<meta property=\"og:description\" content=\"Canicule oblige, nous avons r\u00e9organis\u00e9 le programme : au lieu de reprendre la route, nous prolongeons d\u2019une journ\u00e9e notre halte \u00e0 Pass\u2019R\u00eave, \u00e0 Coulad\u00e8re. Les baignades ont donc remplac\u00e9 les coups de p\u00e9dale !Ce tiers-lieu \u00e9cologique, en construction depuis 2024, est destin\u00e9 \u00e0 accueillir une diversit\u00e9 d\u2019initiatives autour du bien-\u00eatre, ... Read More\" \/>\n<meta property=\"og:url\" content=\"https:\/\/www.altercampagne.net\/?p=29283\" \/>\n<meta property=\"og:site_name\" content=\"AlterTour\" \/>\n<meta property=\"article:published_time\" content=\"2025-08-14T18:55:59+00:00\" \/>\n<meta property=\"article:modified_time\" content=\"2025-08-14T18:56:00+00:00\" \/>\n<meta property=\"og:image\" content=\"https:\/\/www.altercampagne.net\/wp-content\/uploads\/2025\/08\/1.jpg\" \/>\n\t<meta property=\"og:image:width\" content=\"2048\" \/>\n\t<meta property=\"og:image:height\" content=\"1153\" \/>\n\t<meta property=\"og:image:type\" content=\"image\/jpeg\" \/>\n<meta name=\"author\" content=\"Cl\u00e9ment Baril\" \/>\n<meta name=\"twitter:card\" content=\"summary_large_image\" \/>\n<meta name=\"twitter:label1\" content=\"\u00c9crit par\" \/>\n\t<meta name=\"twitter:data1\" content=\"Cl\u00e9ment Baril\" \/>\n\t<meta name=\"twitter:label2\" content=\"Dur\u00e9e de lecture estim\u00e9e\" \/>\n\t<meta name=\"twitter:data2\" content=\"2 minutes\" \/>\n<script type=\"application\/ld+json\" class=\"yoast-schema-graph\">{\"@context\":\"https:\\\/\\\/schema.org\",\"@graph\":[{\"@type\":\"Article\",\"@id\":\"https:\\\/\\\/www.altercampagne.net\\\/?p=29283#article\",\"isPartOf\":{\"@id\":\"https:\\\/\\\/www.altercampagne.net\\\/?p=29283\"},\"author\":{\"name\":\"Cl\u00e9ment Baril\",\"@id\":\"https:\\\/\\\/www.altercampagne.net\\\/#\\\/schema\\\/person\\\/dcee38da6bc36259ec4de60e71e4d2ac\"},\"headline\":\"11 ao\u00fbt \u00e0 Pass&rsquo;R\u00eave\",\"datePublished\":\"2025-08-14T18:55:59+00:00\",\"dateModified\":\"2025-08-14T18:56:00+00:00\",\"mainEntityOfPage\":{\"@id\":\"https:\\\/\\\/www.altercampagne.net\\\/?p=29283\"},\"wordCount\":263,\"image\":{\"@id\":\"https:\\\/\\\/www.altercampagne.net\\\/?p=29283#primaryimage\"},\"thumbnailUrl\":\"https:\\\/\\\/www.altercampagne.net\\\/wp-content\\\/uploads\\\/2025\\\/08\\\/1-1024x577.jpg\",\"articleSection\":[\"\u00c9dition 2025\",\"Agriculture\",\"Alimentation\",\"Culture\",\"Habitat\",\"Occitanie\"],\"inLanguage\":\"fr-FR\"},{\"@type\":\"WebPage\",\"@id\":\"https:\\\/\\\/www.altercampagne.net\\\/?p=29283\",\"url\":\"https:\\\/\\\/www.altercampagne.net\\\/?p=29283\",\"name\":\"11 ao\u00fbt \u00e0 Pass'R\u00eave - AlterTour\",\"isPartOf\":{\"@id\":\"https:\\\/\\\/www.altercampagne.net\\\/#website\"},\"primaryImageOfPage\":{\"@id\":\"https:\\\/\\\/www.altercampagne.net\\\/?p=29283#primaryimage\"},\"image\":{\"@id\":\"https:\\\/\\\/www.altercampagne.net\\\/?p=29283#primaryimage\"},\"thumbnailUrl\":\"https:\\\/\\\/www.altercampagne.net\\\/wp-content\\\/uploads\\\/2025\\\/08\\\/1-1024x577.jpg\",\"datePublished\":\"2025-08-14T18:55:59+00:00\",\"dateModified\":\"2025-08-14T18:56:00+00:00\",\"author\":{\"@id\":\"https:\\\/\\\/www.altercampagne.net\\\/#\\\/schema\\\/person\\\/dcee38da6bc36259ec4de60e71e4d2ac\"},\"breadcrumb\":{\"@id\":\"https:\\\/\\\/www.altercampagne.net\\\/?p=29283#breadcrumb\"},\"inLanguage\":\"fr-FR\",\"potentialAction\":[{\"@type\":\"ReadAction\",\"target\":[\"https:\\\/\\\/www.altercampagne.net\\\/?p=29283\"]}]},{\"@type\":\"ImageObject\",\"inLanguage\":\"fr-FR\",\"@id\":\"https:\\\/\\\/www.altercampagne.net\\\/?p=29283#primaryimage\",\"url\":\"https:\\\/\\\/www.altercampagne.net\\\/wp-content\\\/uploads\\\/2025\\\/08\\\/1.jpg\",\"contentUrl\":\"https:\\\/\\\/www.altercampagne.net\\\/wp-content\\\/uploads\\\/2025\\\/08\\\/1.jpg\",\"width\":2048,\"height\":1153},{\"@type\":\"BreadcrumbList\",\"@id\":\"https:\\\/\\\/www.altercampagne.net\\\/?p=29283#breadcrumb\",\"itemListElement\":[{\"@type\":\"ListItem\",\"position\":1,\"name\":\"Accueil\",\"item\":\"https:\\\/\\\/www.altercampagne.net\\\/\"},{\"@type\":\"ListItem\",\"position\":2,\"name\":\"11 ao\u00fbt \u00e0 Pass&rsquo;R\u00eave\"}]},{\"@type\":\"WebSite\",\"@id\":\"https:\\\/\\\/www.altercampagne.net\\\/#website\",\"url\":\"https:\\\/\\\/www.altercampagne.net\\\/\",\"name\":\"AlterTour\",\"description\":\"Reliez les Alternatives \u00e0 v\u00e9lo\",\"potentialAction\":[{\"@type\":\"SearchAction\",\"target\":{\"@type\":\"EntryPoint\",\"urlTemplate\":\"https:\\\/\\\/www.altercampagne.net\\\/?s={search_term_string}\"},\"query-input\":{\"@type\":\"PropertyValueSpecification\",\"valueRequired\":true,\"valueName\":\"search_term_string\"}}],\"inLanguage\":\"fr-FR\"},{\"@type\":\"Person\",\"@id\":\"https:\\\/\\\/www.altercampagne.net\\\/#\\\/schema\\\/person\\\/dcee38da6bc36259ec4de60e71e4d2ac\",\"name\":\"Cl\u00e9ment Baril\",\"image\":{\"@type\":\"ImageObject\",\"inLanguage\":\"fr-FR\",\"@id\":\"https:\\\/\\\/secure.gravatar.com\\\/avatar\\\/f40bbb8c399c37f9bf4c721d1e115a86ae4bdb28f2dd97bb73a36f1dde76e122?s=96&d=mm&r=g\",\"url\":\"https:\\\/\\\/secure.gravatar.com\\\/avatar\\\/f40bbb8c399c37f9bf4c721d1e115a86ae4bdb28f2dd97bb73a36f1dde76e122?s=96&d=mm&r=g\",\"contentUrl\":\"https:\\\/\\\/secure.gravatar.com\\\/avatar\\\/f40bbb8c399c37f9bf4c721d1e115a86ae4bdb28f2dd97bb73a36f1dde76e122?s=96&d=mm&r=g\",\"caption\":\"Cl\u00e9ment Baril\"},\"url\":\"https:\\\/\\\/www.altercampagne.net\\\/?author=403\"}]}<\/script>\n<!-- \/ Yoast SEO plugin. -->","yoast_head_json":{"title":"11 ao\u00fbt \u00e0 Pass'R\u00eave - AlterTour","robots":{"index":"index","follow":"follow","max-snippet":"max-snippet:-1","max-image-preview":"max-image-preview:large","max-video-preview":"max-video-preview:-1"},"canonical":"https:\/\/www.altercampagne.net\/?p=29283","og_locale":"fr_FR","og_type":"article","og_title":"11 ao\u00fbt \u00e0 Pass'R\u00eave - AlterTour","og_description":"Canicule oblige, nous avons r\u00e9organis\u00e9 le programme : au lieu de reprendre la route, nous prolongeons d\u2019une journ\u00e9e notre halte \u00e0 Pass\u2019R\u00eave, \u00e0 Coulad\u00e8re. Les baignades ont donc remplac\u00e9 les coups de p\u00e9dale !Ce tiers-lieu \u00e9cologique, en construction depuis 2024, est destin\u00e9 \u00e0 accueillir une diversit\u00e9 d\u2019initiatives autour du bien-\u00eatre, ... Read More","og_url":"https:\/\/www.altercampagne.net\/?p=29283","og_site_name":"AlterTour","article_published_time":"2025-08-14T18:55:59+00:00","article_modified_time":"2025-08-14T18:56:00+00:00","og_image":[{"width":2048,"height":1153,"url":"https:\/\/www.altercampagne.net\/wp-content\/uploads\/2025\/08\/1.jpg","type":"image\/jpeg"}],"author":"Cl\u00e9ment Baril","twitter_card":"summary_large_image","twitter_misc":{"\u00c9crit par":"Cl\u00e9ment Baril","Dur\u00e9e de lecture estim\u00e9e":"2 minutes"},"schema":{"@context":"https:\/\/schema.org","@graph":[{"@type":"Article","@id":"https:\/\/www.altercampagne.net\/?p=29283#article","isPartOf":{"@id":"https:\/\/www.altercampagne.net\/?p=29283"},"author":{"name":"Cl\u00e9ment Baril","@id":"https:\/\/www.altercampagne.net\/#\/schema\/person\/dcee38da6bc36259ec4de60e71e4d2ac"},"headline":"11 ao\u00fbt \u00e0 Pass&rsquo;R\u00eave","datePublished":"2025-08-14T18:55:59+00:00","dateModified":"2025-08-14T18:56:00+00:00","mainEntityOfPage":{"@id":"https:\/\/www.altercampagne.net\/?p=29283"},"wordCount":263,"image":{"@id":"https:\/\/www.altercampagne.net\/?p=29283#primaryimage"},"thumbnailUrl":"https:\/\/www.altercampagne.net\/wp-content\/uploads\/2025\/08\/1-1024x577.jpg","articleSection":["\u00c9dition 2025","Agriculture","Alimentation","Culture","Habitat","Occitanie"],"inLanguage":"fr-FR"},{"@type":"WebPage","@id":"https:\/\/www.altercampagne.net\/?p=29283","url":"https:\/\/www.altercampagne.net\/?p=29283","name":"11 ao\u00fbt \u00e0 Pass'R\u00eave - AlterTour","isPartOf":{"@id":"https:\/\/www.altercampagne.net\/#website"},"primaryImageOfPage":{"@id":"https:\/\/www.altercampagne.net\/?p=29283#primaryimage"},"image":{"@id":"https:\/\/www.altercampagne.net\/?p=29283#primaryimage"},"thumbnailUrl":"https:\/\/www.altercampagne.net\/wp-content\/uploads\/2025\/08\/1-1024x577.jpg","datePublished":"2025-08-14T18:55:59+00:00","dateModified":"2025-08-14T18:56:00+00:00","author":{"@id":"https:\/\/www.altercampagne.net\/#\/schema\/person\/dcee38da6bc36259ec4de60e71e4d2ac"},"breadcrumb":{"@id":"https:\/\/www.altercampagne.net\/?p=29283#breadcrumb"},"inLanguage":"fr-FR","potentialAction":[{"@type":"ReadAction","target":["https:\/\/www.altercampagne.net\/?p=29283"]}]},{"@type":"ImageObject","inLanguage":"fr-FR","@id":"https:\/\/www.altercampagne.net\/?p=29283#primaryimage","url":"https:\/\/www.altercampagne.net\/wp-content\/uploads\/2025\/08\/1.jpg","contentUrl":"https:\/\/www.altercampagne.net\/wp-content\/uploads\/2025\/08\/1.jpg","width":2048,"height":1153},{"@type":"BreadcrumbList","@id":"https:\/\/www.altercampagne.net\/?p=29283#breadcrumb","itemListElement":[{"@type":"ListItem","position":1,"name":"Accueil","item":"https:\/\/www.altercampagne.net\/"},{"@type":"ListItem","position":2,"name":"11 ao\u00fbt \u00e0 Pass&rsquo;R\u00eave"}]},{"@type":"WebSite","@id":"https:\/\/www.altercampagne.net\/#website","url":"https:\/\/www.altercampagne.net\/","name":"AlterTour","description":"Reliez les Alternatives \u00e0 v\u00e9lo","potentialAction":[{"@type":"SearchAction","target":{"@type":"EntryPoint","urlTemplate":"https:\/\/www.altercampagne.net\/?s={search_term_string}"},"query-input":{"@type":"PropertyValueSpecification","valueRequired":true,"valueName":"search_term_string"}}],"inLanguage":"fr-FR"},{"@type":"Person","@id":"https:\/\/www.altercampagne.net\/#\/schema\/person\/dcee38da6bc36259ec4de60e71e4d2ac","name":"Cl\u00e9ment Baril","image":{"@type":"ImageObject","inLanguage":"fr-FR","@id":"https:\/\/secure.gravatar.com\/avatar\/f40bbb8c399c37f9bf4c721d1e115a86ae4bdb28f2dd97bb73a36f1dde76e122?s=96&d=mm&r=g","url":"https:\/\/secure.gravatar.com\/avatar\/f40bbb8c399c37f9bf4c721d1e115a86ae4bdb28f2dd97bb73a36f1dde76e122?s=96&d=mm&r=g","contentUrl":"https:\/\/secure.gravatar.com\/avatar\/f40bbb8c399c37f9bf4c721d1e115a86ae4bdb28f2dd97bb73a36f1dde76e122?s=96&d=mm&r=g","caption":"Cl\u00e9ment Baril"},"url":"https:\/\/www.altercampagne.net\/?author=403"}]}},"_links":{"self":[{"href":"https:\/\/www.altercampagne.net\/index.php?rest_route=\/wp\/v2\/posts\/29283","targetHints":{"allow":["GET"]}}],"collection":[{"href":"https:\/\/www.altercampagne.net\/index.php?rest_route=\/wp\/v2\/posts"}],"about":[{"href":"https:\/\/www.altercampagne.net\/index.php?rest_route=\/wp\/v2\/types\/post"}],"author":[{"embeddable":true,"href":"https:\/\/www.altercampagne.net\/index.php?rest_route=\/wp\/v2\/users\/403"}],"replies":[{"embeddable":true,"href":"https:\/\/www.altercampagne.net\/index.php?rest_route=%2Fwp%2Fv2%2Fcomments&post=29283"}],"version-history":[{"count":1,"href":"https:\/\/www.altercampagne.net\/index.php?rest_route=\/wp\/v2\/posts\/29283\/revisions"}],"predecessor-version":[{"id":29287,"href":"https:\/\/www.altercampagne.net\/index.php?rest_route=\/wp\/v2\/posts\/29283\/revisions\/29287"}],"wp:attachment":[{"href":"https:\/\/www.altercampagne.net\/index.php?rest_route=%2Fwp%2Fv2%2Fmedia&parent=29283"}],"wp:term":[{"taxonomy":"category","embeddable":true,"href":"https:\/\/www.altercampagne.net\/index.php?rest_route=%2Fwp%2Fv2%2Fcategories&post=29283"},{"taxonomy":"post_tag","embeddable":true,"href":"https:\/\/www.altercampagne.net\/index.php?rest_route=%2Fwp%2Fv2%2Ftags&post=29283"}],"curies":[{"name":"wp","href":"https:\/\/api.w.org\/{rel}","templated":true}]}}