{"id":29288,"date":"2025-08-14T21:58:18","date_gmt":"2025-08-14T19:58:18","guid":{"rendered":"https:\/\/www.altercampagne.net\/?p=29288"},"modified":"2025-08-14T21:58:18","modified_gmt":"2025-08-14T19:58:18","slug":"un-coup-de-klaxon-contre-la-loi-duplomb","status":"publish","type":"post","link":"https:\/\/www.altercampagne.net\/?p=29288","title":{"rendered":"Un coup de klaxon contre la loi Duplomb"},"content":{"rendered":"\n<p>Ce jeudi 14 ao\u00fbt, l&rsquo;Altertour a manifest\u00e9 contre la loi Duplomb au c\u00f4t\u00e9 de la Conf\u00e9d\u00e9ration paysanne et des membres de La Botte et de Solidaires.&nbsp;<\/p>\n\n\n\n<p>*La Botte d\u00e9pote !*<\/p>\n\n\n\n<p>Apr\u00e8s une grasse mat&rsquo; de luxe jusque 8h et un superdino pour s&rsquo;echauffer, les Altercyclistes ont \u00e9cout\u00e9 Micha\u00ebl, \u00e9leveur dans la vall\u00e9e de la Barousse pr\u00e9senter les enjeux agricole du coin et les actions de la Botte en faveur d&rsquo;un bien manger local accessible au plus grand nombre. Cr\u00e9\u00e9e il y a 2 ans, l&rsquo;association organise notamment chaque semaine un march\u00e9 de producteurs en vente directe qui rencontre un certain succ\u00e8s. La vall\u00e9e de la Barousse est une des rares vall\u00e9es fromag\u00e8res des Pyr\u00e9n\u00e9es centrales. On y produit en effet le Barousse un r\u00e9put\u00e9 fromage de vache et de brebis, dont la d\u00e9gustation est venue grossir la ration de fromage journali\u00e8re de valeureux.ses cyclistes.&nbsp;<\/p>\n\n\n\n<p>L&rsquo;association pr\u00e9voit \u00e9galement une \u00e9picerie ambulante pour se rapprocher des personnes sans permis et des retrait\u00e9s isol\u00e9s.&nbsp;<\/p>\n\n\n\n<figure class=\"wp-block-image size-full\"><a href=\"https:\/\/www.altercampagne.net\/wp-content\/uploads\/2025\/08\/3-1.jpg\"><img loading=\"lazy\" decoding=\"async\" width=\"202\" height=\"360\" src=\"https:\/\/www.altercampagne.net\/wp-content\/uploads\/2025\/08\/3-1.jpg\" alt=\"\" class=\"wp-image-29293\" srcset=\"https:\/\/www.altercampagne.net\/wp-content\/uploads\/2025\/08\/3-1.jpg 202w, https:\/\/www.altercampagne.net\/wp-content\/uploads\/2025\/08\/3-1-168x300.jpg 168w, https:\/\/www.altercampagne.net\/wp-content\/uploads\/2025\/08\/3-1-100x178.jpg 100w\" sizes=\"auto, (max-width: 202px) 100vw, 202px\" \/><\/a><\/figure>\n\n\n\n<p>*Loi Duplomb, \u00e7a ne tourne pas rond. Point.*<\/p>\n\n\n\n<p>Apr\u00e8s cette pr\u00e9sentation, nous sommes pass\u00e9s aux travaux pratiques pour organiser l&rsquo;\u00e9v\u00e9nement de l&rsquo;apr\u00e8s-midi. Sur le rond-point du Bazert, nos pancartes ont pris place aux c\u00f4t\u00e9s des drapeaux de la Conf\u00e9d\u00e9ration Paysanne dont les membres locaux \u00e9taient d\u00e9j\u00e0 \u00e0 la t\u00e2che, pour inciter les automobilistes \u00e0 exprimer leur d\u00e9saccord avec la loi Duplomb \u00e0 grands coups de klaxon. Au programme : discussion avec les automobilistes, distribution de tracts, v\u00e9lorution autour du rond-point et chants.&nbsp;<\/p>\n\n\n\n<figure class=\"wp-block-image size-full\"><a href=\"https:\/\/www.altercampagne.net\/wp-content\/uploads\/2025\/08\/1-1.jpg\"><img loading=\"lazy\" decoding=\"async\" width=\"480\" height=\"360\" src=\"https:\/\/www.altercampagne.net\/wp-content\/uploads\/2025\/08\/1-1.jpg\" alt=\"\" class=\"wp-image-29291\" srcset=\"https:\/\/www.altercampagne.net\/wp-content\/uploads\/2025\/08\/1-1.jpg 480w, https:\/\/www.altercampagne.net\/wp-content\/uploads\/2025\/08\/1-1-300x225.jpg 300w, https:\/\/www.altercampagne.net\/wp-content\/uploads\/2025\/08\/1-1-100x75.jpg 100w\" sizes=\"auto, (max-width: 480px) 100vw, 480px\" \/><\/a><\/figure>\n\n\n\n<p>*Lutter en _lolant_ sous un soleil _de plomb_*<\/p>\n\n\n\n<p>Des barnums et pulv\u00e9risateurs (garantis sans ac\u00e9tamypride) nous ont permis de r\u00e9sister en\/aux conditions caniculaires.&nbsp;<\/p>\n\n\n\n<p>Si les camionneurs.euses nous ont r\u00e9gal\u00e9s de d\u00e9licieuses m\u00e9lodies klaxonnatoires (coup de c\u0153ur de la r\u00e9daction pour la version klaxon de Sandstorm de Darude), les nombreux coups de klaxons des locaux comme des vacanciers nous ont permis de constater une fois de plus le rejet populaire de cette loi lors de cette manifestation festive et \u00e9nergisante.&nbsp;<\/p>\n\n\n\n<figure class=\"wp-block-image size-full\"><a href=\"https:\/\/www.altercampagne.net\/wp-content\/uploads\/2025\/08\/2-2.jpg\"><img loading=\"lazy\" decoding=\"async\" width=\"270\" height=\"360\" src=\"https:\/\/www.altercampagne.net\/wp-content\/uploads\/2025\/08\/2-2.jpg\" alt=\"\" class=\"wp-image-29292\" srcset=\"https:\/\/www.altercampagne.net\/wp-content\/uploads\/2025\/08\/2-2.jpg 270w, https:\/\/www.altercampagne.net\/wp-content\/uploads\/2025\/08\/2-2-225x300.jpg 225w, https:\/\/www.altercampagne.net\/wp-content\/uploads\/2025\/08\/2-2-100x133.jpg 100w\" sizes=\"auto, (max-width: 270px) 100vw, 270px\" \/><\/a><\/figure>\n\n\n\n<p>Pour chanter jusqu&rsquo;\u00e0 la fin de l&rsquo;\u00e9t\u00e9, on vous laisse avec nos paroles customs de Clic clic pan pan de Yanns :<\/p>\n\n\n\n<p>Loi Duplomb,&nbsp;<\/p>\n\n\n\n<p>\u00e7a fait clic clic plon plon plon,&nbsp;<\/p>\n\n\n\n<p>Laurent tu nous m\u00e9gabassines,&nbsp;<\/p>\n\n\n\n<p>On veut du bio \u00e0 la cantine.&nbsp;<\/p>\n\n\n\n<p>Tu tues toutes les fleurs<\/p>\n\n\n\n<p>Et les pollinisateurs,&nbsp;<\/p>\n\n\n\n<p>Nous et les abeilles,&nbsp;<\/p>\n\n\n\n<p>\u00c7a brise nos petits c\u0153urs<\/p>\n","protected":false},"excerpt":{"rendered":"<p>Ce jeudi 14 ao\u00fbt, l&rsquo;Altertour a manifest\u00e9 contre la loi Duplomb au c\u00f4t\u00e9 de la Conf\u00e9d\u00e9ration paysanne et des membres de La Botte et de Solidaires.&nbsp; *La Botte d\u00e9pote !* Apr\u00e8s une grasse mat&rsquo; de luxe jusque 8h et un superdino pour s&rsquo;echauffer, les Altercyclistes ont \u00e9cout\u00e9 Micha\u00ebl, \u00e9leveur dans &#8230; <\/p>\n<div><a href=\"https:\/\/www.altercampagne.net\/?p=29288\" class=\"more-link\">Read More<\/a><\/div>\n","protected":false},"author":403,"featured_media":29289,"comment_status":"closed","ping_status":"closed","sticky":false,"template":"","format":"standard","meta":{"footnotes":""},"categories":[4511,3489,3486,3542,3480,3488],"tags":[],"class_list":["post-29288","post","type-post","status-publish","format-standard","has-post-thumbnail","hentry","category-edition-2025","category-alimentation","category-environnement","category-lutte","category-occitanie","category-social"],"yoast_head":"<!-- This site is optimized with the Yoast SEO plugin v27.3 - https:\/\/yoast.com\/product\/yoast-seo-wordpress\/ -->\n<title>Un coup de klaxon contre la loi Duplomb - AlterTour<\/title>\n<meta name=\"robots\" content=\"index, follow, max-snippet:-1, max-image-preview:large, max-video-preview:-1\" \/>\n<link rel=\"canonical\" href=\"https:\/\/www.altercampagne.net\/?p=29288\" \/>\n<meta property=\"og:locale\" content=\"fr_FR\" \/>\n<meta property=\"og:type\" content=\"article\" \/>\n<meta property=\"og:title\" content=\"Un coup de klaxon contre la loi Duplomb - AlterTour\" \/>\n<meta property=\"og:description\" content=\"Ce jeudi 14 ao\u00fbt, l&rsquo;Altertour a manifest\u00e9 contre la loi Duplomb au c\u00f4t\u00e9 de la Conf\u00e9d\u00e9ration paysanne et des membres de La Botte et de Solidaires.&nbsp; *La Botte d\u00e9pote !* Apr\u00e8s une grasse mat&rsquo; de luxe jusque 8h et un superdino pour s&rsquo;echauffer, les Altercyclistes ont \u00e9cout\u00e9 Micha\u00ebl, \u00e9leveur dans ... Read More\" \/>\n<meta property=\"og:url\" content=\"https:\/\/www.altercampagne.net\/?p=29288\" \/>\n<meta property=\"og:site_name\" content=\"AlterTour\" \/>\n<meta property=\"article:published_time\" content=\"2025-08-14T19:58:18+00:00\" \/>\n<meta property=\"og:image\" content=\"https:\/\/www.altercampagne.net\/wp-content\/uploads\/2025\/08\/5.jpg\" \/>\n\t<meta property=\"og:image:width\" content=\"270\" \/>\n\t<meta property=\"og:image:height\" content=\"360\" \/>\n\t<meta property=\"og:image:type\" content=\"image\/jpeg\" \/>\n<meta name=\"author\" content=\"Cl\u00e9ment Baril\" \/>\n<meta name=\"twitter:card\" content=\"summary_large_image\" \/>\n<meta name=\"twitter:label1\" content=\"\u00c9crit par\" \/>\n\t<meta name=\"twitter:data1\" content=\"Cl\u00e9ment Baril\" \/>\n\t<meta name=\"twitter:label2\" content=\"Dur\u00e9e de lecture estim\u00e9e\" \/>\n\t<meta name=\"twitter:data2\" content=\"3 minutes\" \/>\n<script type=\"application\/ld+json\" class=\"yoast-schema-graph\">{\"@context\":\"https:\\\/\\\/schema.org\",\"@graph\":[{\"@type\":\"Article\",\"@id\":\"https:\\\/\\\/www.altercampagne.net\\\/?p=29288#article\",\"isPartOf\":{\"@id\":\"https:\\\/\\\/www.altercampagne.net\\\/?p=29288\"},\"author\":{\"name\":\"Cl\u00e9ment Baril\",\"@id\":\"https:\\\/\\\/www.altercampagne.net\\\/#\\\/schema\\\/person\\\/dcee38da6bc36259ec4de60e71e4d2ac\"},\"headline\":\"Un coup de klaxon contre la loi Duplomb\",\"datePublished\":\"2025-08-14T19:58:18+00:00\",\"mainEntityOfPage\":{\"@id\":\"https:\\\/\\\/www.altercampagne.net\\\/?p=29288\"},\"wordCount\":449,\"image\":{\"@id\":\"https:\\\/\\\/www.altercampagne.net\\\/?p=29288#primaryimage\"},\"thumbnailUrl\":\"https:\\\/\\\/www.altercampagne.net\\\/wp-content\\\/uploads\\\/2025\\\/08\\\/5.jpg\",\"articleSection\":[\"\u00c9dition 2025\",\"Alimentation\",\"Environnement\",\"Lutte\",\"Occitanie\",\"Social\"],\"inLanguage\":\"fr-FR\"},{\"@type\":\"WebPage\",\"@id\":\"https:\\\/\\\/www.altercampagne.net\\\/?p=29288\",\"url\":\"https:\\\/\\\/www.altercampagne.net\\\/?p=29288\",\"name\":\"Un coup de klaxon contre la loi Duplomb - AlterTour\",\"isPartOf\":{\"@id\":\"https:\\\/\\\/www.altercampagne.net\\\/#website\"},\"primaryImageOfPage\":{\"@id\":\"https:\\\/\\\/www.altercampagne.net\\\/?p=29288#primaryimage\"},\"image\":{\"@id\":\"https:\\\/\\\/www.altercampagne.net\\\/?p=29288#primaryimage\"},\"thumbnailUrl\":\"https:\\\/\\\/www.altercampagne.net\\\/wp-content\\\/uploads\\\/2025\\\/08\\\/5.jpg\",\"datePublished\":\"2025-08-14T19:58:18+00:00\",\"author\":{\"@id\":\"https:\\\/\\\/www.altercampagne.net\\\/#\\\/schema\\\/person\\\/dcee38da6bc36259ec4de60e71e4d2ac\"},\"breadcrumb\":{\"@id\":\"https:\\\/\\\/www.altercampagne.net\\\/?p=29288#breadcrumb\"},\"inLanguage\":\"fr-FR\",\"potentialAction\":[{\"@type\":\"ReadAction\",\"target\":[\"https:\\\/\\\/www.altercampagne.net\\\/?p=29288\"]}]},{\"@type\":\"ImageObject\",\"inLanguage\":\"fr-FR\",\"@id\":\"https:\\\/\\\/www.altercampagne.net\\\/?p=29288#primaryimage\",\"url\":\"https:\\\/\\\/www.altercampagne.net\\\/wp-content\\\/uploads\\\/2025\\\/08\\\/5.jpg\",\"contentUrl\":\"https:\\\/\\\/www.altercampagne.net\\\/wp-content\\\/uploads\\\/2025\\\/08\\\/5.jpg\",\"width\":270,\"height\":360},{\"@type\":\"BreadcrumbList\",\"@id\":\"https:\\\/\\\/www.altercampagne.net\\\/?p=29288#breadcrumb\",\"itemListElement\":[{\"@type\":\"ListItem\",\"position\":1,\"name\":\"Accueil\",\"item\":\"https:\\\/\\\/www.altercampagne.net\\\/\"},{\"@type\":\"ListItem\",\"position\":2,\"name\":\"Un coup de klaxon contre la loi Duplomb\"}]},{\"@type\":\"WebSite\",\"@id\":\"https:\\\/\\\/www.altercampagne.net\\\/#website\",\"url\":\"https:\\\/\\\/www.altercampagne.net\\\/\",\"name\":\"AlterTour\",\"description\":\"Reliez les Alternatives \u00e0 v\u00e9lo\",\"potentialAction\":[{\"@type\":\"SearchAction\",\"target\":{\"@type\":\"EntryPoint\",\"urlTemplate\":\"https:\\\/\\\/www.altercampagne.net\\\/?s={search_term_string}\"},\"query-input\":{\"@type\":\"PropertyValueSpecification\",\"valueRequired\":true,\"valueName\":\"search_term_string\"}}],\"inLanguage\":\"fr-FR\"},{\"@type\":\"Person\",\"@id\":\"https:\\\/\\\/www.altercampagne.net\\\/#\\\/schema\\\/person\\\/dcee38da6bc36259ec4de60e71e4d2ac\",\"name\":\"Cl\u00e9ment Baril\",\"image\":{\"@type\":\"ImageObject\",\"inLanguage\":\"fr-FR\",\"@id\":\"https:\\\/\\\/secure.gravatar.com\\\/avatar\\\/f40bbb8c399c37f9bf4c721d1e115a86ae4bdb28f2dd97bb73a36f1dde76e122?s=96&d=mm&r=g\",\"url\":\"https:\\\/\\\/secure.gravatar.com\\\/avatar\\\/f40bbb8c399c37f9bf4c721d1e115a86ae4bdb28f2dd97bb73a36f1dde76e122?s=96&d=mm&r=g\",\"contentUrl\":\"https:\\\/\\\/secure.gravatar.com\\\/avatar\\\/f40bbb8c399c37f9bf4c721d1e115a86ae4bdb28f2dd97bb73a36f1dde76e122?s=96&d=mm&r=g\",\"caption\":\"Cl\u00e9ment Baril\"},\"url\":\"https:\\\/\\\/www.altercampagne.net\\\/?author=403\"}]}<\/script>\n<!-- \/ Yoast SEO plugin. -->","yoast_head_json":{"title":"Un coup de klaxon contre la loi Duplomb - AlterTour","robots":{"index":"index","follow":"follow","max-snippet":"max-snippet:-1","max-image-preview":"max-image-preview:large","max-video-preview":"max-video-preview:-1"},"canonical":"https:\/\/www.altercampagne.net\/?p=29288","og_locale":"fr_FR","og_type":"article","og_title":"Un coup de klaxon contre la loi Duplomb - AlterTour","og_description":"Ce jeudi 14 ao\u00fbt, l&rsquo;Altertour a manifest\u00e9 contre la loi Duplomb au c\u00f4t\u00e9 de la Conf\u00e9d\u00e9ration paysanne et des membres de La Botte et de Solidaires.&nbsp; *La Botte d\u00e9pote !* Apr\u00e8s une grasse mat&rsquo; de luxe jusque 8h et un superdino pour s&rsquo;echauffer, les Altercyclistes ont \u00e9cout\u00e9 Micha\u00ebl, \u00e9leveur dans ... Read More","og_url":"https:\/\/www.altercampagne.net\/?p=29288","og_site_name":"AlterTour","article_published_time":"2025-08-14T19:58:18+00:00","og_image":[{"width":270,"height":360,"url":"https:\/\/www.altercampagne.net\/wp-content\/uploads\/2025\/08\/5.jpg","type":"image\/jpeg"}],"author":"Cl\u00e9ment Baril","twitter_card":"summary_large_image","twitter_misc":{"\u00c9crit par":"Cl\u00e9ment Baril","Dur\u00e9e de lecture estim\u00e9e":"3 minutes"},"schema":{"@context":"https:\/\/schema.org","@graph":[{"@type":"Article","@id":"https:\/\/www.altercampagne.net\/?p=29288#article","isPartOf":{"@id":"https:\/\/www.altercampagne.net\/?p=29288"},"author":{"name":"Cl\u00e9ment Baril","@id":"https:\/\/www.altercampagne.net\/#\/schema\/person\/dcee38da6bc36259ec4de60e71e4d2ac"},"headline":"Un coup de klaxon contre la loi Duplomb","datePublished":"2025-08-14T19:58:18+00:00","mainEntityOfPage":{"@id":"https:\/\/www.altercampagne.net\/?p=29288"},"wordCount":449,"image":{"@id":"https:\/\/www.altercampagne.net\/?p=29288#primaryimage"},"thumbnailUrl":"https:\/\/www.altercampagne.net\/wp-content\/uploads\/2025\/08\/5.jpg","articleSection":["\u00c9dition 2025","Alimentation","Environnement","Lutte","Occitanie","Social"],"inLanguage":"fr-FR"},{"@type":"WebPage","@id":"https:\/\/www.altercampagne.net\/?p=29288","url":"https:\/\/www.altercampagne.net\/?p=29288","name":"Un coup de klaxon contre la loi Duplomb - AlterTour","isPartOf":{"@id":"https:\/\/www.altercampagne.net\/#website"},"primaryImageOfPage":{"@id":"https:\/\/www.altercampagne.net\/?p=29288#primaryimage"},"image":{"@id":"https:\/\/www.altercampagne.net\/?p=29288#primaryimage"},"thumbnailUrl":"https:\/\/www.altercampagne.net\/wp-content\/uploads\/2025\/08\/5.jpg","datePublished":"2025-08-14T19:58:18+00:00","author":{"@id":"https:\/\/www.altercampagne.net\/#\/schema\/person\/dcee38da6bc36259ec4de60e71e4d2ac"},"breadcrumb":{"@id":"https:\/\/www.altercampagne.net\/?p=29288#breadcrumb"},"inLanguage":"fr-FR","potentialAction":[{"@type":"ReadAction","target":["https:\/\/www.altercampagne.net\/?p=29288"]}]},{"@type":"ImageObject","inLanguage":"fr-FR","@id":"https:\/\/www.altercampagne.net\/?p=29288#primaryimage","url":"https:\/\/www.altercampagne.net\/wp-content\/uploads\/2025\/08\/5.jpg","contentUrl":"https:\/\/www.altercampagne.net\/wp-content\/uploads\/2025\/08\/5.jpg","width":270,"height":360},{"@type":"BreadcrumbList","@id":"https:\/\/www.altercampagne.net\/?p=29288#breadcrumb","itemListElement":[{"@type":"ListItem","position":1,"name":"Accueil","item":"https:\/\/www.altercampagne.net\/"},{"@type":"ListItem","position":2,"name":"Un coup de klaxon contre la loi Duplomb"}]},{"@type":"WebSite","@id":"https:\/\/www.altercampagne.net\/#website","url":"https:\/\/www.altercampagne.net\/","name":"AlterTour","description":"Reliez les Alternatives \u00e0 v\u00e9lo","potentialAction":[{"@type":"SearchAction","target":{"@type":"EntryPoint","urlTemplate":"https:\/\/www.altercampagne.net\/?s={search_term_string}"},"query-input":{"@type":"PropertyValueSpecification","valueRequired":true,"valueName":"search_term_string"}}],"inLanguage":"fr-FR"},{"@type":"Person","@id":"https:\/\/www.altercampagne.net\/#\/schema\/person\/dcee38da6bc36259ec4de60e71e4d2ac","name":"Cl\u00e9ment Baril","image":{"@type":"ImageObject","inLanguage":"fr-FR","@id":"https:\/\/secure.gravatar.com\/avatar\/f40bbb8c399c37f9bf4c721d1e115a86ae4bdb28f2dd97bb73a36f1dde76e122?s=96&d=mm&r=g","url":"https:\/\/secure.gravatar.com\/avatar\/f40bbb8c399c37f9bf4c721d1e115a86ae4bdb28f2dd97bb73a36f1dde76e122?s=96&d=mm&r=g","contentUrl":"https:\/\/secure.gravatar.com\/avatar\/f40bbb8c399c37f9bf4c721d1e115a86ae4bdb28f2dd97bb73a36f1dde76e122?s=96&d=mm&r=g","caption":"Cl\u00e9ment Baril"},"url":"https:\/\/www.altercampagne.net\/?author=403"}]}},"_links":{"self":[{"href":"https:\/\/www.altercampagne.net\/index.php?rest_route=\/wp\/v2\/posts\/29288","targetHints":{"allow":["GET"]}}],"collection":[{"href":"https:\/\/www.altercampagne.net\/index.php?rest_route=\/wp\/v2\/posts"}],"about":[{"href":"https:\/\/www.altercampagne.net\/index.php?rest_route=\/wp\/v2\/types\/post"}],"author":[{"embeddable":true,"href":"https:\/\/www.altercampagne.net\/index.php?rest_route=\/wp\/v2\/users\/403"}],"replies":[{"embeddable":true,"href":"https:\/\/www.altercampagne.net\/index.php?rest_route=%2Fwp%2Fv2%2Fcomments&post=29288"}],"version-history":[{"count":1,"href":"https:\/\/www.altercampagne.net\/index.php?rest_route=\/wp\/v2\/posts\/29288\/revisions"}],"predecessor-version":[{"id":29294,"href":"https:\/\/www.altercampagne.net\/index.php?rest_route=\/wp\/v2\/posts\/29288\/revisions\/29294"}],"wp:featuredmedia":[{"embeddable":true,"href":"https:\/\/www.altercampagne.net\/index.php?rest_route=\/wp\/v2\/media\/29289"}],"wp:attachment":[{"href":"https:\/\/www.altercampagne.net\/index.php?rest_route=%2Fwp%2Fv2%2Fmedia&parent=29288"}],"wp:term":[{"taxonomy":"category","embeddable":true,"href":"https:\/\/www.altercampagne.net\/index.php?rest_route=%2Fwp%2Fv2%2Fcategories&post=29288"},{"taxonomy":"post_tag","embeddable":true,"href":"https:\/\/www.altercampagne.net\/index.php?rest_route=%2Fwp%2Fv2%2Ftags&post=29288"}],"curies":[{"name":"wp","href":"https:\/\/api.w.org\/{rel}","templated":true}]}}