{"id":29345,"date":"2025-08-26T15:21:41","date_gmt":"2025-08-26T13:21:41","guid":{"rendered":"https:\/\/www.altercampagne.net\/?p=29345"},"modified":"2025-08-27T20:27:50","modified_gmt":"2025-08-27T18:27:50","slug":"dans-la-vallee-dargeles-gazost-restauration-ecologique-de-berges-monnaie-locale-et-accueil-citoyen-de-mineurs-non-accompagnes","status":"publish","type":"post","link":"https:\/\/www.altercampagne.net\/?p=29345","title":{"rendered":"Dans la vall\u00e9e d\u2019Argel\u00e8s-Gazost, restauration \u00e9cologique de berges, monnaie locale et accueil citoyen de mineurs non accompagn\u00e9s"},"content":{"rendered":"\n<p>En cette matin\u00e9e du 18 ao\u00fbt, les altercyclistes quittent <a href=\"https:\/\/inscriptions.altercampagne.net\/alternative\/les-jardins-de-laigue-vive\">les Jardins d\u2019Aigue Vive<\/a> perch\u00e9s sur les hauteurs de S\u00e9gus en d\u00e9valant les pentes (enfin!) rafra\u00eechies par la bruine, pour suivre le Gave de Pau.<\/p>\n\n\n\n<p>Sur la commune d\u2019Agos-Vidalos, au pied de l\u2019imposant massif du Pibeste, la s\u00e9cheresse prolong\u00e9e de cet \u00e9t\u00e9 donne aux arbres une couleur d\u00e9j\u00e0 automnale, et le niveau de l\u2019eau est \u00e0 un niveau particuli\u00e8rement bas. La rivi\u00e8re serpente tout de m\u00eame avec un d\u00e9bit plut\u00f4t rapide en dessinant des lacets capricieux entre des bandes de galets qui affleurent dans son lit.<\/p>\n\n\n\n<figure class=\"wp-block-image size-large\"><a href=\"https:\/\/www.altercampagne.net\/wp-content\/uploads\/2025\/08\/1-Eco-altitudes-1400px.jpg\"><img loading=\"lazy\" decoding=\"async\" width=\"1024\" height=\"759\" src=\"https:\/\/www.altercampagne.net\/wp-content\/uploads\/2025\/08\/1-Eco-altitudes-1400px-1024x759.jpg\" alt=\"\" class=\"wp-image-29346\" srcset=\"https:\/\/www.altercampagne.net\/wp-content\/uploads\/2025\/08\/1-Eco-altitudes-1400px-1024x759.jpg 1024w, https:\/\/www.altercampagne.net\/wp-content\/uploads\/2025\/08\/1-Eco-altitudes-1400px-300x222.jpg 300w, https:\/\/www.altercampagne.net\/wp-content\/uploads\/2025\/08\/1-Eco-altitudes-1400px-768x569.jpg 768w, https:\/\/www.altercampagne.net\/wp-content\/uploads\/2025\/08\/1-Eco-altitudes-1400px-100x74.jpg 100w, https:\/\/www.altercampagne.net\/wp-content\/uploads\/2025\/08\/1-Eco-altitudes-1400px-862x639.jpg 862w, https:\/\/www.altercampagne.net\/wp-content\/uploads\/2025\/08\/1-Eco-altitudes-1400px-1140x845.jpg 1140w, https:\/\/www.altercampagne.net\/wp-content\/uploads\/2025\/08\/1-Eco-altitudes-1400px.jpg 1400w\" sizes=\"auto, (max-width: 1024px) 100vw, 1024px\" \/><\/a><\/figure>\n\n\n\n<p><strong>ECO-ALTITUDE restaure les berges du Gave de Pau<\/strong><\/p>\n\n\n\n<p>C\u2019est sur ces berges que, le temps d\u2019une halte, les altercyclistes rencontrent Kevin Liautaud, ing\u00e9nieur agronome au sein de la soci\u00e9t\u00e9 ECO-ALTITUDE. En face, l\u2019autre rive est bord\u00e9e de pr\u00e8s par la route d\u00e9partementale 13, tr\u00e8s passante. \u00ab\u00a0C\u2019est l\u00e0 qu\u2019en 2013, et \u00e9galement en amont \u00e0 Beaucens, des crues exceptionnelles ont d\u00e9tourn\u00e9 le cours de l\u2019eau, qui a emport\u00e9 une bonne partie d\u2019une vieille d\u00e9charge sauvage\u00a0\u00bb, se rappelle Kevin. Au total, ce sont 15 tonnes de d\u00e9chets inertes, 3 tonnes de ferraille et 2 tonnes de d\u00e9chets plastiques qui ont \u00e9t\u00e9 charri\u00e9s par les eaux tumultueuses du Gave de Pau.<\/p>\n\n\n\n<p>\u00ab\u00a0Depuis on a vu fr\u00e9quemment des d\u00e9chets enguirlander la v\u00e9g\u00e9tation des berges\u00a0\u00bb, d\u00e9plore l\u2019ing\u00e9nieur d\u2019ECO-ALTITUDE. Cette soci\u00e9t\u00e9 de g\u00e9nie \u00e9cologique, famili\u00e8re des interventions en montagne, a ici \u00e9t\u00e9 mandat\u00e9e pour concevoir la restauration \u00e9cologique des berges. \u00ab\u00a0Ce qui est classique, c\u2019est l\u2019enrochement des berges, mais l\u00e0 on a fait autrement\u00a0\u00bb, explique Kevin. Car le projet, <a href=\"https:\/\/www.ladepeche.fr\/2025\/01\/28\/un-chantier-exemplaire-et-experimental-de-renaturation-12474603.php\">r\u00e9alis\u00e9 en 8 mois entre 2024 et 2025 en coordination avec d\u2019autres soci\u00e9t\u00e9s<\/a>, a permis un travail de stabilisation et de v\u00e9g\u00e9talisation des berges.<\/p>\n\n\n\n<p>Pour ce faire, \u00ab&nbsp;nous avons proc\u00e9d\u00e9 \u00e0 un retalutage avec une remont\u00e9e douce du bord, pour d\u00e9vier l\u2019\u00e9nergie de l\u2019eau&nbsp;\u00bb, synth\u00e9tise Kevin. Le long du cours d\u2019eau, la structure est faite de fascines, grands pieux en acacia plant\u00e9s en quinconces, et de bois tress\u00e9 entre ces fascines.<\/p>\n\n\n\n<p>Vid\u00e9o du chantier (pour sa partie Beaucens)<\/p>\n\n\n\n<figure class=\"wp-block-embed is-type-video is-provider-youtube wp-block-embed-youtube wp-embed-aspect-16-9 wp-has-aspect-ratio\"><div class=\"wp-block-embed__wrapper\">\n<div class=\"x-resp-embed x-is-video x-is-youtube\"><iframe loading=\"lazy\" title=\"Restauration de berge du gave de Pau en g\u00e9nie v\u00e9g\u00e9tal \u00e0 Beaucens\" width=\"742\" height=\"417\" src=\"https:\/\/www.youtube.com\/embed\/HKTLw-KMEcg?feature=oembed\" frameborder=\"0\" allow=\"accelerometer; autoplay; clipboard-write; encrypted-media; gyroscope; picture-in-picture; web-share\" referrerpolicy=\"strict-origin-when-cross-origin\" allowfullscreen><\/iframe><\/div>\n<\/div><\/figure>\n\n\n\n<p>Des renforts perpendiculaires sous forme de boudins de saule stabilisent ces berges reconstitu\u00e9es. \u00ab&nbsp;Cet am\u00e9nagement doit faciliter l\u2019installation d\u2019une v\u00e9g\u00e9tation plus p\u00e9renne&nbsp;\u00bb, poursuit Kevin, dont la soci\u00e9t\u00e9 a privil\u00e9gi\u00e9 les saules <a href=\"https:\/\/fr.wikipedia.org\/wiki\/Salix_alba\">blanc<\/a> et <a href=\"https:\/\/fr.wikipedia.org\/wiki\/Salix_eleagnos\">drap\u00e9<\/a> ; ce dernier ayant la particularit\u00e9 de se coucher sans rompre lorsque les crues le contraignent.<\/p>\n\n\n\n<p>L\u2019espoir est d\u2019\u00e9viter aux berges de se recouvrir des essences envahissantes qui y prosp\u00e8rent et menacent les \u00e9cosyst\u00e8mes, comme la <a href=\"https:\/\/fr.wikipedia.org\/wiki\/Renou\u00e9e_du_Japon\">renou\u00e9e du Japon<\/a> ou la <a href=\"https:\/\/fr.wikipedia.org\/wiki\/Balsamine_de_l'Himalaya\">balsamine de&nbsp;l\u2019Himalaya<\/a>. Car la biodiversit\u00e9 locale comporte des animaux menac\u00e9s tels que la loutre, le martin-p\u00e9cheur ou encore le cincle plongeur. On leur souhaite de trouver prochainement un habitat accueillant sur les berges du Gave de Pau.<\/p>\n\n\n\n<figure class=\"wp-block-image size-large\"><a href=\"https:\/\/www.altercampagne.net\/wp-content\/uploads\/2025\/08\/2-Sonnante.jpg\"><img loading=\"lazy\" decoding=\"async\" width=\"1024\" height=\"1012\" src=\"https:\/\/www.altercampagne.net\/wp-content\/uploads\/2025\/08\/2-Sonnante-1024x1012.jpg\" alt=\"\" class=\"wp-image-29347\" srcset=\"https:\/\/www.altercampagne.net\/wp-content\/uploads\/2025\/08\/2-Sonnante-1024x1012.jpg 1024w, https:\/\/www.altercampagne.net\/wp-content\/uploads\/2025\/08\/2-Sonnante-300x296.jpg 300w, https:\/\/www.altercampagne.net\/wp-content\/uploads\/2025\/08\/2-Sonnante-768x759.jpg 768w, https:\/\/www.altercampagne.net\/wp-content\/uploads\/2025\/08\/2-Sonnante-100x99.jpg 100w, https:\/\/www.altercampagne.net\/wp-content\/uploads\/2025\/08\/2-Sonnante-862x852.jpg 862w, https:\/\/www.altercampagne.net\/wp-content\/uploads\/2025\/08\/2-Sonnante-1140x1126.jpg 1140w, https:\/\/www.altercampagne.net\/wp-content\/uploads\/2025\/08\/2-Sonnante.jpg 1154w\" sizes=\"auto, (max-width: 1024px) 100vw, 1024px\" \/><\/a><\/figure>\n\n\n\n<p><strong>La Sonnante relie les acteurs de l\u2019\u00e9conomie des Hautes-Pyr\u00e9n\u00e9es<\/strong><\/p>\n\n\n\n<p>Arriv\u00e9s \u00e0 Argel\u00e8s-Gazost, les altercyclistes d\u00e9jeunent \u00e0 l\u2019Espace de la gare, lieu hybride \u00e9tabli dans l\u2019ancienne gare. L\u00e0, Benjamin, b\u00e9n\u00e9vole de l\u2019association <a href=\"https:\/\/inscriptions.altercampagne.net\/alternative\/la-sonnante\">La Sonnante<\/a>, leur pr\u00e9sente la monnaie locale compl\u00e9mentaire de m\u00eame nom. Cet outil vise \u00e0 \u00ab&nbsp;capturer la valeur qui s\u2019\u00e9change sur le territoire du d\u00e9partement des Hautes-Pyr\u00e9n\u00e9es, \u00e0 faire des liens entre acteurs de l\u2019\u00e9conomie locale&nbsp;\u00bb, explique-t-il.<\/p>\n\n\n\n<p>Avec un taux de conversion d\u2019un euro pour une sonnante, et en \u00e9tant pleinement convertible en euros, les billets de la sonnante constituent moins une monnaie \u00e0 part enti\u00e8re qu\u2019un moyen de f\u00e9d\u00e9rer l\u2019\u00e9cosyst\u00e8me local des Hautes-Pyr\u00e9n\u00e9es. Revendiquant 180 adh\u00e9rents, l\u2019association r\u00e9unit 80 commer\u00e7ants qui l\u2019acceptent donc pour leurs transactions. Plus de 20.000 \u20ac de sonnante sont ainsi en circulation. \u00ab&nbsp;Il y a 6 b\u00e9n\u00e9voles dans la vall\u00e9e qui \u0153uvrent \u00e0 d\u00e9velopper le r\u00e9seau&nbsp;\u00bb, d\u00e9taille-t-il.<\/p>\n\n\n\n<p>L\u2019ambition du projet est \u00e0 la fois sociale \/ solidaire, locale, \u00e9conomique (en favorisant l\u2019\u00e9conomie r\u00e9elle contre la sp\u00e9culation) et \u00e9cologique. Mais comment s\u2019assurer que les commer\u00e7ants partie prenante sont coh\u00e9rents vis-\u00e0-vis de ces objectifs&nbsp;? Alain Masy,&nbsp;membre de la direction coll\u00e9giale de La sonnante, se rappelle qu\u2019au d\u00e9part, l\u2019association pr\u00e9voyait d\u2019attribuer des notes sur ces 4 objectifs pour statuer. \u00ab&nbsp;Mais on ne l\u2019a jamais fait, ce n\u2019\u00e9tait pas n\u00e9cessaire&nbsp;\u00bb, seuls les convaincus par ces valeurs rejoignant la d\u00e9marche.<\/p>\n\n\n\n<p>Cela ne signifie pas que l\u2019adh\u00e9sion de tous les commer\u00e7ants va de soi. Le cas de Biocoop a par exemple suscit\u00e9 des d\u00e9bats. \u00ab&nbsp;Certains, notamment des mara\u00eechers fournisseurs de Biocoop, \u00e9taient pour&nbsp;; d\u2019autres \u00e9taient contre, parce que Biocoop \u00e9tant une entreprise nationale, ce n\u2019est pas tr\u00e8s local, avec le risque de dumping inh\u00e9rent aux grandes enseignes de distribution&nbsp;\u00bb, se rem\u00e9more Alain.<\/p>\n\n\n\n<p>Au final la Biocoop joue un r\u00f4le essentiel pour permettre d\u2019\u00e9couler les sonnantes de ses d\u00e9tenteurs, observe-t-il.<\/p>\n\n\n\n<figure class=\"wp-block-image size-large\"><a href=\"https:\/\/www.altercampagne.net\/wp-content\/uploads\/2025\/08\/3-foot-AlterCampagne-3a.jpg\"><img loading=\"lazy\" decoding=\"async\" width=\"1024\" height=\"461\" src=\"https:\/\/www.altercampagne.net\/wp-content\/uploads\/2025\/08\/3-foot-AlterCampagne-3a-1024x461.jpg\" alt=\"\" class=\"wp-image-29348\" srcset=\"https:\/\/www.altercampagne.net\/wp-content\/uploads\/2025\/08\/3-foot-AlterCampagne-3a-1024x461.jpg 1024w, https:\/\/www.altercampagne.net\/wp-content\/uploads\/2025\/08\/3-foot-AlterCampagne-3a-300x135.jpg 300w, https:\/\/www.altercampagne.net\/wp-content\/uploads\/2025\/08\/3-foot-AlterCampagne-3a-768x346.jpg 768w, https:\/\/www.altercampagne.net\/wp-content\/uploads\/2025\/08\/3-foot-AlterCampagne-3a-1536x691.jpg 1536w, https:\/\/www.altercampagne.net\/wp-content\/uploads\/2025\/08\/3-foot-AlterCampagne-3a-100x45.jpg 100w, https:\/\/www.altercampagne.net\/wp-content\/uploads\/2025\/08\/3-foot-AlterCampagne-3a-862x388.jpg 862w, https:\/\/www.altercampagne.net\/wp-content\/uploads\/2025\/08\/3-foot-AlterCampagne-3a-1140x513.jpg 1140w, https:\/\/www.altercampagne.net\/wp-content\/uploads\/2025\/08\/3-foot-AlterCampagne-3a.jpg 2040w\" sizes=\"auto, (max-width: 1024px) 100vw, 1024px\" \/><\/a><\/figure>\n\n\n\n<p><strong>Avec Association Accueil Azun, le val d\u2019Azun a son alternative au narratif antimigratoire<\/strong><\/p>\n\n\n\n<p>Marianne Populer, co-pr\u00e9sidente de <a href=\"https:\/\/inscriptions.altercampagne.net\/alternative\/3a-association-accueil-azun\">\u00ab&nbsp;3A&nbsp;\u00bb, pour Association Accueil Azun<\/a>, prend \u00e0 son tour la parole devant les altercyclistes. \u00ab&nbsp;On a l\u2019impression de faire quelque chose de concret&nbsp;\u00bb, d\u00e9clare-t-elle. Et pour cause&nbsp;: les b\u00e9n\u00e9voles de 3A accueillent \u00e0 tour de r\u00f4le des personnes migrantes&nbsp;: quelques familles et surtout de nombreux mineurs non accompagn\u00e9s, \u00e0 tout de r\u00f4le&nbsp;: \u00ab&nbsp;L\u2019association g\u00e8re les plannings, il y a une rotation chaque semaine&nbsp;\u00bb, d\u00e9taille-t-elle.<\/p>\n\n\n\n<p>L\u2019association accompagne \u00e9galement les personnes dans leurs d\u00e9marches, et notamment aupr\u00e8s des mineurs, pour obtenir l\u2019acte de naissance et ainsi la pr\u00e9cieuse reconnaissance de minorit\u00e9. Avec ensuite la gestion de la scolarisation (financement des inscriptions, de la cantine, de l\u2019internat \u00e9ventuel, etc.), l\u2019association prenant le r\u00f4le de tuteur l\u00e9gal de ces mineurs. \u00ab&nbsp;On fait le boulot que l\u2019\u00c9tat ne fait plus&nbsp;\u00bb, d\u00e9plore Marianne.<\/p>\n\n\n\n<p>Une fa\u00e7on d\u2019all\u00e9ger l\u2019engagement des 40 familles accueillantes, qui h\u00e9bergent, soignent et nourrissent leurs h\u00f4tes. \u00ab&nbsp;Tout est parti d\u2019une r\u00e9action aux a priori racistes que nous entendions au moment de la guerre en Syrie&nbsp;\u00bb, se rappelle Marianne. \u00ab&nbsp;Nous souhaitions accueillir une famille, puis peu \u00e0 peu l\u2019association s\u2019est structur\u00e9e&nbsp;\u00bb, r\u00e9sume-t-elle.<\/p>\n\n\n\n<p>Principalement originaires d\u2019Afrique de l\u2019Ouest (Guin\u00e9e Conakry, Mali, Ghana) ou centrale (Congo), voire d\u2019Arm\u00e9nie pour quelques familles, ces migrants sont g\u00e9n\u00e9ralement pass\u00e9s par l\u2019Espagne. \u00ab&nbsp;Les policiers espagnols leur indiquent volontiers la direction de Barcelone, puis des cars pour la France, et plusieurs d\u00e9barquent ainsi \u00e0 Tarbes&nbsp;\u00bb, explique-t-elle.<\/p>\n\n\n\n<p>Le plus souvent, c\u2019est la Cimade qui oriente ces jeunes vers 3A, ou bien l\u2019Aide sociale \u00e0 l\u2019enfance. Une dame \u00e0 Tarbes, habitu\u00e9e des maraudes, met r\u00e9guli\u00e8rement elle aussi des jeunes en lien avec l\u2019association.<\/p>\n\n\n\n<p>\u00ab&nbsp;Je crois que c\u2019est plus facile d\u2019avoir ses papiers \u00e0 Tarbes&nbsp;\u00bb, suppose Marianne, par contraste avec les services des pr\u00e9fectures en \u00cele-de-France. Un argument qui fait mouche, et convainc la petite dizaine de personnes accueillies de rester.<\/p>\n\n\n\n<p>A partir de l\u00e0, l\u2019association organise \u00e9galement diverses animations avec ces jeunes et les habitants des villes et villages de la vall\u00e9e, en lien avec l\u2019\u00e9cosyst\u00e8me associatif local. Chaque trimestre, se tiennent ainsi des auberges du monde. Juste apr\u00e8s cette pr\u00e9sentation de Marianne, les altercyclistes ont m\u00eame \u00e9t\u00e9 invit\u00e9s \u00e0 prendre part \u00e0 un match de football avec les jeunes accueillis de 3A, auquel se sont joints des membres d\u2019autres associations et des jeunes habitants d\u2019Argel\u00e8s-Gazost, attir\u00e9s par l\u2019\u00e9v\u00e9nement. On a ensuite retrouv\u00e9s ces m\u00eames jeunes derri\u00e8re les stands de la Sonnante \u00e0 l\u2019occasion du festival \/ concert organis\u00e9 au parc thermal de la ville.<\/p>\n\n\n\n<p>Ce qui permet \u00e0 Marianne de dire que 3A fait bien plus que de l\u2019accueil et de l\u2019animation, et est m\u00eame \u00ab&nbsp;une alternative \u00e0 la politique discriminatoire de Bruno Retailleau et de son gouvernement, de la x\u00e9nophobie ambiante instrumentalis\u00e9e pour d\u00e9tourner l\u2019attention des gens des vrais probl\u00e8mes&nbsp;\u00bb.<\/p>\n","protected":false},"excerpt":{"rendered":"<p>En cette matin\u00e9e du 18 ao\u00fbt, les altercyclistes quittent les Jardins d\u2019Aigue Vive perch\u00e9s sur les hauteurs de S\u00e9gus en d\u00e9valant les pentes (enfin!) rafra\u00eechies par la bruine, pour suivre le Gave de Pau. Sur la commune d\u2019Agos-Vidalos, au pied de l\u2019imposant massif du Pibeste, la s\u00e9cheresse prolong\u00e9e de cet &#8230; <\/p>\n<div><a href=\"https:\/\/www.altercampagne.net\/?p=29345\" class=\"more-link\">Read More<\/a><\/div>\n","protected":false},"author":403,"featured_media":29348,"comment_status":"closed","ping_status":"closed","sticky":false,"template":"","format":"standard","meta":{"footnotes":""},"categories":[4511,3486,3480,3488],"tags":[],"class_list":["post-29345","post","type-post","status-publish","format-standard","has-post-thumbnail","hentry","category-edition-2025","category-environnement","category-occitanie","category-social"],"yoast_head":"<!-- This site is optimized with the Yoast SEO plugin v27.3 - https:\/\/yoast.com\/product\/yoast-seo-wordpress\/ -->\n<title>Dans la vall\u00e9e d\u2019Argel\u00e8s-Gazost, restauration \u00e9cologique de berges, monnaie locale et accueil citoyen de mineurs non accompagn\u00e9s - AlterTour<\/title>\n<meta name=\"robots\" content=\"index, follow, max-snippet:-1, max-image-preview:large, max-video-preview:-1\" \/>\n<link rel=\"canonical\" href=\"https:\/\/www.altercampagne.net\/?p=29345\" \/>\n<meta property=\"og:locale\" content=\"fr_FR\" \/>\n<meta property=\"og:type\" content=\"article\" \/>\n<meta property=\"og:title\" content=\"Dans la vall\u00e9e d\u2019Argel\u00e8s-Gazost, restauration \u00e9cologique de berges, monnaie locale et accueil citoyen de mineurs non accompagn\u00e9s - AlterTour\" \/>\n<meta property=\"og:description\" content=\"En cette matin\u00e9e du 18 ao\u00fbt, les altercyclistes quittent les Jardins d\u2019Aigue Vive perch\u00e9s sur les hauteurs de S\u00e9gus en d\u00e9valant les pentes (enfin!) rafra\u00eechies par la bruine, pour suivre le Gave de Pau. Sur la commune d\u2019Agos-Vidalos, au pied de l\u2019imposant massif du Pibeste, la s\u00e9cheresse prolong\u00e9e de cet ... Read More\" \/>\n<meta property=\"og:url\" content=\"https:\/\/www.altercampagne.net\/?p=29345\" \/>\n<meta property=\"og:site_name\" content=\"AlterTour\" \/>\n<meta property=\"article:published_time\" content=\"2025-08-26T13:21:41+00:00\" \/>\n<meta property=\"article:modified_time\" content=\"2025-08-27T18:27:50+00:00\" \/>\n<meta property=\"og:image\" content=\"https:\/\/www.altercampagne.net\/wp-content\/uploads\/2025\/08\/3-foot-AlterCampagne-3a.jpg\" \/>\n\t<meta property=\"og:image:width\" content=\"2040\" \/>\n\t<meta property=\"og:image:height\" content=\"918\" \/>\n\t<meta property=\"og:image:type\" content=\"image\/jpeg\" \/>\n<meta name=\"author\" content=\"Cl\u00e9ment Baril\" \/>\n<meta name=\"twitter:card\" content=\"summary_large_image\" \/>\n<meta name=\"twitter:label1\" content=\"\u00c9crit par\" \/>\n\t<meta name=\"twitter:data1\" content=\"Cl\u00e9ment Baril\" \/>\n\t<meta name=\"twitter:label2\" content=\"Dur\u00e9e de lecture estim\u00e9e\" \/>\n\t<meta name=\"twitter:data2\" content=\"8 minutes\" \/>\n<script type=\"application\/ld+json\" class=\"yoast-schema-graph\">{\"@context\":\"https:\\\/\\\/schema.org\",\"@graph\":[{\"@type\":\"Article\",\"@id\":\"https:\\\/\\\/www.altercampagne.net\\\/?p=29345#article\",\"isPartOf\":{\"@id\":\"https:\\\/\\\/www.altercampagne.net\\\/?p=29345\"},\"author\":{\"name\":\"Cl\u00e9ment Baril\",\"@id\":\"https:\\\/\\\/www.altercampagne.net\\\/#\\\/schema\\\/person\\\/dcee38da6bc36259ec4de60e71e4d2ac\"},\"headline\":\"Dans la vall\u00e9e d\u2019Argel\u00e8s-Gazost, restauration \u00e9cologique de berges, monnaie locale et accueil citoyen de mineurs non accompagn\u00e9s\",\"datePublished\":\"2025-08-26T13:21:41+00:00\",\"dateModified\":\"2025-08-27T18:27:50+00:00\",\"mainEntityOfPage\":{\"@id\":\"https:\\\/\\\/www.altercampagne.net\\\/?p=29345\"},\"wordCount\":1470,\"image\":{\"@id\":\"https:\\\/\\\/www.altercampagne.net\\\/?p=29345#primaryimage\"},\"thumbnailUrl\":\"https:\\\/\\\/www.altercampagne.net\\\/wp-content\\\/uploads\\\/2025\\\/08\\\/3-foot-AlterCampagne-3a.jpg\",\"articleSection\":[\"\u00c9dition 2025\",\"Environnement\",\"Occitanie\",\"Social\"],\"inLanguage\":\"fr-FR\"},{\"@type\":\"WebPage\",\"@id\":\"https:\\\/\\\/www.altercampagne.net\\\/?p=29345\",\"url\":\"https:\\\/\\\/www.altercampagne.net\\\/?p=29345\",\"name\":\"Dans la vall\u00e9e d\u2019Argel\u00e8s-Gazost, restauration \u00e9cologique de berges, monnaie locale et accueil citoyen de mineurs non accompagn\u00e9s - AlterTour\",\"isPartOf\":{\"@id\":\"https:\\\/\\\/www.altercampagne.net\\\/#website\"},\"primaryImageOfPage\":{\"@id\":\"https:\\\/\\\/www.altercampagne.net\\\/?p=29345#primaryimage\"},\"image\":{\"@id\":\"https:\\\/\\\/www.altercampagne.net\\\/?p=29345#primaryimage\"},\"thumbnailUrl\":\"https:\\\/\\\/www.altercampagne.net\\\/wp-content\\\/uploads\\\/2025\\\/08\\\/3-foot-AlterCampagne-3a.jpg\",\"datePublished\":\"2025-08-26T13:21:41+00:00\",\"dateModified\":\"2025-08-27T18:27:50+00:00\",\"author\":{\"@id\":\"https:\\\/\\\/www.altercampagne.net\\\/#\\\/schema\\\/person\\\/dcee38da6bc36259ec4de60e71e4d2ac\"},\"breadcrumb\":{\"@id\":\"https:\\\/\\\/www.altercampagne.net\\\/?p=29345#breadcrumb\"},\"inLanguage\":\"fr-FR\",\"potentialAction\":[{\"@type\":\"ReadAction\",\"target\":[\"https:\\\/\\\/www.altercampagne.net\\\/?p=29345\"]}]},{\"@type\":\"ImageObject\",\"inLanguage\":\"fr-FR\",\"@id\":\"https:\\\/\\\/www.altercampagne.net\\\/?p=29345#primaryimage\",\"url\":\"https:\\\/\\\/www.altercampagne.net\\\/wp-content\\\/uploads\\\/2025\\\/08\\\/3-foot-AlterCampagne-3a.jpg\",\"contentUrl\":\"https:\\\/\\\/www.altercampagne.net\\\/wp-content\\\/uploads\\\/2025\\\/08\\\/3-foot-AlterCampagne-3a.jpg\",\"width\":2040,\"height\":918},{\"@type\":\"BreadcrumbList\",\"@id\":\"https:\\\/\\\/www.altercampagne.net\\\/?p=29345#breadcrumb\",\"itemListElement\":[{\"@type\":\"ListItem\",\"position\":1,\"name\":\"Accueil\",\"item\":\"https:\\\/\\\/www.altercampagne.net\\\/\"},{\"@type\":\"ListItem\",\"position\":2,\"name\":\"Dans la vall\u00e9e d\u2019Argel\u00e8s-Gazost, restauration \u00e9cologique de berges, monnaie locale et accueil citoyen de mineurs non accompagn\u00e9s\"}]},{\"@type\":\"WebSite\",\"@id\":\"https:\\\/\\\/www.altercampagne.net\\\/#website\",\"url\":\"https:\\\/\\\/www.altercampagne.net\\\/\",\"name\":\"AlterTour\",\"description\":\"Reliez les Alternatives \u00e0 v\u00e9lo\",\"potentialAction\":[{\"@type\":\"SearchAction\",\"target\":{\"@type\":\"EntryPoint\",\"urlTemplate\":\"https:\\\/\\\/www.altercampagne.net\\\/?s={search_term_string}\"},\"query-input\":{\"@type\":\"PropertyValueSpecification\",\"valueRequired\":true,\"valueName\":\"search_term_string\"}}],\"inLanguage\":\"fr-FR\"},{\"@type\":\"Person\",\"@id\":\"https:\\\/\\\/www.altercampagne.net\\\/#\\\/schema\\\/person\\\/dcee38da6bc36259ec4de60e71e4d2ac\",\"name\":\"Cl\u00e9ment Baril\",\"image\":{\"@type\":\"ImageObject\",\"inLanguage\":\"fr-FR\",\"@id\":\"https:\\\/\\\/secure.gravatar.com\\\/avatar\\\/f40bbb8c399c37f9bf4c721d1e115a86ae4bdb28f2dd97bb73a36f1dde76e122?s=96&d=mm&r=g\",\"url\":\"https:\\\/\\\/secure.gravatar.com\\\/avatar\\\/f40bbb8c399c37f9bf4c721d1e115a86ae4bdb28f2dd97bb73a36f1dde76e122?s=96&d=mm&r=g\",\"contentUrl\":\"https:\\\/\\\/secure.gravatar.com\\\/avatar\\\/f40bbb8c399c37f9bf4c721d1e115a86ae4bdb28f2dd97bb73a36f1dde76e122?s=96&d=mm&r=g\",\"caption\":\"Cl\u00e9ment Baril\"},\"url\":\"https:\\\/\\\/www.altercampagne.net\\\/?author=403\"}]}<\/script>\n<!-- \/ Yoast SEO plugin. -->","yoast_head_json":{"title":"Dans la vall\u00e9e d\u2019Argel\u00e8s-Gazost, restauration \u00e9cologique de berges, monnaie locale et accueil citoyen de mineurs non accompagn\u00e9s - AlterTour","robots":{"index":"index","follow":"follow","max-snippet":"max-snippet:-1","max-image-preview":"max-image-preview:large","max-video-preview":"max-video-preview:-1"},"canonical":"https:\/\/www.altercampagne.net\/?p=29345","og_locale":"fr_FR","og_type":"article","og_title":"Dans la vall\u00e9e d\u2019Argel\u00e8s-Gazost, restauration \u00e9cologique de berges, monnaie locale et accueil citoyen de mineurs non accompagn\u00e9s - AlterTour","og_description":"En cette matin\u00e9e du 18 ao\u00fbt, les altercyclistes quittent les Jardins d\u2019Aigue Vive perch\u00e9s sur les hauteurs de S\u00e9gus en d\u00e9valant les pentes (enfin!) rafra\u00eechies par la bruine, pour suivre le Gave de Pau. Sur la commune d\u2019Agos-Vidalos, au pied de l\u2019imposant massif du Pibeste, la s\u00e9cheresse prolong\u00e9e de cet ... Read More","og_url":"https:\/\/www.altercampagne.net\/?p=29345","og_site_name":"AlterTour","article_published_time":"2025-08-26T13:21:41+00:00","article_modified_time":"2025-08-27T18:27:50+00:00","og_image":[{"width":2040,"height":918,"url":"https:\/\/www.altercampagne.net\/wp-content\/uploads\/2025\/08\/3-foot-AlterCampagne-3a.jpg","type":"image\/jpeg"}],"author":"Cl\u00e9ment Baril","twitter_card":"summary_large_image","twitter_misc":{"\u00c9crit par":"Cl\u00e9ment Baril","Dur\u00e9e de lecture estim\u00e9e":"8 minutes"},"schema":{"@context":"https:\/\/schema.org","@graph":[{"@type":"Article","@id":"https:\/\/www.altercampagne.net\/?p=29345#article","isPartOf":{"@id":"https:\/\/www.altercampagne.net\/?p=29345"},"author":{"name":"Cl\u00e9ment Baril","@id":"https:\/\/www.altercampagne.net\/#\/schema\/person\/dcee38da6bc36259ec4de60e71e4d2ac"},"headline":"Dans la vall\u00e9e d\u2019Argel\u00e8s-Gazost, restauration \u00e9cologique de berges, monnaie locale et accueil citoyen de mineurs non accompagn\u00e9s","datePublished":"2025-08-26T13:21:41+00:00","dateModified":"2025-08-27T18:27:50+00:00","mainEntityOfPage":{"@id":"https:\/\/www.altercampagne.net\/?p=29345"},"wordCount":1470,"image":{"@id":"https:\/\/www.altercampagne.net\/?p=29345#primaryimage"},"thumbnailUrl":"https:\/\/www.altercampagne.net\/wp-content\/uploads\/2025\/08\/3-foot-AlterCampagne-3a.jpg","articleSection":["\u00c9dition 2025","Environnement","Occitanie","Social"],"inLanguage":"fr-FR"},{"@type":"WebPage","@id":"https:\/\/www.altercampagne.net\/?p=29345","url":"https:\/\/www.altercampagne.net\/?p=29345","name":"Dans la vall\u00e9e d\u2019Argel\u00e8s-Gazost, restauration \u00e9cologique de berges, monnaie locale et accueil citoyen de mineurs non accompagn\u00e9s - AlterTour","isPartOf":{"@id":"https:\/\/www.altercampagne.net\/#website"},"primaryImageOfPage":{"@id":"https:\/\/www.altercampagne.net\/?p=29345#primaryimage"},"image":{"@id":"https:\/\/www.altercampagne.net\/?p=29345#primaryimage"},"thumbnailUrl":"https:\/\/www.altercampagne.net\/wp-content\/uploads\/2025\/08\/3-foot-AlterCampagne-3a.jpg","datePublished":"2025-08-26T13:21:41+00:00","dateModified":"2025-08-27T18:27:50+00:00","author":{"@id":"https:\/\/www.altercampagne.net\/#\/schema\/person\/dcee38da6bc36259ec4de60e71e4d2ac"},"breadcrumb":{"@id":"https:\/\/www.altercampagne.net\/?p=29345#breadcrumb"},"inLanguage":"fr-FR","potentialAction":[{"@type":"ReadAction","target":["https:\/\/www.altercampagne.net\/?p=29345"]}]},{"@type":"ImageObject","inLanguage":"fr-FR","@id":"https:\/\/www.altercampagne.net\/?p=29345#primaryimage","url":"https:\/\/www.altercampagne.net\/wp-content\/uploads\/2025\/08\/3-foot-AlterCampagne-3a.jpg","contentUrl":"https:\/\/www.altercampagne.net\/wp-content\/uploads\/2025\/08\/3-foot-AlterCampagne-3a.jpg","width":2040,"height":918},{"@type":"BreadcrumbList","@id":"https:\/\/www.altercampagne.net\/?p=29345#breadcrumb","itemListElement":[{"@type":"ListItem","position":1,"name":"Accueil","item":"https:\/\/www.altercampagne.net\/"},{"@type":"ListItem","position":2,"name":"Dans la vall\u00e9e d\u2019Argel\u00e8s-Gazost, restauration \u00e9cologique de berges, monnaie locale et accueil citoyen de mineurs non accompagn\u00e9s"}]},{"@type":"WebSite","@id":"https:\/\/www.altercampagne.net\/#website","url":"https:\/\/www.altercampagne.net\/","name":"AlterTour","description":"Reliez les Alternatives \u00e0 v\u00e9lo","potentialAction":[{"@type":"SearchAction","target":{"@type":"EntryPoint","urlTemplate":"https:\/\/www.altercampagne.net\/?s={search_term_string}"},"query-input":{"@type":"PropertyValueSpecification","valueRequired":true,"valueName":"search_term_string"}}],"inLanguage":"fr-FR"},{"@type":"Person","@id":"https:\/\/www.altercampagne.net\/#\/schema\/person\/dcee38da6bc36259ec4de60e71e4d2ac","name":"Cl\u00e9ment Baril","image":{"@type":"ImageObject","inLanguage":"fr-FR","@id":"https:\/\/secure.gravatar.com\/avatar\/f40bbb8c399c37f9bf4c721d1e115a86ae4bdb28f2dd97bb73a36f1dde76e122?s=96&d=mm&r=g","url":"https:\/\/secure.gravatar.com\/avatar\/f40bbb8c399c37f9bf4c721d1e115a86ae4bdb28f2dd97bb73a36f1dde76e122?s=96&d=mm&r=g","contentUrl":"https:\/\/secure.gravatar.com\/avatar\/f40bbb8c399c37f9bf4c721d1e115a86ae4bdb28f2dd97bb73a36f1dde76e122?s=96&d=mm&r=g","caption":"Cl\u00e9ment Baril"},"url":"https:\/\/www.altercampagne.net\/?author=403"}]}},"_links":{"self":[{"href":"https:\/\/www.altercampagne.net\/index.php?rest_route=\/wp\/v2\/posts\/29345","targetHints":{"allow":["GET"]}}],"collection":[{"href":"https:\/\/www.altercampagne.net\/index.php?rest_route=\/wp\/v2\/posts"}],"about":[{"href":"https:\/\/www.altercampagne.net\/index.php?rest_route=\/wp\/v2\/types\/post"}],"author":[{"embeddable":true,"href":"https:\/\/www.altercampagne.net\/index.php?rest_route=\/wp\/v2\/users\/403"}],"replies":[{"embeddable":true,"href":"https:\/\/www.altercampagne.net\/index.php?rest_route=%2Fwp%2Fv2%2Fcomments&post=29345"}],"version-history":[{"count":2,"href":"https:\/\/www.altercampagne.net\/index.php?rest_route=\/wp\/v2\/posts\/29345\/revisions"}],"predecessor-version":[{"id":29351,"href":"https:\/\/www.altercampagne.net\/index.php?rest_route=\/wp\/v2\/posts\/29345\/revisions\/29351"}],"wp:featuredmedia":[{"embeddable":true,"href":"https:\/\/www.altercampagne.net\/index.php?rest_route=\/wp\/v2\/media\/29348"}],"wp:attachment":[{"href":"https:\/\/www.altercampagne.net\/index.php?rest_route=%2Fwp%2Fv2%2Fmedia&parent=29345"}],"wp:term":[{"taxonomy":"category","embeddable":true,"href":"https:\/\/www.altercampagne.net\/index.php?rest_route=%2Fwp%2Fv2%2Fcategories&post=29345"},{"taxonomy":"post_tag","embeddable":true,"href":"https:\/\/www.altercampagne.net\/index.php?rest_route=%2Fwp%2Fv2%2Ftags&post=29345"}],"curies":[{"name":"wp","href":"https:\/\/api.w.org\/{rel}","templated":true}]}}