{"id":29354,"date":"2025-09-03T10:38:00","date_gmt":"2025-09-03T08:38:00","guid":{"rendered":"https:\/\/www.altercampagne.net\/?p=29354"},"modified":"2025-09-03T11:46:51","modified_gmt":"2025-09-03T09:46:51","slug":"laltertour-sinvite-a-la-maison","status":"publish","type":"post","link":"https:\/\/www.altercampagne.net\/?p=29354","title":{"rendered":"L&rsquo;Altertour s&rsquo;invite \u00e0 la Maison"},"content":{"rendered":"\n<p>En cette chaude matin\u00e9e d&rsquo;ao\u00fbt, nos cyclistes quittent le Ch\u00e2teau de Scopon et la lutte de l&rsquo;A69. Un grand merci \u00e0 Bernard, propri\u00e9taire du Ch\u00e2teau et \u00e0 Alain de la Voie est Libre pour nous avoir accueillis et pr\u00e9sent\u00e9 le combat contre l&rsquo;autoroute. Force et courage pour la suite de la lutte ! <\/p>\n\n\n\n<figure class=\"wp-block-image size-large\"><a href=\"https:\/\/www.altercampagne.net\/wp-content\/uploads\/2025\/09\/1000012018-scaled.jpg\"><img loading=\"lazy\" decoding=\"async\" width=\"1024\" height=\"768\" src=\"https:\/\/www.altercampagne.net\/wp-content\/uploads\/2025\/09\/1000012018-1024x768.jpg\" alt=\"\" class=\"wp-image-29355\" srcset=\"https:\/\/www.altercampagne.net\/wp-content\/uploads\/2025\/09\/1000012018-1024x768.jpg 1024w, https:\/\/www.altercampagne.net\/wp-content\/uploads\/2025\/09\/1000012018-300x225.jpg 300w, https:\/\/www.altercampagne.net\/wp-content\/uploads\/2025\/09\/1000012018-768x576.jpg 768w, https:\/\/www.altercampagne.net\/wp-content\/uploads\/2025\/09\/1000012018-1536x1152.jpg 1536w, https:\/\/www.altercampagne.net\/wp-content\/uploads\/2025\/09\/1000012018-2048x1536.jpg 2048w, https:\/\/www.altercampagne.net\/wp-content\/uploads\/2025\/09\/1000012018-100x75.jpg 100w, https:\/\/www.altercampagne.net\/wp-content\/uploads\/2025\/09\/1000012018-862x647.jpg 862w, https:\/\/www.altercampagne.net\/wp-content\/uploads\/2025\/09\/1000012018-1140x855.jpg 1140w\" sizes=\"auto, (max-width: 1024px) 100vw, 1024px\" \/><\/a><\/figure>\n\n\n\n<p>Nous partons \u00e0 l&rsquo;aube pour \u00e9viter une \u00e9ventuelle pr\u00e9sence polici\u00e8re (finalement inexistante, c&rsquo;est les vacances par l\u00e0 aussi) et un soleil de plomb (qui lui \u00e9tait au rendez-vous). Nous mettons le cap vers Toulouse, cit\u00e9 radieuse, capitale de la chocolatine et coeur effervescent des alternatives dans le Sud Ouest (oups, la n\u00e9otoulousaine en moi s&#8217;emballe&#8230;).&nbsp;<\/p>\n\n\n\n<p>Nous sommes accueillis pour deux jours par le Collectif La Maison \u00e0 Ramonville-Saint Agne qui h\u00e9berge depuis 2015 pl\u00e9thore d&rsquo;initiatives et associations.<\/p>\n\n\n\n<p>Ici travaillent et militent ensemble les Amis de la terre (association de lutte pour la pr\u00e9servation de l&rsquo;environnement, Totocar (bus mutualis\u00e9 pour les associations et acteurs de l&rsquo;ESS), Caracole (laboratoire d&rsquo;exp\u00e9rimentation du \u00ab\u00a0vivre ensemble\u00a0\u00bb qui est un des acteurs cl\u00e9s de la s\u00e9curit\u00e9 sociale alimentaire de Toulouse), Archcrowd (fabrication d&rsquo;h\u00e9bergement d&rsquo;urgence \u00e0 partir de palettes) pour n&rsquo;en citer que quelques uns &#8230;&nbsp;<\/p>\n\n\n\n<p>Pour d\u00e9couvrir toutes les chouettes initiatives h\u00e9berg\u00e9es par la Maison c&rsquo;est par ici !<\/p>\n\n\n\n<figure class=\"wp-block-image size-large\"><a href=\"https:\/\/www.altercampagne.net\/wp-content\/uploads\/2025\/09\/1756832008092-scaled.jpg\"><img loading=\"lazy\" decoding=\"async\" width=\"768\" height=\"1024\" src=\"https:\/\/www.altercampagne.net\/wp-content\/uploads\/2025\/09\/1756832008092-768x1024.jpg\" alt=\"\" class=\"wp-image-29357\" srcset=\"https:\/\/www.altercampagne.net\/wp-content\/uploads\/2025\/09\/1756832008092-768x1024.jpg 768w, https:\/\/www.altercampagne.net\/wp-content\/uploads\/2025\/09\/1756832008092-225x300.jpg 225w, https:\/\/www.altercampagne.net\/wp-content\/uploads\/2025\/09\/1756832008092-1152x1536.jpg 1152w, https:\/\/www.altercampagne.net\/wp-content\/uploads\/2025\/09\/1756832008092-1536x2048.jpg 1536w, https:\/\/www.altercampagne.net\/wp-content\/uploads\/2025\/09\/1756832008092-100x133.jpg 100w, https:\/\/www.altercampagne.net\/wp-content\/uploads\/2025\/09\/1756832008092-862x1149.jpg 862w, https:\/\/www.altercampagne.net\/wp-content\/uploads\/2025\/09\/1756832008092-1140x1520.jpg 1140w, https:\/\/www.altercampagne.net\/wp-content\/uploads\/2025\/09\/1756832008092-scaled.jpg 1920w\" sizes=\"auto, (max-width: 768px) 100vw, 768px\" \/><\/a><\/figure>\n\n\n\n<p>On termine par un petit folk au CALM. Le CALM ? C&rsquo;est le bar associatif du collectif qui accueille soir\u00e9es festives, sc\u00e8nes ouvertes et r\u00e9sidences artistiques. On me chuchote dans l&rsquo;oreille qu&rsquo;un grand chapiteau vient d&rsquo;\u00eatre install\u00e9 et pourra accueillir des artistes \u00e0 la rentr\u00e9e de septembre.<\/p>\n\n\n\n<figure class=\"wp-block-image size-large\"><a href=\"https:\/\/www.altercampagne.net\/wp-content\/uploads\/2025\/09\/1756832008009-scaled.jpg\"><img loading=\"lazy\" decoding=\"async\" width=\"768\" height=\"1024\" src=\"https:\/\/www.altercampagne.net\/wp-content\/uploads\/2025\/09\/1756832008009-768x1024.jpg\" alt=\"\" class=\"wp-image-29356\" srcset=\"https:\/\/www.altercampagne.net\/wp-content\/uploads\/2025\/09\/1756832008009-768x1024.jpg 768w, https:\/\/www.altercampagne.net\/wp-content\/uploads\/2025\/09\/1756832008009-225x300.jpg 225w, https:\/\/www.altercampagne.net\/wp-content\/uploads\/2025\/09\/1756832008009-1152x1536.jpg 1152w, https:\/\/www.altercampagne.net\/wp-content\/uploads\/2025\/09\/1756832008009-1536x2048.jpg 1536w, https:\/\/www.altercampagne.net\/wp-content\/uploads\/2025\/09\/1756832008009-100x133.jpg 100w, https:\/\/www.altercampagne.net\/wp-content\/uploads\/2025\/09\/1756832008009-862x1149.jpg 862w, https:\/\/www.altercampagne.net\/wp-content\/uploads\/2025\/09\/1756832008009-1140x1520.jpg 1140w, https:\/\/www.altercampagne.net\/wp-content\/uploads\/2025\/09\/1756832008009-scaled.jpg 1920w\" sizes=\"auto, (max-width: 768px) 100vw, 768px\" \/><\/a><\/figure>\n\n\n\n<p><\/p>\n","protected":false},"excerpt":{"rendered":"<p>En cette chaude matin\u00e9e d&rsquo;ao\u00fbt, nos cyclistes quittent le Ch\u00e2teau de Scopon et la lutte de l&rsquo;A69. Un grand merci \u00e0 Bernard, propri\u00e9taire du Ch\u00e2teau et \u00e0 Alain de la Voie est Libre pour nous avoir accueillis et pr\u00e9sent\u00e9 le combat contre l&rsquo;autoroute. Force et courage pour la suite de &#8230; <\/p>\n<div><a href=\"https:\/\/www.altercampagne.net\/?p=29354\" class=\"more-link\">Read More<\/a><\/div>\n","protected":false},"author":403,"featured_media":29358,"comment_status":"closed","ping_status":"closed","sticky":false,"template":"","format":"standard","meta":{"footnotes":""},"categories":[4511,3486,3485,3542,3480,3540],"tags":[],"class_list":["post-29354","post","type-post","status-publish","format-standard","has-post-thumbnail","hentry","category-edition-2025","category-environnement","category-habitat","category-lutte","category-occitanie","category-transverse"],"yoast_head":"<!-- This site is optimized with the Yoast SEO plugin v27.3 - https:\/\/yoast.com\/product\/yoast-seo-wordpress\/ -->\n<title>L&#039;Altertour s&#039;invite \u00e0 la Maison - AlterTour<\/title>\n<meta name=\"robots\" content=\"index, follow, max-snippet:-1, max-image-preview:large, max-video-preview:-1\" \/>\n<link rel=\"canonical\" href=\"https:\/\/www.altercampagne.net\/?p=29354\" \/>\n<meta property=\"og:locale\" content=\"fr_FR\" \/>\n<meta property=\"og:type\" content=\"article\" \/>\n<meta property=\"og:title\" content=\"L&#039;Altertour s&#039;invite \u00e0 la Maison - AlterTour\" \/>\n<meta property=\"og:description\" content=\"En cette chaude matin\u00e9e d&rsquo;ao\u00fbt, nos cyclistes quittent le Ch\u00e2teau de Scopon et la lutte de l&rsquo;A69. Un grand merci \u00e0 Bernard, propri\u00e9taire du Ch\u00e2teau et \u00e0 Alain de la Voie est Libre pour nous avoir accueillis et pr\u00e9sent\u00e9 le combat contre l&rsquo;autoroute. Force et courage pour la suite de ... Read More\" \/>\n<meta property=\"og:url\" content=\"https:\/\/www.altercampagne.net\/?p=29354\" \/>\n<meta property=\"og:site_name\" content=\"AlterTour\" \/>\n<meta property=\"article:published_time\" content=\"2025-09-03T08:38:00+00:00\" \/>\n<meta property=\"article:modified_time\" content=\"2025-09-03T09:46:51+00:00\" \/>\n<meta property=\"og:image\" content=\"https:\/\/www.altercampagne.net\/wp-content\/uploads\/2025\/09\/1756832008132-scaled.jpg\" \/>\n\t<meta property=\"og:image:width\" content=\"1441\" \/>\n\t<meta property=\"og:image:height\" content=\"2560\" \/>\n\t<meta property=\"og:image:type\" content=\"image\/jpeg\" \/>\n<meta name=\"author\" content=\"Cl\u00e9ment Baril\" \/>\n<meta name=\"twitter:card\" content=\"summary_large_image\" \/>\n<meta name=\"twitter:label1\" content=\"\u00c9crit par\" \/>\n\t<meta name=\"twitter:data1\" content=\"Cl\u00e9ment Baril\" \/>\n\t<meta name=\"twitter:label2\" content=\"Dur\u00e9e de lecture estim\u00e9e\" \/>\n\t<meta name=\"twitter:data2\" content=\"3 minutes\" \/>\n<script type=\"application\/ld+json\" class=\"yoast-schema-graph\">{\"@context\":\"https:\\\/\\\/schema.org\",\"@graph\":[{\"@type\":\"Article\",\"@id\":\"https:\\\/\\\/www.altercampagne.net\\\/?p=29354#article\",\"isPartOf\":{\"@id\":\"https:\\\/\\\/www.altercampagne.net\\\/?p=29354\"},\"author\":{\"name\":\"Cl\u00e9ment Baril\",\"@id\":\"https:\\\/\\\/www.altercampagne.net\\\/#\\\/schema\\\/person\\\/dcee38da6bc36259ec4de60e71e4d2ac\"},\"headline\":\"L&rsquo;Altertour s&rsquo;invite \u00e0 la Maison\",\"datePublished\":\"2025-09-03T08:38:00+00:00\",\"dateModified\":\"2025-09-03T09:46:51+00:00\",\"mainEntityOfPage\":{\"@id\":\"https:\\\/\\\/www.altercampagne.net\\\/?p=29354\"},\"wordCount\":291,\"image\":{\"@id\":\"https:\\\/\\\/www.altercampagne.net\\\/?p=29354#primaryimage\"},\"thumbnailUrl\":\"https:\\\/\\\/www.altercampagne.net\\\/wp-content\\\/uploads\\\/2025\\\/09\\\/1756832008132-scaled.jpg\",\"articleSection\":[\"\u00c9dition 2025\",\"Environnement\",\"Habitat\",\"Lutte\",\"Occitanie\",\"Transverse\"],\"inLanguage\":\"fr-FR\"},{\"@type\":\"WebPage\",\"@id\":\"https:\\\/\\\/www.altercampagne.net\\\/?p=29354\",\"url\":\"https:\\\/\\\/www.altercampagne.net\\\/?p=29354\",\"name\":\"L'Altertour s'invite \u00e0 la Maison - AlterTour\",\"isPartOf\":{\"@id\":\"https:\\\/\\\/www.altercampagne.net\\\/#website\"},\"primaryImageOfPage\":{\"@id\":\"https:\\\/\\\/www.altercampagne.net\\\/?p=29354#primaryimage\"},\"image\":{\"@id\":\"https:\\\/\\\/www.altercampagne.net\\\/?p=29354#primaryimage\"},\"thumbnailUrl\":\"https:\\\/\\\/www.altercampagne.net\\\/wp-content\\\/uploads\\\/2025\\\/09\\\/1756832008132-scaled.jpg\",\"datePublished\":\"2025-09-03T08:38:00+00:00\",\"dateModified\":\"2025-09-03T09:46:51+00:00\",\"author\":{\"@id\":\"https:\\\/\\\/www.altercampagne.net\\\/#\\\/schema\\\/person\\\/dcee38da6bc36259ec4de60e71e4d2ac\"},\"breadcrumb\":{\"@id\":\"https:\\\/\\\/www.altercampagne.net\\\/?p=29354#breadcrumb\"},\"inLanguage\":\"fr-FR\",\"potentialAction\":[{\"@type\":\"ReadAction\",\"target\":[\"https:\\\/\\\/www.altercampagne.net\\\/?p=29354\"]}]},{\"@type\":\"ImageObject\",\"inLanguage\":\"fr-FR\",\"@id\":\"https:\\\/\\\/www.altercampagne.net\\\/?p=29354#primaryimage\",\"url\":\"https:\\\/\\\/www.altercampagne.net\\\/wp-content\\\/uploads\\\/2025\\\/09\\\/1756832008132-scaled.jpg\",\"contentUrl\":\"https:\\\/\\\/www.altercampagne.net\\\/wp-content\\\/uploads\\\/2025\\\/09\\\/1756832008132-scaled.jpg\",\"width\":1441,\"height\":2560},{\"@type\":\"BreadcrumbList\",\"@id\":\"https:\\\/\\\/www.altercampagne.net\\\/?p=29354#breadcrumb\",\"itemListElement\":[{\"@type\":\"ListItem\",\"position\":1,\"name\":\"Accueil\",\"item\":\"https:\\\/\\\/www.altercampagne.net\\\/\"},{\"@type\":\"ListItem\",\"position\":2,\"name\":\"L&rsquo;Altertour s&rsquo;invite \u00e0 la Maison\"}]},{\"@type\":\"WebSite\",\"@id\":\"https:\\\/\\\/www.altercampagne.net\\\/#website\",\"url\":\"https:\\\/\\\/www.altercampagne.net\\\/\",\"name\":\"AlterTour\",\"description\":\"Reliez les Alternatives \u00e0 v\u00e9lo\",\"potentialAction\":[{\"@type\":\"SearchAction\",\"target\":{\"@type\":\"EntryPoint\",\"urlTemplate\":\"https:\\\/\\\/www.altercampagne.net\\\/?s={search_term_string}\"},\"query-input\":{\"@type\":\"PropertyValueSpecification\",\"valueRequired\":true,\"valueName\":\"search_term_string\"}}],\"inLanguage\":\"fr-FR\"},{\"@type\":\"Person\",\"@id\":\"https:\\\/\\\/www.altercampagne.net\\\/#\\\/schema\\\/person\\\/dcee38da6bc36259ec4de60e71e4d2ac\",\"name\":\"Cl\u00e9ment Baril\",\"image\":{\"@type\":\"ImageObject\",\"inLanguage\":\"fr-FR\",\"@id\":\"https:\\\/\\\/secure.gravatar.com\\\/avatar\\\/f40bbb8c399c37f9bf4c721d1e115a86ae4bdb28f2dd97bb73a36f1dde76e122?s=96&d=mm&r=g\",\"url\":\"https:\\\/\\\/secure.gravatar.com\\\/avatar\\\/f40bbb8c399c37f9bf4c721d1e115a86ae4bdb28f2dd97bb73a36f1dde76e122?s=96&d=mm&r=g\",\"contentUrl\":\"https:\\\/\\\/secure.gravatar.com\\\/avatar\\\/f40bbb8c399c37f9bf4c721d1e115a86ae4bdb28f2dd97bb73a36f1dde76e122?s=96&d=mm&r=g\",\"caption\":\"Cl\u00e9ment Baril\"},\"url\":\"https:\\\/\\\/www.altercampagne.net\\\/?author=403\"}]}<\/script>\n<!-- \/ Yoast SEO plugin. -->","yoast_head_json":{"title":"L'Altertour s'invite \u00e0 la Maison - AlterTour","robots":{"index":"index","follow":"follow","max-snippet":"max-snippet:-1","max-image-preview":"max-image-preview:large","max-video-preview":"max-video-preview:-1"},"canonical":"https:\/\/www.altercampagne.net\/?p=29354","og_locale":"fr_FR","og_type":"article","og_title":"L'Altertour s'invite \u00e0 la Maison - AlterTour","og_description":"En cette chaude matin\u00e9e d&rsquo;ao\u00fbt, nos cyclistes quittent le Ch\u00e2teau de Scopon et la lutte de l&rsquo;A69. Un grand merci \u00e0 Bernard, propri\u00e9taire du Ch\u00e2teau et \u00e0 Alain de la Voie est Libre pour nous avoir accueillis et pr\u00e9sent\u00e9 le combat contre l&rsquo;autoroute. Force et courage pour la suite de ... Read More","og_url":"https:\/\/www.altercampagne.net\/?p=29354","og_site_name":"AlterTour","article_published_time":"2025-09-03T08:38:00+00:00","article_modified_time":"2025-09-03T09:46:51+00:00","og_image":[{"width":1441,"height":2560,"url":"https:\/\/www.altercampagne.net\/wp-content\/uploads\/2025\/09\/1756832008132-scaled.jpg","type":"image\/jpeg"}],"author":"Cl\u00e9ment Baril","twitter_card":"summary_large_image","twitter_misc":{"\u00c9crit par":"Cl\u00e9ment Baril","Dur\u00e9e de lecture estim\u00e9e":"3 minutes"},"schema":{"@context":"https:\/\/schema.org","@graph":[{"@type":"Article","@id":"https:\/\/www.altercampagne.net\/?p=29354#article","isPartOf":{"@id":"https:\/\/www.altercampagne.net\/?p=29354"},"author":{"name":"Cl\u00e9ment Baril","@id":"https:\/\/www.altercampagne.net\/#\/schema\/person\/dcee38da6bc36259ec4de60e71e4d2ac"},"headline":"L&rsquo;Altertour s&rsquo;invite \u00e0 la Maison","datePublished":"2025-09-03T08:38:00+00:00","dateModified":"2025-09-03T09:46:51+00:00","mainEntityOfPage":{"@id":"https:\/\/www.altercampagne.net\/?p=29354"},"wordCount":291,"image":{"@id":"https:\/\/www.altercampagne.net\/?p=29354#primaryimage"},"thumbnailUrl":"https:\/\/www.altercampagne.net\/wp-content\/uploads\/2025\/09\/1756832008132-scaled.jpg","articleSection":["\u00c9dition 2025","Environnement","Habitat","Lutte","Occitanie","Transverse"],"inLanguage":"fr-FR"},{"@type":"WebPage","@id":"https:\/\/www.altercampagne.net\/?p=29354","url":"https:\/\/www.altercampagne.net\/?p=29354","name":"L'Altertour s'invite \u00e0 la Maison - AlterTour","isPartOf":{"@id":"https:\/\/www.altercampagne.net\/#website"},"primaryImageOfPage":{"@id":"https:\/\/www.altercampagne.net\/?p=29354#primaryimage"},"image":{"@id":"https:\/\/www.altercampagne.net\/?p=29354#primaryimage"},"thumbnailUrl":"https:\/\/www.altercampagne.net\/wp-content\/uploads\/2025\/09\/1756832008132-scaled.jpg","datePublished":"2025-09-03T08:38:00+00:00","dateModified":"2025-09-03T09:46:51+00:00","author":{"@id":"https:\/\/www.altercampagne.net\/#\/schema\/person\/dcee38da6bc36259ec4de60e71e4d2ac"},"breadcrumb":{"@id":"https:\/\/www.altercampagne.net\/?p=29354#breadcrumb"},"inLanguage":"fr-FR","potentialAction":[{"@type":"ReadAction","target":["https:\/\/www.altercampagne.net\/?p=29354"]}]},{"@type":"ImageObject","inLanguage":"fr-FR","@id":"https:\/\/www.altercampagne.net\/?p=29354#primaryimage","url":"https:\/\/www.altercampagne.net\/wp-content\/uploads\/2025\/09\/1756832008132-scaled.jpg","contentUrl":"https:\/\/www.altercampagne.net\/wp-content\/uploads\/2025\/09\/1756832008132-scaled.jpg","width":1441,"height":2560},{"@type":"BreadcrumbList","@id":"https:\/\/www.altercampagne.net\/?p=29354#breadcrumb","itemListElement":[{"@type":"ListItem","position":1,"name":"Accueil","item":"https:\/\/www.altercampagne.net\/"},{"@type":"ListItem","position":2,"name":"L&rsquo;Altertour s&rsquo;invite \u00e0 la Maison"}]},{"@type":"WebSite","@id":"https:\/\/www.altercampagne.net\/#website","url":"https:\/\/www.altercampagne.net\/","name":"AlterTour","description":"Reliez les Alternatives \u00e0 v\u00e9lo","potentialAction":[{"@type":"SearchAction","target":{"@type":"EntryPoint","urlTemplate":"https:\/\/www.altercampagne.net\/?s={search_term_string}"},"query-input":{"@type":"PropertyValueSpecification","valueRequired":true,"valueName":"search_term_string"}}],"inLanguage":"fr-FR"},{"@type":"Person","@id":"https:\/\/www.altercampagne.net\/#\/schema\/person\/dcee38da6bc36259ec4de60e71e4d2ac","name":"Cl\u00e9ment Baril","image":{"@type":"ImageObject","inLanguage":"fr-FR","@id":"https:\/\/secure.gravatar.com\/avatar\/f40bbb8c399c37f9bf4c721d1e115a86ae4bdb28f2dd97bb73a36f1dde76e122?s=96&d=mm&r=g","url":"https:\/\/secure.gravatar.com\/avatar\/f40bbb8c399c37f9bf4c721d1e115a86ae4bdb28f2dd97bb73a36f1dde76e122?s=96&d=mm&r=g","contentUrl":"https:\/\/secure.gravatar.com\/avatar\/f40bbb8c399c37f9bf4c721d1e115a86ae4bdb28f2dd97bb73a36f1dde76e122?s=96&d=mm&r=g","caption":"Cl\u00e9ment Baril"},"url":"https:\/\/www.altercampagne.net\/?author=403"}]}},"_links":{"self":[{"href":"https:\/\/www.altercampagne.net\/index.php?rest_route=\/wp\/v2\/posts\/29354","targetHints":{"allow":["GET"]}}],"collection":[{"href":"https:\/\/www.altercampagne.net\/index.php?rest_route=\/wp\/v2\/posts"}],"about":[{"href":"https:\/\/www.altercampagne.net\/index.php?rest_route=\/wp\/v2\/types\/post"}],"author":[{"embeddable":true,"href":"https:\/\/www.altercampagne.net\/index.php?rest_route=\/wp\/v2\/users\/403"}],"replies":[{"embeddable":true,"href":"https:\/\/www.altercampagne.net\/index.php?rest_route=%2Fwp%2Fv2%2Fcomments&post=29354"}],"version-history":[{"count":1,"href":"https:\/\/www.altercampagne.net\/index.php?rest_route=\/wp\/v2\/posts\/29354\/revisions"}],"predecessor-version":[{"id":29360,"href":"https:\/\/www.altercampagne.net\/index.php?rest_route=\/wp\/v2\/posts\/29354\/revisions\/29360"}],"wp:featuredmedia":[{"embeddable":true,"href":"https:\/\/www.altercampagne.net\/index.php?rest_route=\/wp\/v2\/media\/29358"}],"wp:attachment":[{"href":"https:\/\/www.altercampagne.net\/index.php?rest_route=%2Fwp%2Fv2%2Fmedia&parent=29354"}],"wp:term":[{"taxonomy":"category","embeddable":true,"href":"https:\/\/www.altercampagne.net\/index.php?rest_route=%2Fwp%2Fv2%2Fcategories&post=29354"},{"taxonomy":"post_tag","embeddable":true,"href":"https:\/\/www.altercampagne.net\/index.php?rest_route=%2Fwp%2Fv2%2Ftags&post=29354"}],"curies":[{"name":"wp","href":"https:\/\/api.w.org\/{rel}","templated":true}]}}