{"id":29385,"date":"2025-11-21T10:46:27","date_gmt":"2025-11-21T09:46:27","guid":{"rendered":"https:\/\/www.altercampagne.net\/?p=29385"},"modified":"2025-11-21T10:46:28","modified_gmt":"2025-11-21T09:46:28","slug":"lassemblee-generale-2025-a-lyon","status":"publish","type":"post","link":"https:\/\/www.altercampagne.net\/?p=29385","title":{"rendered":"L&rsquo;Assembl\u00e9e G\u00e9n\u00e9rale 2025 \u00e0 Lyon"},"content":{"rendered":"\n<p>D\u00e9cidement cette association est encore capable de me surprendre&nbsp;!<\/p>\n\n\n\n<p>Mettez en bouillonnement&nbsp;: une trentaine personnes motiv\u00e9es et pr\u00eates \u00e0 mettre la main \u00e0 la p\u00e2te, un chouette tiers lieu : celui de la cord\u00e9e Villeurbane et le rendez vous annuel de l&rsquo;assembl\u00e9e g\u00e9n\u00e9rale. Vous voyez un peu \u2026 et bien c&rsquo;etait encore mieux que \u00e7\u00e0&nbsp;!<\/p>\n\n\n\n<p>Comment imaginer que j&rsquo;aurais jou\u00e9 au lego avec la compta, mim\u00e9 un tableau ou un minibus, cherch\u00e9 une convergence ou r\u00e9fl\u00e9chi \u00e0 de tr\u00e8s s\u00e9rieux sujets comme celui de la sobri\u00e9t\u00e9 num\u00e9rique, du d\u00e9frichage ou de la com versus T shirt or not T shirt.<\/p>\n\n\n\n<p>J&rsquo;ai beaucoup de gratitude pour celleux qui ont pr\u00e9par\u00e9 l&rsquo;AG :<\/p>\n\n\n\n<ul class=\"wp-block-list\">\n<li>peauffinant le CR ( \u00e0 lire absolument pour se mettre \u00e0 jour des projets \u00e0 venir si vous voulez prendre part \u00e0 cette ann\u00e9e qui s&rsquo;ouvre, il y en a pour tous les talents et gouts)<\/li>\n\n\n\n<li>animant dans la joie et l&rsquo;action la pr\u00e9sentation du rapport d&rsquo;activit\u00e9 et des finances<\/li>\n\n\n\n<li>\u00e9veillant des envies de s&rsquo;engager au coll\u00e8ge solidaire de deux nouvelles altercyclistes.<\/li>\n<\/ul>\n\n\n\n<p>Le prochain rdv \u00e0 paris les 13 et 14 d\u00e9cembre s&rsquo;annonce plein de surprises et de conviction pour concocter le parcours 2026.<\/p>\n\n\n\n<p>Dixit Elsa, \u00ab&nbsp; pas de cadeaux et Noel ou autres vacances sans d&rsquo;abord avoir finalis\u00e9 le parcours&nbsp;\u00bb. Alors on compte sur votre pr\u00e9sence pour prendre part \u00e0 ce challenge collectif et coop\u00e9ratif.<\/p>\n\n\n\n<p>A vos marques, pr\u00eat , continuez \u00e0 defricher et \u00e0 contacter les alternatives qui vous font envie.<\/p>\n\n\n\n<figure class=\"wp-block-gallery has-nested-images columns-default is-cropped wp-block-gallery-1 is-layout-flex wp-block-gallery-is-layout-flex\">\n<figure class=\"wp-block-image size-large\"><a href=\"https:\/\/www.altercampagne.net\/wp-content\/uploads\/2025\/11\/IMG_9599-scaled.jpg\"><img loading=\"lazy\" decoding=\"async\" width=\"768\" height=\"1024\" data-id=\"29386\" src=\"https:\/\/www.altercampagne.net\/wp-content\/uploads\/2025\/11\/IMG_9599-768x1024.jpg\" alt=\"\" class=\"wp-image-29386\" srcset=\"https:\/\/www.altercampagne.net\/wp-content\/uploads\/2025\/11\/IMG_9599-768x1024.jpg 768w, https:\/\/www.altercampagne.net\/wp-content\/uploads\/2025\/11\/IMG_9599-225x300.jpg 225w, https:\/\/www.altercampagne.net\/wp-content\/uploads\/2025\/11\/IMG_9599-1152x1536.jpg 1152w, https:\/\/www.altercampagne.net\/wp-content\/uploads\/2025\/11\/IMG_9599-1536x2048.jpg 1536w, https:\/\/www.altercampagne.net\/wp-content\/uploads\/2025\/11\/IMG_9599-100x133.jpg 100w, https:\/\/www.altercampagne.net\/wp-content\/uploads\/2025\/11\/IMG_9599-scaled.jpg 1920w\" sizes=\"auto, (max-width: 768px) 100vw, 768px\" \/><\/a><\/figure>\n\n\n\n<figure class=\"wp-block-image size-large\"><a href=\"https:\/\/www.altercampagne.net\/wp-content\/uploads\/2025\/11\/IMG_9588-scaled.jpg\"><img loading=\"lazy\" decoding=\"async\" width=\"1024\" height=\"768\" data-id=\"29389\" src=\"https:\/\/www.altercampagne.net\/wp-content\/uploads\/2025\/11\/IMG_9588-1024x768.jpg\" alt=\"\" class=\"wp-image-29389\" srcset=\"https:\/\/www.altercampagne.net\/wp-content\/uploads\/2025\/11\/IMG_9588-1024x768.jpg 1024w, https:\/\/www.altercampagne.net\/wp-content\/uploads\/2025\/11\/IMG_9588-300x225.jpg 300w, https:\/\/www.altercampagne.net\/wp-content\/uploads\/2025\/11\/IMG_9588-768x576.jpg 768w, https:\/\/www.altercampagne.net\/wp-content\/uploads\/2025\/11\/IMG_9588-1536x1152.jpg 1536w, https:\/\/www.altercampagne.net\/wp-content\/uploads\/2025\/11\/IMG_9588-2048x1536.jpg 2048w, https:\/\/www.altercampagne.net\/wp-content\/uploads\/2025\/11\/IMG_9588-100x75.jpg 100w, https:\/\/www.altercampagne.net\/wp-content\/uploads\/2025\/11\/IMG_9588-862x647.jpg 862w, https:\/\/www.altercampagne.net\/wp-content\/uploads\/2025\/11\/IMG_9588-1140x855.jpg 1140w\" sizes=\"auto, (max-width: 1024px) 100vw, 1024px\" \/><\/a><\/figure>\n\n\n\n<figure class=\"wp-block-image size-large\"><a href=\"https:\/\/www.altercampagne.net\/wp-content\/uploads\/2025\/11\/IMG_9586-scaled.jpg\"><img loading=\"lazy\" decoding=\"async\" width=\"1024\" height=\"768\" data-id=\"29390\" src=\"https:\/\/www.altercampagne.net\/wp-content\/uploads\/2025\/11\/IMG_9586-1024x768.jpg\" alt=\"\" class=\"wp-image-29390\" srcset=\"https:\/\/www.altercampagne.net\/wp-content\/uploads\/2025\/11\/IMG_9586-1024x768.jpg 1024w, https:\/\/www.altercampagne.net\/wp-content\/uploads\/2025\/11\/IMG_9586-300x225.jpg 300w, https:\/\/www.altercampagne.net\/wp-content\/uploads\/2025\/11\/IMG_9586-768x576.jpg 768w, https:\/\/www.altercampagne.net\/wp-content\/uploads\/2025\/11\/IMG_9586-1536x1152.jpg 1536w, https:\/\/www.altercampagne.net\/wp-content\/uploads\/2025\/11\/IMG_9586-2048x1536.jpg 2048w, https:\/\/www.altercampagne.net\/wp-content\/uploads\/2025\/11\/IMG_9586-100x75.jpg 100w, https:\/\/www.altercampagne.net\/wp-content\/uploads\/2025\/11\/IMG_9586-862x647.jpg 862w, https:\/\/www.altercampagne.net\/wp-content\/uploads\/2025\/11\/IMG_9586-1140x855.jpg 1140w\" sizes=\"auto, (max-width: 1024px) 100vw, 1024px\" \/><\/a><\/figure>\n\n\n\n<figure class=\"wp-block-image size-large\"><a href=\"https:\/\/www.altercampagne.net\/wp-content\/uploads\/2025\/11\/IMG_9615-scaled.jpg\"><img loading=\"lazy\" decoding=\"async\" width=\"1024\" height=\"768\" data-id=\"29388\" src=\"https:\/\/www.altercampagne.net\/wp-content\/uploads\/2025\/11\/IMG_9615-1024x768.jpg\" alt=\"\" class=\"wp-image-29388\" srcset=\"https:\/\/www.altercampagne.net\/wp-content\/uploads\/2025\/11\/IMG_9615-1024x768.jpg 1024w, https:\/\/www.altercampagne.net\/wp-content\/uploads\/2025\/11\/IMG_9615-300x225.jpg 300w, https:\/\/www.altercampagne.net\/wp-content\/uploads\/2025\/11\/IMG_9615-768x576.jpg 768w, https:\/\/www.altercampagne.net\/wp-content\/uploads\/2025\/11\/IMG_9615-1536x1152.jpg 1536w, https:\/\/www.altercampagne.net\/wp-content\/uploads\/2025\/11\/IMG_9615-2048x1536.jpg 2048w, https:\/\/www.altercampagne.net\/wp-content\/uploads\/2025\/11\/IMG_9615-100x75.jpg 100w, https:\/\/www.altercampagne.net\/wp-content\/uploads\/2025\/11\/IMG_9615-862x647.jpg 862w, https:\/\/www.altercampagne.net\/wp-content\/uploads\/2025\/11\/IMG_9615-1140x855.jpg 1140w\" sizes=\"auto, (max-width: 1024px) 100vw, 1024px\" \/><\/a><\/figure>\n<\/figure>\n","protected":false},"excerpt":{"rendered":"<p>D\u00e9cidement cette association est encore capable de me surprendre&nbsp;! Mettez en bouillonnement&nbsp;: une trentaine personnes motiv\u00e9es et pr\u00eates \u00e0 mettre la main \u00e0 la p\u00e2te, un chouette tiers lieu : celui de la cord\u00e9e Villeurbane et le rendez vous annuel de l&rsquo;assembl\u00e9e g\u00e9n\u00e9rale. Vous voyez un peu \u2026 et bien &#8230; <\/p>\n<div><a href=\"https:\/\/www.altercampagne.net\/?p=29385\" class=\"more-link\">Read More<\/a><\/div>\n","protected":false},"author":198,"featured_media":29391,"comment_status":"closed","ping_status":"closed","sticky":false,"template":"","format":"standard","meta":{"footnotes":""},"categories":[4522,3539],"tags":[],"class_list":["post-29385","post","type-post","status-publish","format-standard","has-post-thumbnail","hentry","category-edition-2026","category-we-de-preparation"],"yoast_head":"<!-- This site is optimized with the Yoast SEO plugin v27.3 - https:\/\/yoast.com\/product\/yoast-seo-wordpress\/ -->\n<title>L&#039;Assembl\u00e9e G\u00e9n\u00e9rale 2025 \u00e0 Lyon - AlterTour<\/title>\n<meta name=\"robots\" content=\"index, follow, max-snippet:-1, max-image-preview:large, max-video-preview:-1\" \/>\n<link rel=\"canonical\" href=\"https:\/\/www.altercampagne.net\/?p=29385\" \/>\n<meta property=\"og:locale\" content=\"fr_FR\" \/>\n<meta property=\"og:type\" content=\"article\" \/>\n<meta property=\"og:title\" content=\"L&#039;Assembl\u00e9e G\u00e9n\u00e9rale 2025 \u00e0 Lyon - AlterTour\" \/>\n<meta property=\"og:description\" content=\"D\u00e9cidement cette association est encore capable de me surprendre&nbsp;! Mettez en bouillonnement&nbsp;: une trentaine personnes motiv\u00e9es et pr\u00eates \u00e0 mettre la main \u00e0 la p\u00e2te, un chouette tiers lieu : celui de la cord\u00e9e Villeurbane et le rendez vous annuel de l&rsquo;assembl\u00e9e g\u00e9n\u00e9rale. Vous voyez un peu \u2026 et bien ... Read More\" \/>\n<meta property=\"og:url\" content=\"https:\/\/www.altercampagne.net\/?p=29385\" \/>\n<meta property=\"og:site_name\" content=\"AlterTour\" \/>\n<meta property=\"article:published_time\" content=\"2025-11-21T09:46:27+00:00\" \/>\n<meta property=\"article:modified_time\" content=\"2025-11-21T09:46:28+00:00\" \/>\n<meta property=\"og:image\" content=\"https:\/\/www.altercampagne.net\/wp-content\/uploads\/2025\/11\/IMG_9613-scaled.jpg\" \/>\n\t<meta property=\"og:image:width\" content=\"2560\" \/>\n\t<meta property=\"og:image:height\" content=\"1920\" \/>\n\t<meta property=\"og:image:type\" content=\"image\/jpeg\" \/>\n<meta name=\"author\" content=\"Marine R\" \/>\n<meta name=\"twitter:card\" content=\"summary_large_image\" \/>\n<meta name=\"twitter:label1\" content=\"\u00c9crit par\" \/>\n\t<meta name=\"twitter:data1\" content=\"Marine R\" \/>\n\t<meta name=\"twitter:label2\" content=\"Dur\u00e9e de lecture estim\u00e9e\" \/>\n\t<meta name=\"twitter:data2\" content=\"3 minutes\" \/>\n<script type=\"application\/ld+json\" class=\"yoast-schema-graph\">{\"@context\":\"https:\\\/\\\/schema.org\",\"@graph\":[{\"@type\":\"Article\",\"@id\":\"https:\\\/\\\/www.altercampagne.net\\\/?p=29385#article\",\"isPartOf\":{\"@id\":\"https:\\\/\\\/www.altercampagne.net\\\/?p=29385\"},\"author\":{\"name\":\"Marine R\",\"@id\":\"https:\\\/\\\/www.altercampagne.net\\\/#\\\/schema\\\/person\\\/3afde49d8c0be52224ae61fe720b4b19\"},\"headline\":\"L&rsquo;Assembl\u00e9e G\u00e9n\u00e9rale 2025 \u00e0 Lyon\",\"datePublished\":\"2025-11-21T09:46:27+00:00\",\"dateModified\":\"2025-11-21T09:46:28+00:00\",\"mainEntityOfPage\":{\"@id\":\"https:\\\/\\\/www.altercampagne.net\\\/?p=29385\"},\"wordCount\":269,\"image\":{\"@id\":\"https:\\\/\\\/www.altercampagne.net\\\/?p=29385#primaryimage\"},\"thumbnailUrl\":\"https:\\\/\\\/www.altercampagne.net\\\/wp-content\\\/uploads\\\/2025\\\/11\\\/IMG_9613-scaled.jpg\",\"articleSection\":[\"Edition 2026\",\"WE de pr\u00e9paration\"],\"inLanguage\":\"fr-FR\"},{\"@type\":\"WebPage\",\"@id\":\"https:\\\/\\\/www.altercampagne.net\\\/?p=29385\",\"url\":\"https:\\\/\\\/www.altercampagne.net\\\/?p=29385\",\"name\":\"L'Assembl\u00e9e G\u00e9n\u00e9rale 2025 \u00e0 Lyon - AlterTour\",\"isPartOf\":{\"@id\":\"https:\\\/\\\/www.altercampagne.net\\\/#website\"},\"primaryImageOfPage\":{\"@id\":\"https:\\\/\\\/www.altercampagne.net\\\/?p=29385#primaryimage\"},\"image\":{\"@id\":\"https:\\\/\\\/www.altercampagne.net\\\/?p=29385#primaryimage\"},\"thumbnailUrl\":\"https:\\\/\\\/www.altercampagne.net\\\/wp-content\\\/uploads\\\/2025\\\/11\\\/IMG_9613-scaled.jpg\",\"datePublished\":\"2025-11-21T09:46:27+00:00\",\"dateModified\":\"2025-11-21T09:46:28+00:00\",\"author\":{\"@id\":\"https:\\\/\\\/www.altercampagne.net\\\/#\\\/schema\\\/person\\\/3afde49d8c0be52224ae61fe720b4b19\"},\"breadcrumb\":{\"@id\":\"https:\\\/\\\/www.altercampagne.net\\\/?p=29385#breadcrumb\"},\"inLanguage\":\"fr-FR\",\"potentialAction\":[{\"@type\":\"ReadAction\",\"target\":[\"https:\\\/\\\/www.altercampagne.net\\\/?p=29385\"]}]},{\"@type\":\"ImageObject\",\"inLanguage\":\"fr-FR\",\"@id\":\"https:\\\/\\\/www.altercampagne.net\\\/?p=29385#primaryimage\",\"url\":\"https:\\\/\\\/www.altercampagne.net\\\/wp-content\\\/uploads\\\/2025\\\/11\\\/IMG_9613-scaled.jpg\",\"contentUrl\":\"https:\\\/\\\/www.altercampagne.net\\\/wp-content\\\/uploads\\\/2025\\\/11\\\/IMG_9613-scaled.jpg\",\"width\":2560,\"height\":1920},{\"@type\":\"BreadcrumbList\",\"@id\":\"https:\\\/\\\/www.altercampagne.net\\\/?p=29385#breadcrumb\",\"itemListElement\":[{\"@type\":\"ListItem\",\"position\":1,\"name\":\"Accueil\",\"item\":\"https:\\\/\\\/www.altercampagne.net\\\/\"},{\"@type\":\"ListItem\",\"position\":2,\"name\":\"L&rsquo;Assembl\u00e9e G\u00e9n\u00e9rale 2025 \u00e0 Lyon\"}]},{\"@type\":\"WebSite\",\"@id\":\"https:\\\/\\\/www.altercampagne.net\\\/#website\",\"url\":\"https:\\\/\\\/www.altercampagne.net\\\/\",\"name\":\"AlterTour\",\"description\":\"Reliez les Alternatives \u00e0 v\u00e9lo\",\"potentialAction\":[{\"@type\":\"SearchAction\",\"target\":{\"@type\":\"EntryPoint\",\"urlTemplate\":\"https:\\\/\\\/www.altercampagne.net\\\/?s={search_term_string}\"},\"query-input\":{\"@type\":\"PropertyValueSpecification\",\"valueRequired\":true,\"valueName\":\"search_term_string\"}}],\"inLanguage\":\"fr-FR\"},{\"@type\":\"Person\",\"@id\":\"https:\\\/\\\/www.altercampagne.net\\\/#\\\/schema\\\/person\\\/3afde49d8c0be52224ae61fe720b4b19\",\"name\":\"Marine R\",\"image\":{\"@type\":\"ImageObject\",\"inLanguage\":\"fr-FR\",\"@id\":\"https:\\\/\\\/secure.gravatar.com\\\/avatar\\\/a3c4f944a184c737c95a33c9fc36f74b2637ea270671045d89722a608b50fd88?s=96&d=mm&r=g\",\"url\":\"https:\\\/\\\/secure.gravatar.com\\\/avatar\\\/a3c4f944a184c737c95a33c9fc36f74b2637ea270671045d89722a608b50fd88?s=96&d=mm&r=g\",\"contentUrl\":\"https:\\\/\\\/secure.gravatar.com\\\/avatar\\\/a3c4f944a184c737c95a33c9fc36f74b2637ea270671045d89722a608b50fd88?s=96&d=mm&r=g\",\"caption\":\"Marine R\"},\"url\":\"https:\\\/\\\/www.altercampagne.net\\\/?author=198\"}]}<\/script>\n<!-- \/ Yoast SEO plugin. -->","yoast_head_json":{"title":"L'Assembl\u00e9e G\u00e9n\u00e9rale 2025 \u00e0 Lyon - AlterTour","robots":{"index":"index","follow":"follow","max-snippet":"max-snippet:-1","max-image-preview":"max-image-preview:large","max-video-preview":"max-video-preview:-1"},"canonical":"https:\/\/www.altercampagne.net\/?p=29385","og_locale":"fr_FR","og_type":"article","og_title":"L'Assembl\u00e9e G\u00e9n\u00e9rale 2025 \u00e0 Lyon - AlterTour","og_description":"D\u00e9cidement cette association est encore capable de me surprendre&nbsp;! Mettez en bouillonnement&nbsp;: une trentaine personnes motiv\u00e9es et pr\u00eates \u00e0 mettre la main \u00e0 la p\u00e2te, un chouette tiers lieu : celui de la cord\u00e9e Villeurbane et le rendez vous annuel de l&rsquo;assembl\u00e9e g\u00e9n\u00e9rale. Vous voyez un peu \u2026 et bien ... Read More","og_url":"https:\/\/www.altercampagne.net\/?p=29385","og_site_name":"AlterTour","article_published_time":"2025-11-21T09:46:27+00:00","article_modified_time":"2025-11-21T09:46:28+00:00","og_image":[{"width":2560,"height":1920,"url":"https:\/\/www.altercampagne.net\/wp-content\/uploads\/2025\/11\/IMG_9613-scaled.jpg","type":"image\/jpeg"}],"author":"Marine R","twitter_card":"summary_large_image","twitter_misc":{"\u00c9crit par":"Marine R","Dur\u00e9e de lecture estim\u00e9e":"3 minutes"},"schema":{"@context":"https:\/\/schema.org","@graph":[{"@type":"Article","@id":"https:\/\/www.altercampagne.net\/?p=29385#article","isPartOf":{"@id":"https:\/\/www.altercampagne.net\/?p=29385"},"author":{"name":"Marine R","@id":"https:\/\/www.altercampagne.net\/#\/schema\/person\/3afde49d8c0be52224ae61fe720b4b19"},"headline":"L&rsquo;Assembl\u00e9e G\u00e9n\u00e9rale 2025 \u00e0 Lyon","datePublished":"2025-11-21T09:46:27+00:00","dateModified":"2025-11-21T09:46:28+00:00","mainEntityOfPage":{"@id":"https:\/\/www.altercampagne.net\/?p=29385"},"wordCount":269,"image":{"@id":"https:\/\/www.altercampagne.net\/?p=29385#primaryimage"},"thumbnailUrl":"https:\/\/www.altercampagne.net\/wp-content\/uploads\/2025\/11\/IMG_9613-scaled.jpg","articleSection":["Edition 2026","WE de pr\u00e9paration"],"inLanguage":"fr-FR"},{"@type":"WebPage","@id":"https:\/\/www.altercampagne.net\/?p=29385","url":"https:\/\/www.altercampagne.net\/?p=29385","name":"L'Assembl\u00e9e G\u00e9n\u00e9rale 2025 \u00e0 Lyon - AlterTour","isPartOf":{"@id":"https:\/\/www.altercampagne.net\/#website"},"primaryImageOfPage":{"@id":"https:\/\/www.altercampagne.net\/?p=29385#primaryimage"},"image":{"@id":"https:\/\/www.altercampagne.net\/?p=29385#primaryimage"},"thumbnailUrl":"https:\/\/www.altercampagne.net\/wp-content\/uploads\/2025\/11\/IMG_9613-scaled.jpg","datePublished":"2025-11-21T09:46:27+00:00","dateModified":"2025-11-21T09:46:28+00:00","author":{"@id":"https:\/\/www.altercampagne.net\/#\/schema\/person\/3afde49d8c0be52224ae61fe720b4b19"},"breadcrumb":{"@id":"https:\/\/www.altercampagne.net\/?p=29385#breadcrumb"},"inLanguage":"fr-FR","potentialAction":[{"@type":"ReadAction","target":["https:\/\/www.altercampagne.net\/?p=29385"]}]},{"@type":"ImageObject","inLanguage":"fr-FR","@id":"https:\/\/www.altercampagne.net\/?p=29385#primaryimage","url":"https:\/\/www.altercampagne.net\/wp-content\/uploads\/2025\/11\/IMG_9613-scaled.jpg","contentUrl":"https:\/\/www.altercampagne.net\/wp-content\/uploads\/2025\/11\/IMG_9613-scaled.jpg","width":2560,"height":1920},{"@type":"BreadcrumbList","@id":"https:\/\/www.altercampagne.net\/?p=29385#breadcrumb","itemListElement":[{"@type":"ListItem","position":1,"name":"Accueil","item":"https:\/\/www.altercampagne.net\/"},{"@type":"ListItem","position":2,"name":"L&rsquo;Assembl\u00e9e G\u00e9n\u00e9rale 2025 \u00e0 Lyon"}]},{"@type":"WebSite","@id":"https:\/\/www.altercampagne.net\/#website","url":"https:\/\/www.altercampagne.net\/","name":"AlterTour","description":"Reliez les Alternatives \u00e0 v\u00e9lo","potentialAction":[{"@type":"SearchAction","target":{"@type":"EntryPoint","urlTemplate":"https:\/\/www.altercampagne.net\/?s={search_term_string}"},"query-input":{"@type":"PropertyValueSpecification","valueRequired":true,"valueName":"search_term_string"}}],"inLanguage":"fr-FR"},{"@type":"Person","@id":"https:\/\/www.altercampagne.net\/#\/schema\/person\/3afde49d8c0be52224ae61fe720b4b19","name":"Marine R","image":{"@type":"ImageObject","inLanguage":"fr-FR","@id":"https:\/\/secure.gravatar.com\/avatar\/a3c4f944a184c737c95a33c9fc36f74b2637ea270671045d89722a608b50fd88?s=96&d=mm&r=g","url":"https:\/\/secure.gravatar.com\/avatar\/a3c4f944a184c737c95a33c9fc36f74b2637ea270671045d89722a608b50fd88?s=96&d=mm&r=g","contentUrl":"https:\/\/secure.gravatar.com\/avatar\/a3c4f944a184c737c95a33c9fc36f74b2637ea270671045d89722a608b50fd88?s=96&d=mm&r=g","caption":"Marine R"},"url":"https:\/\/www.altercampagne.net\/?author=198"}]}},"_links":{"self":[{"href":"https:\/\/www.altercampagne.net\/index.php?rest_route=\/wp\/v2\/posts\/29385","targetHints":{"allow":["GET"]}}],"collection":[{"href":"https:\/\/www.altercampagne.net\/index.php?rest_route=\/wp\/v2\/posts"}],"about":[{"href":"https:\/\/www.altercampagne.net\/index.php?rest_route=\/wp\/v2\/types\/post"}],"author":[{"embeddable":true,"href":"https:\/\/www.altercampagne.net\/index.php?rest_route=\/wp\/v2\/users\/198"}],"replies":[{"embeddable":true,"href":"https:\/\/www.altercampagne.net\/index.php?rest_route=%2Fwp%2Fv2%2Fcomments&post=29385"}],"version-history":[{"count":1,"href":"https:\/\/www.altercampagne.net\/index.php?rest_route=\/wp\/v2\/posts\/29385\/revisions"}],"predecessor-version":[{"id":29392,"href":"https:\/\/www.altercampagne.net\/index.php?rest_route=\/wp\/v2\/posts\/29385\/revisions\/29392"}],"wp:featuredmedia":[{"embeddable":true,"href":"https:\/\/www.altercampagne.net\/index.php?rest_route=\/wp\/v2\/media\/29391"}],"wp:attachment":[{"href":"https:\/\/www.altercampagne.net\/index.php?rest_route=%2Fwp%2Fv2%2Fmedia&parent=29385"}],"wp:term":[{"taxonomy":"category","embeddable":true,"href":"https:\/\/www.altercampagne.net\/index.php?rest_route=%2Fwp%2Fv2%2Fcategories&post=29385"},{"taxonomy":"post_tag","embeddable":true,"href":"https:\/\/www.altercampagne.net\/index.php?rest_route=%2Fwp%2Fv2%2Ftags&post=29385"}],"curies":[{"name":"wp","href":"https:\/\/api.w.org\/{rel}","templated":true}]}}