{"id":29394,"date":"2025-12-02T20:33:26","date_gmt":"2025-12-02T19:33:26","guid":{"rendered":"https:\/\/www.altercampagne.net\/?p=29394"},"modified":"2025-12-03T12:16:39","modified_gmt":"2025-12-03T11:16:39","slug":"samedi-2-aout-rabastens-albi","status":"publish","type":"post","link":"https:\/\/www.altercampagne.net\/?p=29394","title":{"rendered":"Samedi 2 ao\u00fbt Rabastens &#8211; Albi, et dimanche 3 ao\u00fbt"},"content":{"rendered":"\n<h2 class=\"wp-block-heading\">Samedi 2 ao\u00fbt<\/h2>\n\n\n\n<p>Apr\u00e8s une soir\u00e9e de folie, avec la sc\u00e8ne ouverte \u00e0 tous les talents des altercyclistes, il faut quitter&nbsp; Rabastens. <\/p>\n\n\n\n<figure class=\"wp-block-image size-large\"><a href=\"https:\/\/www.altercampagne.net\/wp-content\/uploads\/2025\/12\/Photos-Altertour2025-by-Yony-3456-pix-min-HEIC-Sel292-277.jpg\"><img loading=\"lazy\" decoding=\"async\" width=\"1024\" height=\"682\" src=\"https:\/\/www.altercampagne.net\/wp-content\/uploads\/2025\/12\/Photos-Altertour2025-by-Yony-3456-pix-min-HEIC-Sel292-277-1024x682.jpg\" alt=\"\" class=\"wp-image-29395\" srcset=\"https:\/\/www.altercampagne.net\/wp-content\/uploads\/2025\/12\/Photos-Altertour2025-by-Yony-3456-pix-min-HEIC-Sel292-277-1024x682.jpg 1024w, https:\/\/www.altercampagne.net\/wp-content\/uploads\/2025\/12\/Photos-Altertour2025-by-Yony-3456-pix-min-HEIC-Sel292-277-300x200.jpg 300w, https:\/\/www.altercampagne.net\/wp-content\/uploads\/2025\/12\/Photos-Altertour2025-by-Yony-3456-pix-min-HEIC-Sel292-277-768x512.jpg 768w, https:\/\/www.altercampagne.net\/wp-content\/uploads\/2025\/12\/Photos-Altertour2025-by-Yony-3456-pix-min-HEIC-Sel292-277-100x67.jpg 100w, https:\/\/www.altercampagne.net\/wp-content\/uploads\/2025\/12\/Photos-Altertour2025-by-Yony-3456-pix-min-HEIC-Sel292-277-862x574.jpg 862w, https:\/\/www.altercampagne.net\/wp-content\/uploads\/2025\/12\/Photos-Altertour2025-by-Yony-3456-pix-min-HEIC-Sel292-277-1140x760.jpg 1140w, https:\/\/www.altercampagne.net\/wp-content\/uploads\/2025\/12\/Photos-Altertour2025-by-Yony-3456-pix-min-HEIC-Sel292-277.jpg 1421w\" sizes=\"auto, (max-width: 1024px) 100vw, 1024px\" \/><\/a><figcaption class=\"wp-element-caption\">Sc\u00e8ne ouverte devant le b\u00e2timent collectif sur le lieu d&rsquo;habitat partag\u00e9 de <strong>Couffouleux<\/strong> vendredi 1er ao\u00fbt 2025<\/figcaption><\/figure>\n\n\n\n<p>Courte nuit et cap au nord, Albi. Le soleil choisit de laisser un r\u00e9pit aux altercyclistes qui arrivent sans histoire&nbsp;\u00e0 avaler les kilom\u00e8tres et s\u2019installent \u00e0 Lescure-d&rsquo;Albigeois \u00e0 la grange du Serayol dans la plaine mara\u00eech\u00e8re \u00e0 l&rsquo;est d&rsquo;Albi qui a vu fondre le nombre de mara\u00eechers depuis 50 ans.<\/p>\n\n\n\n<figure class=\"wp-block-image size-large\"><a href=\"https:\/\/www.altercampagne.net\/wp-content\/uploads\/2025\/12\/Photos-Altertour2025-by-Yony-3456-pix-min-HEIC-Sel292-290.jpg\"><img loading=\"lazy\" decoding=\"async\" width=\"1024\" height=\"682\" src=\"https:\/\/www.altercampagne.net\/wp-content\/uploads\/2025\/12\/Photos-Altertour2025-by-Yony-3456-pix-min-HEIC-Sel292-290-1024x682.jpg\" alt=\"\" class=\"wp-image-29396\" srcset=\"https:\/\/www.altercampagne.net\/wp-content\/uploads\/2025\/12\/Photos-Altertour2025-by-Yony-3456-pix-min-HEIC-Sel292-290-1024x682.jpg 1024w, https:\/\/www.altercampagne.net\/wp-content\/uploads\/2025\/12\/Photos-Altertour2025-by-Yony-3456-pix-min-HEIC-Sel292-290-300x200.jpg 300w, https:\/\/www.altercampagne.net\/wp-content\/uploads\/2025\/12\/Photos-Altertour2025-by-Yony-3456-pix-min-HEIC-Sel292-290-768x512.jpg 768w, https:\/\/www.altercampagne.net\/wp-content\/uploads\/2025\/12\/Photos-Altertour2025-by-Yony-3456-pix-min-HEIC-Sel292-290-100x67.jpg 100w, https:\/\/www.altercampagne.net\/wp-content\/uploads\/2025\/12\/Photos-Altertour2025-by-Yony-3456-pix-min-HEIC-Sel292-290-862x574.jpg 862w, https:\/\/www.altercampagne.net\/wp-content\/uploads\/2025\/12\/Photos-Altertour2025-by-Yony-3456-pix-min-HEIC-Sel292-290-1140x760.jpg 1140w, https:\/\/www.altercampagne.net\/wp-content\/uploads\/2025\/12\/Photos-Altertour2025-by-Yony-3456-pix-min-HEIC-Sel292-290.jpg 1421w\" sizes=\"auto, (max-width: 1024px) 100vw, 1024px\" \/><\/a><figcaption class=\"wp-element-caption\">August lors de la pr\u00e9sentation de son activit\u00e9<\/figcaption><\/figure>\n\n\n\n<p>Marion et August, un couple de n\u00e9opaysans franco-am\u00e9ricain, elle graphiste et lui architecte de formation, se sont install\u00e9\u00b7es ici en mara\u00eechage diversifi\u00e9 il y a 7 ans, apr\u00e8s 5 ans de pratique dans le Colorado aux USA. Leur but est de \u00ab&nbsp;<em>cr\u00e9er quelque chose de r\u00e9plicable, m\u00eame pour ceux qui ont peu de fonds au d\u00e9part<\/em>\u00bb dit August. Iels ont rachet\u00e9 une ferme qui devait \u00eatre d\u00e9truite et mont\u00e9 un projet enthousiasmant et en d\u00e9veloppement. Sur leurs 3,9 ha, un est en exploitation. Leur mod\u00e8le&nbsp;inspirant: Eliott Coleman adepte du bio- intensif, mais iels pratiquent diff\u00e9rents styles de production&nbsp;: la biodynamie, la mara\u00eechage sur sol vivant (avec du bois BRF qui se d\u00e9compose) et ont choisi de b\u00e2cher le sol (avec des des b\u00e2ches de recup) pour r\u00e9duire la quantit\u00e9 de passage des motoculteurs. Iels cultivent entre autres des patates douces, pour faire du couvert v\u00e9g\u00e9tal, des tomates et l\u00e9gumes de saison, et plus original, des piments, du gingembre, du curcuma, des \u00e9pinards \u00ab&nbsp;sp\u00e9ciaux&nbsp;\u00bb, avec des \u00ab&nbsp;semences en d\u00e9cal\u00e9&nbsp;\u00bb \u2026 Iels ont d\u00e9j\u00e0 plant\u00e9 600 arbres et s\u2019appr\u00eatent \u00e0 planter des noix de p\u00e9can en nombre. Iels ont aussi mis en place un compost qui traite leurs d\u00e9chets verts mais aussi ceux des h\u00f4pitaux.<\/p>\n\n\n\n<p>Certes, iels travaillent beaucoup (avec deux salari\u00e9s sur la ferme) mais pas que la terre&nbsp;! Iels mettent en place un projet de territoire ouvert. \u00ab&nbsp;Si tu as envie de t\u2019installer en mara\u00eechage, bienvenue&nbsp;\u00bb dit Marion. Le salariat est possible, mais il faut avoir d\u00e9j\u00e0 fait une saison compl\u00e8te,<strong>&nbsp; avis aux amateurices&nbsp;!<\/strong> Alors voici ses conseils&nbsp;: \u00ab&nbsp;<em>croire en ce qu\u2019on est, \u00eatre pers\u00e9verant et r\u00e9aliste, ne pas se pr\u00e9cipiter<\/em>&nbsp;\u00bb. Elle ajoute qu\u2019il \u00ab&nbsp;<em>faut se donner du temps, car ce sont des choix de vie tr\u00e8s engag\u00e9s qui ont un impact fort&nbsp;sur le quotidien<\/em>\u00bb. Pour leur part, iels ont \u00ab&nbsp;<em>beaucoup lu avant de se lancer, se sont donn\u00e9 des bases solides et iels appartiennent \u00e0 des r\u00e9seaux de recherche sur les pratiques<\/em>&nbsp;\u00bb. Attentifs \u00e0 leur temps de travail, iels l\u2019\u00e9valuent \u00e0 70h\/sem la premi\u00e8re ann\u00e9e et 50 actuellement. Voici de quoi nourrir la r\u00e9flexion de futurs bifurcateurs&nbsp;!<\/p>\n\n\n\n<p><strong>Le lendemain, chacun\u00b7e pourra mettre la main \u00e0 la p\u00e2te &nbsp;et participer aux trois ateliers&nbsp;: le d\u00e9sherbage (enlever le rumex envahissant) avec Will, de la radio, ramassage des patates sous la houlette de marion et montage de la serre avec August. Chauds le soleil et l\u2019ambiance&nbsp;!<\/strong><\/p>\n\n\n\n<p>Une autre structure est h\u00e9berg\u00e9e&nbsp;: incroyables comestibles devenu <strong>terres citoyennes albigeaoises, un projet compl\u00e9mentaire, tourn\u00e9 vers l&rsquo;\u00e9cologie et le vivre ensemble. Redonner acc\u00e8s \u00e0 des terres agricoles pour faire pousser des l\u00e9gumes bio, tout en permettant \u00e0 des citoyens de devenir acteurs de cette transition agricole. Oui, vous avez bien entendu, des citoyen\u00b7nes qui investissent pour acheter des terres et soutenir une agriculture respectueuse de l&rsquo;environnement. Pas mal, non ?&nbsp;<\/strong>Depuis 2019, \u00e7a s&rsquo;appelle <strong>Terres Citoyennes Albigeoises<\/strong>. L\u2019id\u00e9e est de promouvoir une alimentation saine, locale et surtout durable. <strong>Comment \u00e7a fonctionne ?<\/strong> Iels ont une SCIC (Soci\u00e9t\u00e9 Coop\u00e9rative d&rsquo;Int\u00e9r\u00eat Collectif), avec l\u2019aide de Terres de liens&nbsp;: tu peux investir dans des terres agricoles, (100 euros la part), aider \u00e0 les am\u00e9nager, et les rendre accessibles \u00e0 des paysans qui veulent cultiver en bio.<\/p>\n\n\n\n<p><strong>Un exemple concret&nbsp;: Sandrine, une productrice de fleurs bio depuis 5 ans est en train d\u2019emm\u00e9nager sur les terres.<\/strong><\/p>\n\n\n\n<figure class=\"wp-block-image size-large\"><a href=\"https:\/\/www.altercampagne.net\/wp-content\/uploads\/2025\/12\/5963392192e4ae5-scaled.webp\"><img loading=\"lazy\" decoding=\"async\" width=\"1024\" height=\"683\" src=\"https:\/\/www.altercampagne.net\/wp-content\/uploads\/2025\/12\/5963392192e4ae5-1024x683.webp\" alt=\"\" class=\"wp-image-29397\" srcset=\"https:\/\/www.altercampagne.net\/wp-content\/uploads\/2025\/12\/5963392192e4ae5-1024x683.webp 1024w, https:\/\/www.altercampagne.net\/wp-content\/uploads\/2025\/12\/5963392192e4ae5-300x200.webp 300w, https:\/\/www.altercampagne.net\/wp-content\/uploads\/2025\/12\/5963392192e4ae5-768x512.webp 768w, https:\/\/www.altercampagne.net\/wp-content\/uploads\/2025\/12\/5963392192e4ae5-1536x1024.webp 1536w, https:\/\/www.altercampagne.net\/wp-content\/uploads\/2025\/12\/5963392192e4ae5-2048x1365.webp 2048w, https:\/\/www.altercampagne.net\/wp-content\/uploads\/2025\/12\/5963392192e4ae5-100x67.webp 100w, https:\/\/www.altercampagne.net\/wp-content\/uploads\/2025\/12\/5963392192e4ae5-862x575.webp 862w, https:\/\/www.altercampagne.net\/wp-content\/uploads\/2025\/12\/5963392192e4ae5-1140x760.webp 1140w\" sizes=\"auto, (max-width: 1024px) 100vw, 1024px\" \/><\/a><\/figure>\n\n\n\n<p><strong>Pr\u00e9sentation de Radio Albig\u00e9s, une radio locale ind\u00e9pendante et la\u00efque, n\u00e9e en 81, avec une programmation refl\u00e9tant la diversit\u00e9 culturelle et linguistique. L\u2019id\u00e9e est de collecter la parole des ancien.nes, de faire vivre et entendre l\u2019occitan, et plus largement de \u00ab&nbsp;faire parler les sans voix dans leur langue&nbsp;\u00bb&nbsp;: Catalan, Portugais, Espagnol, Arabe et Anglais, c\u2019est une radio polyglotte qui \u00e9met en FM. Elle intervient dans le cadre d&rsquo;actions locales, sociales, culturelles et linguistiques, et propose des musiques du monde, y compris l\u2019occitan! Elle archive des centaines d\u2019\u00e9missions num\u00e9ris\u00e9es produites en 15 ans<\/strong><\/p>\n\n\n\n<p><strong>Aussi, on terminera la journ\u00e9e du lendemain par une \u00e9coute collective de deux podcasts&nbsp;: une mara\u00eech\u00e8re qui \u00e9voque le temps d\u2019avant et le silence (un clin d\u2019\u0153il \u00e0 la revue qui accueille notre livret AlterTour&nbsp;?), produit par Wilfried, le \u00ab&nbsp;couteau suisse&nbsp;\u00bb de la radio.<\/strong><\/p>\n\n\n\n<p>Danielle F.<\/p>\n\n\n\n<figure class=\"wp-block-embed is-type-wp-embed is-provider-hearthis-at wp-block-embed-hearthis-at\"><div class=\"wp-block-embed__wrapper\">\n<div class=\"x-embed x-is-rich x-is-hearthis-at\"><iframe loading=\"lazy\" class=\"wp-embedded-content\" sandbox=\"allow-scripts\" security=\"restricted\" title=\"Carte postale de l&#039;Alter Tour 2025 \u00e0 Lescure\" scrolling=\"no\" width=\"100%\" height=\"150\" src=\"https:\/\/hearthis.at\/embed\/12569886\/transparent\/?style=2&#038;block_size=2&#038;block_space=2&#038;background=1#?secret=tvcJespHnC\" data-secret=\"tvcJespHnC\" frameborder=\"0\"><\/iframe><\/div>\n<\/div><\/figure>\n\n\n\n<h2 class=\"wp-block-heading\">Dimanche 3 ao\u00fbt<\/h2>\n\n\n\n<p>Une matin\u00e9e en compagnie de l\u2019association V\u00e9locratie cr\u00e9\u00e9e en 2019 pour faire la promotion du v\u00e9lo comme transport du quotidien dans l\u2019agglom\u00e9ration d\u2019Albi. Il y a bien un sch\u00e9ma directeur v\u00e9lo de l\u2019anglo mais beaucoup de discontinuit\u00e9 dans les pistes comme nous avons pu en faire l\u2019exp\u00e9rience et la mairie d\u2019Albi est peu coop\u00e9rative pr\u00e9f\u00e9rant faire la promotion du v\u00e9lo loisir ou sportif.&nbsp;<\/p>\n\n\n\n<figure class=\"wp-block-gallery has-nested-images columns-default is-cropped wp-block-gallery-1 is-layout-flex wp-block-gallery-is-layout-flex\">\n<figure class=\"wp-block-image size-large\"><a href=\"https:\/\/www.altercampagne.net\/wp-content\/uploads\/2025\/12\/20250803_112645-scaled.jpg\"><img loading=\"lazy\" decoding=\"async\" width=\"768\" height=\"1024\" data-id=\"29409\" src=\"https:\/\/www.altercampagne.net\/wp-content\/uploads\/2025\/12\/20250803_112645-768x1024.jpg\" alt=\"\" class=\"wp-image-29409\" srcset=\"https:\/\/www.altercampagne.net\/wp-content\/uploads\/2025\/12\/20250803_112645-768x1024.jpg 768w, https:\/\/www.altercampagne.net\/wp-content\/uploads\/2025\/12\/20250803_112645-225x300.jpg 225w, https:\/\/www.altercampagne.net\/wp-content\/uploads\/2025\/12\/20250803_112645-1152x1536.jpg 1152w, https:\/\/www.altercampagne.net\/wp-content\/uploads\/2025\/12\/20250803_112645-1536x2048.jpg 1536w, https:\/\/www.altercampagne.net\/wp-content\/uploads\/2025\/12\/20250803_112645-100x133.jpg 100w, https:\/\/www.altercampagne.net\/wp-content\/uploads\/2025\/12\/20250803_112645-862x1149.jpg 862w, https:\/\/www.altercampagne.net\/wp-content\/uploads\/2025\/12\/20250803_112645-1140x1520.jpg 1140w, https:\/\/www.altercampagne.net\/wp-content\/uploads\/2025\/12\/20250803_112645-scaled.jpg 1920w\" sizes=\"auto, (max-width: 768px) 100vw, 768px\" \/><\/a><figcaption class=\"wp-element-caption\">Vue sur le Tarn depuis la nouvelle passerelle<\/figcaption><\/figure>\n\n\n\n<figure class=\"wp-block-image size-large\"><a href=\"https:\/\/www.altercampagne.net\/wp-content\/uploads\/2025\/12\/ed72849d8b48f5d-3-scaled.webp\"><img loading=\"lazy\" decoding=\"async\" width=\"683\" height=\"1024\" data-id=\"29410\" src=\"https:\/\/www.altercampagne.net\/wp-content\/uploads\/2025\/12\/ed72849d8b48f5d-3-683x1024.webp\" alt=\"\" class=\"wp-image-29410\" srcset=\"https:\/\/www.altercampagne.net\/wp-content\/uploads\/2025\/12\/ed72849d8b48f5d-3-683x1024.webp 683w, https:\/\/www.altercampagne.net\/wp-content\/uploads\/2025\/12\/ed72849d8b48f5d-3-200x300.webp 200w, https:\/\/www.altercampagne.net\/wp-content\/uploads\/2025\/12\/ed72849d8b48f5d-3-768x1152.webp 768w, https:\/\/www.altercampagne.net\/wp-content\/uploads\/2025\/12\/ed72849d8b48f5d-3-1024x1536.webp 1024w, https:\/\/www.altercampagne.net\/wp-content\/uploads\/2025\/12\/ed72849d8b48f5d-3-1365x2048.webp 1365w, https:\/\/www.altercampagne.net\/wp-content\/uploads\/2025\/12\/ed72849d8b48f5d-3-100x150.webp 100w, https:\/\/www.altercampagne.net\/wp-content\/uploads\/2025\/12\/ed72849d8b48f5d-3-862x1293.webp 862w, https:\/\/www.altercampagne.net\/wp-content\/uploads\/2025\/12\/ed72849d8b48f5d-3-scaled.webp 1707w\" sizes=\"auto, (max-width: 683px) 100vw, 683px\" \/><\/a><\/figure>\n<\/figure>\n\n\n\n<p>Nous avons p\u00e9dal\u00e9 de Lescure \u00e0 Albi en traversant le Tarn \u00e0 Arth\u00e8s et Saint Juery, ce qui fait un grand d\u00e9tour, mais une tr\u00e8s belle vue. Visite de la magnifique cath\u00e9drale et ses peintures ! Puis nous retraversons le Tarn en empruntant la toute nouvelle passerelle pi\u00e9ton-v\u00e9lo construite le long du pont de chemin de fer pour la somme de 15 millions d\u2019euros ! De l\u00e0 nous admirons les autres ponts de la ville : le pont vieux tr\u00e8s ancien et le pont neuf qui date de 1880. Nous roulons \u00e0 travers le quartier plus populaire de Cantepau pour \u00e0 nouveau traverser le Tarn par le pont de la rocade Toulouse Rodez. La matin\u00e9e est rythm\u00e9e par cette exp\u00e9rience des ponts sur le Tarn. Nous d\u00e9couvrons la plaine du G\u00f4 dans une boucle de la rivi\u00e8re ! Il fait chaud et le but de la promenade est atteint. Faire une fl\u00e8che de chaque c\u00f4t\u00e9 du Tarn pour symboliser une passerelle qui relierait Lescure \u00e0 Albi en \u00e9vitant tous ces d\u00e9tours,&nbsp;d\u00e9senclaverait le village et favoriserait l&rsquo;usage du v\u00e9lo. Un drone nous prend en photo et nous filme : mission accomplie !&nbsp;<\/p>\n\n\n\n<figure class=\"wp-block-image size-large\"><a href=\"https:\/\/www.altercampagne.net\/wp-content\/uploads\/2025\/12\/1759130487543.jpg\"><img loading=\"lazy\" decoding=\"async\" width=\"1024\" height=\"570\" src=\"https:\/\/www.altercampagne.net\/wp-content\/uploads\/2025\/12\/1759130487543-1024x570.jpg\" alt=\"\" class=\"wp-image-29415\" srcset=\"https:\/\/www.altercampagne.net\/wp-content\/uploads\/2025\/12\/1759130487543-1024x570.jpg 1024w, https:\/\/www.altercampagne.net\/wp-content\/uploads\/2025\/12\/1759130487543-300x167.jpg 300w, https:\/\/www.altercampagne.net\/wp-content\/uploads\/2025\/12\/1759130487543-768x427.jpg 768w, https:\/\/www.altercampagne.net\/wp-content\/uploads\/2025\/12\/1759130487543-100x56.jpg 100w, https:\/\/www.altercampagne.net\/wp-content\/uploads\/2025\/12\/1759130487543-862x480.jpg 862w, https:\/\/www.altercampagne.net\/wp-content\/uploads\/2025\/12\/1759130487543.jpg 1080w\" sizes=\"auto, (max-width: 1024px) 100vw, 1024px\" \/><\/a><\/figure>\n\n\n\n<figure class=\"wp-block-image size-large\"><a href=\"https:\/\/www.altercampagne.net\/wp-content\/uploads\/2025\/12\/1759130426143.jpg\"><img loading=\"lazy\" decoding=\"async\" width=\"1024\" height=\"568\" src=\"https:\/\/www.altercampagne.net\/wp-content\/uploads\/2025\/12\/1759130426143-1024x568.jpg\" alt=\"\" class=\"wp-image-29399\" srcset=\"https:\/\/www.altercampagne.net\/wp-content\/uploads\/2025\/12\/1759130426143-1024x568.jpg 1024w, https:\/\/www.altercampagne.net\/wp-content\/uploads\/2025\/12\/1759130426143-300x166.jpg 300w, https:\/\/www.altercampagne.net\/wp-content\/uploads\/2025\/12\/1759130426143-768x426.jpg 768w, https:\/\/www.altercampagne.net\/wp-content\/uploads\/2025\/12\/1759130426143-100x55.jpg 100w, https:\/\/www.altercampagne.net\/wp-content\/uploads\/2025\/12\/1759130426143-862x478.jpg 862w, https:\/\/www.altercampagne.net\/wp-content\/uploads\/2025\/12\/1759130426143.jpg 1080w\" sizes=\"auto, (max-width: 1024px) 100vw, 1024px\" \/><\/a><figcaption class=\"wp-element-caption\">Photos de soutien en vue de la future passerelle entre Lescure et la plaine du Go sur Albi <a href=\"https:\/\/www.instagram.com\/p\/DM7uaWJtOPD\/\">https:\/\/www.instagram.com\/p\/DM7uaWJtOPD\/<\/a><\/figcaption><\/figure>\n\n\n\n<p>Sylvie D.<\/p>\n","protected":false},"excerpt":{"rendered":"<p>Samedi 2 ao\u00fbt Apr\u00e8s une soir\u00e9e de folie, avec la sc\u00e8ne ouverte \u00e0 tous les talents des altercyclistes, il faut quitter&nbsp; Rabastens. Courte nuit et cap au nord, Albi. Le soleil choisit de laisser un r\u00e9pit aux altercyclistes qui arrivent sans histoire&nbsp;\u00e0 avaler les kilom\u00e8tres et s\u2019installent \u00e0 Lescure-d&rsquo;Albigeois \u00e0 &#8230; <\/p>\n<div><a href=\"https:\/\/www.altercampagne.net\/?p=29394\" class=\"more-link\">Read More<\/a><\/div>\n","protected":false},"author":398,"featured_media":29398,"comment_status":"closed","ping_status":"closed","sticky":false,"template":"","format":"standard","meta":{"footnotes":""},"categories":[4511,3483,4313,3489,3490,4310,3486,3480,3932],"tags":[1941,1942,4523],"class_list":["post-29394","post","type-post","status-publish","format-standard","has-post-thumbnail","hentry","category-edition-2025","category-agriculture","category-altertour","category-alimentation","category-culture","category-communication","category-environnement","category-occitanie","category-velo","tag-tarn","tag-albi-en-transition","tag-velocratie"],"yoast_head":"<!-- This site is optimized with the Yoast SEO plugin v27.3 - https:\/\/yoast.com\/product\/yoast-seo-wordpress\/ -->\n<title>Samedi 2 ao\u00fbt Rabastens - Albi, et dimanche 3 ao\u00fbt - AlterTour<\/title>\n<meta name=\"robots\" content=\"index, follow, max-snippet:-1, max-image-preview:large, max-video-preview:-1\" \/>\n<link rel=\"canonical\" href=\"https:\/\/www.altercampagne.net\/?p=29394\" \/>\n<meta property=\"og:locale\" content=\"fr_FR\" \/>\n<meta property=\"og:type\" content=\"article\" \/>\n<meta property=\"og:title\" content=\"Samedi 2 ao\u00fbt Rabastens - Albi, et dimanche 3 ao\u00fbt - AlterTour\" \/>\n<meta property=\"og:description\" content=\"Samedi 2 ao\u00fbt Apr\u00e8s une soir\u00e9e de folie, avec la sc\u00e8ne ouverte \u00e0 tous les talents des altercyclistes, il faut quitter&nbsp; Rabastens. Courte nuit et cap au nord, Albi. Le soleil choisit de laisser un r\u00e9pit aux altercyclistes qui arrivent sans histoire&nbsp;\u00e0 avaler les kilom\u00e8tres et s\u2019installent \u00e0 Lescure-d&rsquo;Albigeois \u00e0 ... Read More\" \/>\n<meta property=\"og:url\" content=\"https:\/\/www.altercampagne.net\/?p=29394\" \/>\n<meta property=\"og:site_name\" content=\"AlterTour\" \/>\n<meta property=\"article:published_time\" content=\"2025-12-02T19:33:26+00:00\" \/>\n<meta property=\"article:modified_time\" content=\"2025-12-03T11:16:39+00:00\" \/>\n<meta property=\"og:image\" content=\"https:\/\/www.altercampagne.net\/wp-content\/uploads\/2025\/12\/674e40bfaab1f47-scaled.webp\" \/>\n\t<meta property=\"og:image:width\" content=\"2560\" \/>\n\t<meta property=\"og:image:height\" content=\"1707\" \/>\n\t<meta property=\"og:image:type\" content=\"image\/webp\" \/>\n<meta name=\"author\" content=\"Mathieu G\" \/>\n<meta name=\"twitter:card\" content=\"summary_large_image\" \/>\n<meta name=\"twitter:label1\" content=\"\u00c9crit par\" \/>\n\t<meta name=\"twitter:data1\" content=\"Mathieu G\" \/>\n\t<meta name=\"twitter:label2\" content=\"Dur\u00e9e de lecture estim\u00e9e\" \/>\n\t<meta name=\"twitter:data2\" content=\"8 minutes\" \/>\n<script type=\"application\/ld+json\" class=\"yoast-schema-graph\">{\"@context\":\"https:\\\/\\\/schema.org\",\"@graph\":[{\"@type\":\"Article\",\"@id\":\"https:\\\/\\\/www.altercampagne.net\\\/?p=29394#article\",\"isPartOf\":{\"@id\":\"https:\\\/\\\/www.altercampagne.net\\\/?p=29394\"},\"author\":{\"name\":\"Mathieu G\",\"@id\":\"https:\\\/\\\/www.altercampagne.net\\\/#\\\/schema\\\/person\\\/ecef4819a38a15a4bb1a583623cdabbe\"},\"headline\":\"Samedi 2 ao\u00fbt Rabastens &#8211; Albi, et dimanche 3 ao\u00fbt\",\"datePublished\":\"2025-12-02T19:33:26+00:00\",\"dateModified\":\"2025-12-03T11:16:39+00:00\",\"mainEntityOfPage\":{\"@id\":\"https:\\\/\\\/www.altercampagne.net\\\/?p=29394\"},\"wordCount\":1237,\"image\":{\"@id\":\"https:\\\/\\\/www.altercampagne.net\\\/?p=29394#primaryimage\"},\"thumbnailUrl\":\"https:\\\/\\\/www.altercampagne.net\\\/wp-content\\\/uploads\\\/2025\\\/12\\\/674e40bfaab1f47-scaled.webp\",\"keywords\":[\"Tarn\",\"Albi en Transition\",\"V\u00e9locratie\"],\"articleSection\":[\"\u00c9dition 2025\",\"Agriculture\",\"AlterTour\",\"Alimentation\",\"Culture\",\"communication\",\"Environnement\",\"Occitanie\",\"V\u00e9lo\"],\"inLanguage\":\"fr-FR\"},{\"@type\":\"WebPage\",\"@id\":\"https:\\\/\\\/www.altercampagne.net\\\/?p=29394\",\"url\":\"https:\\\/\\\/www.altercampagne.net\\\/?p=29394\",\"name\":\"Samedi 2 ao\u00fbt Rabastens - Albi, et dimanche 3 ao\u00fbt - AlterTour\",\"isPartOf\":{\"@id\":\"https:\\\/\\\/www.altercampagne.net\\\/#website\"},\"primaryImageOfPage\":{\"@id\":\"https:\\\/\\\/www.altercampagne.net\\\/?p=29394#primaryimage\"},\"image\":{\"@id\":\"https:\\\/\\\/www.altercampagne.net\\\/?p=29394#primaryimage\"},\"thumbnailUrl\":\"https:\\\/\\\/www.altercampagne.net\\\/wp-content\\\/uploads\\\/2025\\\/12\\\/674e40bfaab1f47-scaled.webp\",\"datePublished\":\"2025-12-02T19:33:26+00:00\",\"dateModified\":\"2025-12-03T11:16:39+00:00\",\"author\":{\"@id\":\"https:\\\/\\\/www.altercampagne.net\\\/#\\\/schema\\\/person\\\/ecef4819a38a15a4bb1a583623cdabbe\"},\"breadcrumb\":{\"@id\":\"https:\\\/\\\/www.altercampagne.net\\\/?p=29394#breadcrumb\"},\"inLanguage\":\"fr-FR\",\"potentialAction\":[{\"@type\":\"ReadAction\",\"target\":[\"https:\\\/\\\/www.altercampagne.net\\\/?p=29394\"]}]},{\"@type\":\"ImageObject\",\"inLanguage\":\"fr-FR\",\"@id\":\"https:\\\/\\\/www.altercampagne.net\\\/?p=29394#primaryimage\",\"url\":\"https:\\\/\\\/www.altercampagne.net\\\/wp-content\\\/uploads\\\/2025\\\/12\\\/674e40bfaab1f47-scaled.webp\",\"contentUrl\":\"https:\\\/\\\/www.altercampagne.net\\\/wp-content\\\/uploads\\\/2025\\\/12\\\/674e40bfaab1f47-scaled.webp\",\"width\":2560,\"height\":1707},{\"@type\":\"BreadcrumbList\",\"@id\":\"https:\\\/\\\/www.altercampagne.net\\\/?p=29394#breadcrumb\",\"itemListElement\":[{\"@type\":\"ListItem\",\"position\":1,\"name\":\"Accueil\",\"item\":\"https:\\\/\\\/www.altercampagne.net\\\/\"},{\"@type\":\"ListItem\",\"position\":2,\"name\":\"Samedi 2 ao\u00fbt Rabastens &#8211; Albi, et dimanche 3 ao\u00fbt\"}]},{\"@type\":\"WebSite\",\"@id\":\"https:\\\/\\\/www.altercampagne.net\\\/#website\",\"url\":\"https:\\\/\\\/www.altercampagne.net\\\/\",\"name\":\"AlterTour\",\"description\":\"Reliez les Alternatives \u00e0 v\u00e9lo\",\"potentialAction\":[{\"@type\":\"SearchAction\",\"target\":{\"@type\":\"EntryPoint\",\"urlTemplate\":\"https:\\\/\\\/www.altercampagne.net\\\/?s={search_term_string}\"},\"query-input\":{\"@type\":\"PropertyValueSpecification\",\"valueRequired\":true,\"valueName\":\"search_term_string\"}}],\"inLanguage\":\"fr-FR\"},{\"@type\":\"Person\",\"@id\":\"https:\\\/\\\/www.altercampagne.net\\\/#\\\/schema\\\/person\\\/ecef4819a38a15a4bb1a583623cdabbe\",\"name\":\"Mathieu G\",\"image\":{\"@type\":\"ImageObject\",\"inLanguage\":\"fr-FR\",\"@id\":\"https:\\\/\\\/secure.gravatar.com\\\/avatar\\\/33aa90347f324a57d4b9f5c9a6b0783ac499dba9cee0cd20b930fe027c0190bf?s=96&d=mm&r=g\",\"url\":\"https:\\\/\\\/secure.gravatar.com\\\/avatar\\\/33aa90347f324a57d4b9f5c9a6b0783ac499dba9cee0cd20b930fe027c0190bf?s=96&d=mm&r=g\",\"contentUrl\":\"https:\\\/\\\/secure.gravatar.com\\\/avatar\\\/33aa90347f324a57d4b9f5c9a6b0783ac499dba9cee0cd20b930fe027c0190bf?s=96&d=mm&r=g\",\"caption\":\"Mathieu G\"},\"url\":\"https:\\\/\\\/www.altercampagne.net\\\/?author=398\"}]}<\/script>\n<!-- \/ Yoast SEO plugin. -->","yoast_head_json":{"title":"Samedi 2 ao\u00fbt Rabastens - Albi, et dimanche 3 ao\u00fbt - AlterTour","robots":{"index":"index","follow":"follow","max-snippet":"max-snippet:-1","max-image-preview":"max-image-preview:large","max-video-preview":"max-video-preview:-1"},"canonical":"https:\/\/www.altercampagne.net\/?p=29394","og_locale":"fr_FR","og_type":"article","og_title":"Samedi 2 ao\u00fbt Rabastens - Albi, et dimanche 3 ao\u00fbt - AlterTour","og_description":"Samedi 2 ao\u00fbt Apr\u00e8s une soir\u00e9e de folie, avec la sc\u00e8ne ouverte \u00e0 tous les talents des altercyclistes, il faut quitter&nbsp; Rabastens. Courte nuit et cap au nord, Albi. Le soleil choisit de laisser un r\u00e9pit aux altercyclistes qui arrivent sans histoire&nbsp;\u00e0 avaler les kilom\u00e8tres et s\u2019installent \u00e0 Lescure-d&rsquo;Albigeois \u00e0 ... Read More","og_url":"https:\/\/www.altercampagne.net\/?p=29394","og_site_name":"AlterTour","article_published_time":"2025-12-02T19:33:26+00:00","article_modified_time":"2025-12-03T11:16:39+00:00","og_image":[{"width":2560,"height":1707,"url":"https:\/\/www.altercampagne.net\/wp-content\/uploads\/2025\/12\/674e40bfaab1f47-scaled.webp","type":"image\/webp"}],"author":"Mathieu G","twitter_card":"summary_large_image","twitter_misc":{"\u00c9crit par":"Mathieu G","Dur\u00e9e de lecture estim\u00e9e":"8 minutes"},"schema":{"@context":"https:\/\/schema.org","@graph":[{"@type":"Article","@id":"https:\/\/www.altercampagne.net\/?p=29394#article","isPartOf":{"@id":"https:\/\/www.altercampagne.net\/?p=29394"},"author":{"name":"Mathieu G","@id":"https:\/\/www.altercampagne.net\/#\/schema\/person\/ecef4819a38a15a4bb1a583623cdabbe"},"headline":"Samedi 2 ao\u00fbt Rabastens &#8211; Albi, et dimanche 3 ao\u00fbt","datePublished":"2025-12-02T19:33:26+00:00","dateModified":"2025-12-03T11:16:39+00:00","mainEntityOfPage":{"@id":"https:\/\/www.altercampagne.net\/?p=29394"},"wordCount":1237,"image":{"@id":"https:\/\/www.altercampagne.net\/?p=29394#primaryimage"},"thumbnailUrl":"https:\/\/www.altercampagne.net\/wp-content\/uploads\/2025\/12\/674e40bfaab1f47-scaled.webp","keywords":["Tarn","Albi en Transition","V\u00e9locratie"],"articleSection":["\u00c9dition 2025","Agriculture","AlterTour","Alimentation","Culture","communication","Environnement","Occitanie","V\u00e9lo"],"inLanguage":"fr-FR"},{"@type":"WebPage","@id":"https:\/\/www.altercampagne.net\/?p=29394","url":"https:\/\/www.altercampagne.net\/?p=29394","name":"Samedi 2 ao\u00fbt Rabastens - Albi, et dimanche 3 ao\u00fbt - AlterTour","isPartOf":{"@id":"https:\/\/www.altercampagne.net\/#website"},"primaryImageOfPage":{"@id":"https:\/\/www.altercampagne.net\/?p=29394#primaryimage"},"image":{"@id":"https:\/\/www.altercampagne.net\/?p=29394#primaryimage"},"thumbnailUrl":"https:\/\/www.altercampagne.net\/wp-content\/uploads\/2025\/12\/674e40bfaab1f47-scaled.webp","datePublished":"2025-12-02T19:33:26+00:00","dateModified":"2025-12-03T11:16:39+00:00","author":{"@id":"https:\/\/www.altercampagne.net\/#\/schema\/person\/ecef4819a38a15a4bb1a583623cdabbe"},"breadcrumb":{"@id":"https:\/\/www.altercampagne.net\/?p=29394#breadcrumb"},"inLanguage":"fr-FR","potentialAction":[{"@type":"ReadAction","target":["https:\/\/www.altercampagne.net\/?p=29394"]}]},{"@type":"ImageObject","inLanguage":"fr-FR","@id":"https:\/\/www.altercampagne.net\/?p=29394#primaryimage","url":"https:\/\/www.altercampagne.net\/wp-content\/uploads\/2025\/12\/674e40bfaab1f47-scaled.webp","contentUrl":"https:\/\/www.altercampagne.net\/wp-content\/uploads\/2025\/12\/674e40bfaab1f47-scaled.webp","width":2560,"height":1707},{"@type":"BreadcrumbList","@id":"https:\/\/www.altercampagne.net\/?p=29394#breadcrumb","itemListElement":[{"@type":"ListItem","position":1,"name":"Accueil","item":"https:\/\/www.altercampagne.net\/"},{"@type":"ListItem","position":2,"name":"Samedi 2 ao\u00fbt Rabastens &#8211; Albi, et dimanche 3 ao\u00fbt"}]},{"@type":"WebSite","@id":"https:\/\/www.altercampagne.net\/#website","url":"https:\/\/www.altercampagne.net\/","name":"AlterTour","description":"Reliez les Alternatives \u00e0 v\u00e9lo","potentialAction":[{"@type":"SearchAction","target":{"@type":"EntryPoint","urlTemplate":"https:\/\/www.altercampagne.net\/?s={search_term_string}"},"query-input":{"@type":"PropertyValueSpecification","valueRequired":true,"valueName":"search_term_string"}}],"inLanguage":"fr-FR"},{"@type":"Person","@id":"https:\/\/www.altercampagne.net\/#\/schema\/person\/ecef4819a38a15a4bb1a583623cdabbe","name":"Mathieu G","image":{"@type":"ImageObject","inLanguage":"fr-FR","@id":"https:\/\/secure.gravatar.com\/avatar\/33aa90347f324a57d4b9f5c9a6b0783ac499dba9cee0cd20b930fe027c0190bf?s=96&d=mm&r=g","url":"https:\/\/secure.gravatar.com\/avatar\/33aa90347f324a57d4b9f5c9a6b0783ac499dba9cee0cd20b930fe027c0190bf?s=96&d=mm&r=g","contentUrl":"https:\/\/secure.gravatar.com\/avatar\/33aa90347f324a57d4b9f5c9a6b0783ac499dba9cee0cd20b930fe027c0190bf?s=96&d=mm&r=g","caption":"Mathieu G"},"url":"https:\/\/www.altercampagne.net\/?author=398"}]}},"_links":{"self":[{"href":"https:\/\/www.altercampagne.net\/index.php?rest_route=\/wp\/v2\/posts\/29394","targetHints":{"allow":["GET"]}}],"collection":[{"href":"https:\/\/www.altercampagne.net\/index.php?rest_route=\/wp\/v2\/posts"}],"about":[{"href":"https:\/\/www.altercampagne.net\/index.php?rest_route=\/wp\/v2\/types\/post"}],"author":[{"embeddable":true,"href":"https:\/\/www.altercampagne.net\/index.php?rest_route=\/wp\/v2\/users\/398"}],"replies":[{"embeddable":true,"href":"https:\/\/www.altercampagne.net\/index.php?rest_route=%2Fwp%2Fv2%2Fcomments&post=29394"}],"version-history":[{"count":7,"href":"https:\/\/www.altercampagne.net\/index.php?rest_route=\/wp\/v2\/posts\/29394\/revisions"}],"predecessor-version":[{"id":29416,"href":"https:\/\/www.altercampagne.net\/index.php?rest_route=\/wp\/v2\/posts\/29394\/revisions\/29416"}],"wp:featuredmedia":[{"embeddable":true,"href":"https:\/\/www.altercampagne.net\/index.php?rest_route=\/wp\/v2\/media\/29398"}],"wp:attachment":[{"href":"https:\/\/www.altercampagne.net\/index.php?rest_route=%2Fwp%2Fv2%2Fmedia&parent=29394"}],"wp:term":[{"taxonomy":"category","embeddable":true,"href":"https:\/\/www.altercampagne.net\/index.php?rest_route=%2Fwp%2Fv2%2Fcategories&post=29394"},{"taxonomy":"post_tag","embeddable":true,"href":"https:\/\/www.altercampagne.net\/index.php?rest_route=%2Fwp%2Fv2%2Ftags&post=29394"}],"curies":[{"name":"wp","href":"https:\/\/api.w.org\/{rel}","templated":true}]}}