{"id":2966,"date":"2016-02-02T16:38:58","date_gmt":"2016-02-02T15:38:58","guid":{"rendered":"http:\/\/www.altercampagne.net\/?p=2966"},"modified":"2019-09-16T09:06:49","modified_gmt":"2019-09-16T07:06:49","slug":"altertour-2016-bien-vivre-biens-communs-2","status":"publish","type":"post","link":"https:\/\/www.altercampagne.net\/?p=2966","title":{"rendered":"AlterTour 2016 &#8211; Bien vivre, bien(s) commun(s)"},"content":{"rendered":"<p>En 2016, l\u2019AlterTour souhaite mettre en avant la th\u00e9matique des biens communs ainsi que celle du \u201cbien vivre\u201d. En effet, qu\u2019il s\u2019agisse de biens locaux ou globaux, mat\u00e9riels ou immat\u00e9riels, cr\u00e9\u00e9s par la nature ou gr\u00e2ce au travail de g\u00e9n\u00e9rations d\u2019hommes et de femmes, les biens communs (l\u2019eau, l\u2019atmosph\u00e8re, les for\u00eats, les sols, les semences, mais \u00e9galement la sant\u00e9, l\u2019\u00e9ducation, l\u2019\u00e9nergie, les langues, l&rsquo;informatique, les savoirs\u2026) constituent le patrimoine collectif de l\u2019humanit\u00e9. Le fait d\u2019associer le Bien vivre \u00e0 ce th\u00e8me pose \u00e9galement la question du partage de ces biens communs : et si le \u201cbien vivre\u201d c\u2019\u00e9tait tout d\u2019abord pr\u00e9server ces biens communs ?<\/p>\n<p>Nous nous retrouvons mercredi 3 f\u00e9vrier, de 18h \u00e0 20h, en t\u00e9l\u00e9conf\u00e9rence pour r\u00e9fl\u00e9chir sur : la Terre, un bien commun. Pour nous rejoindre, envoyez-nous votre pseudo skype sur altertour[at]gmail.com<\/p>\n<p><iframe loading=\"lazy\" src=\"https:\/\/player.vimeo.com\/video\/119685659\" width=\"500\" height=\"275\" frameborder=\"0\" allowfullscreen=\"allowfullscreen\"><\/iframe><\/p>\n","protected":false},"excerpt":{"rendered":"<p>En 2016, l\u2019AlterTour souhaite mettre en avant la th\u00e9matique des biens communs ainsi que celle du \u201cbien vivre\u201d. En effet, qu\u2019il s\u2019agisse de biens locaux ou globaux, mat\u00e9riels ou immat\u00e9riels, cr\u00e9\u00e9s par la nature ou gr\u00e2ce au travail de g\u00e9n\u00e9rations d\u2019hommes et de femmes, les biens communs (l\u2019eau, l\u2019atmosph\u00e8re, les &#8230; <\/p>\n<div><a href=\"https:\/\/www.altercampagne.net\/?p=2966\" class=\"more-link\">Read More<\/a><\/div>\n","protected":false},"author":214,"featured_media":15596,"comment_status":"closed","ping_status":"closed","sticky":false,"template":"","format":"standard","meta":{"footnotes":""},"categories":[3469],"tags":[1652,1667,1666,1665,1664,1663,1662,1661,1660,44,1110,1109,730,521,474,383,274,259],"class_list":["post-2966","post","type-post","status-publish","format-standard","has-post-thumbnail","hentry","category-programmes","tag-1652","tag-education","tag-atmosphere","tag-informatique","tag-semences","tag-savoir","tag-langue","tag-terre","tag-sante","tag-climat","tag-sol","tag-eau","tag-foret","tag-bien-vivre","tag-bien-commun","tag-altertour-2016","tag-acces-a-la-terre","tag-energie"],"yoast_head":"<!-- This site is optimized with the Yoast SEO plugin v27.3 - https:\/\/yoast.com\/product\/yoast-seo-wordpress\/ -->\n<title>AlterTour 2016 - Bien vivre, bien(s) commun(s) - AlterTour<\/title>\n<meta name=\"robots\" content=\"index, follow, max-snippet:-1, max-image-preview:large, max-video-preview:-1\" \/>\n<link rel=\"canonical\" href=\"https:\/\/www.altercampagne.net\/?p=2966\" \/>\n<meta property=\"og:locale\" content=\"fr_FR\" \/>\n<meta property=\"og:type\" content=\"article\" \/>\n<meta property=\"og:title\" content=\"AlterTour 2016 - Bien vivre, bien(s) commun(s) - AlterTour\" \/>\n<meta property=\"og:description\" content=\"En 2016, l\u2019AlterTour souhaite mettre en avant la th\u00e9matique des biens communs ainsi que celle du \u201cbien vivre\u201d. En effet, qu\u2019il s\u2019agisse de biens locaux ou globaux, mat\u00e9riels ou immat\u00e9riels, cr\u00e9\u00e9s par la nature ou gr\u00e2ce au travail de g\u00e9n\u00e9rations d\u2019hommes et de femmes, les biens communs (l\u2019eau, l\u2019atmosph\u00e8re, les ... Read More\" \/>\n<meta property=\"og:url\" content=\"https:\/\/www.altercampagne.net\/?p=2966\" \/>\n<meta property=\"og:site_name\" content=\"AlterTour\" \/>\n<meta property=\"article:published_time\" content=\"2016-02-02T15:38:58+00:00\" \/>\n<meta property=\"article:modified_time\" content=\"2019-09-16T07:06:49+00:00\" \/>\n<meta property=\"og:image\" content=\"https:\/\/www.altercampagne.net\/wp-content\/uploads\/2016\/02\/Theme-20161.jpg\" \/>\n\t<meta property=\"og:image:width\" content=\"764\" \/>\n\t<meta property=\"og:image:height\" content=\"348\" \/>\n\t<meta property=\"og:image:type\" content=\"image\/jpeg\" \/>\n<meta name=\"author\" content=\"Mathieu\" \/>\n<meta name=\"twitter:card\" content=\"summary_large_image\" \/>\n<meta name=\"twitter:label1\" content=\"\u00c9crit par\" \/>\n\t<meta name=\"twitter:data1\" content=\"Mathieu\" \/>\n\t<meta name=\"twitter:label2\" content=\"Dur\u00e9e de lecture estim\u00e9e\" \/>\n\t<meta name=\"twitter:data2\" content=\"1 minute\" \/>\n<script type=\"application\/ld+json\" class=\"yoast-schema-graph\">{\"@context\":\"https:\\\/\\\/schema.org\",\"@graph\":[{\"@type\":\"Article\",\"@id\":\"https:\\\/\\\/www.altercampagne.net\\\/?p=2966#article\",\"isPartOf\":{\"@id\":\"https:\\\/\\\/www.altercampagne.net\\\/?p=2966\"},\"author\":{\"name\":\"Mathieu\",\"@id\":\"https:\\\/\\\/www.altercampagne.net\\\/#\\\/schema\\\/person\\\/0f261460c09e430caa0f9bcffa319109\"},\"headline\":\"AlterTour 2016 &#8211; Bien vivre, bien(s) commun(s)\",\"datePublished\":\"2016-02-02T15:38:58+00:00\",\"dateModified\":\"2019-09-16T07:06:49+00:00\",\"mainEntityOfPage\":{\"@id\":\"https:\\\/\\\/www.altercampagne.net\\\/?p=2966\"},\"wordCount\":169,\"image\":{\"@id\":\"https:\\\/\\\/www.altercampagne.net\\\/?p=2966#primaryimage\"},\"thumbnailUrl\":\"https:\\\/\\\/www.altercampagne.net\\\/wp-content\\\/uploads\\\/2016\\\/02\\\/Theme-20161.jpg\",\"keywords\":[\"2016\",\"\u00e9ducation\",\"atmosph\u00e8re\",\"informatique\",\"semences\",\"savoir\",\"langue\",\"terre\",\"sant\u00e9\",\"climat\",\"sol\",\"eau\",\"for\u00eat\",\"bien vivre\",\"bien commun\",\"AlterTour 2016\",\"acc\u00e8s \u00e0 la terre\",\"\u00e9nergie\"],\"articleSection\":[\"Programmes\"],\"inLanguage\":\"fr-FR\"},{\"@type\":\"WebPage\",\"@id\":\"https:\\\/\\\/www.altercampagne.net\\\/?p=2966\",\"url\":\"https:\\\/\\\/www.altercampagne.net\\\/?p=2966\",\"name\":\"AlterTour 2016 - Bien vivre, bien(s) commun(s) - AlterTour\",\"isPartOf\":{\"@id\":\"https:\\\/\\\/www.altercampagne.net\\\/#website\"},\"primaryImageOfPage\":{\"@id\":\"https:\\\/\\\/www.altercampagne.net\\\/?p=2966#primaryimage\"},\"image\":{\"@id\":\"https:\\\/\\\/www.altercampagne.net\\\/?p=2966#primaryimage\"},\"thumbnailUrl\":\"https:\\\/\\\/www.altercampagne.net\\\/wp-content\\\/uploads\\\/2016\\\/02\\\/Theme-20161.jpg\",\"datePublished\":\"2016-02-02T15:38:58+00:00\",\"dateModified\":\"2019-09-16T07:06:49+00:00\",\"author\":{\"@id\":\"https:\\\/\\\/www.altercampagne.net\\\/#\\\/schema\\\/person\\\/0f261460c09e430caa0f9bcffa319109\"},\"breadcrumb\":{\"@id\":\"https:\\\/\\\/www.altercampagne.net\\\/?p=2966#breadcrumb\"},\"inLanguage\":\"fr-FR\",\"potentialAction\":[{\"@type\":\"ReadAction\",\"target\":[\"https:\\\/\\\/www.altercampagne.net\\\/?p=2966\"]}]},{\"@type\":\"ImageObject\",\"inLanguage\":\"fr-FR\",\"@id\":\"https:\\\/\\\/www.altercampagne.net\\\/?p=2966#primaryimage\",\"url\":\"https:\\\/\\\/www.altercampagne.net\\\/wp-content\\\/uploads\\\/2016\\\/02\\\/Theme-20161.jpg\",\"contentUrl\":\"https:\\\/\\\/www.altercampagne.net\\\/wp-content\\\/uploads\\\/2016\\\/02\\\/Theme-20161.jpg\",\"width\":764,\"height\":348},{\"@type\":\"BreadcrumbList\",\"@id\":\"https:\\\/\\\/www.altercampagne.net\\\/?p=2966#breadcrumb\",\"itemListElement\":[{\"@type\":\"ListItem\",\"position\":1,\"name\":\"Accueil\",\"item\":\"https:\\\/\\\/www.altercampagne.net\\\/\"},{\"@type\":\"ListItem\",\"position\":2,\"name\":\"AlterTour 2016 &#8211; Bien vivre, bien(s) commun(s)\"}]},{\"@type\":\"WebSite\",\"@id\":\"https:\\\/\\\/www.altercampagne.net\\\/#website\",\"url\":\"https:\\\/\\\/www.altercampagne.net\\\/\",\"name\":\"AlterTour\",\"description\":\"Reliez les Alternatives \u00e0 v\u00e9lo\",\"potentialAction\":[{\"@type\":\"SearchAction\",\"target\":{\"@type\":\"EntryPoint\",\"urlTemplate\":\"https:\\\/\\\/www.altercampagne.net\\\/?s={search_term_string}\"},\"query-input\":{\"@type\":\"PropertyValueSpecification\",\"valueRequired\":true,\"valueName\":\"search_term_string\"}}],\"inLanguage\":\"fr-FR\"},{\"@type\":\"Person\",\"@id\":\"https:\\\/\\\/www.altercampagne.net\\\/#\\\/schema\\\/person\\\/0f261460c09e430caa0f9bcffa319109\",\"name\":\"Mathieu\",\"image\":{\"@type\":\"ImageObject\",\"inLanguage\":\"fr-FR\",\"@id\":\"https:\\\/\\\/secure.gravatar.com\\\/avatar\\\/aa9d3d24c83f2141e5e2709d0f63d09a99f6be6bb7a50abc4915838d9f54501a?s=96&d=mm&r=g\",\"url\":\"https:\\\/\\\/secure.gravatar.com\\\/avatar\\\/aa9d3d24c83f2141e5e2709d0f63d09a99f6be6bb7a50abc4915838d9f54501a?s=96&d=mm&r=g\",\"contentUrl\":\"https:\\\/\\\/secure.gravatar.com\\\/avatar\\\/aa9d3d24c83f2141e5e2709d0f63d09a99f6be6bb7a50abc4915838d9f54501a?s=96&d=mm&r=g\",\"caption\":\"Mathieu\"},\"url\":\"https:\\\/\\\/www.altercampagne.net\\\/?author=214\"}]}<\/script>\n<!-- \/ Yoast SEO plugin. -->","yoast_head_json":{"title":"AlterTour 2016 - Bien vivre, bien(s) commun(s) - AlterTour","robots":{"index":"index","follow":"follow","max-snippet":"max-snippet:-1","max-image-preview":"max-image-preview:large","max-video-preview":"max-video-preview:-1"},"canonical":"https:\/\/www.altercampagne.net\/?p=2966","og_locale":"fr_FR","og_type":"article","og_title":"AlterTour 2016 - Bien vivre, bien(s) commun(s) - AlterTour","og_description":"En 2016, l\u2019AlterTour souhaite mettre en avant la th\u00e9matique des biens communs ainsi que celle du \u201cbien vivre\u201d. En effet, qu\u2019il s\u2019agisse de biens locaux ou globaux, mat\u00e9riels ou immat\u00e9riels, cr\u00e9\u00e9s par la nature ou gr\u00e2ce au travail de g\u00e9n\u00e9rations d\u2019hommes et de femmes, les biens communs (l\u2019eau, l\u2019atmosph\u00e8re, les ... Read More","og_url":"https:\/\/www.altercampagne.net\/?p=2966","og_site_name":"AlterTour","article_published_time":"2016-02-02T15:38:58+00:00","article_modified_time":"2019-09-16T07:06:49+00:00","og_image":[{"width":764,"height":348,"url":"https:\/\/www.altercampagne.net\/wp-content\/uploads\/2016\/02\/Theme-20161.jpg","type":"image\/jpeg"}],"author":"Mathieu","twitter_card":"summary_large_image","twitter_misc":{"\u00c9crit par":"Mathieu","Dur\u00e9e de lecture estim\u00e9e":"1 minute"},"schema":{"@context":"https:\/\/schema.org","@graph":[{"@type":"Article","@id":"https:\/\/www.altercampagne.net\/?p=2966#article","isPartOf":{"@id":"https:\/\/www.altercampagne.net\/?p=2966"},"author":{"name":"Mathieu","@id":"https:\/\/www.altercampagne.net\/#\/schema\/person\/0f261460c09e430caa0f9bcffa319109"},"headline":"AlterTour 2016 &#8211; Bien vivre, bien(s) commun(s)","datePublished":"2016-02-02T15:38:58+00:00","dateModified":"2019-09-16T07:06:49+00:00","mainEntityOfPage":{"@id":"https:\/\/www.altercampagne.net\/?p=2966"},"wordCount":169,"image":{"@id":"https:\/\/www.altercampagne.net\/?p=2966#primaryimage"},"thumbnailUrl":"https:\/\/www.altercampagne.net\/wp-content\/uploads\/2016\/02\/Theme-20161.jpg","keywords":["2016","\u00e9ducation","atmosph\u00e8re","informatique","semences","savoir","langue","terre","sant\u00e9","climat","sol","eau","for\u00eat","bien vivre","bien commun","AlterTour 2016","acc\u00e8s \u00e0 la terre","\u00e9nergie"],"articleSection":["Programmes"],"inLanguage":"fr-FR"},{"@type":"WebPage","@id":"https:\/\/www.altercampagne.net\/?p=2966","url":"https:\/\/www.altercampagne.net\/?p=2966","name":"AlterTour 2016 - Bien vivre, bien(s) commun(s) - AlterTour","isPartOf":{"@id":"https:\/\/www.altercampagne.net\/#website"},"primaryImageOfPage":{"@id":"https:\/\/www.altercampagne.net\/?p=2966#primaryimage"},"image":{"@id":"https:\/\/www.altercampagne.net\/?p=2966#primaryimage"},"thumbnailUrl":"https:\/\/www.altercampagne.net\/wp-content\/uploads\/2016\/02\/Theme-20161.jpg","datePublished":"2016-02-02T15:38:58+00:00","dateModified":"2019-09-16T07:06:49+00:00","author":{"@id":"https:\/\/www.altercampagne.net\/#\/schema\/person\/0f261460c09e430caa0f9bcffa319109"},"breadcrumb":{"@id":"https:\/\/www.altercampagne.net\/?p=2966#breadcrumb"},"inLanguage":"fr-FR","potentialAction":[{"@type":"ReadAction","target":["https:\/\/www.altercampagne.net\/?p=2966"]}]},{"@type":"ImageObject","inLanguage":"fr-FR","@id":"https:\/\/www.altercampagne.net\/?p=2966#primaryimage","url":"https:\/\/www.altercampagne.net\/wp-content\/uploads\/2016\/02\/Theme-20161.jpg","contentUrl":"https:\/\/www.altercampagne.net\/wp-content\/uploads\/2016\/02\/Theme-20161.jpg","width":764,"height":348},{"@type":"BreadcrumbList","@id":"https:\/\/www.altercampagne.net\/?p=2966#breadcrumb","itemListElement":[{"@type":"ListItem","position":1,"name":"Accueil","item":"https:\/\/www.altercampagne.net\/"},{"@type":"ListItem","position":2,"name":"AlterTour 2016 &#8211; Bien vivre, bien(s) commun(s)"}]},{"@type":"WebSite","@id":"https:\/\/www.altercampagne.net\/#website","url":"https:\/\/www.altercampagne.net\/","name":"AlterTour","description":"Reliez les Alternatives \u00e0 v\u00e9lo","potentialAction":[{"@type":"SearchAction","target":{"@type":"EntryPoint","urlTemplate":"https:\/\/www.altercampagne.net\/?s={search_term_string}"},"query-input":{"@type":"PropertyValueSpecification","valueRequired":true,"valueName":"search_term_string"}}],"inLanguage":"fr-FR"},{"@type":"Person","@id":"https:\/\/www.altercampagne.net\/#\/schema\/person\/0f261460c09e430caa0f9bcffa319109","name":"Mathieu","image":{"@type":"ImageObject","inLanguage":"fr-FR","@id":"https:\/\/secure.gravatar.com\/avatar\/aa9d3d24c83f2141e5e2709d0f63d09a99f6be6bb7a50abc4915838d9f54501a?s=96&d=mm&r=g","url":"https:\/\/secure.gravatar.com\/avatar\/aa9d3d24c83f2141e5e2709d0f63d09a99f6be6bb7a50abc4915838d9f54501a?s=96&d=mm&r=g","contentUrl":"https:\/\/secure.gravatar.com\/avatar\/aa9d3d24c83f2141e5e2709d0f63d09a99f6be6bb7a50abc4915838d9f54501a?s=96&d=mm&r=g","caption":"Mathieu"},"url":"https:\/\/www.altercampagne.net\/?author=214"}]}},"_links":{"self":[{"href":"https:\/\/www.altercampagne.net\/index.php?rest_route=\/wp\/v2\/posts\/2966","targetHints":{"allow":["GET"]}}],"collection":[{"href":"https:\/\/www.altercampagne.net\/index.php?rest_route=\/wp\/v2\/posts"}],"about":[{"href":"https:\/\/www.altercampagne.net\/index.php?rest_route=\/wp\/v2\/types\/post"}],"author":[{"embeddable":true,"href":"https:\/\/www.altercampagne.net\/index.php?rest_route=\/wp\/v2\/users\/214"}],"replies":[{"embeddable":true,"href":"https:\/\/www.altercampagne.net\/index.php?rest_route=%2Fwp%2Fv2%2Fcomments&post=2966"}],"version-history":[{"count":0,"href":"https:\/\/www.altercampagne.net\/index.php?rest_route=\/wp\/v2\/posts\/2966\/revisions"}],"wp:featuredmedia":[{"embeddable":true,"href":"https:\/\/www.altercampagne.net\/index.php?rest_route=\/wp\/v2\/media\/15596"}],"wp:attachment":[{"href":"https:\/\/www.altercampagne.net\/index.php?rest_route=%2Fwp%2Fv2%2Fmedia&parent=2966"}],"wp:term":[{"taxonomy":"category","embeddable":true,"href":"https:\/\/www.altercampagne.net\/index.php?rest_route=%2Fwp%2Fv2%2Fcategories&post=2966"},{"taxonomy":"post_tag","embeddable":true,"href":"https:\/\/www.altercampagne.net\/index.php?rest_route=%2Fwp%2Fv2%2Ftags&post=2966"}],"curies":[{"name":"wp","href":"https:\/\/api.w.org\/{rel}","templated":true}]}}