{"id":2980,"date":"2015-09-17T12:02:16","date_gmt":"2015-09-17T10:02:16","guid":{"rendered":"http:\/\/www.altercampagne.net\/?p=2980"},"modified":"2016-02-04T12:09:53","modified_gmt":"2016-02-04T11:09:53","slug":"compagnonnage-2016-les-inscriptions-sont-ouvertes","status":"publish","type":"post","link":"https:\/\/www.altercampagne.net\/?p=2980","title":{"rendered":"Compagnonnage 2016 : les inscriptions sont ouvertes !"},"content":{"rendered":"<p><em><a href=\"http:\/\/www.reseaurepas.free.fr\/dotclear\/index.php?\" target=\"_blank\"><img loading=\"lazy\" decoding=\"async\" class=\" size-full wp-image-2981 aligncenter\" src=\"http:\/\/www.altercampagne.net\/wp-content\/uploads\/2016\/02\/travaux_collectif_viel_audon.jpg\" alt=\"travaux_collectif_viel_audon\" width=\"648\" height=\"290\" srcset=\"https:\/\/www.altercampagne.net\/wp-content\/uploads\/2016\/02\/travaux_collectif_viel_audon.jpg 648w, https:\/\/www.altercampagne.net\/wp-content\/uploads\/2016\/02\/travaux_collectif_viel_audon-300x134.jpg 300w\" sizes=\"auto, (max-width: 648px) 100vw, 648px\" \/><\/a>Depuis une\u00a0vingtaine d&rsquo;ann\u00e9es, le R.E.P.A.S. (<\/em><a href=\"http:\/\/www.reseaurepas.free.fr\/dotclear\/index.php?\" target=\"_blank\"><strong>R<\/strong><em>\u00e9seau d&rsquo;<\/em><strong>E<\/strong><em>changes de <\/em><strong>P<\/strong><em>ratiques <\/em><strong>A<\/strong><em>lternatives et <\/em><strong>S<\/strong><\/a><em><a href=\"http:\/\/www.reseaurepas.free.fr\/dotclear\/index.php?\" target=\"_blank\">olidaires<\/a>) regroupe une trentaine d&rsquo;entreprises dans toute la France. Celles-ci ont concr\u00e8tement mis en \u0153uvre des pratiques \u00e9conomiques gardant une distance sur le profit, la course \u00e0 la consommation ou le tout \u00e0 l&rsquo;\u00e9conomie. <\/em><\/p>\n<p><em>Elles inscrivent leur sens dans le concret de pratiques libres et <\/em><strong>solidaires<\/strong><em> et se reconnaissent d&rsquo;une culture commune bien qu&rsquo;elles aient des m\u00e9tiers et des organisations d&rsquo;\u00e9quipe diff\u00e9rents.<\/em><\/p>\n<p><em>De <\/em>nombreuses demandes de stages dans les structures du r\u00e9seau R.E.P.A.S. l\u2019ont amen\u00e9 \u00e0 concevoir en 1997\u00a0un parcours de compagnonnage alternatif et solidaire, pour ouvrir ses entreprises \u00e0 ceux qui souhaitent les rencontrer dans l\u2019action. Il accueille chaque ann\u00e9e quinze \u00e0 vingt jeunes (de 18 \u00e0 35 ans) pendant cinq mois.<\/p>\n<p><b>Un compagnonnage <\/b><b>pour d<\/b><b>onner l\u2019envie de coop\u00e9rer<\/b> : <b>du 10 f\u00e9vrier \u2013 17 juin 2016<\/b><\/p>\n<ul>\n<li>En remettant l\u2019humain au centre des entreprises,<\/li>\n<li>En favorisant le d\u00e9veloppement d\u2019un engagement citoyen,<\/li>\n<li>En permettant \u00e0 des jeunes d\u2019explorer et\u00a0 de d\u00e9finir les bases d\u2019un projet de vie,<\/li>\n<li>En impulsant de nouvelles r\u00e9alisations dans\u00a0 le champ de l\u2019\u00e9conomie sociale et solidaire,<\/li>\n<\/ul>\n<p><strong>Le parcours de compagnonnage permet de transmettre et d\u2019affirmer notre culture d\u2019entreprise coop\u00e9rative en contribuant \u00e0 la r\u00e9alisation de nouveaux projets.<\/strong><\/p>\n<p>D\u2019autres formes de partenariat avec les entreprises du r\u00e9seau sont possibles, permettant un compagnonnage \u00ab \u00e0 la carte \u00bb, pour des groupes d\u00e9j\u00e0\u00a0 constitu\u00e9s ou des personnes porteuses de projet.<\/p>\n<p><strong>Renseignements, inscriptions, dossiers de candidature<\/strong><strong> : <\/strong><strong>formation@levielaudon.org<\/strong> <strong>et<\/strong><a href=\"http:\/\/www.reseaurepas.free.fr\"><strong> www.reseaurepas.free.fr<\/strong><\/a><\/p>\n","protected":false},"excerpt":{"rendered":"<p>Depuis une\u00a0vingtaine d&rsquo;ann\u00e9es, le R.E.P.A.S. (R\u00e9seau d&rsquo;Echanges de Pratiques Alternatives et Solidaires) regroupe une trentaine d&rsquo;entreprises dans toute la France. Celles-ci ont concr\u00e8tement mis en \u0153uvre des pratiques \u00e9conomiques gardant une distance sur le profit, la course \u00e0 la consommation ou le tout \u00e0 l&rsquo;\u00e9conomie. Elles inscrivent leur sens dans &#8230; <\/p>\n<div><a href=\"https:\/\/www.altercampagne.net\/?p=2980\" class=\"more-link\">Read More<\/a><\/div>\n","protected":false},"author":214,"featured_media":0,"comment_status":"closed","ping_status":"closed","sticky":false,"template":"","format":"standard","meta":{"footnotes":""},"categories":[1],"tags":[80,736],"class_list":["post-2980","post","type-post","status-publish","format-standard","hentry","category-non-classe","tag-reseau-repas","tag-compagnonnage-repas","no-post-thumbnail"],"yoast_head":"<!-- This site is optimized with the Yoast SEO plugin v27.3 - https:\/\/yoast.com\/product\/yoast-seo-wordpress\/ -->\n<title>Compagnonnage 2016 : les inscriptions sont ouvertes ! - AlterTour<\/title>\n<meta name=\"robots\" content=\"index, follow, max-snippet:-1, max-image-preview:large, max-video-preview:-1\" \/>\n<link rel=\"canonical\" href=\"https:\/\/www.altercampagne.net\/?p=2980\" \/>\n<meta property=\"og:locale\" content=\"fr_FR\" \/>\n<meta property=\"og:type\" content=\"article\" \/>\n<meta property=\"og:title\" content=\"Compagnonnage 2016 : les inscriptions sont ouvertes ! - AlterTour\" \/>\n<meta property=\"og:description\" content=\"Depuis une\u00a0vingtaine d&rsquo;ann\u00e9es, le R.E.P.A.S. (R\u00e9seau d&rsquo;Echanges de Pratiques Alternatives et Solidaires) regroupe une trentaine d&rsquo;entreprises dans toute la France. Celles-ci ont concr\u00e8tement mis en \u0153uvre des pratiques \u00e9conomiques gardant une distance sur le profit, la course \u00e0 la consommation ou le tout \u00e0 l&rsquo;\u00e9conomie. Elles inscrivent leur sens dans ... Read More\" \/>\n<meta property=\"og:url\" content=\"https:\/\/www.altercampagne.net\/?p=2980\" \/>\n<meta property=\"og:site_name\" content=\"AlterTour\" \/>\n<meta property=\"article:published_time\" content=\"2015-09-17T10:02:16+00:00\" \/>\n<meta property=\"article:modified_time\" content=\"2016-02-04T11:09:53+00:00\" \/>\n<meta property=\"og:image\" content=\"http:\/\/www.altercampagne.net\/wp-content\/uploads\/2016\/02\/travaux_collectif_viel_audon.jpg\" \/>\n<meta name=\"author\" content=\"Mathieu\" \/>\n<meta name=\"twitter:card\" content=\"summary_large_image\" \/>\n<meta name=\"twitter:label1\" content=\"\u00c9crit par\" \/>\n\t<meta name=\"twitter:data1\" content=\"Mathieu\" \/>\n\t<meta name=\"twitter:label2\" content=\"Dur\u00e9e de lecture estim\u00e9e\" \/>\n\t<meta name=\"twitter:data2\" content=\"1 minute\" \/>\n<script type=\"application\/ld+json\" class=\"yoast-schema-graph\">{\"@context\":\"https:\\\/\\\/schema.org\",\"@graph\":[{\"@type\":\"Article\",\"@id\":\"https:\\\/\\\/www.altercampagne.net\\\/?p=2980#article\",\"isPartOf\":{\"@id\":\"https:\\\/\\\/www.altercampagne.net\\\/?p=2980\"},\"author\":{\"name\":\"Mathieu\",\"@id\":\"https:\\\/\\\/www.altercampagne.net\\\/#\\\/schema\\\/person\\\/0f261460c09e430caa0f9bcffa319109\"},\"headline\":\"Compagnonnage 2016 : les inscriptions sont ouvertes !\",\"datePublished\":\"2015-09-17T10:02:16+00:00\",\"dateModified\":\"2016-02-04T11:09:53+00:00\",\"mainEntityOfPage\":{\"@id\":\"https:\\\/\\\/www.altercampagne.net\\\/?p=2980\"},\"wordCount\":281,\"image\":{\"@id\":\"https:\\\/\\\/www.altercampagne.net\\\/?p=2980#primaryimage\"},\"thumbnailUrl\":\"http:\\\/\\\/www.altercampagne.net\\\/wp-content\\\/uploads\\\/2016\\\/02\\\/travaux_collectif_viel_audon.jpg\",\"keywords\":[\"R\u00e9seau Repas\",\"compagnonnage repas\"],\"inLanguage\":\"fr-FR\"},{\"@type\":\"WebPage\",\"@id\":\"https:\\\/\\\/www.altercampagne.net\\\/?p=2980\",\"url\":\"https:\\\/\\\/www.altercampagne.net\\\/?p=2980\",\"name\":\"Compagnonnage 2016 : les inscriptions sont ouvertes ! - AlterTour\",\"isPartOf\":{\"@id\":\"https:\\\/\\\/www.altercampagne.net\\\/#website\"},\"primaryImageOfPage\":{\"@id\":\"https:\\\/\\\/www.altercampagne.net\\\/?p=2980#primaryimage\"},\"image\":{\"@id\":\"https:\\\/\\\/www.altercampagne.net\\\/?p=2980#primaryimage\"},\"thumbnailUrl\":\"http:\\\/\\\/www.altercampagne.net\\\/wp-content\\\/uploads\\\/2016\\\/02\\\/travaux_collectif_viel_audon.jpg\",\"datePublished\":\"2015-09-17T10:02:16+00:00\",\"dateModified\":\"2016-02-04T11:09:53+00:00\",\"author\":{\"@id\":\"https:\\\/\\\/www.altercampagne.net\\\/#\\\/schema\\\/person\\\/0f261460c09e430caa0f9bcffa319109\"},\"breadcrumb\":{\"@id\":\"https:\\\/\\\/www.altercampagne.net\\\/?p=2980#breadcrumb\"},\"inLanguage\":\"fr-FR\",\"potentialAction\":[{\"@type\":\"ReadAction\",\"target\":[\"https:\\\/\\\/www.altercampagne.net\\\/?p=2980\"]}]},{\"@type\":\"ImageObject\",\"inLanguage\":\"fr-FR\",\"@id\":\"https:\\\/\\\/www.altercampagne.net\\\/?p=2980#primaryimage\",\"url\":\"https:\\\/\\\/www.altercampagne.net\\\/wp-content\\\/uploads\\\/2016\\\/02\\\/travaux_collectif_viel_audon.jpg\",\"contentUrl\":\"https:\\\/\\\/www.altercampagne.net\\\/wp-content\\\/uploads\\\/2016\\\/02\\\/travaux_collectif_viel_audon.jpg\",\"width\":648,\"height\":290},{\"@type\":\"BreadcrumbList\",\"@id\":\"https:\\\/\\\/www.altercampagne.net\\\/?p=2980#breadcrumb\",\"itemListElement\":[{\"@type\":\"ListItem\",\"position\":1,\"name\":\"Accueil\",\"item\":\"https:\\\/\\\/www.altercampagne.net\\\/\"},{\"@type\":\"ListItem\",\"position\":2,\"name\":\"Compagnonnage 2016 : les inscriptions sont ouvertes !\"}]},{\"@type\":\"WebSite\",\"@id\":\"https:\\\/\\\/www.altercampagne.net\\\/#website\",\"url\":\"https:\\\/\\\/www.altercampagne.net\\\/\",\"name\":\"AlterTour\",\"description\":\"Reliez les Alternatives \u00e0 v\u00e9lo\",\"potentialAction\":[{\"@type\":\"SearchAction\",\"target\":{\"@type\":\"EntryPoint\",\"urlTemplate\":\"https:\\\/\\\/www.altercampagne.net\\\/?s={search_term_string}\"},\"query-input\":{\"@type\":\"PropertyValueSpecification\",\"valueRequired\":true,\"valueName\":\"search_term_string\"}}],\"inLanguage\":\"fr-FR\"},{\"@type\":\"Person\",\"@id\":\"https:\\\/\\\/www.altercampagne.net\\\/#\\\/schema\\\/person\\\/0f261460c09e430caa0f9bcffa319109\",\"name\":\"Mathieu\",\"image\":{\"@type\":\"ImageObject\",\"inLanguage\":\"fr-FR\",\"@id\":\"https:\\\/\\\/secure.gravatar.com\\\/avatar\\\/aa9d3d24c83f2141e5e2709d0f63d09a99f6be6bb7a50abc4915838d9f54501a?s=96&d=mm&r=g\",\"url\":\"https:\\\/\\\/secure.gravatar.com\\\/avatar\\\/aa9d3d24c83f2141e5e2709d0f63d09a99f6be6bb7a50abc4915838d9f54501a?s=96&d=mm&r=g\",\"contentUrl\":\"https:\\\/\\\/secure.gravatar.com\\\/avatar\\\/aa9d3d24c83f2141e5e2709d0f63d09a99f6be6bb7a50abc4915838d9f54501a?s=96&d=mm&r=g\",\"caption\":\"Mathieu\"},\"url\":\"https:\\\/\\\/www.altercampagne.net\\\/?author=214\"}]}<\/script>\n<!-- \/ Yoast SEO plugin. -->","yoast_head_json":{"title":"Compagnonnage 2016 : les inscriptions sont ouvertes ! - AlterTour","robots":{"index":"index","follow":"follow","max-snippet":"max-snippet:-1","max-image-preview":"max-image-preview:large","max-video-preview":"max-video-preview:-1"},"canonical":"https:\/\/www.altercampagne.net\/?p=2980","og_locale":"fr_FR","og_type":"article","og_title":"Compagnonnage 2016 : les inscriptions sont ouvertes ! - AlterTour","og_description":"Depuis une\u00a0vingtaine d&rsquo;ann\u00e9es, le R.E.P.A.S. (R\u00e9seau d&rsquo;Echanges de Pratiques Alternatives et Solidaires) regroupe une trentaine d&rsquo;entreprises dans toute la France. Celles-ci ont concr\u00e8tement mis en \u0153uvre des pratiques \u00e9conomiques gardant une distance sur le profit, la course \u00e0 la consommation ou le tout \u00e0 l&rsquo;\u00e9conomie. Elles inscrivent leur sens dans ... Read More","og_url":"https:\/\/www.altercampagne.net\/?p=2980","og_site_name":"AlterTour","article_published_time":"2015-09-17T10:02:16+00:00","article_modified_time":"2016-02-04T11:09:53+00:00","og_image":[{"url":"http:\/\/www.altercampagne.net\/wp-content\/uploads\/2016\/02\/travaux_collectif_viel_audon.jpg","type":"","width":"","height":""}],"author":"Mathieu","twitter_card":"summary_large_image","twitter_misc":{"\u00c9crit par":"Mathieu","Dur\u00e9e de lecture estim\u00e9e":"1 minute"},"schema":{"@context":"https:\/\/schema.org","@graph":[{"@type":"Article","@id":"https:\/\/www.altercampagne.net\/?p=2980#article","isPartOf":{"@id":"https:\/\/www.altercampagne.net\/?p=2980"},"author":{"name":"Mathieu","@id":"https:\/\/www.altercampagne.net\/#\/schema\/person\/0f261460c09e430caa0f9bcffa319109"},"headline":"Compagnonnage 2016 : les inscriptions sont ouvertes !","datePublished":"2015-09-17T10:02:16+00:00","dateModified":"2016-02-04T11:09:53+00:00","mainEntityOfPage":{"@id":"https:\/\/www.altercampagne.net\/?p=2980"},"wordCount":281,"image":{"@id":"https:\/\/www.altercampagne.net\/?p=2980#primaryimage"},"thumbnailUrl":"http:\/\/www.altercampagne.net\/wp-content\/uploads\/2016\/02\/travaux_collectif_viel_audon.jpg","keywords":["R\u00e9seau Repas","compagnonnage repas"],"inLanguage":"fr-FR"},{"@type":"WebPage","@id":"https:\/\/www.altercampagne.net\/?p=2980","url":"https:\/\/www.altercampagne.net\/?p=2980","name":"Compagnonnage 2016 : les inscriptions sont ouvertes ! - AlterTour","isPartOf":{"@id":"https:\/\/www.altercampagne.net\/#website"},"primaryImageOfPage":{"@id":"https:\/\/www.altercampagne.net\/?p=2980#primaryimage"},"image":{"@id":"https:\/\/www.altercampagne.net\/?p=2980#primaryimage"},"thumbnailUrl":"http:\/\/www.altercampagne.net\/wp-content\/uploads\/2016\/02\/travaux_collectif_viel_audon.jpg","datePublished":"2015-09-17T10:02:16+00:00","dateModified":"2016-02-04T11:09:53+00:00","author":{"@id":"https:\/\/www.altercampagne.net\/#\/schema\/person\/0f261460c09e430caa0f9bcffa319109"},"breadcrumb":{"@id":"https:\/\/www.altercampagne.net\/?p=2980#breadcrumb"},"inLanguage":"fr-FR","potentialAction":[{"@type":"ReadAction","target":["https:\/\/www.altercampagne.net\/?p=2980"]}]},{"@type":"ImageObject","inLanguage":"fr-FR","@id":"https:\/\/www.altercampagne.net\/?p=2980#primaryimage","url":"https:\/\/www.altercampagne.net\/wp-content\/uploads\/2016\/02\/travaux_collectif_viel_audon.jpg","contentUrl":"https:\/\/www.altercampagne.net\/wp-content\/uploads\/2016\/02\/travaux_collectif_viel_audon.jpg","width":648,"height":290},{"@type":"BreadcrumbList","@id":"https:\/\/www.altercampagne.net\/?p=2980#breadcrumb","itemListElement":[{"@type":"ListItem","position":1,"name":"Accueil","item":"https:\/\/www.altercampagne.net\/"},{"@type":"ListItem","position":2,"name":"Compagnonnage 2016 : les inscriptions sont ouvertes !"}]},{"@type":"WebSite","@id":"https:\/\/www.altercampagne.net\/#website","url":"https:\/\/www.altercampagne.net\/","name":"AlterTour","description":"Reliez les Alternatives \u00e0 v\u00e9lo","potentialAction":[{"@type":"SearchAction","target":{"@type":"EntryPoint","urlTemplate":"https:\/\/www.altercampagne.net\/?s={search_term_string}"},"query-input":{"@type":"PropertyValueSpecification","valueRequired":true,"valueName":"search_term_string"}}],"inLanguage":"fr-FR"},{"@type":"Person","@id":"https:\/\/www.altercampagne.net\/#\/schema\/person\/0f261460c09e430caa0f9bcffa319109","name":"Mathieu","image":{"@type":"ImageObject","inLanguage":"fr-FR","@id":"https:\/\/secure.gravatar.com\/avatar\/aa9d3d24c83f2141e5e2709d0f63d09a99f6be6bb7a50abc4915838d9f54501a?s=96&d=mm&r=g","url":"https:\/\/secure.gravatar.com\/avatar\/aa9d3d24c83f2141e5e2709d0f63d09a99f6be6bb7a50abc4915838d9f54501a?s=96&d=mm&r=g","contentUrl":"https:\/\/secure.gravatar.com\/avatar\/aa9d3d24c83f2141e5e2709d0f63d09a99f6be6bb7a50abc4915838d9f54501a?s=96&d=mm&r=g","caption":"Mathieu"},"url":"https:\/\/www.altercampagne.net\/?author=214"}]}},"_links":{"self":[{"href":"https:\/\/www.altercampagne.net\/index.php?rest_route=\/wp\/v2\/posts\/2980","targetHints":{"allow":["GET"]}}],"collection":[{"href":"https:\/\/www.altercampagne.net\/index.php?rest_route=\/wp\/v2\/posts"}],"about":[{"href":"https:\/\/www.altercampagne.net\/index.php?rest_route=\/wp\/v2\/types\/post"}],"author":[{"embeddable":true,"href":"https:\/\/www.altercampagne.net\/index.php?rest_route=\/wp\/v2\/users\/214"}],"replies":[{"embeddable":true,"href":"https:\/\/www.altercampagne.net\/index.php?rest_route=%2Fwp%2Fv2%2Fcomments&post=2980"}],"version-history":[{"count":0,"href":"https:\/\/www.altercampagne.net\/index.php?rest_route=\/wp\/v2\/posts\/2980\/revisions"}],"wp:attachment":[{"href":"https:\/\/www.altercampagne.net\/index.php?rest_route=%2Fwp%2Fv2%2Fmedia&parent=2980"}],"wp:term":[{"taxonomy":"category","embeddable":true,"href":"https:\/\/www.altercampagne.net\/index.php?rest_route=%2Fwp%2Fv2%2Fcategories&post=2980"},{"taxonomy":"post_tag","embeddable":true,"href":"https:\/\/www.altercampagne.net\/index.php?rest_route=%2Fwp%2Fv2%2Ftags&post=2980"}],"curies":[{"name":"wp","href":"https:\/\/api.w.org\/{rel}","templated":true}]}}