{"id":2985,"date":"2016-02-03T14:27:00","date_gmt":"2016-02-03T13:27:00","guid":{"rendered":"http:\/\/www.altercampagne.net\/?p=2985"},"modified":"2020-02-24T17:22:33","modified_gmt":"2020-02-24T16:22:33","slug":"6eme-reunion-de-preparation-de-laltertour-2016-a-paris","status":"publish","type":"post","link":"https:\/\/www.altercampagne.net\/?p=2985","title":{"rendered":"R\u00e9union de pr\u00e9paration de l\u2019AlterTour, les 6 et 7 f\u00e9vrier 2016 \u00e0 Andines (Saint-Denis) et au Caf\u00e9 social Belleville (Paris)"},"content":{"rendered":"<p><a href=\"http:\/\/www.altercampagne.net\/wp-content\/uploads\/2015\/08\/2015-07-22_17.31.jpg\"><img loading=\"lazy\" decoding=\"async\" class=\" size-full wp-image-1990 aligncenter\" src=\"http:\/\/www.altercampagne.net\/wp-content\/uploads\/2015\/08\/2015-07-22_17.31.jpg\" alt=\"2015-07-22_17.31\" width=\"900\" height=\"310\" srcset=\"https:\/\/www.altercampagne.net\/wp-content\/uploads\/2015\/08\/2015-07-22_17.31.jpg 900w, https:\/\/www.altercampagne.net\/wp-content\/uploads\/2015\/08\/2015-07-22_17.31-300x103.jpg 300w\" sizes=\"auto, (max-width: 900px) 100vw, 900px\" \/><\/a><\/p>\n<p>La 6\u00e8me r\u00e9union pl\u00e9ni\u00e8re de pr\u00e9paration de l&rsquo;AlterTour 2016 aura lieu les 6 et 7 f\u00e9vrier \u00e0 Paris. Samedi 6 \u00e0 <a href=\"http:\/\/www.andines.com\/\" target=\"_blank\" rel=\"noopener noreferrer\">Andines<\/a> et dimanche 7 f\u00e9vrier au caf\u00e9 social Belleville (7 rue de Pali-Kao &#8211; 75020 Paris. M\u00e9tro Belleville (ligne 2 et 11) <i>ou<\/i> M\u00e9tro Couronnes (ligne 2)<\/p>\n<p>Acc\u00e8s :<\/p>\n<p>&#8211;<a href=\"http:\/\/www.andines.com\/\" target=\"_blank\" rel=\"noopener noreferrer\"> Andines<\/a> : 5 Rue de la Poterie &#8211; 93200 Saint-Denis. Acc\u00e8s: M\u00e9tro ligne 13 jusqu&rsquo;\u00e0 porte de paris, puis tram 8 jusqu&rsquo;\u00e0 l&rsquo;arr\u00eat Delaunay Belleville (6minutes de la porte de paris) ou rer d: gare de st denis puis Tram 8 direction Epinay sur seine ou Villetaneuse &#8211; arret Delaunay<\/p>\n<p>&#8211; <a href=\"http:\/\/www.cafesocial.org\/\" target=\"_blank\" rel=\"noopener noreferrer\">Caf\u00e9 social Belleville<\/a> : 7 rue de Pali-Kao &#8211; 75020 Paris. M\u00e9tro Belleville (ligne 2 et 11) <i>ou<\/i> M\u00e9tro Couronnes (ligne 2)<\/p>\n<p>Voici l&rsquo;ordre du jour :<\/p>\n<p><b>Samedi matin<\/b><br \/>\n09h00 &#8211; 09h30 : Accueil &#8211; petit d\u00e9jeuner<br \/>\n09h30 &#8211; 09h40 : Brise-glace<br \/>\n09h40 &#8211; 10h00 : Point m\u00e9t\u00e9o et pr\u00e9sentation du week-end &#8211; r\u00e9partition des r\u00f4les<br \/>\n10h00 &#8211; 12h00 : <b>R\u00e9flexion sur le th\u00e8me <\/b>: Objectif: avoir une culture commune sur les \u201cbiens commun\u201d et pr\u00e9parer la r\u00e9flexion sur l\u2019affiche.<br \/>\n10h00 &#8211; 10h20 : Brain Storming pour faire \u00e9merger deux questions sur le bien commun et des choses concr\u00e8tes li\u00e9 \u00e0 ce th\u00e8me (aussi pour l\u2019affiche)<br \/>\n10h20 &#8211; 10h40 : Premier d\u00e9bat boule de neige par 2, 4 et 8 personnes<br \/>\n10h40 &#8211; 11h00 : Mise en commun<br \/>\n11h00 &#8211; 11h15 :<b><i> Pause<\/i><\/b><br \/>\n11h15 &#8211; 11h35 : Deuxi\u00e8me d\u00e9bat boule de neige<br \/>\n11h35 &#8211; 12h00 : Mise en commun<br \/>\n12h00 &#8211; 12h20 : Comment on poursuit la r\u00e9flexion tout au long de l\u2019ann\u00e9e ?<\/p>\n<p>12h20 &#8211; 14h00 : <b><i>Repas partag\u00e9<\/i><\/b><\/p>\n<p><b>Samedi apr\u00e8s-midi<\/b><br \/>\n<b>Visuel de l\u2019affiche <\/b>: objectif : donner un cahier des charges clair \u00e0 un dessinateur<br \/>\n14h00 &#8211; 14h30 : Trois groupes qui proposent une \u201cmaquette\u201d se basant sur ce qui a \u00e9t\u00e9 d\u00e9cid\u00e9 \u00e0 la derni\u00e8re pl\u00e9ni\u00e8re.<br \/>\n14h30 &#8211; 15h30 : Regroupement des maquettes, d\u00e9bat et \u00e9laboration d\u2019une nouvelle maquette.<br \/>\n15h30 &#8211; 16h00 : <b>Site internet <\/b>: objectif : synth\u00e8se des remarques sur le nouveau visuel. Tour de table sur les d\u00e9sirs concernant le visuel. Lancement \u00e9ventuel d\u2019un Groupe de r\u00e9flexion<br \/>\n16h00 &#8211; 16h15 : <b><i>Pause<\/i><\/b><br \/>\n16h15 &#8211; 16h30 : Compte-rendu de la <b>r\u00e9union du Coll\u00e8ge Solidaire<\/b><br \/>\n16h30 &#8211; 16h45 : <b>Vision de l\u2019AT<\/b><br \/>\n16h45 &#8211; 17h00 : Pr\u00e9sentation texte sur <b>gestion participative <\/b><br \/>\n17h00 &#8211; 17h10 : <b>Salons<\/b> qui va o\u00f9 et comment on transporte le matos ?<br \/>\nProposition de participation \u00e0 la foire \u00e0 l\u2019autogestion pour animer un d\u00e9bat \u00e0 Toulouse entre le 29 avril et le 1er mai, au salon Primev\u00e8re \u00e0 Lyon, \u00e0 la Foire \u00e0 l&rsquo;autogestion \u00e0 Montreuil&#8230;<br \/>\n17h10 &#8211; 17h30 : <b>Communiqu\u00e9 de presse <\/b>: objectif : refaire un communiqu\u00e9 de presse<br \/>\nLancer un Groupe d\u2019action sur le sujet<br \/>\n17h30 &#8211; 17h45 : Pr\u00e9sentation de la <b>Jargonette<\/b><br \/>\n17h45 &#8211; 18h30 : Tour m\u00e9t\u00e9o et rangement<br \/>\n18h30: D\u00e9part<\/p>\n<p><b>Dimanche Journ\u00e9e continue<\/b><br \/>\n09h00 &#8211; 09h30 : Accueil<br \/>\n09h30 &#8211; 09h40 : Brise-glace<br \/>\n09h40 &#8211; 09h50 : Point m\u00e9t\u00e9o et r\u00e9partition des r\u00f4les<br \/>\n09h50 &#8211; 10h00 : Organisateurs des prochaines pl\u00e9ni\u00e8res &#8211; lancement d\u2019un \u00e9quipe d\u2019organisation et d\u00e9cidage du lieux pour la pl\u00e9ni\u00e8re de mai<br \/>\n10h00 &#8211; 10h20 : Organisateurs pour l\u2019AT en autonomie. Objectif : trouver des organisateurs pour cette portion de parcours<br \/>\n10h20 &#8211; 10h40 :<b> Mixit\u00e9 sociale <\/b>: pr\u00e9sentation des souhaits d\u2019ouverture \u00e0 d\u2019autre public, et id\u00e9es de structures qui pourraient \u00eatre partenaire et comment les contacter<br \/>\n10h40 &#8211; 11h00 : <b>D\u00e9sob\u00e9issance civile<\/b>: Quelles actions concr\u00e8tes \u00e0 mener sur le parcours?: tour de table.<br \/>\n11h00 &#8211; 12h00 :<b> Point parcours <\/b>: 3 groupes. Chacun s\u2019occupe de deux semaine. On regarde o\u00f9 en sont les pr\u00e9parations d\u2019\u00e9tape : Alternative contact\u00e9e ? H\u00e9bergement trouv\u00e9 ? Activit\u00e9 ?<br \/>\n12h00 &#8211; 13h30 : <b><i>Pause \/ grignotage<\/i><\/b><br \/>\n12h30 &#8211; 13h30 : &nbsp;Mise en commun des probl\u00e8mes rencontr\u00e9s, id\u00e9es pour y rem\u00e9dier.<br \/>\n13h30 &#8211; 14h00 : R\u00e9flexion sur les outils pour aider les accueillants \u00e0 cr\u00e9er des <b>\u00e9v\u00e8nements locaux<\/b><br \/>\n14h00 &#8211; 14h30 : <b>Rythme sur le parcours<\/b>, \u00e9quilibres, cercle de parole, etc\u2026<\/p>\n<p>14h30 &#8211; 15h30 :<b><i> Repas partag\u00e9<\/i><\/b><\/p>\n<p>15h30 &#8211; 16h00 : Rangement<\/p>\n<p>16h00 : d\u00e9part<\/p>\n","protected":false},"excerpt":{"rendered":"<p>La 6\u00e8me r\u00e9union pl\u00e9ni\u00e8re de pr\u00e9paration de l&rsquo;AlterTour 2016 aura lieu les 6 et 7 f\u00e9vrier \u00e0 Paris. Samedi 6 \u00e0 Andines et dimanche 7 f\u00e9vrier au caf\u00e9 social Belleville (7 rue de Pali-Kao &#8211; 75020 Paris. M\u00e9tro Belleville (ligne 2 et 11) ou M\u00e9tro Couronnes (ligne 2) Acc\u00e8s : &#8230; <\/p>\n<div><a href=\"https:\/\/www.altercampagne.net\/?p=2985\" class=\"more-link\">Read More<\/a><\/div>\n","protected":false},"author":214,"featured_media":0,"comment_status":"closed","ping_status":"closed","sticky":false,"template":"","format":"standard","meta":{"footnotes":""},"categories":[3539],"tags":[51,299,383,434,474,476,520,707,737,738,739,740,1652,2839],"class_list":["post-2985","post","type-post","status-publish","format-standard","hentry","category-we-de-preparation","tag-andines","tag-desobeissance-civile","tag-altertour-2016","tag-pleniere","tag-bien-commun","tag-reunion","tag-parcours","tag-fevrier-2016","tag-cafe-social-belleville","tag-affiche","tag-site-internet","tag-mixite-sociale","tag-1652","tag-ordre-du-jour","no-post-thumbnail"],"yoast_head":"<!-- This site is optimized with the Yoast SEO plugin v27.3 - https:\/\/yoast.com\/product\/yoast-seo-wordpress\/ -->\n<title>R\u00e9union de pr\u00e9paration de l\u2019AlterTour, les 6 et 7 f\u00e9vrier 2016 \u00e0 Andines (Saint-Denis) et au Caf\u00e9 social Belleville (Paris) - AlterTour<\/title>\n<meta name=\"robots\" content=\"index, follow, max-snippet:-1, max-image-preview:large, max-video-preview:-1\" \/>\n<link rel=\"canonical\" href=\"https:\/\/www.altercampagne.net\/?p=2985\" \/>\n<meta property=\"og:locale\" content=\"fr_FR\" \/>\n<meta property=\"og:type\" content=\"article\" \/>\n<meta property=\"og:title\" content=\"R\u00e9union de pr\u00e9paration de l\u2019AlterTour, les 6 et 7 f\u00e9vrier 2016 \u00e0 Andines (Saint-Denis) et au Caf\u00e9 social Belleville (Paris) - AlterTour\" \/>\n<meta property=\"og:description\" content=\"La 6\u00e8me r\u00e9union pl\u00e9ni\u00e8re de pr\u00e9paration de l&rsquo;AlterTour 2016 aura lieu les 6 et 7 f\u00e9vrier \u00e0 Paris. Samedi 6 \u00e0 Andines et dimanche 7 f\u00e9vrier au caf\u00e9 social Belleville (7 rue de Pali-Kao &#8211; 75020 Paris. M\u00e9tro Belleville (ligne 2 et 11) ou M\u00e9tro Couronnes (ligne 2) Acc\u00e8s : ... Read More\" \/>\n<meta property=\"og:url\" content=\"https:\/\/www.altercampagne.net\/?p=2985\" \/>\n<meta property=\"og:site_name\" content=\"AlterTour\" \/>\n<meta property=\"article:published_time\" content=\"2016-02-03T13:27:00+00:00\" \/>\n<meta property=\"article:modified_time\" content=\"2020-02-24T16:22:33+00:00\" \/>\n<meta property=\"og:image\" content=\"http:\/\/www.altercampagne.net\/wp-content\/uploads\/2015\/08\/2015-07-22_17.31.jpg\" \/>\n<meta name=\"author\" content=\"Mathieu\" \/>\n<meta name=\"twitter:card\" content=\"summary_large_image\" \/>\n<meta name=\"twitter:label1\" content=\"\u00c9crit par\" \/>\n\t<meta name=\"twitter:data1\" content=\"Mathieu\" \/>\n\t<meta name=\"twitter:label2\" content=\"Dur\u00e9e de lecture estim\u00e9e\" \/>\n\t<meta name=\"twitter:data2\" content=\"3 minutes\" \/>\n<script type=\"application\/ld+json\" class=\"yoast-schema-graph\">{\"@context\":\"https:\\\/\\\/schema.org\",\"@graph\":[{\"@type\":\"Article\",\"@id\":\"https:\\\/\\\/www.altercampagne.net\\\/?p=2985#article\",\"isPartOf\":{\"@id\":\"https:\\\/\\\/www.altercampagne.net\\\/?p=2985\"},\"author\":{\"name\":\"Mathieu\",\"@id\":\"https:\\\/\\\/www.altercampagne.net\\\/#\\\/schema\\\/person\\\/0f261460c09e430caa0f9bcffa319109\"},\"headline\":\"R\u00e9union de pr\u00e9paration de l\u2019AlterTour, les 6 et 7 f\u00e9vrier 2016 \u00e0 Andines (Saint-Denis) et au Caf\u00e9 social Belleville (Paris)\",\"datePublished\":\"2016-02-03T13:27:00+00:00\",\"dateModified\":\"2020-02-24T16:22:33+00:00\",\"mainEntityOfPage\":{\"@id\":\"https:\\\/\\\/www.altercampagne.net\\\/?p=2985\"},\"wordCount\":696,\"image\":{\"@id\":\"https:\\\/\\\/www.altercampagne.net\\\/?p=2985#primaryimage\"},\"thumbnailUrl\":\"http:\\\/\\\/www.altercampagne.net\\\/wp-content\\\/uploads\\\/2015\\\/08\\\/2015-07-22_17.31.jpg\",\"keywords\":[\"Andines\",\"d\u00e9sob\u00e9issance civile\",\"AlterTour 2016\",\"pl\u00e9ni\u00e8re\",\"bien commun\",\"r\u00e9union\",\"parcours\",\"f\u00e9vrier 2016\",\"caf\u00e9 social belleville\",\"affiche\",\"site internet\",\"mixit\u00e9 sociale\",\"2016\",\"ordre du jour\"],\"articleSection\":[\"WE de pr\u00e9paration\"],\"inLanguage\":\"fr-FR\"},{\"@type\":\"WebPage\",\"@id\":\"https:\\\/\\\/www.altercampagne.net\\\/?p=2985\",\"url\":\"https:\\\/\\\/www.altercampagne.net\\\/?p=2985\",\"name\":\"R\u00e9union de pr\u00e9paration de l\u2019AlterTour, les 6 et 7 f\u00e9vrier 2016 \u00e0 Andines (Saint-Denis) et au Caf\u00e9 social Belleville (Paris) - AlterTour\",\"isPartOf\":{\"@id\":\"https:\\\/\\\/www.altercampagne.net\\\/#website\"},\"primaryImageOfPage\":{\"@id\":\"https:\\\/\\\/www.altercampagne.net\\\/?p=2985#primaryimage\"},\"image\":{\"@id\":\"https:\\\/\\\/www.altercampagne.net\\\/?p=2985#primaryimage\"},\"thumbnailUrl\":\"http:\\\/\\\/www.altercampagne.net\\\/wp-content\\\/uploads\\\/2015\\\/08\\\/2015-07-22_17.31.jpg\",\"datePublished\":\"2016-02-03T13:27:00+00:00\",\"dateModified\":\"2020-02-24T16:22:33+00:00\",\"author\":{\"@id\":\"https:\\\/\\\/www.altercampagne.net\\\/#\\\/schema\\\/person\\\/0f261460c09e430caa0f9bcffa319109\"},\"breadcrumb\":{\"@id\":\"https:\\\/\\\/www.altercampagne.net\\\/?p=2985#breadcrumb\"},\"inLanguage\":\"fr-FR\",\"potentialAction\":[{\"@type\":\"ReadAction\",\"target\":[\"https:\\\/\\\/www.altercampagne.net\\\/?p=2985\"]}]},{\"@type\":\"ImageObject\",\"inLanguage\":\"fr-FR\",\"@id\":\"https:\\\/\\\/www.altercampagne.net\\\/?p=2985#primaryimage\",\"url\":\"http:\\\/\\\/www.altercampagne.net\\\/wp-content\\\/uploads\\\/2015\\\/08\\\/2015-07-22_17.31.jpg\",\"contentUrl\":\"http:\\\/\\\/www.altercampagne.net\\\/wp-content\\\/uploads\\\/2015\\\/08\\\/2015-07-22_17.31.jpg\"},{\"@type\":\"BreadcrumbList\",\"@id\":\"https:\\\/\\\/www.altercampagne.net\\\/?p=2985#breadcrumb\",\"itemListElement\":[{\"@type\":\"ListItem\",\"position\":1,\"name\":\"Accueil\",\"item\":\"https:\\\/\\\/www.altercampagne.net\\\/\"},{\"@type\":\"ListItem\",\"position\":2,\"name\":\"R\u00e9union de pr\u00e9paration de l\u2019AlterTour, les 6 et 7 f\u00e9vrier 2016 \u00e0 Andines (Saint-Denis) et au Caf\u00e9 social Belleville (Paris)\"}]},{\"@type\":\"WebSite\",\"@id\":\"https:\\\/\\\/www.altercampagne.net\\\/#website\",\"url\":\"https:\\\/\\\/www.altercampagne.net\\\/\",\"name\":\"AlterTour\",\"description\":\"Reliez les Alternatives \u00e0 v\u00e9lo\",\"potentialAction\":[{\"@type\":\"SearchAction\",\"target\":{\"@type\":\"EntryPoint\",\"urlTemplate\":\"https:\\\/\\\/www.altercampagne.net\\\/?s={search_term_string}\"},\"query-input\":{\"@type\":\"PropertyValueSpecification\",\"valueRequired\":true,\"valueName\":\"search_term_string\"}}],\"inLanguage\":\"fr-FR\"},{\"@type\":\"Person\",\"@id\":\"https:\\\/\\\/www.altercampagne.net\\\/#\\\/schema\\\/person\\\/0f261460c09e430caa0f9bcffa319109\",\"name\":\"Mathieu\",\"image\":{\"@type\":\"ImageObject\",\"inLanguage\":\"fr-FR\",\"@id\":\"https:\\\/\\\/secure.gravatar.com\\\/avatar\\\/aa9d3d24c83f2141e5e2709d0f63d09a99f6be6bb7a50abc4915838d9f54501a?s=96&d=mm&r=g\",\"url\":\"https:\\\/\\\/secure.gravatar.com\\\/avatar\\\/aa9d3d24c83f2141e5e2709d0f63d09a99f6be6bb7a50abc4915838d9f54501a?s=96&d=mm&r=g\",\"contentUrl\":\"https:\\\/\\\/secure.gravatar.com\\\/avatar\\\/aa9d3d24c83f2141e5e2709d0f63d09a99f6be6bb7a50abc4915838d9f54501a?s=96&d=mm&r=g\",\"caption\":\"Mathieu\"},\"url\":\"https:\\\/\\\/www.altercampagne.net\\\/?author=214\"}]}<\/script>\n<!-- \/ Yoast SEO plugin. -->","yoast_head_json":{"title":"R\u00e9union de pr\u00e9paration de l\u2019AlterTour, les 6 et 7 f\u00e9vrier 2016 \u00e0 Andines (Saint-Denis) et au Caf\u00e9 social Belleville (Paris) - AlterTour","robots":{"index":"index","follow":"follow","max-snippet":"max-snippet:-1","max-image-preview":"max-image-preview:large","max-video-preview":"max-video-preview:-1"},"canonical":"https:\/\/www.altercampagne.net\/?p=2985","og_locale":"fr_FR","og_type":"article","og_title":"R\u00e9union de pr\u00e9paration de l\u2019AlterTour, les 6 et 7 f\u00e9vrier 2016 \u00e0 Andines (Saint-Denis) et au Caf\u00e9 social Belleville (Paris) - AlterTour","og_description":"La 6\u00e8me r\u00e9union pl\u00e9ni\u00e8re de pr\u00e9paration de l&rsquo;AlterTour 2016 aura lieu les 6 et 7 f\u00e9vrier \u00e0 Paris. Samedi 6 \u00e0 Andines et dimanche 7 f\u00e9vrier au caf\u00e9 social Belleville (7 rue de Pali-Kao &#8211; 75020 Paris. M\u00e9tro Belleville (ligne 2 et 11) ou M\u00e9tro Couronnes (ligne 2) Acc\u00e8s : ... Read More","og_url":"https:\/\/www.altercampagne.net\/?p=2985","og_site_name":"AlterTour","article_published_time":"2016-02-03T13:27:00+00:00","article_modified_time":"2020-02-24T16:22:33+00:00","og_image":[{"url":"http:\/\/www.altercampagne.net\/wp-content\/uploads\/2015\/08\/2015-07-22_17.31.jpg","type":"","width":"","height":""}],"author":"Mathieu","twitter_card":"summary_large_image","twitter_misc":{"\u00c9crit par":"Mathieu","Dur\u00e9e de lecture estim\u00e9e":"3 minutes"},"schema":{"@context":"https:\/\/schema.org","@graph":[{"@type":"Article","@id":"https:\/\/www.altercampagne.net\/?p=2985#article","isPartOf":{"@id":"https:\/\/www.altercampagne.net\/?p=2985"},"author":{"name":"Mathieu","@id":"https:\/\/www.altercampagne.net\/#\/schema\/person\/0f261460c09e430caa0f9bcffa319109"},"headline":"R\u00e9union de pr\u00e9paration de l\u2019AlterTour, les 6 et 7 f\u00e9vrier 2016 \u00e0 Andines (Saint-Denis) et au Caf\u00e9 social Belleville (Paris)","datePublished":"2016-02-03T13:27:00+00:00","dateModified":"2020-02-24T16:22:33+00:00","mainEntityOfPage":{"@id":"https:\/\/www.altercampagne.net\/?p=2985"},"wordCount":696,"image":{"@id":"https:\/\/www.altercampagne.net\/?p=2985#primaryimage"},"thumbnailUrl":"http:\/\/www.altercampagne.net\/wp-content\/uploads\/2015\/08\/2015-07-22_17.31.jpg","keywords":["Andines","d\u00e9sob\u00e9issance civile","AlterTour 2016","pl\u00e9ni\u00e8re","bien commun","r\u00e9union","parcours","f\u00e9vrier 2016","caf\u00e9 social belleville","affiche","site internet","mixit\u00e9 sociale","2016","ordre du jour"],"articleSection":["WE de pr\u00e9paration"],"inLanguage":"fr-FR"},{"@type":"WebPage","@id":"https:\/\/www.altercampagne.net\/?p=2985","url":"https:\/\/www.altercampagne.net\/?p=2985","name":"R\u00e9union de pr\u00e9paration de l\u2019AlterTour, les 6 et 7 f\u00e9vrier 2016 \u00e0 Andines (Saint-Denis) et au Caf\u00e9 social Belleville (Paris) - AlterTour","isPartOf":{"@id":"https:\/\/www.altercampagne.net\/#website"},"primaryImageOfPage":{"@id":"https:\/\/www.altercampagne.net\/?p=2985#primaryimage"},"image":{"@id":"https:\/\/www.altercampagne.net\/?p=2985#primaryimage"},"thumbnailUrl":"http:\/\/www.altercampagne.net\/wp-content\/uploads\/2015\/08\/2015-07-22_17.31.jpg","datePublished":"2016-02-03T13:27:00+00:00","dateModified":"2020-02-24T16:22:33+00:00","author":{"@id":"https:\/\/www.altercampagne.net\/#\/schema\/person\/0f261460c09e430caa0f9bcffa319109"},"breadcrumb":{"@id":"https:\/\/www.altercampagne.net\/?p=2985#breadcrumb"},"inLanguage":"fr-FR","potentialAction":[{"@type":"ReadAction","target":["https:\/\/www.altercampagne.net\/?p=2985"]}]},{"@type":"ImageObject","inLanguage":"fr-FR","@id":"https:\/\/www.altercampagne.net\/?p=2985#primaryimage","url":"http:\/\/www.altercampagne.net\/wp-content\/uploads\/2015\/08\/2015-07-22_17.31.jpg","contentUrl":"http:\/\/www.altercampagne.net\/wp-content\/uploads\/2015\/08\/2015-07-22_17.31.jpg"},{"@type":"BreadcrumbList","@id":"https:\/\/www.altercampagne.net\/?p=2985#breadcrumb","itemListElement":[{"@type":"ListItem","position":1,"name":"Accueil","item":"https:\/\/www.altercampagne.net\/"},{"@type":"ListItem","position":2,"name":"R\u00e9union de pr\u00e9paration de l\u2019AlterTour, les 6 et 7 f\u00e9vrier 2016 \u00e0 Andines (Saint-Denis) et au Caf\u00e9 social Belleville (Paris)"}]},{"@type":"WebSite","@id":"https:\/\/www.altercampagne.net\/#website","url":"https:\/\/www.altercampagne.net\/","name":"AlterTour","description":"Reliez les Alternatives \u00e0 v\u00e9lo","potentialAction":[{"@type":"SearchAction","target":{"@type":"EntryPoint","urlTemplate":"https:\/\/www.altercampagne.net\/?s={search_term_string}"},"query-input":{"@type":"PropertyValueSpecification","valueRequired":true,"valueName":"search_term_string"}}],"inLanguage":"fr-FR"},{"@type":"Person","@id":"https:\/\/www.altercampagne.net\/#\/schema\/person\/0f261460c09e430caa0f9bcffa319109","name":"Mathieu","image":{"@type":"ImageObject","inLanguage":"fr-FR","@id":"https:\/\/secure.gravatar.com\/avatar\/aa9d3d24c83f2141e5e2709d0f63d09a99f6be6bb7a50abc4915838d9f54501a?s=96&d=mm&r=g","url":"https:\/\/secure.gravatar.com\/avatar\/aa9d3d24c83f2141e5e2709d0f63d09a99f6be6bb7a50abc4915838d9f54501a?s=96&d=mm&r=g","contentUrl":"https:\/\/secure.gravatar.com\/avatar\/aa9d3d24c83f2141e5e2709d0f63d09a99f6be6bb7a50abc4915838d9f54501a?s=96&d=mm&r=g","caption":"Mathieu"},"url":"https:\/\/www.altercampagne.net\/?author=214"}]}},"_links":{"self":[{"href":"https:\/\/www.altercampagne.net\/index.php?rest_route=\/wp\/v2\/posts\/2985","targetHints":{"allow":["GET"]}}],"collection":[{"href":"https:\/\/www.altercampagne.net\/index.php?rest_route=\/wp\/v2\/posts"}],"about":[{"href":"https:\/\/www.altercampagne.net\/index.php?rest_route=\/wp\/v2\/types\/post"}],"author":[{"embeddable":true,"href":"https:\/\/www.altercampagne.net\/index.php?rest_route=\/wp\/v2\/users\/214"}],"replies":[{"embeddable":true,"href":"https:\/\/www.altercampagne.net\/index.php?rest_route=%2Fwp%2Fv2%2Fcomments&post=2985"}],"version-history":[{"count":1,"href":"https:\/\/www.altercampagne.net\/index.php?rest_route=\/wp\/v2\/posts\/2985\/revisions"}],"predecessor-version":[{"id":17445,"href":"https:\/\/www.altercampagne.net\/index.php?rest_route=\/wp\/v2\/posts\/2985\/revisions\/17445"}],"wp:attachment":[{"href":"https:\/\/www.altercampagne.net\/index.php?rest_route=%2Fwp%2Fv2%2Fmedia&parent=2985"}],"wp:term":[{"taxonomy":"category","embeddable":true,"href":"https:\/\/www.altercampagne.net\/index.php?rest_route=%2Fwp%2Fv2%2Fcategories&post=2985"},{"taxonomy":"post_tag","embeddable":true,"href":"https:\/\/www.altercampagne.net\/index.php?rest_route=%2Fwp%2Fv2%2Ftags&post=2985"}],"curies":[{"name":"wp","href":"https:\/\/api.w.org\/{rel}","templated":true}]}}