{"id":29965,"date":"2026-08-31T19:35:22","date_gmt":"2026-08-31T17:35:22","guid":{"rendered":"https:\/\/www.altercampagne.net\/?p=29965"},"modified":"2026-08-31T19:35:23","modified_gmt":"2026-08-31T17:35:23","slug":"mercredi-12-aout-de-la-ferme-de-rouzen-au-faouet-une-etape-au-rythme-de-la-canicule","status":"publish","type":"post","link":"https:\/\/www.altercampagne.net\/?p=29965","title":{"rendered":"Mercredi 12 ao\u00fbt : De la ferme de Rouzen au Faou\u00ebt : une \u00e9tape au rythme de la canicule"},"content":{"rendered":"\n<p class=\"wp-block-paragraph\">Ce mercredi, notre joyeuse bande a finalement pris la route un peu plus t\u00f4t que pr\u00e9vu, quittant Inguiniel d\u00e8s le matin pour \u00e9viter autant que possible la chaleur \u00e9crasante qui s\u2019est install\u00e9e jusque dans notre ch\u00e8re Bretagne !<\/p>\n\n\n\n<p class=\"wp-block-paragraph\">Au programme : une trentaine de kilom\u00e8tres et quelques belles mont\u00e9es pour rejoindre Le Faou\u00ebt. Mais \u00e0 peine quelques coups de p\u00e9dale effectu\u00e9s, le soleil, d\u00e9j\u00e0 haut dans le ciel, commence \u00e0 s\u00e9rieusement chauffer. Il va falloir composer avec la canicule et adapter notre rythme.<\/p>\n\n\n\n<p class=\"wp-block-paragraph\">Notre \u00e9tape du jour nous conduit \u00e0 la ferme de Rouzen, o\u00f9 nous sommes chaleureusement accueillis par Lauriane. Install\u00e9e ici depuis 2018, elle cultive en agriculture biologique des fruits et l\u00e9gumes de saison, qu\u2019elle distribue ensuite dans diff\u00e9rents circuits locaux : sur les march\u00e9s, en vente directe, mais aussi aupr\u00e8s du Grand Manger, une initiative de l\u2019\u00e9conomie sociale et solidaire autour de l\u2019alimentation, qui d\u00e9veloppe notamment de la restauration collective, une \u00e9picerie coop\u00e9rative et des syst\u00e8mes de paniers.<\/p>\n\n\n\n<p class=\"wp-block-paragraph\">\u00c0 la ferme, Lauriane pratique \u00e9galement le mara\u00eechage sur sol vivant, une approche qui cherche \u00e0 pr\u00e9server et nourrir la vie des sols plut\u00f4t qu\u2019\u00e0 les travailler intensivement. Elle \u00e9l\u00e8ve par ailleurs des vaches de race armoricaine, une race bovine bretonne locale aujourd\u2019hui menac\u00e9e qu\u2019elle contribue \u00e0 pr\u00e9server. Les animaux vivent dehors toute l\u2019ann\u00e9e et se nourrissent exclusivement de l\u2019herbe des prairies de la ferme.<\/p>\n\n\n\n<p class=\"wp-block-paragraph\">Apr\u00e8s nous avoir pr\u00e9sent\u00e9 son activit\u00e9 et son quotidien de mara\u00eech\u00e8re, Lauriane nous propose deux chantiers participatifs. Une partie du groupe part lui donner un coup de main dans les champs pour r\u00e9colter les oignons, tandis qu\u2019une autre s\u2019attelle \u00e0 la fabrication d\u2019une cl\u00f4ture. Pendant ce temps, certains pr\u00e9f\u00e8rent lever le pied et profiter d\u2019un moment de calme, bien \u00e0 l\u2019abri du soleil.<\/p>\n\n\n\n<p class=\"wp-block-paragraph\">Et puis vient le soir. Apr\u00e8s cette journ\u00e9e bien remplie, nous partageons un repas tous ensemble. La chaleur laisse place \u00e0 un spectacle inattendu dans le ciel : une \u00e9clipse que nous pouvons observer collectivement gr\u00e2ce \u00e0 nos pr\u00e9cieuses lunettes sp\u00e9ciales. Un beau moment suspendu ! La soir\u00e9e se poursuit ensuite autour d\u2019un cercle de parole, l\u2019occasion de revenir ensemble sur nos exp\u00e9riences et nos ressentis.<\/p>\n\n\n\n<p class=\"wp-block-paragraph\">Demain, pas de v\u00e9lo au programme : on reste sur place ! Une journ\u00e9e pour souffler, profiter du lieu et reprendre des forces avant de repartir sur les routes.<\/p>\n\n\n\n<figure class=\"wp-block-gallery has-nested-images columns-default is-cropped wp-block-gallery-1 is-layout-flex wp-block-gallery-is-layout-flex\">\n<figure class=\"wp-block-image size-large\"><a href=\"https:\/\/www.altercampagne.net\/wp-content\/uploads\/2026\/08\/IMG-20260819-WA0015.jpg\"><img loading=\"lazy\" decoding=\"async\" width=\"1024\" height=\"768\" data-id=\"29966\" src=\"https:\/\/www.altercampagne.net\/wp-content\/uploads\/2026\/08\/IMG-20260819-WA0015-1024x768.jpg\" alt=\"\" class=\"wp-image-29966\" srcset=\"https:\/\/www.altercampagne.net\/wp-content\/uploads\/2026\/08\/IMG-20260819-WA0015-1024x768.jpg 1024w, https:\/\/www.altercampagne.net\/wp-content\/uploads\/2026\/08\/IMG-20260819-WA0015-300x225.jpg 300w, https:\/\/www.altercampagne.net\/wp-content\/uploads\/2026\/08\/IMG-20260819-WA0015-768x576.jpg 768w, https:\/\/www.altercampagne.net\/wp-content\/uploads\/2026\/08\/IMG-20260819-WA0015-1536x1152.jpg 1536w, https:\/\/www.altercampagne.net\/wp-content\/uploads\/2026\/08\/IMG-20260819-WA0015-100x75.jpg 100w, https:\/\/www.altercampagne.net\/wp-content\/uploads\/2026\/08\/IMG-20260819-WA0015-862x647.jpg 862w, https:\/\/www.altercampagne.net\/wp-content\/uploads\/2026\/08\/IMG-20260819-WA0015-1140x855.jpg 1140w, https:\/\/www.altercampagne.net\/wp-content\/uploads\/2026\/08\/IMG-20260819-WA0015.jpg 2000w\" sizes=\"auto, (max-width: 1024px) 100vw, 1024px\" \/><\/a><\/figure>\n<\/figure>\n\n\n\n<figure class=\"wp-block-image size-large\"><a href=\"https:\/\/www.altercampagne.net\/wp-content\/uploads\/2026\/08\/IMG-20260831-WA0001.jpg\"><img loading=\"lazy\" decoding=\"async\" width=\"1024\" height=\"576\" src=\"https:\/\/www.altercampagne.net\/wp-content\/uploads\/2026\/08\/IMG-20260831-WA0001-1024x576.jpg\" alt=\"\" class=\"wp-image-29967\" srcset=\"https:\/\/www.altercampagne.net\/wp-content\/uploads\/2026\/08\/IMG-20260831-WA0001-1024x576.jpg 1024w, https:\/\/www.altercampagne.net\/wp-content\/uploads\/2026\/08\/IMG-20260831-WA0001-300x169.jpg 300w, https:\/\/www.altercampagne.net\/wp-content\/uploads\/2026\/08\/IMG-20260831-WA0001-768x432.jpg 768w, https:\/\/www.altercampagne.net\/wp-content\/uploads\/2026\/08\/IMG-20260831-WA0001-1536x864.jpg 1536w, https:\/\/www.altercampagne.net\/wp-content\/uploads\/2026\/08\/IMG-20260831-WA0001-100x56.jpg 100w, https:\/\/www.altercampagne.net\/wp-content\/uploads\/2026\/08\/IMG-20260831-WA0001-862x485.jpg 862w, https:\/\/www.altercampagne.net\/wp-content\/uploads\/2026\/08\/IMG-20260831-WA0001-1140x641.jpg 1140w, https:\/\/www.altercampagne.net\/wp-content\/uploads\/2026\/08\/IMG-20260831-WA0001.jpg 2048w\" sizes=\"auto, (max-width: 1024px) 100vw, 1024px\" \/><\/a><\/figure>\n\n\n\n<figure class=\"wp-block-image size-large\"><a href=\"https:\/\/www.altercampagne.net\/wp-content\/uploads\/2026\/08\/IMG-20260831-WA0000.jpg\"><img loading=\"lazy\" decoding=\"async\" width=\"1024\" height=\"576\" src=\"https:\/\/www.altercampagne.net\/wp-content\/uploads\/2026\/08\/IMG-20260831-WA0000-1024x576.jpg\" alt=\"\" class=\"wp-image-29968\" srcset=\"https:\/\/www.altercampagne.net\/wp-content\/uploads\/2026\/08\/IMG-20260831-WA0000-1024x576.jpg 1024w, https:\/\/www.altercampagne.net\/wp-content\/uploads\/2026\/08\/IMG-20260831-WA0000-300x169.jpg 300w, https:\/\/www.altercampagne.net\/wp-content\/uploads\/2026\/08\/IMG-20260831-WA0000-768x432.jpg 768w, https:\/\/www.altercampagne.net\/wp-content\/uploads\/2026\/08\/IMG-20260831-WA0000-1536x864.jpg 1536w, https:\/\/www.altercampagne.net\/wp-content\/uploads\/2026\/08\/IMG-20260831-WA0000-100x56.jpg 100w, https:\/\/www.altercampagne.net\/wp-content\/uploads\/2026\/08\/IMG-20260831-WA0000-862x485.jpg 862w, https:\/\/www.altercampagne.net\/wp-content\/uploads\/2026\/08\/IMG-20260831-WA0000-1140x641.jpg 1140w, https:\/\/www.altercampagne.net\/wp-content\/uploads\/2026\/08\/IMG-20260831-WA0000.jpg 2048w\" sizes=\"auto, (max-width: 1024px) 100vw, 1024px\" \/><\/a><\/figure>\n","protected":false},"excerpt":{"rendered":"<p>Ce mercredi, notre joyeuse bande a finalement pris la route un peu plus t\u00f4t que pr\u00e9vu, quittant Inguiniel d\u00e8s le matin pour \u00e9viter autant que possible la chaleur \u00e9crasante qui s\u2019est install\u00e9e jusque dans notre ch\u00e8re Bretagne ! Au programme : une trentaine de kilom\u00e8tres et quelques belles mont\u00e9es pour &#8230; <\/p>\n<div><a href=\"https:\/\/www.altercampagne.net\/?p=29965\" class=\"more-link\">Read More<\/a><\/div>\n","protected":false},"author":198,"featured_media":29966,"comment_status":"closed","ping_status":"closed","sticky":false,"template":"","format":"standard","meta":{"footnotes":""},"categories":[4522,3483,4313,3472],"tags":[],"class_list":["post-29965","post","type-post","status-publish","format-standard","has-post-thumbnail","hentry","category-edition-2026","category-agriculture","category-altertour","category-bretagne"],"yoast_head":"<!-- This site is optimized with the Yoast SEO plugin v28.3 - https:\/\/yoast.com\/product\/yoast-seo-wordpress\/ -->\n<title>Mercredi 12 ao\u00fbt : De la ferme de Rouzen au Faou\u00ebt : une \u00e9tape au rythme de la canicule - AlterTour<\/title>\n<meta name=\"robots\" content=\"index, follow, max-snippet:-1, max-image-preview:large, max-video-preview:-1\" \/>\n<link rel=\"canonical\" href=\"https:\/\/www.altercampagne.net\/?p=29965\" \/>\n<meta property=\"og:locale\" content=\"fr_FR\" \/>\n<meta property=\"og:type\" content=\"article\" \/>\n<meta property=\"og:title\" content=\"Mercredi 12 ao\u00fbt : De la ferme de Rouzen au Faou\u00ebt : une \u00e9tape au rythme de la canicule - AlterTour\" \/>\n<meta property=\"og:description\" content=\"Ce mercredi, notre joyeuse bande a finalement pris la route un peu plus t\u00f4t que pr\u00e9vu, quittant Inguiniel d\u00e8s le matin pour \u00e9viter autant que possible la chaleur \u00e9crasante qui s\u2019est install\u00e9e jusque dans notre ch\u00e8re Bretagne ! Au programme : une trentaine de kilom\u00e8tres et quelques belles mont\u00e9es pour ... Read More\" \/>\n<meta property=\"og:url\" content=\"https:\/\/www.altercampagne.net\/?p=29965\" \/>\n<meta property=\"og:site_name\" content=\"AlterTour\" \/>\n<meta property=\"article:published_time\" content=\"2026-08-31T17:35:22+00:00\" \/>\n<meta property=\"article:modified_time\" content=\"2026-08-31T17:35:23+00:00\" \/>\n<meta property=\"og:image\" content=\"https:\/\/www.altercampagne.net\/wp-content\/uploads\/2026\/08\/IMG-20260819-WA0015.jpg\" \/>\n\t<meta property=\"og:image:width\" content=\"2000\" \/>\n\t<meta property=\"og:image:height\" content=\"1500\" \/>\n\t<meta property=\"og:image:type\" content=\"image\/jpeg\" \/>\n<meta name=\"author\" content=\"Marine R\" \/>\n<meta name=\"twitter:card\" content=\"summary_large_image\" \/>\n<meta name=\"twitter:label1\" content=\"\u00c9crit par\" \/>\n\t<meta name=\"twitter:data1\" content=\"\" \/>\n\t<meta name=\"twitter:label2\" content=\"Dur\u00e9e de lecture estim\u00e9e\" \/>\n\t<meta name=\"twitter:data2\" content=\"3 minutes\" \/>\n<script type=\"application\/ld+json\" class=\"yoast-schema-graph\">{\"@context\":\"https:\\\/\\\/schema.org\",\"@graph\":[{\"@type\":\"Article\",\"@id\":\"https:\\\/\\\/www.altercampagne.net\\\/?p=29965#article\",\"isPartOf\":{\"@id\":\"https:\\\/\\\/www.altercampagne.net\\\/?p=29965\"},\"author\":{\"name\":\"Marine R\",\"@id\":\"https:\\\/\\\/www.altercampagne.net\\\/#\\\/schema\\\/person\\\/368f186a8b757d0be629d0ea5ebf1f57\"},\"headline\":\"Mercredi 12 ao\u00fbt : De la ferme de Rouzen au Faou\u00ebt : une \u00e9tape au rythme de la canicule\",\"datePublished\":\"2026-08-31T17:35:22+00:00\",\"dateModified\":\"2026-08-31T17:35:23+00:00\",\"mainEntityOfPage\":{\"@id\":\"https:\\\/\\\/www.altercampagne.net\\\/?p=29965\"},\"wordCount\":443,\"image\":{\"@id\":\"https:\\\/\\\/www.altercampagne.net\\\/?p=29965#primaryimage\"},\"thumbnailUrl\":\"https:\\\/\\\/www.altercampagne.net\\\/wp-content\\\/uploads\\\/2026\\\/08\\\/IMG-20260819-WA0015.jpg\",\"articleSection\":[\"Edition 2026\",\"Agriculture\",\"AlterTour\",\"Bretagne\"],\"inLanguage\":\"fr-FR\"},{\"@type\":\"WebPage\",\"@id\":\"https:\\\/\\\/www.altercampagne.net\\\/?p=29965\",\"url\":\"https:\\\/\\\/www.altercampagne.net\\\/?p=29965\",\"name\":\"Mercredi 12 ao\u00fbt : De la ferme de Rouzen au Faou\u00ebt : une \u00e9tape au rythme de la canicule - AlterTour\",\"isPartOf\":{\"@id\":\"https:\\\/\\\/www.altercampagne.net\\\/#website\"},\"primaryImageOfPage\":{\"@id\":\"https:\\\/\\\/www.altercampagne.net\\\/?p=29965#primaryimage\"},\"image\":{\"@id\":\"https:\\\/\\\/www.altercampagne.net\\\/?p=29965#primaryimage\"},\"thumbnailUrl\":\"https:\\\/\\\/www.altercampagne.net\\\/wp-content\\\/uploads\\\/2026\\\/08\\\/IMG-20260819-WA0015.jpg\",\"datePublished\":\"2026-08-31T17:35:22+00:00\",\"dateModified\":\"2026-08-31T17:35:23+00:00\",\"author\":{\"@id\":\"https:\\\/\\\/www.altercampagne.net\\\/#\\\/schema\\\/person\\\/368f186a8b757d0be629d0ea5ebf1f57\"},\"breadcrumb\":{\"@id\":\"https:\\\/\\\/www.altercampagne.net\\\/?p=29965#breadcrumb\"},\"inLanguage\":\"fr-FR\",\"potentialAction\":[{\"@type\":\"ReadAction\",\"target\":[\"https:\\\/\\\/www.altercampagne.net\\\/?p=29965\"]}]},{\"@type\":\"ImageObject\",\"inLanguage\":\"fr-FR\",\"@id\":\"https:\\\/\\\/www.altercampagne.net\\\/?p=29965#primaryimage\",\"url\":\"https:\\\/\\\/www.altercampagne.net\\\/wp-content\\\/uploads\\\/2026\\\/08\\\/IMG-20260819-WA0015.jpg\",\"contentUrl\":\"https:\\\/\\\/www.altercampagne.net\\\/wp-content\\\/uploads\\\/2026\\\/08\\\/IMG-20260819-WA0015.jpg\",\"width\":2000,\"height\":1500},{\"@type\":\"BreadcrumbList\",\"@id\":\"https:\\\/\\\/www.altercampagne.net\\\/?p=29965#breadcrumb\",\"itemListElement\":[{\"@type\":\"ListItem\",\"position\":1,\"name\":\"Accueil\",\"item\":\"https:\\\/\\\/www.altercampagne.net\\\/\"},{\"@type\":\"ListItem\",\"position\":2,\"name\":\"Mercredi 12 ao\u00fbt : De la ferme de Rouzen au Faou\u00ebt : une \u00e9tape au rythme de la canicule\"}]},{\"@type\":\"WebSite\",\"@id\":\"https:\\\/\\\/www.altercampagne.net\\\/#website\",\"url\":\"https:\\\/\\\/www.altercampagne.net\\\/\",\"name\":\"AlterTour\",\"description\":\"Reliez les Alternatives \u00e0 v\u00e9lo\",\"potentialAction\":[{\"@type\":\"SearchAction\",\"target\":{\"@type\":\"EntryPoint\",\"urlTemplate\":\"https:\\\/\\\/www.altercampagne.net\\\/?s={search_term_string}\"},\"query-input\":{\"@type\":\"PropertyValueSpecification\",\"valueRequired\":true,\"valueName\":\"search_term_string\"}}],\"inLanguage\":\"fr-FR\"},{\"@type\":\"Person\",\"@id\":\"https:\\\/\\\/www.altercampagne.net\\\/#\\\/schema\\\/person\\\/368f186a8b757d0be629d0ea5ebf1f57\",\"name\":\"Marine R\",\"image\":{\"@type\":\"ImageObject\",\"inLanguage\":\"fr-FR\",\"@id\":\"https:\\\/\\\/secure.gravatar.com\\\/avatar\\\/a3c4f944a184c737c95a33c9fc36f74b2637ea270671045d89722a608b50fd88?s=96&d=mm&r=g\",\"url\":\"https:\\\/\\\/secure.gravatar.com\\\/avatar\\\/a3c4f944a184c737c95a33c9fc36f74b2637ea270671045d89722a608b50fd88?s=96&d=mm&r=g\",\"contentUrl\":\"https:\\\/\\\/secure.gravatar.com\\\/avatar\\\/a3c4f944a184c737c95a33c9fc36f74b2637ea270671045d89722a608b50fd88?s=96&d=mm&r=g\",\"caption\":\"Marine R\"},\"url\":\"\"}]}<\/script>\n<!-- \/ Yoast SEO plugin. -->","yoast_head_json":{"title":"Mercredi 12 ao\u00fbt : De la ferme de Rouzen au Faou\u00ebt : une \u00e9tape au rythme de la canicule - AlterTour","robots":{"index":"index","follow":"follow","max-snippet":"max-snippet:-1","max-image-preview":"max-image-preview:large","max-video-preview":"max-video-preview:-1"},"canonical":"https:\/\/www.altercampagne.net\/?p=29965","og_locale":"fr_FR","og_type":"article","og_title":"Mercredi 12 ao\u00fbt : De la ferme de Rouzen au Faou\u00ebt : une \u00e9tape au rythme de la canicule - AlterTour","og_description":"Ce mercredi, notre joyeuse bande a finalement pris la route un peu plus t\u00f4t que pr\u00e9vu, quittant Inguiniel d\u00e8s le matin pour \u00e9viter autant que possible la chaleur \u00e9crasante qui s\u2019est install\u00e9e jusque dans notre ch\u00e8re Bretagne ! Au programme : une trentaine de kilom\u00e8tres et quelques belles mont\u00e9es pour ... Read More","og_url":"https:\/\/www.altercampagne.net\/?p=29965","og_site_name":"AlterTour","article_published_time":"2026-08-31T17:35:22+00:00","article_modified_time":"2026-08-31T17:35:23+00:00","og_image":[{"width":2000,"height":1500,"url":"https:\/\/www.altercampagne.net\/wp-content\/uploads\/2026\/08\/IMG-20260819-WA0015.jpg","type":"image\/jpeg"}],"author":"Marine R","twitter_card":"summary_large_image","twitter_misc":{"\u00c9crit par":"","Dur\u00e9e de lecture estim\u00e9e":"3 minutes"},"schema":{"@context":"https:\/\/schema.org","@graph":[{"@type":"Article","@id":"https:\/\/www.altercampagne.net\/?p=29965#article","isPartOf":{"@id":"https:\/\/www.altercampagne.net\/?p=29965"},"author":{"name":"Marine R","@id":"https:\/\/www.altercampagne.net\/#\/schema\/person\/368f186a8b757d0be629d0ea5ebf1f57"},"headline":"Mercredi 12 ao\u00fbt : De la ferme de Rouzen au Faou\u00ebt : une \u00e9tape au rythme de la canicule","datePublished":"2026-08-31T17:35:22+00:00","dateModified":"2026-08-31T17:35:23+00:00","mainEntityOfPage":{"@id":"https:\/\/www.altercampagne.net\/?p=29965"},"wordCount":443,"image":{"@id":"https:\/\/www.altercampagne.net\/?p=29965#primaryimage"},"thumbnailUrl":"https:\/\/www.altercampagne.net\/wp-content\/uploads\/2026\/08\/IMG-20260819-WA0015.jpg","articleSection":["Edition 2026","Agriculture","AlterTour","Bretagne"],"inLanguage":"fr-FR"},{"@type":"WebPage","@id":"https:\/\/www.altercampagne.net\/?p=29965","url":"https:\/\/www.altercampagne.net\/?p=29965","name":"Mercredi 12 ao\u00fbt : De la ferme de Rouzen au Faou\u00ebt : une \u00e9tape au rythme de la canicule - AlterTour","isPartOf":{"@id":"https:\/\/www.altercampagne.net\/#website"},"primaryImageOfPage":{"@id":"https:\/\/www.altercampagne.net\/?p=29965#primaryimage"},"image":{"@id":"https:\/\/www.altercampagne.net\/?p=29965#primaryimage"},"thumbnailUrl":"https:\/\/www.altercampagne.net\/wp-content\/uploads\/2026\/08\/IMG-20260819-WA0015.jpg","datePublished":"2026-08-31T17:35:22+00:00","dateModified":"2026-08-31T17:35:23+00:00","author":{"@id":"https:\/\/www.altercampagne.net\/#\/schema\/person\/368f186a8b757d0be629d0ea5ebf1f57"},"breadcrumb":{"@id":"https:\/\/www.altercampagne.net\/?p=29965#breadcrumb"},"inLanguage":"fr-FR","potentialAction":[{"@type":"ReadAction","target":["https:\/\/www.altercampagne.net\/?p=29965"]}]},{"@type":"ImageObject","inLanguage":"fr-FR","@id":"https:\/\/www.altercampagne.net\/?p=29965#primaryimage","url":"https:\/\/www.altercampagne.net\/wp-content\/uploads\/2026\/08\/IMG-20260819-WA0015.jpg","contentUrl":"https:\/\/www.altercampagne.net\/wp-content\/uploads\/2026\/08\/IMG-20260819-WA0015.jpg","width":2000,"height":1500},{"@type":"BreadcrumbList","@id":"https:\/\/www.altercampagne.net\/?p=29965#breadcrumb","itemListElement":[{"@type":"ListItem","position":1,"name":"Accueil","item":"https:\/\/www.altercampagne.net\/"},{"@type":"ListItem","position":2,"name":"Mercredi 12 ao\u00fbt : De la ferme de Rouzen au Faou\u00ebt : une \u00e9tape au rythme de la canicule"}]},{"@type":"WebSite","@id":"https:\/\/www.altercampagne.net\/#website","url":"https:\/\/www.altercampagne.net\/","name":"AlterTour","description":"Reliez les Alternatives \u00e0 v\u00e9lo","potentialAction":[{"@type":"SearchAction","target":{"@type":"EntryPoint","urlTemplate":"https:\/\/www.altercampagne.net\/?s={search_term_string}"},"query-input":{"@type":"PropertyValueSpecification","valueRequired":true,"valueName":"search_term_string"}}],"inLanguage":"fr-FR"},{"@type":"Person","@id":"https:\/\/www.altercampagne.net\/#\/schema\/person\/368f186a8b757d0be629d0ea5ebf1f57","name":"Marine R","image":{"@type":"ImageObject","inLanguage":"fr-FR","@id":"https:\/\/secure.gravatar.com\/avatar\/a3c4f944a184c737c95a33c9fc36f74b2637ea270671045d89722a608b50fd88?s=96&d=mm&r=g","url":"https:\/\/secure.gravatar.com\/avatar\/a3c4f944a184c737c95a33c9fc36f74b2637ea270671045d89722a608b50fd88?s=96&d=mm&r=g","contentUrl":"https:\/\/secure.gravatar.com\/avatar\/a3c4f944a184c737c95a33c9fc36f74b2637ea270671045d89722a608b50fd88?s=96&d=mm&r=g","caption":"Marine R"},"url":""}]}},"_links":{"self":[{"href":"https:\/\/www.altercampagne.net\/index.php?rest_route=\/wp\/v2\/posts\/29965","targetHints":{"allow":["GET"]}}],"collection":[{"href":"https:\/\/www.altercampagne.net\/index.php?rest_route=\/wp\/v2\/posts"}],"about":[{"href":"https:\/\/www.altercampagne.net\/index.php?rest_route=\/wp\/v2\/types\/post"}],"author":[{"embeddable":true,"href":"https:\/\/www.altercampagne.net\/index.php?rest_route=\/wp\/v2\/users\/198"}],"replies":[{"embeddable":true,"href":"https:\/\/www.altercampagne.net\/index.php?rest_route=%2Fwp%2Fv2%2Fcomments&post=29965"}],"version-history":[{"count":1,"href":"https:\/\/www.altercampagne.net\/index.php?rest_route=\/wp\/v2\/posts\/29965\/revisions"}],"predecessor-version":[{"id":29969,"href":"https:\/\/www.altercampagne.net\/index.php?rest_route=\/wp\/v2\/posts\/29965\/revisions\/29969"}],"wp:featuredmedia":[{"embeddable":true,"href":"https:\/\/www.altercampagne.net\/index.php?rest_route=\/wp\/v2\/media\/29966"}],"wp:attachment":[{"href":"https:\/\/www.altercampagne.net\/index.php?rest_route=%2Fwp%2Fv2%2Fmedia&parent=29965"}],"wp:term":[{"taxonomy":"category","embeddable":true,"href":"https:\/\/www.altercampagne.net\/index.php?rest_route=%2Fwp%2Fv2%2Fcategories&post=29965"},{"taxonomy":"post_tag","embeddable":true,"href":"https:\/\/www.altercampagne.net\/index.php?rest_route=%2Fwp%2Fv2%2Ftags&post=29965"}],"curies":[{"name":"wp","href":"https:\/\/api.w.org\/{rel}","templated":true}]}}