{"id":3028,"date":"2016-02-13T16:36:52","date_gmt":"2016-02-13T15:36:52","guid":{"rendered":"http:\/\/www.altercampagne.net\/?p=3028"},"modified":"2018-03-25T12:58:55","modified_gmt":"2018-03-25T10:58:55","slug":"reunion-de-preparation-de-laltertour-a-laval","status":"publish","type":"post","link":"https:\/\/www.altercampagne.net\/?p=3028","title":{"rendered":"R\u00e9union de pr\u00e9paration de l&rsquo;AlterTour \u00e0 Laval"},"content":{"rendered":"<p><a href=\"http:\/\/www.altercampagne.net\/wp-content\/uploads\/2016\/02\/7eme-pleniere.jpg\"><img loading=\"lazy\" decoding=\"async\" class=\" size-full wp-image-3029 aligncenter\" src=\"http:\/\/www.altercampagne.net\/wp-content\/uploads\/2016\/02\/7eme-pleniere.jpg\" alt=\"7eme-pleniere\" width=\"658\" height=\"348\" srcset=\"https:\/\/www.altercampagne.net\/wp-content\/uploads\/2016\/02\/7eme-pleniere.jpg 658w, https:\/\/www.altercampagne.net\/wp-content\/uploads\/2016\/02\/7eme-pleniere-300x159.jpg 300w\" sizes=\"auto, (max-width: 658px) 100vw, 658px\" \/><\/a>La prochaine r\u00e9union pl\u00e9ni\u00e8re de pr\u00e9paration de l&rsquo;AlterTour 2016 aura lieu \u00e0 Laval les 5 et 6 mars prochain.<\/p>\n<div dir=\"ltr\">\n<h3 dir=\"ltr\"><span style=\"font-size: large;\"><b><span style=\"text-decoration: underline;\">O\u00f9<\/span> :<\/b><\/span><\/h3>\n<p dir=\"ltr\">Les <a href=\"http:\/\/crides.ritimo.info\/\" target=\"_blank\">3 Mondes<\/a> : 48 rue de la Chartri\u00e8re &#8211; 53000 LAVAL<\/p>\n<p dir=\"ltr\"><a href=\"http:\/\/laval.prod.navitia.com\/carte\/default3.asp?verif=1\" target=\"_blank\">Bus ligne A<\/a> en direction de \u00ab\u00a0Laval &#8211; Boz\u00e9es\u00a0\u00bb, arr\u00eat \u00ab\u00a0Laval &#8211; Bessi\u00e8res\u00a0\u00bb<\/p>\n<p>Vous pouvez venir en train, en bus, en co-voiturage, \u00e0 dos de poney&#8230;<\/p>\n<\/div>\n<h3><span style=\"font-size: large;\"><b><span style=\"text-decoration: underline;\">Quand<\/span> :<\/b><\/span><\/h3>\n<p>La r\u00e9union du Coll\u00e8ge Solidaire aura lieu le vendredi 4 mars.<\/p>\n<p>La r\u00e9union pl\u00e9ni\u00e8re les samedi 5 et dimanche 6 mars.<\/p>\n<h3><span style=\"font-size: large;\"><b><span style=\"text-decoration: underline;\">Comment<\/span> :<\/b><\/span><\/h3>\n<p>Vous avez la possibilit\u00e9 d&rsquo;\u00eatre h\u00e9berg\u00e9 d\u00e8s le vendredi soir.<\/p>\n<p>Pensez \u00e0 vous <a href=\"https:\/\/docs.google.com\/document\/d\/1ETVCe6s9T1h-Curgr-El-rxSL4qQA0Kivx7T-jsSZTw\/edit#\" target=\"_blank\">inscrire<\/a> rapidement pour nous faciliter la logistique.<\/p>\n<p>Nous vous invitons \u00e9galement \u00e0 participer \u00e0 la pr\u00e9paration de l&rsquo;ordre du jour, en faisant des propositions dans le tableau : \u00ab\u00a0<span style=\"text-decoration: underline;\">ORDRE DU JOUR<\/span> &#8211; <span style=\"text-decoration: underline;\">A PR\u00c9PARER COLLECTIVEMENT<\/span>\u00a0\u00bb<\/p>\n<p>Le samedi soir, il y a un concert de <a href=\"http:\/\/www.6par4.com\/agenda\/5790\/mad-lenoir\" target=\"_blank\">Mad Lenoir<\/a>\u00a0 au 6PA4. Ce groupe pourrait jouer pour l&rsquo;\u00e9tape du 16 juillet \u00e0 Fontaine Daniel. Si la proposition vous int\u00e9resse, pensez \u00e0 l&rsquo;indiquer dans la fiche pr\u00e9paratoire de la r\u00e9union.<\/p>\n","protected":false},"excerpt":{"rendered":"<p>La prochaine r\u00e9union pl\u00e9ni\u00e8re de pr\u00e9paration de l&rsquo;AlterTour 2016 aura lieu \u00e0 Laval les 5 et 6 mars prochain. O\u00f9 : Les 3 Mondes : 48 rue de la Chartri\u00e8re &#8211; 53000 LAVAL Bus ligne A en direction de \u00ab\u00a0Laval &#8211; Boz\u00e9es\u00a0\u00bb, arr\u00eat \u00ab\u00a0Laval &#8211; Bessi\u00e8res\u00a0\u00bb Vous pouvez venir en &#8230; <\/p>\n<div><a href=\"https:\/\/www.altercampagne.net\/?p=3028\" class=\"more-link\">Read More<\/a><\/div>\n","protected":false},"author":214,"featured_media":0,"comment_status":"closed","ping_status":"closed","sticky":false,"template":"","format":"standard","meta":{"footnotes":""},"categories":[3539,3459],"tags":[383,416,803,894,1492,1652],"class_list":["post-3028","post","type-post","status-publish","format-standard","hentry","category-we-de-preparation","category-edition-2016","tag-altertour-2016","tag-mayenne","tag-laval","tag-pays-de-la-loire","tag-3-mondes","tag-1652","no-post-thumbnail"],"yoast_head":"<!-- This site is optimized with the Yoast SEO plugin v27.3 - https:\/\/yoast.com\/product\/yoast-seo-wordpress\/ -->\n<title>R\u00e9union de pr\u00e9paration de l&#039;AlterTour \u00e0 Laval - AlterTour<\/title>\n<meta name=\"robots\" content=\"index, follow, max-snippet:-1, max-image-preview:large, max-video-preview:-1\" \/>\n<link rel=\"canonical\" href=\"https:\/\/www.altercampagne.net\/?p=3028\" \/>\n<meta property=\"og:locale\" content=\"fr_FR\" \/>\n<meta property=\"og:type\" content=\"article\" \/>\n<meta property=\"og:title\" content=\"R\u00e9union de pr\u00e9paration de l&#039;AlterTour \u00e0 Laval - AlterTour\" \/>\n<meta property=\"og:description\" content=\"La prochaine r\u00e9union pl\u00e9ni\u00e8re de pr\u00e9paration de l&rsquo;AlterTour 2016 aura lieu \u00e0 Laval les 5 et 6 mars prochain. O\u00f9 : Les 3 Mondes : 48 rue de la Chartri\u00e8re &#8211; 53000 LAVAL Bus ligne A en direction de \u00ab\u00a0Laval &#8211; Boz\u00e9es\u00a0\u00bb, arr\u00eat \u00ab\u00a0Laval &#8211; Bessi\u00e8res\u00a0\u00bb Vous pouvez venir en ... Read More\" \/>\n<meta property=\"og:url\" content=\"https:\/\/www.altercampagne.net\/?p=3028\" \/>\n<meta property=\"og:site_name\" content=\"AlterTour\" \/>\n<meta property=\"article:published_time\" content=\"2016-02-13T15:36:52+00:00\" \/>\n<meta property=\"article:modified_time\" content=\"2018-03-25T10:58:55+00:00\" \/>\n<meta property=\"og:image\" content=\"http:\/\/www.altercampagne.net\/wp-content\/uploads\/2016\/02\/7eme-pleniere.jpg\" \/>\n<meta name=\"author\" content=\"Mathieu\" \/>\n<meta name=\"twitter:card\" content=\"summary_large_image\" \/>\n<meta name=\"twitter:label1\" content=\"\u00c9crit par\" \/>\n\t<meta name=\"twitter:data1\" content=\"Mathieu\" \/>\n\t<meta name=\"twitter:label2\" content=\"Dur\u00e9e de lecture estim\u00e9e\" \/>\n\t<meta name=\"twitter:data2\" content=\"1 minute\" \/>\n<script type=\"application\/ld+json\" class=\"yoast-schema-graph\">{\"@context\":\"https:\\\/\\\/schema.org\",\"@graph\":[{\"@type\":\"Article\",\"@id\":\"https:\\\/\\\/www.altercampagne.net\\\/?p=3028#article\",\"isPartOf\":{\"@id\":\"https:\\\/\\\/www.altercampagne.net\\\/?p=3028\"},\"author\":{\"name\":\"Mathieu\",\"@id\":\"https:\\\/\\\/www.altercampagne.net\\\/#\\\/schema\\\/person\\\/0f261460c09e430caa0f9bcffa319109\"},\"headline\":\"R\u00e9union de pr\u00e9paration de l&rsquo;AlterTour \u00e0 Laval\",\"datePublished\":\"2016-02-13T15:36:52+00:00\",\"dateModified\":\"2018-03-25T10:58:55+00:00\",\"mainEntityOfPage\":{\"@id\":\"https:\\\/\\\/www.altercampagne.net\\\/?p=3028\"},\"wordCount\":184,\"image\":{\"@id\":\"https:\\\/\\\/www.altercampagne.net\\\/?p=3028#primaryimage\"},\"thumbnailUrl\":\"http:\\\/\\\/www.altercampagne.net\\\/wp-content\\\/uploads\\\/2016\\\/02\\\/7eme-pleniere.jpg\",\"keywords\":[\"AlterTour 2016\",\"mayenne\",\"Laval\",\"Pays de la Loire\",\"3 mondes\",\"2016\"],\"articleSection\":[\"WE de pr\u00e9paration\",\"\u00c9dition 2016\"],\"inLanguage\":\"fr-FR\"},{\"@type\":\"WebPage\",\"@id\":\"https:\\\/\\\/www.altercampagne.net\\\/?p=3028\",\"url\":\"https:\\\/\\\/www.altercampagne.net\\\/?p=3028\",\"name\":\"R\u00e9union de pr\u00e9paration de l'AlterTour \u00e0 Laval - AlterTour\",\"isPartOf\":{\"@id\":\"https:\\\/\\\/www.altercampagne.net\\\/#website\"},\"primaryImageOfPage\":{\"@id\":\"https:\\\/\\\/www.altercampagne.net\\\/?p=3028#primaryimage\"},\"image\":{\"@id\":\"https:\\\/\\\/www.altercampagne.net\\\/?p=3028#primaryimage\"},\"thumbnailUrl\":\"http:\\\/\\\/www.altercampagne.net\\\/wp-content\\\/uploads\\\/2016\\\/02\\\/7eme-pleniere.jpg\",\"datePublished\":\"2016-02-13T15:36:52+00:00\",\"dateModified\":\"2018-03-25T10:58:55+00:00\",\"author\":{\"@id\":\"https:\\\/\\\/www.altercampagne.net\\\/#\\\/schema\\\/person\\\/0f261460c09e430caa0f9bcffa319109\"},\"breadcrumb\":{\"@id\":\"https:\\\/\\\/www.altercampagne.net\\\/?p=3028#breadcrumb\"},\"inLanguage\":\"fr-FR\",\"potentialAction\":[{\"@type\":\"ReadAction\",\"target\":[\"https:\\\/\\\/www.altercampagne.net\\\/?p=3028\"]}]},{\"@type\":\"ImageObject\",\"inLanguage\":\"fr-FR\",\"@id\":\"https:\\\/\\\/www.altercampagne.net\\\/?p=3028#primaryimage\",\"url\":\"http:\\\/\\\/www.altercampagne.net\\\/wp-content\\\/uploads\\\/2016\\\/02\\\/7eme-pleniere.jpg\",\"contentUrl\":\"http:\\\/\\\/www.altercampagne.net\\\/wp-content\\\/uploads\\\/2016\\\/02\\\/7eme-pleniere.jpg\"},{\"@type\":\"BreadcrumbList\",\"@id\":\"https:\\\/\\\/www.altercampagne.net\\\/?p=3028#breadcrumb\",\"itemListElement\":[{\"@type\":\"ListItem\",\"position\":1,\"name\":\"Accueil\",\"item\":\"https:\\\/\\\/www.altercampagne.net\\\/\"},{\"@type\":\"ListItem\",\"position\":2,\"name\":\"R\u00e9union de pr\u00e9paration de l&rsquo;AlterTour \u00e0 Laval\"}]},{\"@type\":\"WebSite\",\"@id\":\"https:\\\/\\\/www.altercampagne.net\\\/#website\",\"url\":\"https:\\\/\\\/www.altercampagne.net\\\/\",\"name\":\"AlterTour\",\"description\":\"Reliez les Alternatives \u00e0 v\u00e9lo\",\"potentialAction\":[{\"@type\":\"SearchAction\",\"target\":{\"@type\":\"EntryPoint\",\"urlTemplate\":\"https:\\\/\\\/www.altercampagne.net\\\/?s={search_term_string}\"},\"query-input\":{\"@type\":\"PropertyValueSpecification\",\"valueRequired\":true,\"valueName\":\"search_term_string\"}}],\"inLanguage\":\"fr-FR\"},{\"@type\":\"Person\",\"@id\":\"https:\\\/\\\/www.altercampagne.net\\\/#\\\/schema\\\/person\\\/0f261460c09e430caa0f9bcffa319109\",\"name\":\"Mathieu\",\"image\":{\"@type\":\"ImageObject\",\"inLanguage\":\"fr-FR\",\"@id\":\"https:\\\/\\\/secure.gravatar.com\\\/avatar\\\/aa9d3d24c83f2141e5e2709d0f63d09a99f6be6bb7a50abc4915838d9f54501a?s=96&d=mm&r=g\",\"url\":\"https:\\\/\\\/secure.gravatar.com\\\/avatar\\\/aa9d3d24c83f2141e5e2709d0f63d09a99f6be6bb7a50abc4915838d9f54501a?s=96&d=mm&r=g\",\"contentUrl\":\"https:\\\/\\\/secure.gravatar.com\\\/avatar\\\/aa9d3d24c83f2141e5e2709d0f63d09a99f6be6bb7a50abc4915838d9f54501a?s=96&d=mm&r=g\",\"caption\":\"Mathieu\"},\"url\":\"https:\\\/\\\/www.altercampagne.net\\\/?author=214\"}]}<\/script>\n<!-- \/ Yoast SEO plugin. -->","yoast_head_json":{"title":"R\u00e9union de pr\u00e9paration de l'AlterTour \u00e0 Laval - AlterTour","robots":{"index":"index","follow":"follow","max-snippet":"max-snippet:-1","max-image-preview":"max-image-preview:large","max-video-preview":"max-video-preview:-1"},"canonical":"https:\/\/www.altercampagne.net\/?p=3028","og_locale":"fr_FR","og_type":"article","og_title":"R\u00e9union de pr\u00e9paration de l'AlterTour \u00e0 Laval - AlterTour","og_description":"La prochaine r\u00e9union pl\u00e9ni\u00e8re de pr\u00e9paration de l&rsquo;AlterTour 2016 aura lieu \u00e0 Laval les 5 et 6 mars prochain. O\u00f9 : Les 3 Mondes : 48 rue de la Chartri\u00e8re &#8211; 53000 LAVAL Bus ligne A en direction de \u00ab\u00a0Laval &#8211; Boz\u00e9es\u00a0\u00bb, arr\u00eat \u00ab\u00a0Laval &#8211; Bessi\u00e8res\u00a0\u00bb Vous pouvez venir en ... Read More","og_url":"https:\/\/www.altercampagne.net\/?p=3028","og_site_name":"AlterTour","article_published_time":"2016-02-13T15:36:52+00:00","article_modified_time":"2018-03-25T10:58:55+00:00","og_image":[{"url":"http:\/\/www.altercampagne.net\/wp-content\/uploads\/2016\/02\/7eme-pleniere.jpg","type":"","width":"","height":""}],"author":"Mathieu","twitter_card":"summary_large_image","twitter_misc":{"\u00c9crit par":"Mathieu","Dur\u00e9e de lecture estim\u00e9e":"1 minute"},"schema":{"@context":"https:\/\/schema.org","@graph":[{"@type":"Article","@id":"https:\/\/www.altercampagne.net\/?p=3028#article","isPartOf":{"@id":"https:\/\/www.altercampagne.net\/?p=3028"},"author":{"name":"Mathieu","@id":"https:\/\/www.altercampagne.net\/#\/schema\/person\/0f261460c09e430caa0f9bcffa319109"},"headline":"R\u00e9union de pr\u00e9paration de l&rsquo;AlterTour \u00e0 Laval","datePublished":"2016-02-13T15:36:52+00:00","dateModified":"2018-03-25T10:58:55+00:00","mainEntityOfPage":{"@id":"https:\/\/www.altercampagne.net\/?p=3028"},"wordCount":184,"image":{"@id":"https:\/\/www.altercampagne.net\/?p=3028#primaryimage"},"thumbnailUrl":"http:\/\/www.altercampagne.net\/wp-content\/uploads\/2016\/02\/7eme-pleniere.jpg","keywords":["AlterTour 2016","mayenne","Laval","Pays de la Loire","3 mondes","2016"],"articleSection":["WE de pr\u00e9paration","\u00c9dition 2016"],"inLanguage":"fr-FR"},{"@type":"WebPage","@id":"https:\/\/www.altercampagne.net\/?p=3028","url":"https:\/\/www.altercampagne.net\/?p=3028","name":"R\u00e9union de pr\u00e9paration de l'AlterTour \u00e0 Laval - AlterTour","isPartOf":{"@id":"https:\/\/www.altercampagne.net\/#website"},"primaryImageOfPage":{"@id":"https:\/\/www.altercampagne.net\/?p=3028#primaryimage"},"image":{"@id":"https:\/\/www.altercampagne.net\/?p=3028#primaryimage"},"thumbnailUrl":"http:\/\/www.altercampagne.net\/wp-content\/uploads\/2016\/02\/7eme-pleniere.jpg","datePublished":"2016-02-13T15:36:52+00:00","dateModified":"2018-03-25T10:58:55+00:00","author":{"@id":"https:\/\/www.altercampagne.net\/#\/schema\/person\/0f261460c09e430caa0f9bcffa319109"},"breadcrumb":{"@id":"https:\/\/www.altercampagne.net\/?p=3028#breadcrumb"},"inLanguage":"fr-FR","potentialAction":[{"@type":"ReadAction","target":["https:\/\/www.altercampagne.net\/?p=3028"]}]},{"@type":"ImageObject","inLanguage":"fr-FR","@id":"https:\/\/www.altercampagne.net\/?p=3028#primaryimage","url":"http:\/\/www.altercampagne.net\/wp-content\/uploads\/2016\/02\/7eme-pleniere.jpg","contentUrl":"http:\/\/www.altercampagne.net\/wp-content\/uploads\/2016\/02\/7eme-pleniere.jpg"},{"@type":"BreadcrumbList","@id":"https:\/\/www.altercampagne.net\/?p=3028#breadcrumb","itemListElement":[{"@type":"ListItem","position":1,"name":"Accueil","item":"https:\/\/www.altercampagne.net\/"},{"@type":"ListItem","position":2,"name":"R\u00e9union de pr\u00e9paration de l&rsquo;AlterTour \u00e0 Laval"}]},{"@type":"WebSite","@id":"https:\/\/www.altercampagne.net\/#website","url":"https:\/\/www.altercampagne.net\/","name":"AlterTour","description":"Reliez les Alternatives \u00e0 v\u00e9lo","potentialAction":[{"@type":"SearchAction","target":{"@type":"EntryPoint","urlTemplate":"https:\/\/www.altercampagne.net\/?s={search_term_string}"},"query-input":{"@type":"PropertyValueSpecification","valueRequired":true,"valueName":"search_term_string"}}],"inLanguage":"fr-FR"},{"@type":"Person","@id":"https:\/\/www.altercampagne.net\/#\/schema\/person\/0f261460c09e430caa0f9bcffa319109","name":"Mathieu","image":{"@type":"ImageObject","inLanguage":"fr-FR","@id":"https:\/\/secure.gravatar.com\/avatar\/aa9d3d24c83f2141e5e2709d0f63d09a99f6be6bb7a50abc4915838d9f54501a?s=96&d=mm&r=g","url":"https:\/\/secure.gravatar.com\/avatar\/aa9d3d24c83f2141e5e2709d0f63d09a99f6be6bb7a50abc4915838d9f54501a?s=96&d=mm&r=g","contentUrl":"https:\/\/secure.gravatar.com\/avatar\/aa9d3d24c83f2141e5e2709d0f63d09a99f6be6bb7a50abc4915838d9f54501a?s=96&d=mm&r=g","caption":"Mathieu"},"url":"https:\/\/www.altercampagne.net\/?author=214"}]}},"_links":{"self":[{"href":"https:\/\/www.altercampagne.net\/index.php?rest_route=\/wp\/v2\/posts\/3028","targetHints":{"allow":["GET"]}}],"collection":[{"href":"https:\/\/www.altercampagne.net\/index.php?rest_route=\/wp\/v2\/posts"}],"about":[{"href":"https:\/\/www.altercampagne.net\/index.php?rest_route=\/wp\/v2\/types\/post"}],"author":[{"embeddable":true,"href":"https:\/\/www.altercampagne.net\/index.php?rest_route=\/wp\/v2\/users\/214"}],"replies":[{"embeddable":true,"href":"https:\/\/www.altercampagne.net\/index.php?rest_route=%2Fwp%2Fv2%2Fcomments&post=3028"}],"version-history":[{"count":0,"href":"https:\/\/www.altercampagne.net\/index.php?rest_route=\/wp\/v2\/posts\/3028\/revisions"}],"wp:attachment":[{"href":"https:\/\/www.altercampagne.net\/index.php?rest_route=%2Fwp%2Fv2%2Fmedia&parent=3028"}],"wp:term":[{"taxonomy":"category","embeddable":true,"href":"https:\/\/www.altercampagne.net\/index.php?rest_route=%2Fwp%2Fv2%2Fcategories&post=3028"},{"taxonomy":"post_tag","embeddable":true,"href":"https:\/\/www.altercampagne.net\/index.php?rest_route=%2Fwp%2Fv2%2Ftags&post=3028"}],"curies":[{"name":"wp","href":"https:\/\/api.w.org\/{rel}","templated":true}]}}