{"id":3044,"date":"2015-05-01T09:14:38","date_gmt":"2015-05-01T07:14:38","guid":{"rendered":"http:\/\/www.altercampagne.net\/?p=3044"},"modified":"2020-02-24T15:25:21","modified_gmt":"2020-02-24T14:25:21","slug":"programme-de-laltertour-2015","status":"publish","type":"post","link":"https:\/\/www.altercampagne.net\/?p=3044","title":{"rendered":"Programme de l&rsquo;AlterTour 2015"},"content":{"rendered":"<map name=\"etapes\">\n<area coords=\"672,55,20\" shape=\"circle\" href=\"?p=172&amp;route=1\"><\/map>\n<p><a href=\"http:\/\/www.altercampagne.net\/wp-content\/uploads\/2014\/11\/2015-07-25-Parcours-2015-banniere-fb.jpg\"><img loading=\"lazy\" decoding=\"async\" class=\"aligncenter wp-image-1792 size-full\" src=\"http:\/\/www.altercampagne.net\/wp-content\/uploads\/2014\/11\/2015-07-25-Parcours-2015-banniere-fb.jpg\" alt=\"\" usemap=\"#etapes\" width=\"960\" height=\"353\" srcset=\"https:\/\/www.altercampagne.net\/wp-content\/uploads\/2014\/11\/2015-07-25-Parcours-2015-banniere-fb.jpg 960w, https:\/\/www.altercampagne.net\/wp-content\/uploads\/2014\/11\/2015-07-25-Parcours-2015-banniere-fb-300x110.jpg 300w\" sizes=\"auto, (max-width: 960px) 100vw, 960px\" \/><\/a><span style=\"color: #000000;\">Cliquez sur l&rsquo;onglet<\/span> <a href=\"http:\/\/www.altercampagne.net\/?page_id=172\">Parcours &amp; Programme<\/a> <span style=\"color: #000000;\">pour d\u00e9couvrir le programme de l&rsquo;AlterTour 2015 !<\/span><\/p>\n<p><a href=\"http:\/\/www.altercampagne.net\/?page_id=172&amp;route=5\" target=\"_blank\" rel=\"noopener noreferrer\">Samedi 18 juillet<\/a> : <span style=\"color: #000000;\">Bar-le-Duc &#8211; Bure &#8211; 40 km &#8211; La Maison de la r\u00e9sistance \u00e0 la poubelle nucl\u00e9aire de Bure, Bure Stop et les Bure Haleurs<\/span><br \/>\n<a href=\"http:\/\/www.altercampagne.net\/?page_id=172&amp;route=6\" target=\"_blank\" rel=\"noopener noreferrer\">Dimanche 19 juillet<\/a> : <span style=\"color: #000000;\">Bure &#8211; 0 km &#8211; La Maison de la r\u00e9sistance \u00e0 la poubelle nucl\u00e9aire de Bure, Bure Stop et les Bure Haleurs<\/span><br \/>\n<a href=\"http:\/\/www.altercampagne.net\/?page_id=172&amp;route=9\" target=\"_blank\" rel=\"noopener noreferrer\">Lundi 20 juillet<\/a> : <span style=\"color: #000000;\">Bure &#8211; Rigny-la-salle &#8211; Pierre-la-Treiche &#8211; 55 km &#8211; La Ferme de la Chaudeau, les Baba de Safran et Terre de Liens Lorraine<\/span><br \/>\n<a href=\"http:\/\/www.altercampagne.net\/?page_id=172&amp;route=10\" target=\"_blank\" rel=\"noopener noreferrer\">Mardi 21 juillet<\/a> : <span style=\"color: #000000;\">Pierre-la-Treiche &#8211; Benney &#8211; Loromontzey &#8211; 50 km &#8211; l&rsquo;Ortie de secours<\/span><br \/>\n<a href=\"http:\/\/www.altercampagne.net\/?page_id=172&amp;route=20\" target=\"_blank\" rel=\"noopener noreferrer\">Mercredi 22 juillet<\/a> : <span style=\"color: #000000;\">Loromontzey &#8211; Fleville &#8211; Nancy &#8211; 44 km &#8211; L&rsquo;atelier de Dynamo, L&rsquo;Etoile et la Lanterne et le Centre Culturel Autog\u00e9r\u00e9 de Nancy<\/span><br \/>\n<a href=\"http:\/\/www.altercampagne.net\/?page_id=172&amp;route=17\" target=\"_blank\" rel=\"noopener noreferrer\">Jeudi 23 juillet<\/a> : <span style=\"color: #000000;\">Nancy &#8211; Landremont (Est Pont \u00e0 Mousson) &#8211; 28 km &#8211; Le Mouvement pour une Alternative Non-violante Nancy et Sol\u00e9ole<\/span><br \/>\n<a href=\"http:\/\/www.altercampagne.net\/?page_id=172&amp;route=15\" target=\"_blank\" rel=\"noopener noreferrer\">Vendredi 24 juillet<\/a> : <span style=\"color: #000000;\">Landremont &#8211; Ancy-sur-Moselle (sud de Metz) &#8211; 31 km &#8211; Graine d&rsquo;Ortie<\/span><br \/>\n<a href=\"http:\/\/www.altercampagne.net\/?page_id=172&amp;route=18\" target=\"_blank\" rel=\"noopener noreferrer\">Samedi 25 juillet<\/a> : <span style=\"color: #000000;\">Ancy-sur-Moselle &#8211; Metz &#8211; Volstroff &#8211; 46 km &#8211; Le CPN Coquelicot, Metz \u00e0 v\u00e9lo et Prenons le guidon<\/span><br \/>\n<a href=\"http:\/\/www.altercampagne.net\/?page_id=172&amp;route=19\" target=\"_blank\" rel=\"noopener noreferrer\">Dimanche 26 juillet<\/a> : <span style=\"color: #000000;\">Volstroff &#8211; Uckange &#8211; Volstroff &#8211; 22 km<\/span><br \/>\n<a href=\"http:\/\/www.altercampagne.net\/?page_id=172&amp;route=21\" target=\"_blank\" rel=\"noopener noreferrer\">Lundi 27 juillet<\/a> : <span style=\"color: #000000;\">Thionville &#8211; Luxembourg-ville &#8211; 50 km &#8211; Le Tour Tandem Alternatiba, Transition Minett, <span class=\"author-a-z79z1z69zz88z1tz79z5okz90zz85zbz81zz81zz79z\"><span style=\"color: #000000;\">TERRA<\/span> <\/span>et Greenpeace Luxembourg<\/span><br \/>\n<a href=\"http:\/\/www.altercampagne.net\/?page_id=172&amp;route=22\" target=\"_blank\" rel=\"noopener noreferrer\">Mardi 28 juillet<\/a> : <span style=\"color: #000000;\">Luxembourg-ville &#8211; Beckerich &#8211; 41 km &#8211; Tour Tandem Alternatiba, Centre for Ecological Learning Luxembourg, Transition West et Asbl de K\u00e4r<\/span><br \/>\n<a href=\"http:\/\/www.altercampagne.net\/?page_id=172&amp;route=23\" target=\"_blank\" rel=\"noopener noreferrer\">Mercredi 29 juillet<\/a> : <span style=\"color: #000000;\">Beckerich &#8211; Marbehan &#8211; 29 km &#8211; Le Festival Change le Monde\/AlternatibHabay et le Tour Tandem Alternatiba<\/span><br \/>\n<a href=\"http:\/\/www.altercampagne.net\/?page_id=172&amp;route=24\" target=\"_blank\" rel=\"noopener noreferrer\">Jeudi 30 juillet<\/a> : <span style=\"color: #000000;\">Marbehan &#8211; Charleville-M\u00e9zi\u00e8res avec le Tour Tandem Alternatiba &#8211; 73 km &#8211; Le Tour Tandem Alternatiba et Alternatiba Charleville-M\u00e9zi\u00e8res<\/span><br \/>\n<a href=\"http:\/\/www.altercampagne.net\/?page_id=172&amp;route=25\" target=\"_blank\" rel=\"noopener noreferrer\">Vendredi 31 juillet<\/a> : <span style=\"color: #000000;\">Charleville-M\u00e9zi\u00e8res &#8211; Pouru-Saint-R\u00e9my &#8211; 34 km &#8211; L&rsquo;Agence Locale de l&rsquo;Energie et du climat et Collectif Sauvegardons nos \u00e9coles<\/span><br \/>\n<a href=\"http:\/\/www.altercampagne.net\/?page_id=172&amp;route=26\" target=\"_blank\" rel=\"noopener noreferrer\">Samedi 1er ao\u00fbt<\/a> : <span style=\"color: #000000;\">Pouru-Saint-R\u00e9my &#8211; 0 km &#8211; Ateliers d&rsquo;\u00e9change de savoir-faires et d\u00e9bat sur les OGM<\/span><br \/>\n<a href=\"http:\/\/www.altercampagne.net\/?page_id=172&amp;route=27\" target=\"_blank\" rel=\"noopener noreferrer\">Dimanche 2 ao\u00fbt<\/a> : <span style=\"color: #000000;\">Pouru-Saint-R\u00e9my &#8211; Gedinne &#8211; 50 km &#8211; Les Incroyables Comestibles et&nbsp;Repair Caf\u00e9<\/span><br \/>\n<a href=\"http:\/\/www.altercampagne.net\/?page_id=172&amp;route=28\" target=\"_blank\" rel=\"noopener noreferrer\">Lundi 3 ao\u00fbt<\/a> :<span style=\"color: #000000;\"> Gedinne &#8211; Revin &#8211; 31 km &#8211; L&rsquo;Environnement d&rsquo;Abord<\/span><br \/>\n<a href=\"http:\/\/www.altercampagne.net\/?page_id=172&amp;route=29\" target=\"_blank\" rel=\"noopener noreferrer\">Mardi 4 ao\u00fbt<\/a> : <span style=\"color: #000000;\">Revin &#8211; Mesnil-Eglise &#8211; 44 km &#8211; Allons en vent et Vents d&rsquo;Houyet<\/span><br \/>\n<a href=\"http:\/\/www.altercampagne.net\/?page_id=172&amp;route=30\" target=\"_blank\" rel=\"noopener noreferrer\">Mercredi 5 ao\u00fbt<\/a> :<span style=\"color: #000000;\"> Mesnil-Eglise &#8211; Braibant &#8211; 36 km &#8211; La Ferme de St\u00e9e<\/span><br \/>\n<a href=\"http:\/\/www.altercampagne.net\/?page_id=172&amp;route=31\" target=\"_blank\" rel=\"noopener noreferrer\">Jeudi 6 ao\u00fbt<\/a> : <span style=\"color: #000000;\">Braibant &#8211; Gonoy &#8211; 35 km &#8211; Ferme de la Sarthe et Terre en Vue<\/span><br \/>\n<a href=\"http:\/\/www.altercampagne.net\/?page_id=172&amp;route=32http:\/\/\" target=\"_blank\" rel=\"noopener noreferrer\">Vendredi 7 ao\u00fbt<\/a> : <span style=\"color: #000000;\">Gonoy &#8211; Namur &#8211; Amay &#8211; 60 km &#8211; Mundo N et Amay en Transition<\/span><br \/>\n<a href=\"http:\/\/www.altercampagne.net\/?page_id=172&amp;route=33\" target=\"_blank\" rel=\"noopener noreferrer\">Samedi 8 ao\u00fbt<\/a> : <span style=\"color: #000000;\">Amay &#8211; Li\u00e8ge (Ans) &#8211; 50 km &#8211; Ecotopia, Ferme Paques et Valeureux Colibris<\/span><br \/>\n<a href=\"http:\/\/www.altercampagne.net\/?page_id=172&amp;route=34\" target=\"_blank\" rel=\"noopener noreferrer\">Dimanche 9 ao\u00fbt<\/a> : <span style=\"color: #000000;\">Li\u00e8ge (Ans) &#8211; 0 km &#8211; Alter Actifs, les Valeureux, Barricade, la Casa Nicaragua, la ferme Paques<\/span><br \/>\n<a href=\"http:\/\/www.altercampagne.net\/?page_id=172&amp;route=35\" target=\"_blank\" rel=\"noopener noreferrer\">Lundi 10 ao\u00fbt<\/a> : <span style=\"color: #000000;\">Li\u00e8ge (Ans) &#8211; Jodoigne &#8211; 52 km &#8211; Orp Jauche en transition, la Petite Jauce et Hesbenergie<\/span><br \/>\n<a href=\"http:\/\/www.altercampagne.net\/?page_id=172&amp;route=36\" target=\"_blank\" rel=\"noopener noreferrer\">Mardi 11 ao\u00fbt<\/a> : <span style=\"color: #ff0000;\"><span style=\"color: #000000;\">Jodoigne &#8211; Louvain la Neuve &#8211; 34 km &#8211; Le Quartier la Baraque, l&rsquo;Amap ELIA et le Mpoc<\/span><\/span><br \/>\n<a href=\"http:\/\/www.altercampagne.net\/?page_id=172&amp;route=37\" target=\"_blank\" rel=\"noopener noreferrer\">Mercredi 12 ao\u00fbt<\/a> : <span style=\"color: #000000;\">Louvain-la-Neuve &#8211; Haren\/Bruxelles &#8211; 37 km &#8211; La Zad du Keelbeek et Humana-terre<\/span><br \/>\n<a href=\"http:\/\/www.altercampagne.net\/?page_id=172&amp;route=38\" target=\"_blank\" rel=\"noopener noreferrer\">Jeudi 13 ao\u00fbt<\/a> : <span style=\"color: #000000;\">Haren\/Bruxelles &#8211; 0 km &#8211; La Zad du Keelbeek, Humana-terre et Woningen 123 Logements<\/span><br \/>\n<a href=\"http:\/\/www.altercampagne.net\/?page_id=172&amp;route=39\" target=\"_blank\" rel=\"noopener noreferrer\">Vendredi 14 ao\u00fbt<\/a> :<span style=\"color: #000000;\"> Haren &#8211; Brakel &#8211; 57 km &#8211; Boskanter<\/span><br \/>\n<a href=\"http:\/\/www.altercampagne.net\/?page_id=172&amp;route=40\" target=\"_blank\" rel=\"noopener noreferrer\">Samedi 15 ao\u00fbt<\/a> : <span style=\"color: #000000;\">Brakel &#8211; Ath &#8211; 28 km &#8211; Ath en Transition<\/span><br \/>\n<a href=\"http:\/\/www.altercampagne.net\/?page_id=172&amp;route=41\" target=\"_blank\" rel=\"noopener noreferrer\">Dimanche 16 ao\u00fbt<\/a> : <span style=\"color: #000000;\">Ath &#8211; Mouscron &#8211; 53 km &#8211; Le jardin des Fraternit\u00e9s Ouvri\u00e8res, Ferme p\u00e9dagogique \u00ab\u00a0La Prairie de Mouscron\u00a0\u00bb ou ferme de la Rou<span class=\"author-a-z90zyz72znz78zjz85zz89zz88zk3z78zz87zpz71zz82z\">s<\/span><span class=\"author-a-l9cb9z65zz66zz68zplb8z80zz85zz77zz88z\">se<\/span><span class=\"author-a-z90zyz72znz78zjz85zz89zz88zk3z78zz87zpz71zz82z\">l<\/span><span class=\"author-a-l9cb9z65zz66zz68zplb8z80zz85zz77zz88z\">lerie<\/span><\/span><br \/>\n<a href=\"http:\/\/www.altercampagne.net\/?page_id=172&amp;route=42\" target=\"_blank\" rel=\"noopener noreferrer\">Lundi 17 ao\u00fbt<\/a> : <span style=\"color: #000000;\">Mouscron &#8211; Lille &#8211; 20 km &#8211; Les AJOnC, le collectif solidarit\u00e9 Rrom de Roubaix et les D\u00e9boulonneurs<\/span><br \/>\n<a href=\"http:\/\/www.altercampagne.net\/?page_id=172&amp;route=43\" target=\"_blank\" rel=\"noopener noreferrer\">Mardi 18 ao\u00fbt<\/a> : <span style=\"color: #000000;\">Lille &#8211; Loos en gohelle &#8211; 33 km &#8211; Les Collectifs Houille Ouille Ouille, Mag&rsquo;houille, et Gaz&rsquo;houille<\/span><br \/>\n<a href=\"http:\/\/www.altercampagne.net\/?page_id=172&amp;route=44\" target=\"_blank\" rel=\"noopener noreferrer\">Mercredi 19 ao\u00fbt<\/a> : <span style=\"color: #000000;\">Loos en gohelle &#8211; 0 km &#8211; Les Collectifs Houille Ouille Ouille, Mag&rsquo;houille, Gaz&rsquo;houille et CPIE Chaine des Terrils<\/span><br \/>\n<a href=\"http:\/\/www.altercampagne.net\/?page_id=172&amp;route=45\" target=\"_blank\" rel=\"noopener noreferrer\">Jeudi 20 ao\u00fbt<\/a> : <span style=\"color: #000000;\">Loos en gohelle &#8211; Ecques &#8211; 54 km &#8211; Terre d&rsquo;Errance<\/span><br \/>\n<a href=\"http:\/\/www.altercampagne.net\/?page_id=172&amp;route=46\" target=\"_blank\" rel=\"noopener noreferrer\">Vendredi 21 ao\u00fbt<\/a> : <span style=\"color: #000000;\">Ecques &#8211; Baincthun &#8211; 60 km &#8211; La Ferme de la Seille<\/span><br \/>\n<a href=\"http:\/\/www.altercampagne.net\/?page_id=172&amp;route=47\" target=\"_blank\" rel=\"noopener noreferrer\">Samedi 22 ao\u00fbt<\/a> : <span style=\"color: #000000;\">Baincthun &#8211; Sangatte &#8211; 34 km &#8211; Collectif Eaux Secours 62 et la Route de l&rsquo;Energie<\/span><br \/>\n<a href=\"http:\/\/www.altercampagne.net\/?page_id=172&amp;route=48\" target=\"_blank\" rel=\"noopener noreferrer\">Dimanche 23 ao\u00fbt<\/a> : <span style=\"color: #000000;\">Sangatte &#8211; Calais &#8211; 9 km &#8211; Alternatiba Calais<\/span><\/p>\n<p><a href=\"http:\/\/www.altercampagne.net\/wp-content\/uploads\/2014\/11\/2015-05-20-Programme.jpg\"><img loading=\"lazy\" decoding=\"async\" class=\"aligncenter size-full wp-image-1406\" src=\"http:\/\/www.altercampagne.net\/wp-content\/uploads\/2014\/11\/2015-05-20-Programme.jpg\" alt=\"Programme AlterTour 2015\" width=\"900\" height=\"1500\" srcset=\"https:\/\/www.altercampagne.net\/wp-content\/uploads\/2014\/11\/2015-05-20-Programme.jpg 900w, https:\/\/www.altercampagne.net\/wp-content\/uploads\/2014\/11\/2015-05-20-Programme-180x300.jpg 180w, https:\/\/www.altercampagne.net\/wp-content\/uploads\/2014\/11\/2015-05-20-Programme-614x1024.jpg 614w\" sizes=\"auto, (max-width: 900px) 100vw, 900px\" \/><\/a><\/p>\n","protected":false},"excerpt":{"rendered":"<p>Cliquez sur l&rsquo;onglet Parcours &amp; Programme pour d\u00e9couvrir le programme de l&rsquo;AlterTour 2015 ! Samedi 18 juillet : Bar-le-Duc &#8211; Bure &#8211; 40 km &#8211; La Maison de la r\u00e9sistance \u00e0 la poubelle nucl\u00e9aire de Bure, Bure Stop et les Bure Haleurs Dimanche 19 juillet : Bure &#8211; 0 km &#8230; <\/p>\n<div><a href=\"https:\/\/www.altercampagne.net\/?p=3044\" class=\"more-link\">Read More<\/a><\/div>\n","protected":false},"author":214,"featured_media":0,"comment_status":"closed","ping_status":"closed","sticky":false,"template":"","format":"standard","meta":{"footnotes":""},"categories":[3526,3475,3476,3469,3460],"tags":[782,792,791,790,789,788,787,786,785,784,783,793,781,780,779,778,777,776,775,774,773,772,2925,2937,2934,2933,2932,2931,2930,2929,2928,2927,2926,771,2870,2869,2866,2865,2864,1812,1672,796,795,794,226,374,373,354,353,347,316,301,260,245,240,375,213,207,203,202,192,188,179,177,176,175,760,770,769,768,767,766,765,764,763,762,761,172,759,758,757,756,755,660,566,547,381,377],"class_list":["post-3044","post","type-post","status-publish","format-standard","hentry","category-belgique","category-grand-est","category-hauts-de-france","category-programmes","category-edition-2015","tag-la-petite-jauce","tag-collectifs-houille-ouille-ouille","tag-les-deboulonneurs","tag-le-collectif","tag-les-ajonc","tag-jardin-des-fraternites-ouvrieres","tag-woningen-123","tag-humana-terre","tag-le-mpoc","tag-lamap-elia","tag-hesbenergie","tag-maghouille","tag-orp-jauche-en-transition","tag-la-casa-nicaragua","tag-barricade","tag-alter-actifs","tag-ferme-paques","tag-ecotopia","tag-mundo-n","tag-terre-en-vue","tag-vents-dhouyet","tag-lenvironnement-dabord","tag-tour-de-france-ecolo","tag-tour-de-france-micro-brasserie","tag-tour-de-france-alternatives","tag-tour-de-france-bio","tag-tour-de-france-climat","tag-tour-de-france-ecologie","tag-tour-de-france-permaculture","tag-tour-de-france-ecolieux","tag-tour-de-france-transition","tag-tour-de-france-agroecologie","tag-tour-de-france-ecologique","tag-incroyables-comestibles-gedinne","tag-tour-a-velo-ecologique","tag-tour-a-velo-ecolo","tag-tour-cyclomilitant","tag-tour-velo-ecologique","tag-tour-velo-ecolo","tag-tour-de-france-des-alternatives","tag-1672","tag-ferme-de-la-seille","tag-cpie-chaine-des-terrils","tag-gazhouille","tag-repair-cafe","tag-amay-en-transition","tag-transition-minett","tag-terre-de-liens-lorraine","tag-les-baba-de-safran","tag-ferme-de-stee","tag-quartier-la-baraque","tag-ath-en-transition","tag-graine-dortie","tag-soleole","tag-bure-stop","tag-festival-change-le-monde","tag-programme-2015","tag-ortie-de-secours","tag-alternatiba-calais","tag-terre-derrance","tag-altertour-2015","tag-tour-tandem-alternatiba","tag-zad-du-keelbeek","tag-valeureux-colibris","tag-allons-en-vent","tag-asbl-de-kar","tag-mouvement-pour-une-alternative-non-violante-nancy","tag-collectif-sauvegardons-nos-ecoles","tag-lagence-locale-de-lenergie-et-du-climat","tag-alternatiba-charleville-mezieres","tag-alternatibhabay","tag-transition-west","tag-greenpeace-luxembourg","tag-terra","tag-prenons-le-guidon","tag-metz-a-velo","tag-cpn-coquelicot","tag-ferme-de-la-chaudeau","tag-le-centre-culturel-autogere-de-nancy","tag-letoile-et-la-lanterne","tag-atelier-de-dynamo","tag-les-bure-haleurs","tag-maison-de-la-resistance-a-la-poubelle-nucleaire-de-bure","tag-tour-de-france","tag-centre-for-ecological-learning-luxembourg","tag-tour-cyclo-militant","tag-ferme-de-la-sarthe","tag-boskanter","no-post-thumbnail"],"yoast_head":"<!-- This site is optimized with the Yoast SEO plugin v27.3 - https:\/\/yoast.com\/product\/yoast-seo-wordpress\/ -->\n<title>Programme de l&#039;AlterTour 2015 - AlterTour<\/title>\n<meta name=\"robots\" content=\"index, follow, max-snippet:-1, max-image-preview:large, max-video-preview:-1\" \/>\n<link rel=\"canonical\" href=\"https:\/\/www.altercampagne.net\/?p=3044\" \/>\n<meta property=\"og:locale\" content=\"fr_FR\" \/>\n<meta property=\"og:type\" content=\"article\" \/>\n<meta property=\"og:title\" content=\"Programme de l&#039;AlterTour 2015 - AlterTour\" \/>\n<meta property=\"og:description\" content=\"Cliquez sur l&rsquo;onglet Parcours &amp; Programme pour d\u00e9couvrir le programme de l&rsquo;AlterTour 2015 ! Samedi 18 juillet : Bar-le-Duc &#8211; Bure &#8211; 40 km &#8211; La Maison de la r\u00e9sistance \u00e0 la poubelle nucl\u00e9aire de Bure, Bure Stop et les Bure Haleurs Dimanche 19 juillet : Bure &#8211; 0 km ... Read More\" \/>\n<meta property=\"og:url\" content=\"https:\/\/www.altercampagne.net\/?p=3044\" \/>\n<meta property=\"og:site_name\" content=\"AlterTour\" \/>\n<meta property=\"article:published_time\" content=\"2015-05-01T07:14:38+00:00\" \/>\n<meta property=\"article:modified_time\" content=\"2020-02-24T14:25:21+00:00\" \/>\n<meta property=\"og:image\" content=\"http:\/\/www.altercampagne.net\/wp-content\/uploads\/2014\/11\/2015-07-25-Parcours-2015-banniere-fb.jpg\" \/>\n<meta name=\"author\" content=\"Mathieu\" \/>\n<meta name=\"twitter:card\" content=\"summary_large_image\" \/>\n<meta name=\"twitter:label1\" content=\"\u00c9crit par\" \/>\n\t<meta name=\"twitter:data1\" content=\"Mathieu\" \/>\n\t<meta name=\"twitter:label2\" content=\"Dur\u00e9e de lecture estim\u00e9e\" \/>\n\t<meta name=\"twitter:data2\" content=\"3 minutes\" \/>\n<script type=\"application\/ld+json\" class=\"yoast-schema-graph\">{\"@context\":\"https:\\\/\\\/schema.org\",\"@graph\":[{\"@type\":\"Article\",\"@id\":\"https:\\\/\\\/www.altercampagne.net\\\/?p=3044#article\",\"isPartOf\":{\"@id\":\"https:\\\/\\\/www.altercampagne.net\\\/?p=3044\"},\"author\":{\"name\":\"Mathieu\",\"@id\":\"https:\\\/\\\/www.altercampagne.net\\\/#\\\/schema\\\/person\\\/0f261460c09e430caa0f9bcffa319109\"},\"headline\":\"Programme de l&rsquo;AlterTour 2015\",\"datePublished\":\"2015-05-01T07:14:38+00:00\",\"dateModified\":\"2020-02-24T14:25:21+00:00\",\"mainEntityOfPage\":{\"@id\":\"https:\\\/\\\/www.altercampagne.net\\\/?p=3044\"},\"wordCount\":706,\"image\":{\"@id\":\"https:\\\/\\\/www.altercampagne.net\\\/?p=3044#primaryimage\"},\"thumbnailUrl\":\"http:\\\/\\\/www.altercampagne.net\\\/wp-content\\\/uploads\\\/2014\\\/11\\\/2015-07-25-Parcours-2015-banniere-fb.jpg\",\"keywords\":[\"la Petite Jauce\",\"Collectifs Houille Ouille Ouille\",\"les D\u00e9boulonneurs\",\"le collectif\",\"Les AJOnC\",\"jardin des Fraternit\u00e9s Ouvri\u00e8res\",\"Woningen 123\",\"Humana-terre\",\"le Mpoc\",\"l'Amap ELIA\",\"Hesbenergie\",\"Mag'houille\",\"Orp Jauche en transition\",\"la Casa Nicaragua\",\"Barricade\",\"Alter Actifs\",\"Ferme Paques\",\"Ecotopia\",\"Mundo N\",\"Terre en Vue\",\"Vents d'Houyet\",\"L'Environnement d'Abord\",\"tour de france \u00e9colo\",\"tour de France micro-brasserie\",\"tour de France alternatives\",\"tour de France bio\",\"tour de france climat\",\"tour de france \u00e9cologie\",\"tour de france permaculture\",\"tour de france \u00e9colieux\",\"tour de france transition\",\"tour de france agro\u00e9cologie\",\"tour de france \u00e9cologique\",\"Incroyables Comestibles Gedinne\",\"tour \u00e0 v\u00e9lo \u00e9cologique\",\"tour \u00e0 v\u00e9lo \u00e9colo\",\"tour cyclomilitant\",\"tour v\u00e9lo \u00e9cologique\",\"tour v\u00e9lo \u00e9colo\",\"tour de France des Alternatives\",\"2015\",\"Ferme de la Seille\",\"CPIE Chaine des Terrils\",\"Gaz'houille\",\"Repair caf\u00e9\",\"amay en transition\",\"transition minett\",\"Terre de Liens Lorraine\",\"les Baba de Safran\",\"ferme de st\u00e9e\",\"quartier la baraque\",\"ath en transition\",\"Graine d'ortie\",\"Sol\u00e9ole\",\"bure-stop\",\"festival change le monde\",\"programme 2015\",\"ortie de secours\",\"Alternatiba Calais\",\"Terre d'Errance\",\"AlterTour 2015\",\"Tour Tandem Alternatiba\",\"Zad du Keelbeek\",\"Valeureux Colibris\",\"Allons en vent\",\"Asbl de K\u00e4r\",\"Mouvement pour une Alternative Non-violante Nancy\",\"Collectif Sauvegardons nos \u00e9coles\",\"L'Agence Locale de l'Energie et du climat\",\"Alternatiba Charleville-M\u00e9zi\u00e8res\",\"AlternatibHabay\",\"Transition West\",\"Greenpeace Luxembourg\",\"TERRA\",\"Prenons le guidon\",\"Metz \u00e0 v\u00e9lo\",\"CPN Coquelicot\",\"Ferme de la Chaudeau\",\"le Centre Culturel Autog\u00e9r\u00e9 de Nancy\",\"L'Etoile et la Lanterne\",\"atelier de Dynamo\",\"les Bure Haleurs\",\"Maison de la r\u00e9sistance \u00e0 la poubelle nucl\u00e9aire de Bure\",\"Tour de France\",\"Centre for Ecological Learning Luxembourg\",\"tour cyclo-militant\",\"ferme de la sarthe\",\"boskanter\"],\"articleSection\":[\"Belgique\",\"Grand Est\",\"Hauts-de-France\",\"Programmes\",\"\u00c9dition 2015\"],\"inLanguage\":\"fr-FR\"},{\"@type\":\"WebPage\",\"@id\":\"https:\\\/\\\/www.altercampagne.net\\\/?p=3044\",\"url\":\"https:\\\/\\\/www.altercampagne.net\\\/?p=3044\",\"name\":\"Programme de l'AlterTour 2015 - AlterTour\",\"isPartOf\":{\"@id\":\"https:\\\/\\\/www.altercampagne.net\\\/#website\"},\"primaryImageOfPage\":{\"@id\":\"https:\\\/\\\/www.altercampagne.net\\\/?p=3044#primaryimage\"},\"image\":{\"@id\":\"https:\\\/\\\/www.altercampagne.net\\\/?p=3044#primaryimage\"},\"thumbnailUrl\":\"http:\\\/\\\/www.altercampagne.net\\\/wp-content\\\/uploads\\\/2014\\\/11\\\/2015-07-25-Parcours-2015-banniere-fb.jpg\",\"datePublished\":\"2015-05-01T07:14:38+00:00\",\"dateModified\":\"2020-02-24T14:25:21+00:00\",\"author\":{\"@id\":\"https:\\\/\\\/www.altercampagne.net\\\/#\\\/schema\\\/person\\\/0f261460c09e430caa0f9bcffa319109\"},\"breadcrumb\":{\"@id\":\"https:\\\/\\\/www.altercampagne.net\\\/?p=3044#breadcrumb\"},\"inLanguage\":\"fr-FR\",\"potentialAction\":[{\"@type\":\"ReadAction\",\"target\":[\"https:\\\/\\\/www.altercampagne.net\\\/?p=3044\"]}]},{\"@type\":\"ImageObject\",\"inLanguage\":\"fr-FR\",\"@id\":\"https:\\\/\\\/www.altercampagne.net\\\/?p=3044#primaryimage\",\"url\":\"https:\\\/\\\/www.altercampagne.net\\\/wp-content\\\/uploads\\\/2014\\\/11\\\/2015-07-25-Parcours-2015-banniere-fb.jpg\",\"contentUrl\":\"https:\\\/\\\/www.altercampagne.net\\\/wp-content\\\/uploads\\\/2014\\\/11\\\/2015-07-25-Parcours-2015-banniere-fb.jpg\",\"width\":960,\"height\":353},{\"@type\":\"BreadcrumbList\",\"@id\":\"https:\\\/\\\/www.altercampagne.net\\\/?p=3044#breadcrumb\",\"itemListElement\":[{\"@type\":\"ListItem\",\"position\":1,\"name\":\"Accueil\",\"item\":\"https:\\\/\\\/www.altercampagne.net\\\/\"},{\"@type\":\"ListItem\",\"position\":2,\"name\":\"Programme de l&rsquo;AlterTour 2015\"}]},{\"@type\":\"WebSite\",\"@id\":\"https:\\\/\\\/www.altercampagne.net\\\/#website\",\"url\":\"https:\\\/\\\/www.altercampagne.net\\\/\",\"name\":\"AlterTour\",\"description\":\"Reliez les Alternatives \u00e0 v\u00e9lo\",\"potentialAction\":[{\"@type\":\"SearchAction\",\"target\":{\"@type\":\"EntryPoint\",\"urlTemplate\":\"https:\\\/\\\/www.altercampagne.net\\\/?s={search_term_string}\"},\"query-input\":{\"@type\":\"PropertyValueSpecification\",\"valueRequired\":true,\"valueName\":\"search_term_string\"}}],\"inLanguage\":\"fr-FR\"},{\"@type\":\"Person\",\"@id\":\"https:\\\/\\\/www.altercampagne.net\\\/#\\\/schema\\\/person\\\/0f261460c09e430caa0f9bcffa319109\",\"name\":\"Mathieu\",\"image\":{\"@type\":\"ImageObject\",\"inLanguage\":\"fr-FR\",\"@id\":\"https:\\\/\\\/secure.gravatar.com\\\/avatar\\\/aa9d3d24c83f2141e5e2709d0f63d09a99f6be6bb7a50abc4915838d9f54501a?s=96&d=mm&r=g\",\"url\":\"https:\\\/\\\/secure.gravatar.com\\\/avatar\\\/aa9d3d24c83f2141e5e2709d0f63d09a99f6be6bb7a50abc4915838d9f54501a?s=96&d=mm&r=g\",\"contentUrl\":\"https:\\\/\\\/secure.gravatar.com\\\/avatar\\\/aa9d3d24c83f2141e5e2709d0f63d09a99f6be6bb7a50abc4915838d9f54501a?s=96&d=mm&r=g\",\"caption\":\"Mathieu\"},\"url\":\"https:\\\/\\\/www.altercampagne.net\\\/?author=214\"}]}<\/script>\n<!-- \/ Yoast SEO plugin. -->","yoast_head_json":{"title":"Programme de l'AlterTour 2015 - AlterTour","robots":{"index":"index","follow":"follow","max-snippet":"max-snippet:-1","max-image-preview":"max-image-preview:large","max-video-preview":"max-video-preview:-1"},"canonical":"https:\/\/www.altercampagne.net\/?p=3044","og_locale":"fr_FR","og_type":"article","og_title":"Programme de l'AlterTour 2015 - AlterTour","og_description":"Cliquez sur l&rsquo;onglet Parcours &amp; Programme pour d\u00e9couvrir le programme de l&rsquo;AlterTour 2015 ! Samedi 18 juillet : Bar-le-Duc &#8211; Bure &#8211; 40 km &#8211; La Maison de la r\u00e9sistance \u00e0 la poubelle nucl\u00e9aire de Bure, Bure Stop et les Bure Haleurs Dimanche 19 juillet : Bure &#8211; 0 km ... Read More","og_url":"https:\/\/www.altercampagne.net\/?p=3044","og_site_name":"AlterTour","article_published_time":"2015-05-01T07:14:38+00:00","article_modified_time":"2020-02-24T14:25:21+00:00","og_image":[{"url":"http:\/\/www.altercampagne.net\/wp-content\/uploads\/2014\/11\/2015-07-25-Parcours-2015-banniere-fb.jpg","type":"","width":"","height":""}],"author":"Mathieu","twitter_card":"summary_large_image","twitter_misc":{"\u00c9crit par":"Mathieu","Dur\u00e9e de lecture estim\u00e9e":"3 minutes"},"schema":{"@context":"https:\/\/schema.org","@graph":[{"@type":"Article","@id":"https:\/\/www.altercampagne.net\/?p=3044#article","isPartOf":{"@id":"https:\/\/www.altercampagne.net\/?p=3044"},"author":{"name":"Mathieu","@id":"https:\/\/www.altercampagne.net\/#\/schema\/person\/0f261460c09e430caa0f9bcffa319109"},"headline":"Programme de l&rsquo;AlterTour 2015","datePublished":"2015-05-01T07:14:38+00:00","dateModified":"2020-02-24T14:25:21+00:00","mainEntityOfPage":{"@id":"https:\/\/www.altercampagne.net\/?p=3044"},"wordCount":706,"image":{"@id":"https:\/\/www.altercampagne.net\/?p=3044#primaryimage"},"thumbnailUrl":"http:\/\/www.altercampagne.net\/wp-content\/uploads\/2014\/11\/2015-07-25-Parcours-2015-banniere-fb.jpg","keywords":["la Petite Jauce","Collectifs Houille Ouille Ouille","les D\u00e9boulonneurs","le collectif","Les AJOnC","jardin des Fraternit\u00e9s Ouvri\u00e8res","Woningen 123","Humana-terre","le Mpoc","l'Amap ELIA","Hesbenergie","Mag'houille","Orp Jauche en transition","la Casa Nicaragua","Barricade","Alter Actifs","Ferme Paques","Ecotopia","Mundo N","Terre en Vue","Vents d'Houyet","L'Environnement d'Abord","tour de france \u00e9colo","tour de France micro-brasserie","tour de France alternatives","tour de France bio","tour de france climat","tour de france \u00e9cologie","tour de france permaculture","tour de france \u00e9colieux","tour de france transition","tour de france agro\u00e9cologie","tour de france \u00e9cologique","Incroyables Comestibles Gedinne","tour \u00e0 v\u00e9lo \u00e9cologique","tour \u00e0 v\u00e9lo \u00e9colo","tour cyclomilitant","tour v\u00e9lo \u00e9cologique","tour v\u00e9lo \u00e9colo","tour de France des Alternatives","2015","Ferme de la Seille","CPIE Chaine des Terrils","Gaz'houille","Repair caf\u00e9","amay en transition","transition minett","Terre de Liens Lorraine","les Baba de Safran","ferme de st\u00e9e","quartier la baraque","ath en transition","Graine d'ortie","Sol\u00e9ole","bure-stop","festival change le monde","programme 2015","ortie de secours","Alternatiba Calais","Terre d'Errance","AlterTour 2015","Tour Tandem Alternatiba","Zad du Keelbeek","Valeureux Colibris","Allons en vent","Asbl de K\u00e4r","Mouvement pour une Alternative Non-violante Nancy","Collectif Sauvegardons nos \u00e9coles","L'Agence Locale de l'Energie et du climat","Alternatiba Charleville-M\u00e9zi\u00e8res","AlternatibHabay","Transition West","Greenpeace Luxembourg","TERRA","Prenons le guidon","Metz \u00e0 v\u00e9lo","CPN Coquelicot","Ferme de la Chaudeau","le Centre Culturel Autog\u00e9r\u00e9 de Nancy","L'Etoile et la Lanterne","atelier de Dynamo","les Bure Haleurs","Maison de la r\u00e9sistance \u00e0 la poubelle nucl\u00e9aire de Bure","Tour de France","Centre for Ecological Learning Luxembourg","tour cyclo-militant","ferme de la sarthe","boskanter"],"articleSection":["Belgique","Grand Est","Hauts-de-France","Programmes","\u00c9dition 2015"],"inLanguage":"fr-FR"},{"@type":"WebPage","@id":"https:\/\/www.altercampagne.net\/?p=3044","url":"https:\/\/www.altercampagne.net\/?p=3044","name":"Programme de l'AlterTour 2015 - AlterTour","isPartOf":{"@id":"https:\/\/www.altercampagne.net\/#website"},"primaryImageOfPage":{"@id":"https:\/\/www.altercampagne.net\/?p=3044#primaryimage"},"image":{"@id":"https:\/\/www.altercampagne.net\/?p=3044#primaryimage"},"thumbnailUrl":"http:\/\/www.altercampagne.net\/wp-content\/uploads\/2014\/11\/2015-07-25-Parcours-2015-banniere-fb.jpg","datePublished":"2015-05-01T07:14:38+00:00","dateModified":"2020-02-24T14:25:21+00:00","author":{"@id":"https:\/\/www.altercampagne.net\/#\/schema\/person\/0f261460c09e430caa0f9bcffa319109"},"breadcrumb":{"@id":"https:\/\/www.altercampagne.net\/?p=3044#breadcrumb"},"inLanguage":"fr-FR","potentialAction":[{"@type":"ReadAction","target":["https:\/\/www.altercampagne.net\/?p=3044"]}]},{"@type":"ImageObject","inLanguage":"fr-FR","@id":"https:\/\/www.altercampagne.net\/?p=3044#primaryimage","url":"https:\/\/www.altercampagne.net\/wp-content\/uploads\/2014\/11\/2015-07-25-Parcours-2015-banniere-fb.jpg","contentUrl":"https:\/\/www.altercampagne.net\/wp-content\/uploads\/2014\/11\/2015-07-25-Parcours-2015-banniere-fb.jpg","width":960,"height":353},{"@type":"BreadcrumbList","@id":"https:\/\/www.altercampagne.net\/?p=3044#breadcrumb","itemListElement":[{"@type":"ListItem","position":1,"name":"Accueil","item":"https:\/\/www.altercampagne.net\/"},{"@type":"ListItem","position":2,"name":"Programme de l&rsquo;AlterTour 2015"}]},{"@type":"WebSite","@id":"https:\/\/www.altercampagne.net\/#website","url":"https:\/\/www.altercampagne.net\/","name":"AlterTour","description":"Reliez les Alternatives \u00e0 v\u00e9lo","potentialAction":[{"@type":"SearchAction","target":{"@type":"EntryPoint","urlTemplate":"https:\/\/www.altercampagne.net\/?s={search_term_string}"},"query-input":{"@type":"PropertyValueSpecification","valueRequired":true,"valueName":"search_term_string"}}],"inLanguage":"fr-FR"},{"@type":"Person","@id":"https:\/\/www.altercampagne.net\/#\/schema\/person\/0f261460c09e430caa0f9bcffa319109","name":"Mathieu","image":{"@type":"ImageObject","inLanguage":"fr-FR","@id":"https:\/\/secure.gravatar.com\/avatar\/aa9d3d24c83f2141e5e2709d0f63d09a99f6be6bb7a50abc4915838d9f54501a?s=96&d=mm&r=g","url":"https:\/\/secure.gravatar.com\/avatar\/aa9d3d24c83f2141e5e2709d0f63d09a99f6be6bb7a50abc4915838d9f54501a?s=96&d=mm&r=g","contentUrl":"https:\/\/secure.gravatar.com\/avatar\/aa9d3d24c83f2141e5e2709d0f63d09a99f6be6bb7a50abc4915838d9f54501a?s=96&d=mm&r=g","caption":"Mathieu"},"url":"https:\/\/www.altercampagne.net\/?author=214"}]}},"_links":{"self":[{"href":"https:\/\/www.altercampagne.net\/index.php?rest_route=\/wp\/v2\/posts\/3044","targetHints":{"allow":["GET"]}}],"collection":[{"href":"https:\/\/www.altercampagne.net\/index.php?rest_route=\/wp\/v2\/posts"}],"about":[{"href":"https:\/\/www.altercampagne.net\/index.php?rest_route=\/wp\/v2\/types\/post"}],"author":[{"embeddable":true,"href":"https:\/\/www.altercampagne.net\/index.php?rest_route=\/wp\/v2\/users\/214"}],"replies":[{"embeddable":true,"href":"https:\/\/www.altercampagne.net\/index.php?rest_route=%2Fwp%2Fv2%2Fcomments&post=3044"}],"version-history":[{"count":1,"href":"https:\/\/www.altercampagne.net\/index.php?rest_route=\/wp\/v2\/posts\/3044\/revisions"}],"predecessor-version":[{"id":17364,"href":"https:\/\/www.altercampagne.net\/index.php?rest_route=\/wp\/v2\/posts\/3044\/revisions\/17364"}],"wp:attachment":[{"href":"https:\/\/www.altercampagne.net\/index.php?rest_route=%2Fwp%2Fv2%2Fmedia&parent=3044"}],"wp:term":[{"taxonomy":"category","embeddable":true,"href":"https:\/\/www.altercampagne.net\/index.php?rest_route=%2Fwp%2Fv2%2Fcategories&post=3044"},{"taxonomy":"post_tag","embeddable":true,"href":"https:\/\/www.altercampagne.net\/index.php?rest_route=%2Fwp%2Fv2%2Ftags&post=3044"}],"curies":[{"name":"wp","href":"https:\/\/api.w.org\/{rel}","templated":true}]}}