{"id":3083,"date":"2016-02-19T11:53:41","date_gmt":"2016-02-19T10:53:41","guid":{"rendered":"http:\/\/www.altercampagne.net\/?p=3083"},"modified":"2020-02-24T17:22:00","modified_gmt":"2020-02-24T16:22:00","slug":"7eme-reunion-de-preparation-de-laltertour-2016-a-laval","status":"publish","type":"post","link":"https:\/\/www.altercampagne.net\/?p=3083","title":{"rendered":"R\u00e9union de pr\u00e9paration de l\u2019AlterTour, les 5 et 6 mars 2016 \u00e0 Laval"},"content":{"rendered":"<p><a href=\"http:\/\/www.altercampagne.net\/wp-content\/uploads\/2016\/02\/7eme-pleniere.jpg\"><img loading=\"lazy\" decoding=\"async\" class=\" size-full wp-image-3029 alignleft\" src=\"http:\/\/www.altercampagne.net\/wp-content\/uploads\/2016\/02\/7eme-pleniere.jpg\" alt=\"7eme-pleniere\" width=\"658\" height=\"348\" srcset=\"https:\/\/www.altercampagne.net\/wp-content\/uploads\/2016\/02\/7eme-pleniere.jpg 658w, https:\/\/www.altercampagne.net\/wp-content\/uploads\/2016\/02\/7eme-pleniere-300x159.jpg 300w\" sizes=\"auto, (max-width: 658px) 100vw, 658px\" \/><\/a><b><\/b><\/p>\n<p dir=\"ltr\">La prochaine r\u00e9union de pr\u00e9paration de l&rsquo;AlterTour aura lieu \u00e0 Laval les 5 et 6 mars prochain.<\/p>\n<p dir=\"ltr\">Adresse : les <a href=\"http:\/\/crides.ritimo.info\/\" target=\"_blank\" rel=\"noopener noreferrer\">3 Mondes<\/a> : 48 rue de la Chartri\u00e8re \u2013 53000 LAVAL &#8211; <a href=\"http:\/\/laval.prod.navitia.com\/carte\/default3.asp?verif=1\" target=\"_blank\" rel=\"noopener noreferrer\">Bus ligne A<\/a> en direction de \u00ab&nbsp;Laval \u2013 Boz\u00e9es&nbsp;\u00bb, arr\u00eat \u00ab&nbsp;Laval \u2013 Bessi\u00e8res&nbsp;\u00bb<\/p>\n<p><b>Samedi matin<\/b><\/p>\n<p>09h00 &#8211; 09h30 : Accueil<br \/>\n09h30 &#8211; 10h30 : Affiche (d\u00e9cision)<br \/>\n10h30 &#8211; 11h00 : Site internet (info)<br \/>\n11h00 &#8211; 12h00 : Th\u00e8me (r\u00e9flexion)<\/p>\n<p>12h00 &#8211; 14h00 : Repas partag\u00e9<\/p>\n<p><b>Samedi apr\u00e8s-midi<\/b><br \/>\n14h00 &#8211; 17h00 : Point parcours (information\/d\u00e9cision)<\/p>\n<p>Rencontre avec le Gaec Radis &amp; Co, la Brasserie Associative de Montflours et la Monnaie locale le sou<\/p>\n<p>17h00 &#8211; 18h00 : AlterTour Pirate (r\u00e9flexion)<\/p>\n<p>Samedi soir : concert<\/p>\n<p><b>Dimanche matin<\/b><br \/>\n09h00 &#8211; 09h30 : Accueil<br \/>\n09h30 &#8211; 10h00 : Plan de communication (information\/r\u00e9flexion)<br \/>\n10h00 &#8211; 11h00 : Texte sur l\u2019autogestion (r\u00e9flexion)<br \/>\n11h00 &#8211; 11h30 : T-shirts (d\u00e9cision)<br \/>\n11h30 &#8211; 12h30 : diffusion du film : le bien commun, l\u2019assaut final<\/p>\n<p>12h30 &#8211; 14h30 : Repas partag\u00e9<\/p>\n<p><b>Dimanche apr\u00e8s-midi<\/b><br \/>\n14h30 &#8211; 15h30 : Discussion sur le film (r\u00e9flexion)<\/p>\n","protected":false},"excerpt":{"rendered":"<p>La prochaine r\u00e9union de pr\u00e9paration de l&rsquo;AlterTour aura lieu \u00e0 Laval les 5 et 6 mars prochain. Adresse : les 3 Mondes : 48 rue de la Chartri\u00e8re \u2013 53000 LAVAL &#8211; Bus ligne A en direction de \u00ab&nbsp;Laval \u2013 Boz\u00e9es&nbsp;\u00bb, arr\u00eat \u00ab&nbsp;Laval \u2013 Bessi\u00e8res&nbsp;\u00bb Samedi matin 09h00 &#8211; 09h30 &#8230; <\/p>\n<div><a href=\"https:\/\/www.altercampagne.net\/?p=3083\" class=\"more-link\">Read More<\/a><\/div>\n","protected":false},"author":214,"featured_media":0,"comment_status":"closed","ping_status":"closed","sticky":false,"template":"","format":"standard","meta":{"footnotes":""},"categories":[3539],"tags":[716,2839,1652,807,806,805,804,803,797,35,520,490,489,476,434,416,383],"class_list":["post-3083","post","type-post","status-publish","format-standard","hentry","category-we-de-preparation","tag-affiche-2016","tag-ordre-du-jour","tag-1652","tag-monnaie-locale-le-sou","tag-altertour-pirate","tag-le-bien-commun-lassaut-final","tag-les-3-mondes","tag-laval","tag-mars-2016","tag-autogestion","tag-parcours","tag-brasserie-associative-de-montflours","tag-gaec-radis-co","tag-reunion","tag-pleniere","tag-mayenne","tag-altertour-2016","no-post-thumbnail"],"yoast_head":"<!-- This site is optimized with the Yoast SEO plugin v27.3 - https:\/\/yoast.com\/product\/yoast-seo-wordpress\/ -->\n<title>R\u00e9union de pr\u00e9paration de l\u2019AlterTour, les 5 et 6 mars 2016 \u00e0 Laval - AlterTour<\/title>\n<meta name=\"robots\" content=\"index, follow, max-snippet:-1, max-image-preview:large, max-video-preview:-1\" \/>\n<link rel=\"canonical\" href=\"https:\/\/www.altercampagne.net\/?p=3083\" \/>\n<meta property=\"og:locale\" content=\"fr_FR\" \/>\n<meta property=\"og:type\" content=\"article\" \/>\n<meta property=\"og:title\" content=\"R\u00e9union de pr\u00e9paration de l\u2019AlterTour, les 5 et 6 mars 2016 \u00e0 Laval - AlterTour\" \/>\n<meta property=\"og:description\" content=\"La prochaine r\u00e9union de pr\u00e9paration de l&rsquo;AlterTour aura lieu \u00e0 Laval les 5 et 6 mars prochain. Adresse : les 3 Mondes : 48 rue de la Chartri\u00e8re \u2013 53000 LAVAL &#8211; Bus ligne A en direction de \u00ab&nbsp;Laval \u2013 Boz\u00e9es&nbsp;\u00bb, arr\u00eat \u00ab&nbsp;Laval \u2013 Bessi\u00e8res&nbsp;\u00bb Samedi matin 09h00 &#8211; 09h30 ... Read More\" \/>\n<meta property=\"og:url\" content=\"https:\/\/www.altercampagne.net\/?p=3083\" \/>\n<meta property=\"og:site_name\" content=\"AlterTour\" \/>\n<meta property=\"article:published_time\" content=\"2016-02-19T10:53:41+00:00\" \/>\n<meta property=\"article:modified_time\" content=\"2020-02-24T16:22:00+00:00\" \/>\n<meta property=\"og:image\" content=\"http:\/\/www.altercampagne.net\/wp-content\/uploads\/2016\/02\/7eme-pleniere.jpg\" \/>\n<meta name=\"author\" content=\"Mathieu\" \/>\n<meta name=\"twitter:card\" content=\"summary_large_image\" \/>\n<meta name=\"twitter:label1\" content=\"\u00c9crit par\" \/>\n\t<meta name=\"twitter:data1\" content=\"Mathieu\" \/>\n\t<meta name=\"twitter:label2\" content=\"Dur\u00e9e de lecture estim\u00e9e\" \/>\n\t<meta name=\"twitter:data2\" content=\"1 minute\" \/>\n<script type=\"application\/ld+json\" class=\"yoast-schema-graph\">{\"@context\":\"https:\\\/\\\/schema.org\",\"@graph\":[{\"@type\":\"Article\",\"@id\":\"https:\\\/\\\/www.altercampagne.net\\\/?p=3083#article\",\"isPartOf\":{\"@id\":\"https:\\\/\\\/www.altercampagne.net\\\/?p=3083\"},\"author\":{\"name\":\"Mathieu\",\"@id\":\"https:\\\/\\\/www.altercampagne.net\\\/#\\\/schema\\\/person\\\/0f261460c09e430caa0f9bcffa319109\"},\"headline\":\"R\u00e9union de pr\u00e9paration de l\u2019AlterTour, les 5 et 6 mars 2016 \u00e0 Laval\",\"datePublished\":\"2016-02-19T10:53:41+00:00\",\"dateModified\":\"2020-02-24T16:22:00+00:00\",\"mainEntityOfPage\":{\"@id\":\"https:\\\/\\\/www.altercampagne.net\\\/?p=3083\"},\"wordCount\":185,\"image\":{\"@id\":\"https:\\\/\\\/www.altercampagne.net\\\/?p=3083#primaryimage\"},\"thumbnailUrl\":\"http:\\\/\\\/www.altercampagne.net\\\/wp-content\\\/uploads\\\/2016\\\/02\\\/7eme-pleniere.jpg\",\"keywords\":[\"affiche 2016\",\"ordre du jour\",\"2016\",\"monnaie locale le sou\",\"AlterTour Pirate\",\"le bien commun l\u2019assaut final\",\"Les 3 mondes\",\"Laval\",\"mars 2016\",\"autogestion\",\"parcours\",\"brasserie associative de montflours\",\"gaec radis &amp; co\",\"r\u00e9union\",\"pl\u00e9ni\u00e8re\",\"mayenne\",\"AlterTour 2016\"],\"articleSection\":[\"WE de pr\u00e9paration\"],\"inLanguage\":\"fr-FR\"},{\"@type\":\"WebPage\",\"@id\":\"https:\\\/\\\/www.altercampagne.net\\\/?p=3083\",\"url\":\"https:\\\/\\\/www.altercampagne.net\\\/?p=3083\",\"name\":\"R\u00e9union de pr\u00e9paration de l\u2019AlterTour, les 5 et 6 mars 2016 \u00e0 Laval - AlterTour\",\"isPartOf\":{\"@id\":\"https:\\\/\\\/www.altercampagne.net\\\/#website\"},\"primaryImageOfPage\":{\"@id\":\"https:\\\/\\\/www.altercampagne.net\\\/?p=3083#primaryimage\"},\"image\":{\"@id\":\"https:\\\/\\\/www.altercampagne.net\\\/?p=3083#primaryimage\"},\"thumbnailUrl\":\"http:\\\/\\\/www.altercampagne.net\\\/wp-content\\\/uploads\\\/2016\\\/02\\\/7eme-pleniere.jpg\",\"datePublished\":\"2016-02-19T10:53:41+00:00\",\"dateModified\":\"2020-02-24T16:22:00+00:00\",\"author\":{\"@id\":\"https:\\\/\\\/www.altercampagne.net\\\/#\\\/schema\\\/person\\\/0f261460c09e430caa0f9bcffa319109\"},\"breadcrumb\":{\"@id\":\"https:\\\/\\\/www.altercampagne.net\\\/?p=3083#breadcrumb\"},\"inLanguage\":\"fr-FR\",\"potentialAction\":[{\"@type\":\"ReadAction\",\"target\":[\"https:\\\/\\\/www.altercampagne.net\\\/?p=3083\"]}]},{\"@type\":\"ImageObject\",\"inLanguage\":\"fr-FR\",\"@id\":\"https:\\\/\\\/www.altercampagne.net\\\/?p=3083#primaryimage\",\"url\":\"http:\\\/\\\/www.altercampagne.net\\\/wp-content\\\/uploads\\\/2016\\\/02\\\/7eme-pleniere.jpg\",\"contentUrl\":\"http:\\\/\\\/www.altercampagne.net\\\/wp-content\\\/uploads\\\/2016\\\/02\\\/7eme-pleniere.jpg\"},{\"@type\":\"BreadcrumbList\",\"@id\":\"https:\\\/\\\/www.altercampagne.net\\\/?p=3083#breadcrumb\",\"itemListElement\":[{\"@type\":\"ListItem\",\"position\":1,\"name\":\"Accueil\",\"item\":\"https:\\\/\\\/www.altercampagne.net\\\/\"},{\"@type\":\"ListItem\",\"position\":2,\"name\":\"R\u00e9union de pr\u00e9paration de l\u2019AlterTour, les 5 et 6 mars 2016 \u00e0 Laval\"}]},{\"@type\":\"WebSite\",\"@id\":\"https:\\\/\\\/www.altercampagne.net\\\/#website\",\"url\":\"https:\\\/\\\/www.altercampagne.net\\\/\",\"name\":\"AlterTour\",\"description\":\"Reliez les Alternatives \u00e0 v\u00e9lo\",\"potentialAction\":[{\"@type\":\"SearchAction\",\"target\":{\"@type\":\"EntryPoint\",\"urlTemplate\":\"https:\\\/\\\/www.altercampagne.net\\\/?s={search_term_string}\"},\"query-input\":{\"@type\":\"PropertyValueSpecification\",\"valueRequired\":true,\"valueName\":\"search_term_string\"}}],\"inLanguage\":\"fr-FR\"},{\"@type\":\"Person\",\"@id\":\"https:\\\/\\\/www.altercampagne.net\\\/#\\\/schema\\\/person\\\/0f261460c09e430caa0f9bcffa319109\",\"name\":\"Mathieu\",\"image\":{\"@type\":\"ImageObject\",\"inLanguage\":\"fr-FR\",\"@id\":\"https:\\\/\\\/secure.gravatar.com\\\/avatar\\\/aa9d3d24c83f2141e5e2709d0f63d09a99f6be6bb7a50abc4915838d9f54501a?s=96&d=mm&r=g\",\"url\":\"https:\\\/\\\/secure.gravatar.com\\\/avatar\\\/aa9d3d24c83f2141e5e2709d0f63d09a99f6be6bb7a50abc4915838d9f54501a?s=96&d=mm&r=g\",\"contentUrl\":\"https:\\\/\\\/secure.gravatar.com\\\/avatar\\\/aa9d3d24c83f2141e5e2709d0f63d09a99f6be6bb7a50abc4915838d9f54501a?s=96&d=mm&r=g\",\"caption\":\"Mathieu\"},\"url\":\"https:\\\/\\\/www.altercampagne.net\\\/?author=214\"}]}<\/script>\n<!-- \/ Yoast SEO plugin. -->","yoast_head_json":{"title":"R\u00e9union de pr\u00e9paration de l\u2019AlterTour, les 5 et 6 mars 2016 \u00e0 Laval - AlterTour","robots":{"index":"index","follow":"follow","max-snippet":"max-snippet:-1","max-image-preview":"max-image-preview:large","max-video-preview":"max-video-preview:-1"},"canonical":"https:\/\/www.altercampagne.net\/?p=3083","og_locale":"fr_FR","og_type":"article","og_title":"R\u00e9union de pr\u00e9paration de l\u2019AlterTour, les 5 et 6 mars 2016 \u00e0 Laval - AlterTour","og_description":"La prochaine r\u00e9union de pr\u00e9paration de l&rsquo;AlterTour aura lieu \u00e0 Laval les 5 et 6 mars prochain. Adresse : les 3 Mondes : 48 rue de la Chartri\u00e8re \u2013 53000 LAVAL &#8211; Bus ligne A en direction de \u00ab&nbsp;Laval \u2013 Boz\u00e9es&nbsp;\u00bb, arr\u00eat \u00ab&nbsp;Laval \u2013 Bessi\u00e8res&nbsp;\u00bb Samedi matin 09h00 &#8211; 09h30 ... Read More","og_url":"https:\/\/www.altercampagne.net\/?p=3083","og_site_name":"AlterTour","article_published_time":"2016-02-19T10:53:41+00:00","article_modified_time":"2020-02-24T16:22:00+00:00","og_image":[{"url":"http:\/\/www.altercampagne.net\/wp-content\/uploads\/2016\/02\/7eme-pleniere.jpg","type":"","width":"","height":""}],"author":"Mathieu","twitter_card":"summary_large_image","twitter_misc":{"\u00c9crit par":"Mathieu","Dur\u00e9e de lecture estim\u00e9e":"1 minute"},"schema":{"@context":"https:\/\/schema.org","@graph":[{"@type":"Article","@id":"https:\/\/www.altercampagne.net\/?p=3083#article","isPartOf":{"@id":"https:\/\/www.altercampagne.net\/?p=3083"},"author":{"name":"Mathieu","@id":"https:\/\/www.altercampagne.net\/#\/schema\/person\/0f261460c09e430caa0f9bcffa319109"},"headline":"R\u00e9union de pr\u00e9paration de l\u2019AlterTour, les 5 et 6 mars 2016 \u00e0 Laval","datePublished":"2016-02-19T10:53:41+00:00","dateModified":"2020-02-24T16:22:00+00:00","mainEntityOfPage":{"@id":"https:\/\/www.altercampagne.net\/?p=3083"},"wordCount":185,"image":{"@id":"https:\/\/www.altercampagne.net\/?p=3083#primaryimage"},"thumbnailUrl":"http:\/\/www.altercampagne.net\/wp-content\/uploads\/2016\/02\/7eme-pleniere.jpg","keywords":["affiche 2016","ordre du jour","2016","monnaie locale le sou","AlterTour Pirate","le bien commun l\u2019assaut final","Les 3 mondes","Laval","mars 2016","autogestion","parcours","brasserie associative de montflours","gaec radis &amp; co","r\u00e9union","pl\u00e9ni\u00e8re","mayenne","AlterTour 2016"],"articleSection":["WE de pr\u00e9paration"],"inLanguage":"fr-FR"},{"@type":"WebPage","@id":"https:\/\/www.altercampagne.net\/?p=3083","url":"https:\/\/www.altercampagne.net\/?p=3083","name":"R\u00e9union de pr\u00e9paration de l\u2019AlterTour, les 5 et 6 mars 2016 \u00e0 Laval - AlterTour","isPartOf":{"@id":"https:\/\/www.altercampagne.net\/#website"},"primaryImageOfPage":{"@id":"https:\/\/www.altercampagne.net\/?p=3083#primaryimage"},"image":{"@id":"https:\/\/www.altercampagne.net\/?p=3083#primaryimage"},"thumbnailUrl":"http:\/\/www.altercampagne.net\/wp-content\/uploads\/2016\/02\/7eme-pleniere.jpg","datePublished":"2016-02-19T10:53:41+00:00","dateModified":"2020-02-24T16:22:00+00:00","author":{"@id":"https:\/\/www.altercampagne.net\/#\/schema\/person\/0f261460c09e430caa0f9bcffa319109"},"breadcrumb":{"@id":"https:\/\/www.altercampagne.net\/?p=3083#breadcrumb"},"inLanguage":"fr-FR","potentialAction":[{"@type":"ReadAction","target":["https:\/\/www.altercampagne.net\/?p=3083"]}]},{"@type":"ImageObject","inLanguage":"fr-FR","@id":"https:\/\/www.altercampagne.net\/?p=3083#primaryimage","url":"http:\/\/www.altercampagne.net\/wp-content\/uploads\/2016\/02\/7eme-pleniere.jpg","contentUrl":"http:\/\/www.altercampagne.net\/wp-content\/uploads\/2016\/02\/7eme-pleniere.jpg"},{"@type":"BreadcrumbList","@id":"https:\/\/www.altercampagne.net\/?p=3083#breadcrumb","itemListElement":[{"@type":"ListItem","position":1,"name":"Accueil","item":"https:\/\/www.altercampagne.net\/"},{"@type":"ListItem","position":2,"name":"R\u00e9union de pr\u00e9paration de l\u2019AlterTour, les 5 et 6 mars 2016 \u00e0 Laval"}]},{"@type":"WebSite","@id":"https:\/\/www.altercampagne.net\/#website","url":"https:\/\/www.altercampagne.net\/","name":"AlterTour","description":"Reliez les Alternatives \u00e0 v\u00e9lo","potentialAction":[{"@type":"SearchAction","target":{"@type":"EntryPoint","urlTemplate":"https:\/\/www.altercampagne.net\/?s={search_term_string}"},"query-input":{"@type":"PropertyValueSpecification","valueRequired":true,"valueName":"search_term_string"}}],"inLanguage":"fr-FR"},{"@type":"Person","@id":"https:\/\/www.altercampagne.net\/#\/schema\/person\/0f261460c09e430caa0f9bcffa319109","name":"Mathieu","image":{"@type":"ImageObject","inLanguage":"fr-FR","@id":"https:\/\/secure.gravatar.com\/avatar\/aa9d3d24c83f2141e5e2709d0f63d09a99f6be6bb7a50abc4915838d9f54501a?s=96&d=mm&r=g","url":"https:\/\/secure.gravatar.com\/avatar\/aa9d3d24c83f2141e5e2709d0f63d09a99f6be6bb7a50abc4915838d9f54501a?s=96&d=mm&r=g","contentUrl":"https:\/\/secure.gravatar.com\/avatar\/aa9d3d24c83f2141e5e2709d0f63d09a99f6be6bb7a50abc4915838d9f54501a?s=96&d=mm&r=g","caption":"Mathieu"},"url":"https:\/\/www.altercampagne.net\/?author=214"}]}},"_links":{"self":[{"href":"https:\/\/www.altercampagne.net\/index.php?rest_route=\/wp\/v2\/posts\/3083","targetHints":{"allow":["GET"]}}],"collection":[{"href":"https:\/\/www.altercampagne.net\/index.php?rest_route=\/wp\/v2\/posts"}],"about":[{"href":"https:\/\/www.altercampagne.net\/index.php?rest_route=\/wp\/v2\/types\/post"}],"author":[{"embeddable":true,"href":"https:\/\/www.altercampagne.net\/index.php?rest_route=\/wp\/v2\/users\/214"}],"replies":[{"embeddable":true,"href":"https:\/\/www.altercampagne.net\/index.php?rest_route=%2Fwp%2Fv2%2Fcomments&post=3083"}],"version-history":[{"count":1,"href":"https:\/\/www.altercampagne.net\/index.php?rest_route=\/wp\/v2\/posts\/3083\/revisions"}],"predecessor-version":[{"id":17443,"href":"https:\/\/www.altercampagne.net\/index.php?rest_route=\/wp\/v2\/posts\/3083\/revisions\/17443"}],"wp:attachment":[{"href":"https:\/\/www.altercampagne.net\/index.php?rest_route=%2Fwp%2Fv2%2Fmedia&parent=3083"}],"wp:term":[{"taxonomy":"category","embeddable":true,"href":"https:\/\/www.altercampagne.net\/index.php?rest_route=%2Fwp%2Fv2%2Fcategories&post=3083"},{"taxonomy":"post_tag","embeddable":true,"href":"https:\/\/www.altercampagne.net\/index.php?rest_route=%2Fwp%2Fv2%2Ftags&post=3083"}],"curies":[{"name":"wp","href":"https:\/\/api.w.org\/{rel}","templated":true}]}}