{"id":3136,"date":"2016-03-30T16:00:44","date_gmt":"2016-03-30T14:00:44","guid":{"rendered":"http:\/\/www.altercampagne.net\/?p=3136"},"modified":"2020-02-24T15:04:33","modified_gmt":"2020-02-24T14:04:33","slug":"reunion-de-preparation-de-laltertour-les-2-et-3-avril-a-montreuil","status":"publish","type":"post","link":"https:\/\/www.altercampagne.net\/?p=3136","title":{"rendered":"R\u00e9union de pr\u00e9paration de l&rsquo;AlterTour les 2 et 3 avril \u00e0 Montreuil"},"content":{"rendered":"<h2 dir=\"ltr\"><a href=\"http:\/\/www.altercampagne.net\/wp-content\/uploads\/2016\/03\/8eme-pleniere.jpg\"><img loading=\"lazy\" decoding=\"async\" class=\" size-full wp-image-3138 aligncenter\" src=\"http:\/\/www.altercampagne.net\/wp-content\/uploads\/2016\/03\/8eme-pleniere.jpg\" alt=\"8eme-pleniere\" width=\"658\" height=\"348\" srcset=\"https:\/\/www.altercampagne.net\/wp-content\/uploads\/2016\/03\/8eme-pleniere.jpg 658w, https:\/\/www.altercampagne.net\/wp-content\/uploads\/2016\/03\/8eme-pleniere-300x159.jpg 300w\" sizes=\"auto, (max-width: 658px) 100vw, 658px\" \/><\/a>Lieu : Jardin D&rsquo;Alice, 26 rue Garibalodi \u00e0 Montreuil<\/h2>\n<h2 dir=\"ltr\">Samedi matin 2 avril<\/h2>\n<p>09h00 &#8211; 09h30 : Retrouvailles\/caf\u00e9\/croissants<br \/>\n09h30 &#8211; 10h00 : Brise-glace \u201cnaufrag\u00e9s\u201d (Sylvie) et comment on se sent en ce moment dans l\u2019orga de l\u2019AT<br \/>\n10h00 &#8211; 10h15 : Ordre du jour pl\u00e9ni\u00e8re<br \/>\n10h15 &#8211; 10h45 : Compte-rendu du coll\u00e8ge solidaire &#8211; 30 minutes<br \/>\n10h45 &#8211; 11h30 : Choses \u00e0 faire jusqu\u2019\u00e0 la fin de l\u2019ann\u00e9e : lister, r\u00e9fl\u00e9chir \u00e0 la r\u00e9partition, solliciter personnellement des gens ? &#8211; 45 minutes<br \/>\nPause<br \/>\n11h45 &#8211; 12h45 : Inscriptions<br \/>\n&#8211; Bilan ann\u00e9e derni\u00e8re et am\u00e9liorations<br \/>\n&#8211; Constituer \u00e9quipe : qui recevra les inscriptions papiers, qui fera le pointage sur les mails d\u00e9di\u00e9s et le site<br \/>\n&#8211; Retours du groupe autonomie : clarifier les inscriptions notamment (inscription sur toute une boucle ? comment g\u00e9rer les 80 personnes ?) &#8211; Baptiste &#8211; 30 minutes<\/p>\n<h2 dir=\"ltr\">Samedi apr\u00e8s-midi<\/h2>\n<p>14h00 &#8211; 15h00 : Point parcours principal &#8211; notamment point sur les cercles de parole, moments sur le th\u00e8me,.. (\u00e0 ajouter dans agenda des \u00e9tapes)<br \/>\n15h00 &#8211; 15h30 : AlterTour pirate : trouver un nom, comment g\u00e9rer le before et after tour pirate (80 personnes), point sur la premi\u00e8re boucle \u00e0 Saint Brieuc, + quelles t\u00e2ches sp\u00e9cifiques d\u2019ici l\u2019AT ?<br \/>\nPause<br \/>\n15h50 &#8211; 16h30 : Point budget : quelles sont les prestations (logements, repas, conf, etc) payantes : \u00e9tablir budget<br \/>\n16h30 &#8211; 17h15 : Pr\u00e9sence des organisateurs sur le tour, before et after Tours<br \/>\n17h15 &#8211; 18h00 : Formation remplissage des pages publiques &#8211; Mathieu &#8211; 45 minutes<\/p>\n<h2 dir=\"ltr\">Dimanche matin<\/h2>\n<p>09h00 &#8211; 09h30 : Retrouvailles\/Caf\u00e9\/croissants<br \/>\n09h30 &#8211; 09h45 : Bise-glace<br \/>\n09h45 &#8211; 11h00 : On communique !<br \/>\n&#8211; Point recueil (manque 2 alternatives + 4 si on ne met pas l\u2019affiche en page centrale)<br \/>\naffiche dans S!lence : centrale ou 4\u00e8me de couv ? (d\u00e9cision)<br \/>\n&#8211; Point flyers \/ affiches ? pr\u00e9paration commande et envois de mai (combien pour chaque accueillant ?)<br \/>\n&#8211; Point plan de communication<br \/>\n&#8211; Salons (pr\u00e9sences de personnes de l\u2019AT, point matos &#8211; dont festiv\u2019al Arrach)<br \/>\npause<br \/>\n11h30 &#8211; 12h15 : Travail en petits groupes :<br \/>\n&#8211; Jargonette &#8211; propositions \u00e0 valider <a href=\"https:\/\/semestriel.framapad.org\/p\/jargonetteAT\" target=\"_blank\" rel=\"noopener noreferrer\">https:\/\/semestriel.framapad.<wbr>org\/p\/jargonetteAT<\/a><br \/>\n&#8211; Communiqu\u00e9 de presse<br \/>\n12h15 &#8211; 12h30 : Restitution des travaux de groupe<\/p>\n<h2 dir=\"ltr\">Dimanche apr\u00e8s-midi<\/h2>\n<p>14h00 &#8211; 14h30 : Pr\u00e9paration du week-end de mai : th\u00e8mes \u00e0 aborder , envie de discussions, interventions &#8211; facilitation : Genevi\u00e8ve &#8211; 30 minutes (logistique nourriture et s\u00e9curit\u00e9)<br \/>\n14h30 &#8211; 15h00 : L\u2019AlterTour en famille : petit compte rendu synth\u00e9tique et propositions \u00e0 valider ou pas &#8211; restitution \/animation : Juliette &#8211; 20 minutes<br \/>\n15h00 &#8211; 16h30 :<br \/>\n&#8211; Texte autogestion \/ gestion participative (pour le site)<br \/>\n&#8211; Comment accueillir les nouveaux sur l\u2019AT ?<br \/>\n&#8211; Th\u00e8me<\/p>\n","protected":false},"excerpt":{"rendered":"<p>Lieu : Jardin D&rsquo;Alice, 26 rue Garibalodi \u00e0 Montreuil Samedi matin 2 avril 09h00 &#8211; 09h30 : Retrouvailles\/caf\u00e9\/croissants 09h30 &#8211; 10h00 : Brise-glace \u201cnaufrag\u00e9s\u201d (Sylvie) et comment on se sent en ce moment dans l\u2019orga de l\u2019AT 10h00 &#8211; 10h15 : Ordre du jour pl\u00e9ni\u00e8re 10h15 &#8211; 10h45 : Compte-rendu &#8230; <\/p>\n<div><a href=\"https:\/\/www.altercampagne.net\/?p=3136\" class=\"more-link\">Read More<\/a><\/div>\n","protected":false},"author":214,"featured_media":0,"comment_status":"closed","ping_status":"closed","sticky":false,"template":"","format":"standard","meta":{"footnotes":""},"categories":[3539],"tags":[383,472,474,521,1491,1652],"class_list":["post-3136","post","type-post","status-publish","format-standard","hentry","category-we-de-preparation","tag-altertour-2016","tag-montreuil","tag-bien-commun","tag-bien-vivre","tag-jardin-dalice","tag-1652","no-post-thumbnail"],"yoast_head":"<!-- This site is optimized with the Yoast SEO plugin v27.3 - https:\/\/yoast.com\/product\/yoast-seo-wordpress\/ -->\n<title>R\u00e9union de pr\u00e9paration de l&#039;AlterTour les 2 et 3 avril \u00e0 Montreuil - AlterTour<\/title>\n<meta name=\"robots\" content=\"index, follow, max-snippet:-1, max-image-preview:large, max-video-preview:-1\" \/>\n<link rel=\"canonical\" href=\"https:\/\/www.altercampagne.net\/?p=3136\" \/>\n<meta property=\"og:locale\" content=\"fr_FR\" \/>\n<meta property=\"og:type\" content=\"article\" \/>\n<meta property=\"og:title\" content=\"R\u00e9union de pr\u00e9paration de l&#039;AlterTour les 2 et 3 avril \u00e0 Montreuil - AlterTour\" \/>\n<meta property=\"og:description\" content=\"Lieu : Jardin D&rsquo;Alice, 26 rue Garibalodi \u00e0 Montreuil Samedi matin 2 avril 09h00 &#8211; 09h30 : Retrouvailles\/caf\u00e9\/croissants 09h30 &#8211; 10h00 : Brise-glace \u201cnaufrag\u00e9s\u201d (Sylvie) et comment on se sent en ce moment dans l\u2019orga de l\u2019AT 10h00 &#8211; 10h15 : Ordre du jour pl\u00e9ni\u00e8re 10h15 &#8211; 10h45 : Compte-rendu ... Read More\" \/>\n<meta property=\"og:url\" content=\"https:\/\/www.altercampagne.net\/?p=3136\" \/>\n<meta property=\"og:site_name\" content=\"AlterTour\" \/>\n<meta property=\"article:published_time\" content=\"2016-03-30T14:00:44+00:00\" \/>\n<meta property=\"article:modified_time\" content=\"2020-02-24T14:04:33+00:00\" \/>\n<meta property=\"og:image\" content=\"http:\/\/www.altercampagne.net\/wp-content\/uploads\/2016\/03\/8eme-pleniere.jpg\" \/>\n<meta name=\"author\" content=\"Mathieu\" \/>\n<meta name=\"twitter:card\" content=\"summary_large_image\" \/>\n<meta name=\"twitter:label1\" content=\"\u00c9crit par\" \/>\n\t<meta name=\"twitter:data1\" content=\"Mathieu\" \/>\n\t<meta name=\"twitter:label2\" content=\"Dur\u00e9e de lecture estim\u00e9e\" \/>\n\t<meta name=\"twitter:data2\" content=\"2 minutes\" \/>\n<script type=\"application\/ld+json\" class=\"yoast-schema-graph\">{\"@context\":\"https:\\\/\\\/schema.org\",\"@graph\":[{\"@type\":\"Article\",\"@id\":\"https:\\\/\\\/www.altercampagne.net\\\/?p=3136#article\",\"isPartOf\":{\"@id\":\"https:\\\/\\\/www.altercampagne.net\\\/?p=3136\"},\"author\":{\"name\":\"Mathieu\",\"@id\":\"https:\\\/\\\/www.altercampagne.net\\\/#\\\/schema\\\/person\\\/0f261460c09e430caa0f9bcffa319109\"},\"headline\":\"R\u00e9union de pr\u00e9paration de l&rsquo;AlterTour les 2 et 3 avril \u00e0 Montreuil\",\"datePublished\":\"2016-03-30T14:00:44+00:00\",\"dateModified\":\"2020-02-24T14:04:33+00:00\",\"mainEntityOfPage\":{\"@id\":\"https:\\\/\\\/www.altercampagne.net\\\/?p=3136\"},\"wordCount\":441,\"image\":{\"@id\":\"https:\\\/\\\/www.altercampagne.net\\\/?p=3136#primaryimage\"},\"thumbnailUrl\":\"http:\\\/\\\/www.altercampagne.net\\\/wp-content\\\/uploads\\\/2016\\\/03\\\/8eme-pleniere.jpg\",\"keywords\":[\"AlterTour 2016\",\"Montreuil\",\"bien commun\",\"bien vivre\",\"jardin d'alice\",\"2016\"],\"articleSection\":[\"WE de pr\u00e9paration\"],\"inLanguage\":\"fr-FR\"},{\"@type\":\"WebPage\",\"@id\":\"https:\\\/\\\/www.altercampagne.net\\\/?p=3136\",\"url\":\"https:\\\/\\\/www.altercampagne.net\\\/?p=3136\",\"name\":\"R\u00e9union de pr\u00e9paration de l'AlterTour les 2 et 3 avril \u00e0 Montreuil - AlterTour\",\"isPartOf\":{\"@id\":\"https:\\\/\\\/www.altercampagne.net\\\/#website\"},\"primaryImageOfPage\":{\"@id\":\"https:\\\/\\\/www.altercampagne.net\\\/?p=3136#primaryimage\"},\"image\":{\"@id\":\"https:\\\/\\\/www.altercampagne.net\\\/?p=3136#primaryimage\"},\"thumbnailUrl\":\"http:\\\/\\\/www.altercampagne.net\\\/wp-content\\\/uploads\\\/2016\\\/03\\\/8eme-pleniere.jpg\",\"datePublished\":\"2016-03-30T14:00:44+00:00\",\"dateModified\":\"2020-02-24T14:04:33+00:00\",\"author\":{\"@id\":\"https:\\\/\\\/www.altercampagne.net\\\/#\\\/schema\\\/person\\\/0f261460c09e430caa0f9bcffa319109\"},\"breadcrumb\":{\"@id\":\"https:\\\/\\\/www.altercampagne.net\\\/?p=3136#breadcrumb\"},\"inLanguage\":\"fr-FR\",\"potentialAction\":[{\"@type\":\"ReadAction\",\"target\":[\"https:\\\/\\\/www.altercampagne.net\\\/?p=3136\"]}]},{\"@type\":\"ImageObject\",\"inLanguage\":\"fr-FR\",\"@id\":\"https:\\\/\\\/www.altercampagne.net\\\/?p=3136#primaryimage\",\"url\":\"http:\\\/\\\/www.altercampagne.net\\\/wp-content\\\/uploads\\\/2016\\\/03\\\/8eme-pleniere.jpg\",\"contentUrl\":\"http:\\\/\\\/www.altercampagne.net\\\/wp-content\\\/uploads\\\/2016\\\/03\\\/8eme-pleniere.jpg\"},{\"@type\":\"BreadcrumbList\",\"@id\":\"https:\\\/\\\/www.altercampagne.net\\\/?p=3136#breadcrumb\",\"itemListElement\":[{\"@type\":\"ListItem\",\"position\":1,\"name\":\"Accueil\",\"item\":\"https:\\\/\\\/www.altercampagne.net\\\/\"},{\"@type\":\"ListItem\",\"position\":2,\"name\":\"R\u00e9union de pr\u00e9paration de l&rsquo;AlterTour les 2 et 3 avril \u00e0 Montreuil\"}]},{\"@type\":\"WebSite\",\"@id\":\"https:\\\/\\\/www.altercampagne.net\\\/#website\",\"url\":\"https:\\\/\\\/www.altercampagne.net\\\/\",\"name\":\"AlterTour\",\"description\":\"Reliez les Alternatives \u00e0 v\u00e9lo\",\"potentialAction\":[{\"@type\":\"SearchAction\",\"target\":{\"@type\":\"EntryPoint\",\"urlTemplate\":\"https:\\\/\\\/www.altercampagne.net\\\/?s={search_term_string}\"},\"query-input\":{\"@type\":\"PropertyValueSpecification\",\"valueRequired\":true,\"valueName\":\"search_term_string\"}}],\"inLanguage\":\"fr-FR\"},{\"@type\":\"Person\",\"@id\":\"https:\\\/\\\/www.altercampagne.net\\\/#\\\/schema\\\/person\\\/0f261460c09e430caa0f9bcffa319109\",\"name\":\"Mathieu\",\"image\":{\"@type\":\"ImageObject\",\"inLanguage\":\"fr-FR\",\"@id\":\"https:\\\/\\\/secure.gravatar.com\\\/avatar\\\/aa9d3d24c83f2141e5e2709d0f63d09a99f6be6bb7a50abc4915838d9f54501a?s=96&d=mm&r=g\",\"url\":\"https:\\\/\\\/secure.gravatar.com\\\/avatar\\\/aa9d3d24c83f2141e5e2709d0f63d09a99f6be6bb7a50abc4915838d9f54501a?s=96&d=mm&r=g\",\"contentUrl\":\"https:\\\/\\\/secure.gravatar.com\\\/avatar\\\/aa9d3d24c83f2141e5e2709d0f63d09a99f6be6bb7a50abc4915838d9f54501a?s=96&d=mm&r=g\",\"caption\":\"Mathieu\"},\"url\":\"https:\\\/\\\/www.altercampagne.net\\\/?author=214\"}]}<\/script>\n<!-- \/ Yoast SEO plugin. -->","yoast_head_json":{"title":"R\u00e9union de pr\u00e9paration de l'AlterTour les 2 et 3 avril \u00e0 Montreuil - AlterTour","robots":{"index":"index","follow":"follow","max-snippet":"max-snippet:-1","max-image-preview":"max-image-preview:large","max-video-preview":"max-video-preview:-1"},"canonical":"https:\/\/www.altercampagne.net\/?p=3136","og_locale":"fr_FR","og_type":"article","og_title":"R\u00e9union de pr\u00e9paration de l'AlterTour les 2 et 3 avril \u00e0 Montreuil - AlterTour","og_description":"Lieu : Jardin D&rsquo;Alice, 26 rue Garibalodi \u00e0 Montreuil Samedi matin 2 avril 09h00 &#8211; 09h30 : Retrouvailles\/caf\u00e9\/croissants 09h30 &#8211; 10h00 : Brise-glace \u201cnaufrag\u00e9s\u201d (Sylvie) et comment on se sent en ce moment dans l\u2019orga de l\u2019AT 10h00 &#8211; 10h15 : Ordre du jour pl\u00e9ni\u00e8re 10h15 &#8211; 10h45 : Compte-rendu ... Read More","og_url":"https:\/\/www.altercampagne.net\/?p=3136","og_site_name":"AlterTour","article_published_time":"2016-03-30T14:00:44+00:00","article_modified_time":"2020-02-24T14:04:33+00:00","og_image":[{"url":"http:\/\/www.altercampagne.net\/wp-content\/uploads\/2016\/03\/8eme-pleniere.jpg","type":"","width":"","height":""}],"author":"Mathieu","twitter_card":"summary_large_image","twitter_misc":{"\u00c9crit par":"Mathieu","Dur\u00e9e de lecture estim\u00e9e":"2 minutes"},"schema":{"@context":"https:\/\/schema.org","@graph":[{"@type":"Article","@id":"https:\/\/www.altercampagne.net\/?p=3136#article","isPartOf":{"@id":"https:\/\/www.altercampagne.net\/?p=3136"},"author":{"name":"Mathieu","@id":"https:\/\/www.altercampagne.net\/#\/schema\/person\/0f261460c09e430caa0f9bcffa319109"},"headline":"R\u00e9union de pr\u00e9paration de l&rsquo;AlterTour les 2 et 3 avril \u00e0 Montreuil","datePublished":"2016-03-30T14:00:44+00:00","dateModified":"2020-02-24T14:04:33+00:00","mainEntityOfPage":{"@id":"https:\/\/www.altercampagne.net\/?p=3136"},"wordCount":441,"image":{"@id":"https:\/\/www.altercampagne.net\/?p=3136#primaryimage"},"thumbnailUrl":"http:\/\/www.altercampagne.net\/wp-content\/uploads\/2016\/03\/8eme-pleniere.jpg","keywords":["AlterTour 2016","Montreuil","bien commun","bien vivre","jardin d'alice","2016"],"articleSection":["WE de pr\u00e9paration"],"inLanguage":"fr-FR"},{"@type":"WebPage","@id":"https:\/\/www.altercampagne.net\/?p=3136","url":"https:\/\/www.altercampagne.net\/?p=3136","name":"R\u00e9union de pr\u00e9paration de l'AlterTour les 2 et 3 avril \u00e0 Montreuil - AlterTour","isPartOf":{"@id":"https:\/\/www.altercampagne.net\/#website"},"primaryImageOfPage":{"@id":"https:\/\/www.altercampagne.net\/?p=3136#primaryimage"},"image":{"@id":"https:\/\/www.altercampagne.net\/?p=3136#primaryimage"},"thumbnailUrl":"http:\/\/www.altercampagne.net\/wp-content\/uploads\/2016\/03\/8eme-pleniere.jpg","datePublished":"2016-03-30T14:00:44+00:00","dateModified":"2020-02-24T14:04:33+00:00","author":{"@id":"https:\/\/www.altercampagne.net\/#\/schema\/person\/0f261460c09e430caa0f9bcffa319109"},"breadcrumb":{"@id":"https:\/\/www.altercampagne.net\/?p=3136#breadcrumb"},"inLanguage":"fr-FR","potentialAction":[{"@type":"ReadAction","target":["https:\/\/www.altercampagne.net\/?p=3136"]}]},{"@type":"ImageObject","inLanguage":"fr-FR","@id":"https:\/\/www.altercampagne.net\/?p=3136#primaryimage","url":"http:\/\/www.altercampagne.net\/wp-content\/uploads\/2016\/03\/8eme-pleniere.jpg","contentUrl":"http:\/\/www.altercampagne.net\/wp-content\/uploads\/2016\/03\/8eme-pleniere.jpg"},{"@type":"BreadcrumbList","@id":"https:\/\/www.altercampagne.net\/?p=3136#breadcrumb","itemListElement":[{"@type":"ListItem","position":1,"name":"Accueil","item":"https:\/\/www.altercampagne.net\/"},{"@type":"ListItem","position":2,"name":"R\u00e9union de pr\u00e9paration de l&rsquo;AlterTour les 2 et 3 avril \u00e0 Montreuil"}]},{"@type":"WebSite","@id":"https:\/\/www.altercampagne.net\/#website","url":"https:\/\/www.altercampagne.net\/","name":"AlterTour","description":"Reliez les Alternatives \u00e0 v\u00e9lo","potentialAction":[{"@type":"SearchAction","target":{"@type":"EntryPoint","urlTemplate":"https:\/\/www.altercampagne.net\/?s={search_term_string}"},"query-input":{"@type":"PropertyValueSpecification","valueRequired":true,"valueName":"search_term_string"}}],"inLanguage":"fr-FR"},{"@type":"Person","@id":"https:\/\/www.altercampagne.net\/#\/schema\/person\/0f261460c09e430caa0f9bcffa319109","name":"Mathieu","image":{"@type":"ImageObject","inLanguage":"fr-FR","@id":"https:\/\/secure.gravatar.com\/avatar\/aa9d3d24c83f2141e5e2709d0f63d09a99f6be6bb7a50abc4915838d9f54501a?s=96&d=mm&r=g","url":"https:\/\/secure.gravatar.com\/avatar\/aa9d3d24c83f2141e5e2709d0f63d09a99f6be6bb7a50abc4915838d9f54501a?s=96&d=mm&r=g","contentUrl":"https:\/\/secure.gravatar.com\/avatar\/aa9d3d24c83f2141e5e2709d0f63d09a99f6be6bb7a50abc4915838d9f54501a?s=96&d=mm&r=g","caption":"Mathieu"},"url":"https:\/\/www.altercampagne.net\/?author=214"}]}},"_links":{"self":[{"href":"https:\/\/www.altercampagne.net\/index.php?rest_route=\/wp\/v2\/posts\/3136","targetHints":{"allow":["GET"]}}],"collection":[{"href":"https:\/\/www.altercampagne.net\/index.php?rest_route=\/wp\/v2\/posts"}],"about":[{"href":"https:\/\/www.altercampagne.net\/index.php?rest_route=\/wp\/v2\/types\/post"}],"author":[{"embeddable":true,"href":"https:\/\/www.altercampagne.net\/index.php?rest_route=\/wp\/v2\/users\/214"}],"replies":[{"embeddable":true,"href":"https:\/\/www.altercampagne.net\/index.php?rest_route=%2Fwp%2Fv2%2Fcomments&post=3136"}],"version-history":[{"count":1,"href":"https:\/\/www.altercampagne.net\/index.php?rest_route=\/wp\/v2\/posts\/3136\/revisions"}],"predecessor-version":[{"id":17330,"href":"https:\/\/www.altercampagne.net\/index.php?rest_route=\/wp\/v2\/posts\/3136\/revisions\/17330"}],"wp:attachment":[{"href":"https:\/\/www.altercampagne.net\/index.php?rest_route=%2Fwp%2Fv2%2Fmedia&parent=3136"}],"wp:term":[{"taxonomy":"category","embeddable":true,"href":"https:\/\/www.altercampagne.net\/index.php?rest_route=%2Fwp%2Fv2%2Fcategories&post=3136"},{"taxonomy":"post_tag","embeddable":true,"href":"https:\/\/www.altercampagne.net\/index.php?rest_route=%2Fwp%2Fv2%2Ftags&post=3136"}],"curies":[{"name":"wp","href":"https:\/\/api.w.org\/{rel}","templated":true}]}}