{"id":3142,"date":"2016-04-01T16:18:35","date_gmt":"2016-04-01T14:18:35","guid":{"rendered":"http:\/\/www.altercampagne.net\/?p=3142"},"modified":"2016-04-10T12:09:33","modified_gmt":"2016-04-10T10:09:33","slug":"rencontres-de-printemps-du-reseau-repas-les-3-4-et-5-juin-en-savoie","status":"publish","type":"post","link":"https:\/\/www.altercampagne.net\/?p=3142","title":{"rendered":"Rencontres de printemps du R\u00e9seau REPAS les 3, 4 et 5 juin en Savoie"},"content":{"rendered":"<p><a href=\"http:\/\/www.altercampagne.net\/wp-content\/uploads\/2016\/04\/Rencontres-du-reseau-repas.jpg\"><img loading=\"lazy\" decoding=\"async\" class=\" size-full wp-image-3143 aligncenter\" src=\"http:\/\/www.altercampagne.net\/wp-content\/uploads\/2016\/04\/Rencontres-du-reseau-repas.jpg\" alt=\"Rencontres-du-reseau-repas\" width=\"500\" height=\"334\" srcset=\"https:\/\/www.altercampagne.net\/wp-content\/uploads\/2016\/04\/Rencontres-du-reseau-repas.jpg 500w, https:\/\/www.altercampagne.net\/wp-content\/uploads\/2016\/04\/Rencontres-du-reseau-repas-300x200.jpg 300w\" sizes=\"auto, (max-width: 500px) 100vw, 500px\" \/><\/a>REPASseuses,\u00a0REPASsoeurs,<br \/>\nA l&rsquo;heure o\u00f9 nous vous \u00e9crivons depuis le haut commissariat au REPAS(pas)sage, nous sommes en mesure de vous informer que le prochain REPAS se tiendra les 3,4 et 5 juin 2016 \u00e0 Saint-Franc, lieu dit la Berthe, Savoie, France.<br \/>\nUne th\u00e9matique g\u00e9niale est en cours de MIJOTation. Vous serez tenu inform\u00e9s dans de brefs d\u00e9lais des d\u00e9tails th\u00e9matiques et logistiques.<br \/>\nPr\u00e9parez vos bastifioles et interrogaction, frelugeries et temoignitres, on se charge du reste.<\/p>\n","protected":false},"excerpt":{"rendered":"<p>REPASseuses,\u00a0REPASsoeurs, A l&rsquo;heure o\u00f9 nous vous \u00e9crivons depuis le haut commissariat au REPAS(pas)sage, nous sommes en mesure de vous informer que le prochain REPAS se tiendra les 3,4 et 5 juin 2016 \u00e0 Saint-Franc, lieu dit la Berthe, Savoie, France. Une th\u00e9matique g\u00e9niale est en cours de MIJOTation. Vous serez &#8230; <\/p>\n<div><a href=\"https:\/\/www.altercampagne.net\/?p=3142\" class=\"more-link\">Read More<\/a><\/div>\n","protected":false},"author":214,"featured_media":0,"comment_status":"closed","ping_status":"closed","sticky":false,"template":"","format":"standard","meta":{"footnotes":""},"categories":[1],"tags":[80,817,818,819,820,1658,1659],"class_list":["post-3142","post","type-post","status-publish","format-standard","hentry","category-non-classe","tag-reseau-repas","tag-la-mijote","tag-savoie","tag-rencontres-du-reseau-repas","tag-rencontres-du-reseau-repas-2016","tag-rhone-alpes","tag-mijote","no-post-thumbnail"],"yoast_head":"<!-- This site is optimized with the Yoast SEO plugin v27.3 - https:\/\/yoast.com\/product\/yoast-seo-wordpress\/ -->\n<title>Rencontres de printemps du R\u00e9seau REPAS les 3, 4 et 5 juin en Savoie - AlterTour<\/title>\n<meta name=\"robots\" content=\"index, follow, max-snippet:-1, max-image-preview:large, max-video-preview:-1\" \/>\n<link rel=\"canonical\" href=\"https:\/\/www.altercampagne.net\/?p=3142\" \/>\n<meta property=\"og:locale\" content=\"fr_FR\" \/>\n<meta property=\"og:type\" content=\"article\" \/>\n<meta property=\"og:title\" content=\"Rencontres de printemps du R\u00e9seau REPAS les 3, 4 et 5 juin en Savoie - AlterTour\" \/>\n<meta property=\"og:description\" content=\"REPASseuses,\u00a0REPASsoeurs, A l&rsquo;heure o\u00f9 nous vous \u00e9crivons depuis le haut commissariat au REPAS(pas)sage, nous sommes en mesure de vous informer que le prochain REPAS se tiendra les 3,4 et 5 juin 2016 \u00e0 Saint-Franc, lieu dit la Berthe, Savoie, France. Une th\u00e9matique g\u00e9niale est en cours de MIJOTation. Vous serez ... Read More\" \/>\n<meta property=\"og:url\" content=\"https:\/\/www.altercampagne.net\/?p=3142\" \/>\n<meta property=\"og:site_name\" content=\"AlterTour\" \/>\n<meta property=\"article:published_time\" content=\"2016-04-01T14:18:35+00:00\" \/>\n<meta property=\"article:modified_time\" content=\"2016-04-10T10:09:33+00:00\" \/>\n<meta property=\"og:image\" content=\"http:\/\/www.altercampagne.net\/wp-content\/uploads\/2016\/04\/Rencontres-du-reseau-repas.jpg\" \/>\n<meta name=\"author\" content=\"Mathieu\" \/>\n<meta name=\"twitter:card\" content=\"summary_large_image\" \/>\n<meta name=\"twitter:label1\" content=\"\u00c9crit par\" \/>\n\t<meta name=\"twitter:data1\" content=\"Mathieu\" \/>\n<script type=\"application\/ld+json\" class=\"yoast-schema-graph\">{\"@context\":\"https:\\\/\\\/schema.org\",\"@graph\":[{\"@type\":\"Article\",\"@id\":\"https:\\\/\\\/www.altercampagne.net\\\/?p=3142#article\",\"isPartOf\":{\"@id\":\"https:\\\/\\\/www.altercampagne.net\\\/?p=3142\"},\"author\":{\"name\":\"Mathieu\",\"@id\":\"https:\\\/\\\/www.altercampagne.net\\\/#\\\/schema\\\/person\\\/0f261460c09e430caa0f9bcffa319109\"},\"headline\":\"Rencontres de printemps du R\u00e9seau REPAS les 3, 4 et 5 juin en Savoie\",\"datePublished\":\"2016-04-01T14:18:35+00:00\",\"dateModified\":\"2016-04-10T10:09:33+00:00\",\"mainEntityOfPage\":{\"@id\":\"https:\\\/\\\/www.altercampagne.net\\\/?p=3142\"},\"wordCount\":93,\"image\":{\"@id\":\"https:\\\/\\\/www.altercampagne.net\\\/?p=3142#primaryimage\"},\"thumbnailUrl\":\"http:\\\/\\\/www.altercampagne.net\\\/wp-content\\\/uploads\\\/2016\\\/04\\\/Rencontres-du-reseau-repas.jpg\",\"keywords\":[\"R\u00e9seau Repas\",\"la Mijote\",\"Savoie\",\"rencontres du r\u00e9seau repas\",\"rencontres du r\u00e9seau repas 2016\",\"Rho\u0302ne-Alpes\",\"Mijote\"],\"inLanguage\":\"fr-FR\"},{\"@type\":\"WebPage\",\"@id\":\"https:\\\/\\\/www.altercampagne.net\\\/?p=3142\",\"url\":\"https:\\\/\\\/www.altercampagne.net\\\/?p=3142\",\"name\":\"Rencontres de printemps du R\u00e9seau REPAS les 3, 4 et 5 juin en Savoie - AlterTour\",\"isPartOf\":{\"@id\":\"https:\\\/\\\/www.altercampagne.net\\\/#website\"},\"primaryImageOfPage\":{\"@id\":\"https:\\\/\\\/www.altercampagne.net\\\/?p=3142#primaryimage\"},\"image\":{\"@id\":\"https:\\\/\\\/www.altercampagne.net\\\/?p=3142#primaryimage\"},\"thumbnailUrl\":\"http:\\\/\\\/www.altercampagne.net\\\/wp-content\\\/uploads\\\/2016\\\/04\\\/Rencontres-du-reseau-repas.jpg\",\"datePublished\":\"2016-04-01T14:18:35+00:00\",\"dateModified\":\"2016-04-10T10:09:33+00:00\",\"author\":{\"@id\":\"https:\\\/\\\/www.altercampagne.net\\\/#\\\/schema\\\/person\\\/0f261460c09e430caa0f9bcffa319109\"},\"breadcrumb\":{\"@id\":\"https:\\\/\\\/www.altercampagne.net\\\/?p=3142#breadcrumb\"},\"inLanguage\":\"fr-FR\",\"potentialAction\":[{\"@type\":\"ReadAction\",\"target\":[\"https:\\\/\\\/www.altercampagne.net\\\/?p=3142\"]}]},{\"@type\":\"ImageObject\",\"inLanguage\":\"fr-FR\",\"@id\":\"https:\\\/\\\/www.altercampagne.net\\\/?p=3142#primaryimage\",\"url\":\"http:\\\/\\\/www.altercampagne.net\\\/wp-content\\\/uploads\\\/2016\\\/04\\\/Rencontres-du-reseau-repas.jpg\",\"contentUrl\":\"http:\\\/\\\/www.altercampagne.net\\\/wp-content\\\/uploads\\\/2016\\\/04\\\/Rencontres-du-reseau-repas.jpg\"},{\"@type\":\"BreadcrumbList\",\"@id\":\"https:\\\/\\\/www.altercampagne.net\\\/?p=3142#breadcrumb\",\"itemListElement\":[{\"@type\":\"ListItem\",\"position\":1,\"name\":\"Accueil\",\"item\":\"https:\\\/\\\/www.altercampagne.net\\\/\"},{\"@type\":\"ListItem\",\"position\":2,\"name\":\"Rencontres de printemps du R\u00e9seau REPAS les 3, 4 et 5 juin en Savoie\"}]},{\"@type\":\"WebSite\",\"@id\":\"https:\\\/\\\/www.altercampagne.net\\\/#website\",\"url\":\"https:\\\/\\\/www.altercampagne.net\\\/\",\"name\":\"AlterTour\",\"description\":\"Reliez les Alternatives \u00e0 v\u00e9lo\",\"potentialAction\":[{\"@type\":\"SearchAction\",\"target\":{\"@type\":\"EntryPoint\",\"urlTemplate\":\"https:\\\/\\\/www.altercampagne.net\\\/?s={search_term_string}\"},\"query-input\":{\"@type\":\"PropertyValueSpecification\",\"valueRequired\":true,\"valueName\":\"search_term_string\"}}],\"inLanguage\":\"fr-FR\"},{\"@type\":\"Person\",\"@id\":\"https:\\\/\\\/www.altercampagne.net\\\/#\\\/schema\\\/person\\\/0f261460c09e430caa0f9bcffa319109\",\"name\":\"Mathieu\",\"image\":{\"@type\":\"ImageObject\",\"inLanguage\":\"fr-FR\",\"@id\":\"https:\\\/\\\/secure.gravatar.com\\\/avatar\\\/aa9d3d24c83f2141e5e2709d0f63d09a99f6be6bb7a50abc4915838d9f54501a?s=96&d=mm&r=g\",\"url\":\"https:\\\/\\\/secure.gravatar.com\\\/avatar\\\/aa9d3d24c83f2141e5e2709d0f63d09a99f6be6bb7a50abc4915838d9f54501a?s=96&d=mm&r=g\",\"contentUrl\":\"https:\\\/\\\/secure.gravatar.com\\\/avatar\\\/aa9d3d24c83f2141e5e2709d0f63d09a99f6be6bb7a50abc4915838d9f54501a?s=96&d=mm&r=g\",\"caption\":\"Mathieu\"},\"url\":\"https:\\\/\\\/www.altercampagne.net\\\/?author=214\"}]}<\/script>\n<!-- \/ Yoast SEO plugin. -->","yoast_head_json":{"title":"Rencontres de printemps du R\u00e9seau REPAS les 3, 4 et 5 juin en Savoie - AlterTour","robots":{"index":"index","follow":"follow","max-snippet":"max-snippet:-1","max-image-preview":"max-image-preview:large","max-video-preview":"max-video-preview:-1"},"canonical":"https:\/\/www.altercampagne.net\/?p=3142","og_locale":"fr_FR","og_type":"article","og_title":"Rencontres de printemps du R\u00e9seau REPAS les 3, 4 et 5 juin en Savoie - AlterTour","og_description":"REPASseuses,\u00a0REPASsoeurs, A l&rsquo;heure o\u00f9 nous vous \u00e9crivons depuis le haut commissariat au REPAS(pas)sage, nous sommes en mesure de vous informer que le prochain REPAS se tiendra les 3,4 et 5 juin 2016 \u00e0 Saint-Franc, lieu dit la Berthe, Savoie, France. Une th\u00e9matique g\u00e9niale est en cours de MIJOTation. Vous serez ... Read More","og_url":"https:\/\/www.altercampagne.net\/?p=3142","og_site_name":"AlterTour","article_published_time":"2016-04-01T14:18:35+00:00","article_modified_time":"2016-04-10T10:09:33+00:00","og_image":[{"url":"http:\/\/www.altercampagne.net\/wp-content\/uploads\/2016\/04\/Rencontres-du-reseau-repas.jpg","type":"","width":"","height":""}],"author":"Mathieu","twitter_card":"summary_large_image","twitter_misc":{"\u00c9crit par":"Mathieu"},"schema":{"@context":"https:\/\/schema.org","@graph":[{"@type":"Article","@id":"https:\/\/www.altercampagne.net\/?p=3142#article","isPartOf":{"@id":"https:\/\/www.altercampagne.net\/?p=3142"},"author":{"name":"Mathieu","@id":"https:\/\/www.altercampagne.net\/#\/schema\/person\/0f261460c09e430caa0f9bcffa319109"},"headline":"Rencontres de printemps du R\u00e9seau REPAS les 3, 4 et 5 juin en Savoie","datePublished":"2016-04-01T14:18:35+00:00","dateModified":"2016-04-10T10:09:33+00:00","mainEntityOfPage":{"@id":"https:\/\/www.altercampagne.net\/?p=3142"},"wordCount":93,"image":{"@id":"https:\/\/www.altercampagne.net\/?p=3142#primaryimage"},"thumbnailUrl":"http:\/\/www.altercampagne.net\/wp-content\/uploads\/2016\/04\/Rencontres-du-reseau-repas.jpg","keywords":["R\u00e9seau Repas","la Mijote","Savoie","rencontres du r\u00e9seau repas","rencontres du r\u00e9seau repas 2016","Rho\u0302ne-Alpes","Mijote"],"inLanguage":"fr-FR"},{"@type":"WebPage","@id":"https:\/\/www.altercampagne.net\/?p=3142","url":"https:\/\/www.altercampagne.net\/?p=3142","name":"Rencontres de printemps du R\u00e9seau REPAS les 3, 4 et 5 juin en Savoie - AlterTour","isPartOf":{"@id":"https:\/\/www.altercampagne.net\/#website"},"primaryImageOfPage":{"@id":"https:\/\/www.altercampagne.net\/?p=3142#primaryimage"},"image":{"@id":"https:\/\/www.altercampagne.net\/?p=3142#primaryimage"},"thumbnailUrl":"http:\/\/www.altercampagne.net\/wp-content\/uploads\/2016\/04\/Rencontres-du-reseau-repas.jpg","datePublished":"2016-04-01T14:18:35+00:00","dateModified":"2016-04-10T10:09:33+00:00","author":{"@id":"https:\/\/www.altercampagne.net\/#\/schema\/person\/0f261460c09e430caa0f9bcffa319109"},"breadcrumb":{"@id":"https:\/\/www.altercampagne.net\/?p=3142#breadcrumb"},"inLanguage":"fr-FR","potentialAction":[{"@type":"ReadAction","target":["https:\/\/www.altercampagne.net\/?p=3142"]}]},{"@type":"ImageObject","inLanguage":"fr-FR","@id":"https:\/\/www.altercampagne.net\/?p=3142#primaryimage","url":"http:\/\/www.altercampagne.net\/wp-content\/uploads\/2016\/04\/Rencontres-du-reseau-repas.jpg","contentUrl":"http:\/\/www.altercampagne.net\/wp-content\/uploads\/2016\/04\/Rencontres-du-reseau-repas.jpg"},{"@type":"BreadcrumbList","@id":"https:\/\/www.altercampagne.net\/?p=3142#breadcrumb","itemListElement":[{"@type":"ListItem","position":1,"name":"Accueil","item":"https:\/\/www.altercampagne.net\/"},{"@type":"ListItem","position":2,"name":"Rencontres de printemps du R\u00e9seau REPAS les 3, 4 et 5 juin en Savoie"}]},{"@type":"WebSite","@id":"https:\/\/www.altercampagne.net\/#website","url":"https:\/\/www.altercampagne.net\/","name":"AlterTour","description":"Reliez les Alternatives \u00e0 v\u00e9lo","potentialAction":[{"@type":"SearchAction","target":{"@type":"EntryPoint","urlTemplate":"https:\/\/www.altercampagne.net\/?s={search_term_string}"},"query-input":{"@type":"PropertyValueSpecification","valueRequired":true,"valueName":"search_term_string"}}],"inLanguage":"fr-FR"},{"@type":"Person","@id":"https:\/\/www.altercampagne.net\/#\/schema\/person\/0f261460c09e430caa0f9bcffa319109","name":"Mathieu","image":{"@type":"ImageObject","inLanguage":"fr-FR","@id":"https:\/\/secure.gravatar.com\/avatar\/aa9d3d24c83f2141e5e2709d0f63d09a99f6be6bb7a50abc4915838d9f54501a?s=96&d=mm&r=g","url":"https:\/\/secure.gravatar.com\/avatar\/aa9d3d24c83f2141e5e2709d0f63d09a99f6be6bb7a50abc4915838d9f54501a?s=96&d=mm&r=g","contentUrl":"https:\/\/secure.gravatar.com\/avatar\/aa9d3d24c83f2141e5e2709d0f63d09a99f6be6bb7a50abc4915838d9f54501a?s=96&d=mm&r=g","caption":"Mathieu"},"url":"https:\/\/www.altercampagne.net\/?author=214"}]}},"_links":{"self":[{"href":"https:\/\/www.altercampagne.net\/index.php?rest_route=\/wp\/v2\/posts\/3142","targetHints":{"allow":["GET"]}}],"collection":[{"href":"https:\/\/www.altercampagne.net\/index.php?rest_route=\/wp\/v2\/posts"}],"about":[{"href":"https:\/\/www.altercampagne.net\/index.php?rest_route=\/wp\/v2\/types\/post"}],"author":[{"embeddable":true,"href":"https:\/\/www.altercampagne.net\/index.php?rest_route=\/wp\/v2\/users\/214"}],"replies":[{"embeddable":true,"href":"https:\/\/www.altercampagne.net\/index.php?rest_route=%2Fwp%2Fv2%2Fcomments&post=3142"}],"version-history":[{"count":0,"href":"https:\/\/www.altercampagne.net\/index.php?rest_route=\/wp\/v2\/posts\/3142\/revisions"}],"wp:attachment":[{"href":"https:\/\/www.altercampagne.net\/index.php?rest_route=%2Fwp%2Fv2%2Fmedia&parent=3142"}],"wp:term":[{"taxonomy":"category","embeddable":true,"href":"https:\/\/www.altercampagne.net\/index.php?rest_route=%2Fwp%2Fv2%2Fcategories&post=3142"},{"taxonomy":"post_tag","embeddable":true,"href":"https:\/\/www.altercampagne.net\/index.php?rest_route=%2Fwp%2Fv2%2Ftags&post=3142"}],"curies":[{"name":"wp","href":"https:\/\/api.w.org\/{rel}","templated":true}]}}