{"id":3412,"date":"2013-12-03T17:36:00","date_gmt":"2013-12-03T16:36:00","guid":{"rendered":"http:\/\/www.altercampagne.net\/?p=3412"},"modified":"2020-02-24T16:48:26","modified_gmt":"2020-02-24T15:48:26","slug":"ecolieu-daccueil-et-danimations-pour-la-paix-cherches-jeunes-retraites","status":"publish","type":"post","link":"https:\/\/www.altercampagne.net\/?p=3412","title":{"rendered":"\u00c9coLieu d\u2019accueil et d\u2019animations pour la paix&#8230; cherches jeunes retrait\u00e9s"},"content":{"rendered":"<div style=\"width: 278px\" class=\"wp-caption alignright\"><img loading=\"lazy\" decoding=\"async\" class=\"\" src=\"http:\/\/altercampagne.free.fr\/pages\/2008\/AlterTour\/pic\/2009-08-07_08.07-Alexis-Robert.jpg\" alt=\"Alexis Robert\" width=\"268\" height=\"400\"><p class=\"wp-caption-text\">Alexis Robert, AlterTour 2009, cr\u00e9dit photo G de Crop<\/p><\/div>\n<p class=\"Style271 Style138 Style152\" align=\"justify\">L&rsquo;EcoLieu de la Guette en Broc\u00e9liande avait accueillit l&rsquo;AlterTour le 6 ao\u00fbt 2009. La revue Passerelle Eco relait leur annonce :<\/p>\n<p class=\"Style271 Style138 Style152\" align=\"justify\">Au sein de La Guette, Alexis a cr\u00e9\u00e9 un lieu pour promouvoir l\u2019\u00e9cologie pratique et faire na\u00eetre ou appuyer des initiatives concernant les alternatives tant mat\u00e9rielles (toilettes s\u00e8ches, autonomie \u00e9nerg\u00e9tique, \u00e9co-construction&#8230;) que spirituelles (\u00e9cologie profonde, chamanisme, g\u00e9obiologie&#8230;) et relationnelles (communication non-violente, coop\u00e9ration, intelligence collective).<\/p>\n<p class=\"Style271 Style138 Style152\" align=\"justify\">L\u2019association \u00ab\u00a0Ecologie Pratique\u00a0\u00bb, situ\u00e9e \u00e0 La Guette en Paimpont (35380), au coeur de la for\u00eat de Broc\u00e9liande, propose \u00e0 de jeunes retrait\u00e9-e-s de constituer une \u00e9quipe de b\u00e9n\u00e9voles pour entretenir et animer le lieu, d\u00e9di\u00e9 \u00e0 la paix, aux alternatives, \u00e0 la simplicit\u00e9 volontaire. Ils sont \u00e9galement en recherche de logements \u00e0 proximit\u00e9 pour l\u2019h\u00e9bergement de ces jeunes retrait\u00e9s participants.<br \/>\nPour tout contact : Alexis au 02 99 07 87 83<\/p>\n<p class=\"Style271 Style138 Style152\" align=\"justify\">La Guette est un lieu-dit au sein du village de Beauvais, en lisi\u00e8re de la for\u00eat de Broc\u00e9liande.<\/p>\n<p class=\"Style271 Style138 Style152\" align=\"justify\">Bien que les maisons de ce hameau soient \u00e9parpill\u00e9es, environ 250 habitants y vivent&nbsp;; soit deux fois plus grand que Tr\u00e9horenteuc et presque aussi grand que le bourg de Paimpont.<\/p>\n<p class=\"Style271 Style138 Style152\" align=\"justify\">Surtout r\u00e9sidentiel, on y trouve des retrait\u00e9s, des agriculteurs \/ \u00e9leveurs (une ch\u00e8vrerie, un boulanger, des \u00e9leveurs de moutons&#8230;), des RMIstes, des artistes, des artisans, des forestiers, des enfants, des chasseurs, des militaires, des \u00e9colos, des commer\u00e7ants.<\/p>\n<p class=\"Style271 Style138 Style152\" align=\"justify\">Beauvais abrite une station biologique, annexe de l\u2019Universit\u00e9 de Rennes, un centre \u00e9questre, une chapelle ferm\u00e9e et de multiples sources.<br \/>\nAu c\u0153ur de la for\u00eat mythique de Broc\u00e9liande, on peut y voir arriver des touristes, des randonneurs bien que le plus gros de la troupe se dirigent vers Tr\u00e9horenteuc et Paimpont.<br \/>\nRiche de lieux sacr\u00e9s comme l\u2019hosti\u00e9 de Viviane, le tombeau des g\u00e9ants et la croix celtique, des druides et autres initi\u00e9s viennent y c\u00e9l\u00e9brer leurs rituels [<a href=\"http:\/\/www.passerelleco.info\/article.php?id_article=1802\" target=\"_blank\" rel=\"noopener noreferrer\">lire la suite<\/a>]\n","protected":false},"excerpt":{"rendered":"<p>L&rsquo;EcoLieu de la Guette en Broc\u00e9liande avait accueillit l&rsquo;AlterTour le 6 ao\u00fbt 2009. La revue Passerelle Eco relait leur annonce : Au sein de La Guette, Alexis a cr\u00e9\u00e9 un lieu pour promouvoir l\u2019\u00e9cologie pratique et faire na\u00eetre ou appuyer des initiatives concernant les alternatives tant mat\u00e9rielles (toilettes s\u00e8ches, autonomie &#8230; <\/p>\n<div><a href=\"https:\/\/www.altercampagne.net\/?p=3412\" class=\"more-link\">Read More<\/a><\/div>\n","protected":false},"author":214,"featured_media":0,"comment_status":"closed","ping_status":"closed","sticky":false,"template":"","format":"standard","meta":{"footnotes":""},"categories":[3472,3485],"tags":[828,829,830,831,832,833,834],"class_list":["post-3412","post","type-post","status-publish","format-standard","hentry","category-bretagne","category-habitat","tag-ecolieu","tag-ecolieu-de-la-guette","tag-broceliande","tag-altertour-2009","tag-alexis-robert","tag-ecologie-pratique","tag-paimpont","no-post-thumbnail"],"yoast_head":"<!-- This site is optimized with the Yoast SEO plugin v27.3 - https:\/\/yoast.com\/product\/yoast-seo-wordpress\/ -->\n<title>\u00c9coLieu d\u2019accueil et d\u2019animations pour la paix... cherches jeunes retrait\u00e9s - AlterTour<\/title>\n<meta name=\"robots\" content=\"index, follow, max-snippet:-1, max-image-preview:large, max-video-preview:-1\" \/>\n<link rel=\"canonical\" href=\"https:\/\/www.altercampagne.net\/?p=3412\" \/>\n<meta property=\"og:locale\" content=\"fr_FR\" \/>\n<meta property=\"og:type\" content=\"article\" \/>\n<meta property=\"og:title\" content=\"\u00c9coLieu d\u2019accueil et d\u2019animations pour la paix... cherches jeunes retrait\u00e9s - AlterTour\" \/>\n<meta property=\"og:description\" content=\"L&rsquo;EcoLieu de la Guette en Broc\u00e9liande avait accueillit l&rsquo;AlterTour le 6 ao\u00fbt 2009. La revue Passerelle Eco relait leur annonce : Au sein de La Guette, Alexis a cr\u00e9\u00e9 un lieu pour promouvoir l\u2019\u00e9cologie pratique et faire na\u00eetre ou appuyer des initiatives concernant les alternatives tant mat\u00e9rielles (toilettes s\u00e8ches, autonomie ... Read More\" \/>\n<meta property=\"og:url\" content=\"https:\/\/www.altercampagne.net\/?p=3412\" \/>\n<meta property=\"og:site_name\" content=\"AlterTour\" \/>\n<meta property=\"article:published_time\" content=\"2013-12-03T16:36:00+00:00\" \/>\n<meta property=\"article:modified_time\" content=\"2020-02-24T15:48:26+00:00\" \/>\n<meta property=\"og:image\" content=\"http:\/\/altercampagne.free.fr\/pages\/2008\/AlterTour\/pic\/2009-08-07_08.07-Alexis-Robert.jpg\" \/>\n<meta name=\"author\" content=\"Mathieu\" \/>\n<meta name=\"twitter:card\" content=\"summary_large_image\" \/>\n<meta name=\"twitter:label1\" content=\"\u00c9crit par\" \/>\n\t<meta name=\"twitter:data1\" content=\"Mathieu\" \/>\n\t<meta name=\"twitter:label2\" content=\"Dur\u00e9e de lecture estim\u00e9e\" \/>\n\t<meta name=\"twitter:data2\" content=\"2 minutes\" \/>\n<script type=\"application\/ld+json\" class=\"yoast-schema-graph\">{\"@context\":\"https:\\\/\\\/schema.org\",\"@graph\":[{\"@type\":\"Article\",\"@id\":\"https:\\\/\\\/www.altercampagne.net\\\/?p=3412#article\",\"isPartOf\":{\"@id\":\"https:\\\/\\\/www.altercampagne.net\\\/?p=3412\"},\"author\":{\"name\":\"Mathieu\",\"@id\":\"https:\\\/\\\/www.altercampagne.net\\\/#\\\/schema\\\/person\\\/0f261460c09e430caa0f9bcffa319109\"},\"headline\":\"\u00c9coLieu d\u2019accueil et d\u2019animations pour la paix&#8230; cherches jeunes retrait\u00e9s\",\"datePublished\":\"2013-12-03T16:36:00+00:00\",\"dateModified\":\"2020-02-24T15:48:26+00:00\",\"mainEntityOfPage\":{\"@id\":\"https:\\\/\\\/www.altercampagne.net\\\/?p=3412\"},\"wordCount\":356,\"image\":{\"@id\":\"https:\\\/\\\/www.altercampagne.net\\\/?p=3412#primaryimage\"},\"thumbnailUrl\":\"http:\\\/\\\/altercampagne.free.fr\\\/pages\\\/2008\\\/AlterTour\\\/pic\\\/2009-08-07_08.07-Alexis-Robert.jpg\",\"keywords\":[\"EcoLieu\",\"EcoLieu de la Guette\",\"Broc\u00e9liande\",\"AlterTour 2009\",\"Alexis Robert\",\"Ecologie Pratique\",\"Paimpont\"],\"articleSection\":[\"Bretagne\",\"Habitat\"],\"inLanguage\":\"fr-FR\"},{\"@type\":\"WebPage\",\"@id\":\"https:\\\/\\\/www.altercampagne.net\\\/?p=3412\",\"url\":\"https:\\\/\\\/www.altercampagne.net\\\/?p=3412\",\"name\":\"\u00c9coLieu d\u2019accueil et d\u2019animations pour la paix... cherches jeunes retrait\u00e9s - AlterTour\",\"isPartOf\":{\"@id\":\"https:\\\/\\\/www.altercampagne.net\\\/#website\"},\"primaryImageOfPage\":{\"@id\":\"https:\\\/\\\/www.altercampagne.net\\\/?p=3412#primaryimage\"},\"image\":{\"@id\":\"https:\\\/\\\/www.altercampagne.net\\\/?p=3412#primaryimage\"},\"thumbnailUrl\":\"http:\\\/\\\/altercampagne.free.fr\\\/pages\\\/2008\\\/AlterTour\\\/pic\\\/2009-08-07_08.07-Alexis-Robert.jpg\",\"datePublished\":\"2013-12-03T16:36:00+00:00\",\"dateModified\":\"2020-02-24T15:48:26+00:00\",\"author\":{\"@id\":\"https:\\\/\\\/www.altercampagne.net\\\/#\\\/schema\\\/person\\\/0f261460c09e430caa0f9bcffa319109\"},\"breadcrumb\":{\"@id\":\"https:\\\/\\\/www.altercampagne.net\\\/?p=3412#breadcrumb\"},\"inLanguage\":\"fr-FR\",\"potentialAction\":[{\"@type\":\"ReadAction\",\"target\":[\"https:\\\/\\\/www.altercampagne.net\\\/?p=3412\"]}]},{\"@type\":\"ImageObject\",\"inLanguage\":\"fr-FR\",\"@id\":\"https:\\\/\\\/www.altercampagne.net\\\/?p=3412#primaryimage\",\"url\":\"http:\\\/\\\/altercampagne.free.fr\\\/pages\\\/2008\\\/AlterTour\\\/pic\\\/2009-08-07_08.07-Alexis-Robert.jpg\",\"contentUrl\":\"http:\\\/\\\/altercampagne.free.fr\\\/pages\\\/2008\\\/AlterTour\\\/pic\\\/2009-08-07_08.07-Alexis-Robert.jpg\"},{\"@type\":\"BreadcrumbList\",\"@id\":\"https:\\\/\\\/www.altercampagne.net\\\/?p=3412#breadcrumb\",\"itemListElement\":[{\"@type\":\"ListItem\",\"position\":1,\"name\":\"Accueil\",\"item\":\"https:\\\/\\\/www.altercampagne.net\\\/\"},{\"@type\":\"ListItem\",\"position\":2,\"name\":\"\u00c9coLieu d\u2019accueil et d\u2019animations pour la paix&#8230; cherches jeunes retrait\u00e9s\"}]},{\"@type\":\"WebSite\",\"@id\":\"https:\\\/\\\/www.altercampagne.net\\\/#website\",\"url\":\"https:\\\/\\\/www.altercampagne.net\\\/\",\"name\":\"AlterTour\",\"description\":\"Reliez les Alternatives \u00e0 v\u00e9lo\",\"potentialAction\":[{\"@type\":\"SearchAction\",\"target\":{\"@type\":\"EntryPoint\",\"urlTemplate\":\"https:\\\/\\\/www.altercampagne.net\\\/?s={search_term_string}\"},\"query-input\":{\"@type\":\"PropertyValueSpecification\",\"valueRequired\":true,\"valueName\":\"search_term_string\"}}],\"inLanguage\":\"fr-FR\"},{\"@type\":\"Person\",\"@id\":\"https:\\\/\\\/www.altercampagne.net\\\/#\\\/schema\\\/person\\\/0f261460c09e430caa0f9bcffa319109\",\"name\":\"Mathieu\",\"image\":{\"@type\":\"ImageObject\",\"inLanguage\":\"fr-FR\",\"@id\":\"https:\\\/\\\/secure.gravatar.com\\\/avatar\\\/aa9d3d24c83f2141e5e2709d0f63d09a99f6be6bb7a50abc4915838d9f54501a?s=96&d=mm&r=g\",\"url\":\"https:\\\/\\\/secure.gravatar.com\\\/avatar\\\/aa9d3d24c83f2141e5e2709d0f63d09a99f6be6bb7a50abc4915838d9f54501a?s=96&d=mm&r=g\",\"contentUrl\":\"https:\\\/\\\/secure.gravatar.com\\\/avatar\\\/aa9d3d24c83f2141e5e2709d0f63d09a99f6be6bb7a50abc4915838d9f54501a?s=96&d=mm&r=g\",\"caption\":\"Mathieu\"},\"url\":\"https:\\\/\\\/www.altercampagne.net\\\/?author=214\"}]}<\/script>\n<!-- \/ Yoast SEO plugin. -->","yoast_head_json":{"title":"\u00c9coLieu d\u2019accueil et d\u2019animations pour la paix... cherches jeunes retrait\u00e9s - AlterTour","robots":{"index":"index","follow":"follow","max-snippet":"max-snippet:-1","max-image-preview":"max-image-preview:large","max-video-preview":"max-video-preview:-1"},"canonical":"https:\/\/www.altercampagne.net\/?p=3412","og_locale":"fr_FR","og_type":"article","og_title":"\u00c9coLieu d\u2019accueil et d\u2019animations pour la paix... cherches jeunes retrait\u00e9s - AlterTour","og_description":"L&rsquo;EcoLieu de la Guette en Broc\u00e9liande avait accueillit l&rsquo;AlterTour le 6 ao\u00fbt 2009. La revue Passerelle Eco relait leur annonce : Au sein de La Guette, Alexis a cr\u00e9\u00e9 un lieu pour promouvoir l\u2019\u00e9cologie pratique et faire na\u00eetre ou appuyer des initiatives concernant les alternatives tant mat\u00e9rielles (toilettes s\u00e8ches, autonomie ... Read More","og_url":"https:\/\/www.altercampagne.net\/?p=3412","og_site_name":"AlterTour","article_published_time":"2013-12-03T16:36:00+00:00","article_modified_time":"2020-02-24T15:48:26+00:00","og_image":[{"url":"http:\/\/altercampagne.free.fr\/pages\/2008\/AlterTour\/pic\/2009-08-07_08.07-Alexis-Robert.jpg","type":"","width":"","height":""}],"author":"Mathieu","twitter_card":"summary_large_image","twitter_misc":{"\u00c9crit par":"Mathieu","Dur\u00e9e de lecture estim\u00e9e":"2 minutes"},"schema":{"@context":"https:\/\/schema.org","@graph":[{"@type":"Article","@id":"https:\/\/www.altercampagne.net\/?p=3412#article","isPartOf":{"@id":"https:\/\/www.altercampagne.net\/?p=3412"},"author":{"name":"Mathieu","@id":"https:\/\/www.altercampagne.net\/#\/schema\/person\/0f261460c09e430caa0f9bcffa319109"},"headline":"\u00c9coLieu d\u2019accueil et d\u2019animations pour la paix&#8230; cherches jeunes retrait\u00e9s","datePublished":"2013-12-03T16:36:00+00:00","dateModified":"2020-02-24T15:48:26+00:00","mainEntityOfPage":{"@id":"https:\/\/www.altercampagne.net\/?p=3412"},"wordCount":356,"image":{"@id":"https:\/\/www.altercampagne.net\/?p=3412#primaryimage"},"thumbnailUrl":"http:\/\/altercampagne.free.fr\/pages\/2008\/AlterTour\/pic\/2009-08-07_08.07-Alexis-Robert.jpg","keywords":["EcoLieu","EcoLieu de la Guette","Broc\u00e9liande","AlterTour 2009","Alexis Robert","Ecologie Pratique","Paimpont"],"articleSection":["Bretagne","Habitat"],"inLanguage":"fr-FR"},{"@type":"WebPage","@id":"https:\/\/www.altercampagne.net\/?p=3412","url":"https:\/\/www.altercampagne.net\/?p=3412","name":"\u00c9coLieu d\u2019accueil et d\u2019animations pour la paix... cherches jeunes retrait\u00e9s - AlterTour","isPartOf":{"@id":"https:\/\/www.altercampagne.net\/#website"},"primaryImageOfPage":{"@id":"https:\/\/www.altercampagne.net\/?p=3412#primaryimage"},"image":{"@id":"https:\/\/www.altercampagne.net\/?p=3412#primaryimage"},"thumbnailUrl":"http:\/\/altercampagne.free.fr\/pages\/2008\/AlterTour\/pic\/2009-08-07_08.07-Alexis-Robert.jpg","datePublished":"2013-12-03T16:36:00+00:00","dateModified":"2020-02-24T15:48:26+00:00","author":{"@id":"https:\/\/www.altercampagne.net\/#\/schema\/person\/0f261460c09e430caa0f9bcffa319109"},"breadcrumb":{"@id":"https:\/\/www.altercampagne.net\/?p=3412#breadcrumb"},"inLanguage":"fr-FR","potentialAction":[{"@type":"ReadAction","target":["https:\/\/www.altercampagne.net\/?p=3412"]}]},{"@type":"ImageObject","inLanguage":"fr-FR","@id":"https:\/\/www.altercampagne.net\/?p=3412#primaryimage","url":"http:\/\/altercampagne.free.fr\/pages\/2008\/AlterTour\/pic\/2009-08-07_08.07-Alexis-Robert.jpg","contentUrl":"http:\/\/altercampagne.free.fr\/pages\/2008\/AlterTour\/pic\/2009-08-07_08.07-Alexis-Robert.jpg"},{"@type":"BreadcrumbList","@id":"https:\/\/www.altercampagne.net\/?p=3412#breadcrumb","itemListElement":[{"@type":"ListItem","position":1,"name":"Accueil","item":"https:\/\/www.altercampagne.net\/"},{"@type":"ListItem","position":2,"name":"\u00c9coLieu d\u2019accueil et d\u2019animations pour la paix&#8230; cherches jeunes retrait\u00e9s"}]},{"@type":"WebSite","@id":"https:\/\/www.altercampagne.net\/#website","url":"https:\/\/www.altercampagne.net\/","name":"AlterTour","description":"Reliez les Alternatives \u00e0 v\u00e9lo","potentialAction":[{"@type":"SearchAction","target":{"@type":"EntryPoint","urlTemplate":"https:\/\/www.altercampagne.net\/?s={search_term_string}"},"query-input":{"@type":"PropertyValueSpecification","valueRequired":true,"valueName":"search_term_string"}}],"inLanguage":"fr-FR"},{"@type":"Person","@id":"https:\/\/www.altercampagne.net\/#\/schema\/person\/0f261460c09e430caa0f9bcffa319109","name":"Mathieu","image":{"@type":"ImageObject","inLanguage":"fr-FR","@id":"https:\/\/secure.gravatar.com\/avatar\/aa9d3d24c83f2141e5e2709d0f63d09a99f6be6bb7a50abc4915838d9f54501a?s=96&d=mm&r=g","url":"https:\/\/secure.gravatar.com\/avatar\/aa9d3d24c83f2141e5e2709d0f63d09a99f6be6bb7a50abc4915838d9f54501a?s=96&d=mm&r=g","contentUrl":"https:\/\/secure.gravatar.com\/avatar\/aa9d3d24c83f2141e5e2709d0f63d09a99f6be6bb7a50abc4915838d9f54501a?s=96&d=mm&r=g","caption":"Mathieu"},"url":"https:\/\/www.altercampagne.net\/?author=214"}]}},"_links":{"self":[{"href":"https:\/\/www.altercampagne.net\/index.php?rest_route=\/wp\/v2\/posts\/3412","targetHints":{"allow":["GET"]}}],"collection":[{"href":"https:\/\/www.altercampagne.net\/index.php?rest_route=\/wp\/v2\/posts"}],"about":[{"href":"https:\/\/www.altercampagne.net\/index.php?rest_route=\/wp\/v2\/types\/post"}],"author":[{"embeddable":true,"href":"https:\/\/www.altercampagne.net\/index.php?rest_route=\/wp\/v2\/users\/214"}],"replies":[{"embeddable":true,"href":"https:\/\/www.altercampagne.net\/index.php?rest_route=%2Fwp%2Fv2%2Fcomments&post=3412"}],"version-history":[{"count":1,"href":"https:\/\/www.altercampagne.net\/index.php?rest_route=\/wp\/v2\/posts\/3412\/revisions"}],"predecessor-version":[{"id":17392,"href":"https:\/\/www.altercampagne.net\/index.php?rest_route=\/wp\/v2\/posts\/3412\/revisions\/17392"}],"wp:attachment":[{"href":"https:\/\/www.altercampagne.net\/index.php?rest_route=%2Fwp%2Fv2%2Fmedia&parent=3412"}],"wp:term":[{"taxonomy":"category","embeddable":true,"href":"https:\/\/www.altercampagne.net\/index.php?rest_route=%2Fwp%2Fv2%2Fcategories&post=3412"},{"taxonomy":"post_tag","embeddable":true,"href":"https:\/\/www.altercampagne.net\/index.php?rest_route=%2Fwp%2Fv2%2Ftags&post=3412"}],"curies":[{"name":"wp","href":"https:\/\/api.w.org\/{rel}","templated":true}]}}