{"id":3419,"date":"2013-12-01T17:00:31","date_gmt":"2013-12-01T16:00:31","guid":{"rendered":"http:\/\/www.altercampagne.net\/?p=3419"},"modified":"2016-04-05T17:48:15","modified_gmt":"2016-04-05T15:48:15","slug":"gilles-perret-sera-a-besancon-le-6-decembre","status":"publish","type":"post","link":"https:\/\/www.altercampagne.net\/?p=3419","title":{"rendered":"Gilles Perret sera \u00e0 Besan\u00e7on le 6 d\u00e9cembre"},"content":{"rendered":"<p class=\"Style271 Style138 Style152\" align=\"justify\">Le CAC (Collectif pour des Alternatives au Capitalisme), AC ! (Agir ensemble contre le Ch\u00f4mage), l&rsquo;Association \u00ab\u00a0A la Rencontre de Germaine Tillon\u00a0\u00bb et l&rsquo;Union Syndicale Solidaires organisent une projection du film \u00ab\u00a0Les Jours Heureux\u00a0\u00bb au cin\u00e9ma Victor Hugo \u00e0 Besan\u00e7on le 6 d\u00e9cembre.<\/p>\n<p class=\"Style271 Style138 Style152\" align=\"justify\">Gilles Perret sera pr\u00e9sent pour d\u00e9battre \u00e0 la suite de la projection<\/p>\n<p class=\"Style271 Style138 Style152\" align=\"justify\">Entre mai 1943 et mars 1944, sur le territoire fran\u00e7ais encore occup\u00e9, seize hommes appartenant \u00e0 tous les partis politiques, tous les syndicats et tous les mouvements de r\u00e9sistance vont changer durablement le visage de la France.<\/p>\n<p class=\"Style271 Style138 Style152\" align=\"justify\">Ils vont r\u00e9diger le programme du Conseil National de la R\u00e9sistance intitul\u00e9 magnifiquement : \u00ab Les jours heureux \u00bb.<\/p>\n<p class=\"Style271 Style138 Style152\" align=\"justify\">Ce programme est encore au c\u0153ur du syst\u00e8me social fran\u00e7ais puisqu\u2019il a donn\u00e9 naissance \u00e0 la s\u00e9curit\u00e9 sociale, aux retraites par r\u00e9partition, aux comit\u00e9s d\u2019entreprises, etc.<\/p>\n<p class=\"Style271 Style138 Style152\" align=\"justify\">Plus d&rsquo;infos sur : <a href=\"http:\/\/lesjoursheureux.net\/\" target=\"_blank\">http:\/\/lesjoursheureux.net\/<\/a><\/p>\n<p><iframe loading=\"lazy\" src=\"\/\/www.dailymotion.com\/embed\/video\/x14nju7\" width=\"480\" height=\"270\" frameborder=\"0\" allowfullscreen=\"allowfullscreen\"><\/iframe><br \/>\n<a href=\"http:\/\/www.dailymotion.com\/video\/x14nju7_ba-les-jours-heureux-gilles-perret_news\" target=\"_blank\">BA \u00ab\u00a0Les Jours Heureux\u00a0\u00bb Gilles Perret<\/a> <i>par <a href=\"http:\/\/www.dailymotion.com\/leimal74\" target=\"_blank\">leimal74<\/a><\/i><\/p>\n","protected":false},"excerpt":{"rendered":"<p>Le CAC (Collectif pour des Alternatives au Capitalisme), AC ! (Agir ensemble contre le Ch\u00f4mage), l&rsquo;Association \u00ab\u00a0A la Rencontre de Germaine Tillon\u00a0\u00bb et l&rsquo;Union Syndicale Solidaires organisent une projection du film \u00ab\u00a0Les Jours Heureux\u00a0\u00bb au cin\u00e9ma Victor Hugo \u00e0 Besan\u00e7on le 6 d\u00e9cembre. Gilles Perret sera pr\u00e9sent pour d\u00e9battre \u00e0 &#8230; <\/p>\n<div><a href=\"https:\/\/www.altercampagne.net\/?p=3419\" class=\"more-link\">Read More<\/a><\/div>\n","protected":false},"author":214,"featured_media":0,"comment_status":"closed","ping_status":"closed","sticky":false,"template":"","format":"standard","meta":{"footnotes":""},"categories":[1],"tags":[658,838,839,840,841,842,843],"class_list":["post-3419","post","type-post","status-publish","format-standard","hentry","category-non-classe","tag-besancon","tag-gilles-perret","tag-collectif-pour-des-alternatives-au-capitalisme","tag-agir-ensemble-contre-le-chomage","tag-a-la-rencontre-de-germaine-tillon","tag-les-jours-heureux","tag-programme-du-conseil-national-de-la-resistance","no-post-thumbnail"],"yoast_head":"<!-- This site is optimized with the Yoast SEO plugin v27.3 - https:\/\/yoast.com\/product\/yoast-seo-wordpress\/ -->\n<title>Gilles Perret sera \u00e0 Besan\u00e7on le 6 d\u00e9cembre - AlterTour<\/title>\n<meta name=\"robots\" content=\"index, follow, max-snippet:-1, max-image-preview:large, max-video-preview:-1\" \/>\n<link rel=\"canonical\" href=\"https:\/\/www.altercampagne.net\/?p=3419\" \/>\n<meta property=\"og:locale\" content=\"fr_FR\" \/>\n<meta property=\"og:type\" content=\"article\" \/>\n<meta property=\"og:title\" content=\"Gilles Perret sera \u00e0 Besan\u00e7on le 6 d\u00e9cembre - AlterTour\" \/>\n<meta property=\"og:description\" content=\"Le CAC (Collectif pour des Alternatives au Capitalisme), AC ! (Agir ensemble contre le Ch\u00f4mage), l&rsquo;Association \u00ab\u00a0A la Rencontre de Germaine Tillon\u00a0\u00bb et l&rsquo;Union Syndicale Solidaires organisent une projection du film \u00ab\u00a0Les Jours Heureux\u00a0\u00bb au cin\u00e9ma Victor Hugo \u00e0 Besan\u00e7on le 6 d\u00e9cembre. Gilles Perret sera pr\u00e9sent pour d\u00e9battre \u00e0 ... Read More\" \/>\n<meta property=\"og:url\" content=\"https:\/\/www.altercampagne.net\/?p=3419\" \/>\n<meta property=\"og:site_name\" content=\"AlterTour\" \/>\n<meta property=\"article:published_time\" content=\"2013-12-01T16:00:31+00:00\" \/>\n<meta property=\"article:modified_time\" content=\"2016-04-05T15:48:15+00:00\" \/>\n<meta name=\"author\" content=\"Mathieu\" \/>\n<meta name=\"twitter:card\" content=\"summary_large_image\" \/>\n<meta name=\"twitter:label1\" content=\"\u00c9crit par\" \/>\n\t<meta name=\"twitter:data1\" content=\"Mathieu\" \/>\n\t<meta name=\"twitter:label2\" content=\"Dur\u00e9e de lecture estim\u00e9e\" \/>\n\t<meta name=\"twitter:data2\" content=\"1 minute\" \/>\n<script type=\"application\/ld+json\" class=\"yoast-schema-graph\">{\"@context\":\"https:\\\/\\\/schema.org\",\"@graph\":[{\"@type\":\"Article\",\"@id\":\"https:\\\/\\\/www.altercampagne.net\\\/?p=3419#article\",\"isPartOf\":{\"@id\":\"https:\\\/\\\/www.altercampagne.net\\\/?p=3419\"},\"author\":{\"name\":\"Mathieu\",\"@id\":\"https:\\\/\\\/www.altercampagne.net\\\/#\\\/schema\\\/person\\\/0f261460c09e430caa0f9bcffa319109\"},\"headline\":\"Gilles Perret sera \u00e0 Besan\u00e7on le 6 d\u00e9cembre\",\"datePublished\":\"2013-12-01T16:00:31+00:00\",\"dateModified\":\"2016-04-05T15:48:15+00:00\",\"mainEntityOfPage\":{\"@id\":\"https:\\\/\\\/www.altercampagne.net\\\/?p=3419\"},\"wordCount\":169,\"keywords\":[\"Besan\u00e7on\",\"Gilles Perret\",\"Collectif pour des Alternatives au Capitalisme\",\"Agir ensemble contre le Ch\u00f4mage\",\"A la Rencontre de Germaine Tillon\",\"Les Jours Heureux\",\"programme du Conseil National de la R\u00e9sistance\"],\"inLanguage\":\"fr-FR\"},{\"@type\":\"WebPage\",\"@id\":\"https:\\\/\\\/www.altercampagne.net\\\/?p=3419\",\"url\":\"https:\\\/\\\/www.altercampagne.net\\\/?p=3419\",\"name\":\"Gilles Perret sera \u00e0 Besan\u00e7on le 6 d\u00e9cembre - AlterTour\",\"isPartOf\":{\"@id\":\"https:\\\/\\\/www.altercampagne.net\\\/#website\"},\"datePublished\":\"2013-12-01T16:00:31+00:00\",\"dateModified\":\"2016-04-05T15:48:15+00:00\",\"author\":{\"@id\":\"https:\\\/\\\/www.altercampagne.net\\\/#\\\/schema\\\/person\\\/0f261460c09e430caa0f9bcffa319109\"},\"breadcrumb\":{\"@id\":\"https:\\\/\\\/www.altercampagne.net\\\/?p=3419#breadcrumb\"},\"inLanguage\":\"fr-FR\",\"potentialAction\":[{\"@type\":\"ReadAction\",\"target\":[\"https:\\\/\\\/www.altercampagne.net\\\/?p=3419\"]}]},{\"@type\":\"BreadcrumbList\",\"@id\":\"https:\\\/\\\/www.altercampagne.net\\\/?p=3419#breadcrumb\",\"itemListElement\":[{\"@type\":\"ListItem\",\"position\":1,\"name\":\"Accueil\",\"item\":\"https:\\\/\\\/www.altercampagne.net\\\/\"},{\"@type\":\"ListItem\",\"position\":2,\"name\":\"Gilles Perret sera \u00e0 Besan\u00e7on le 6 d\u00e9cembre\"}]},{\"@type\":\"WebSite\",\"@id\":\"https:\\\/\\\/www.altercampagne.net\\\/#website\",\"url\":\"https:\\\/\\\/www.altercampagne.net\\\/\",\"name\":\"AlterTour\",\"description\":\"Reliez les Alternatives \u00e0 v\u00e9lo\",\"potentialAction\":[{\"@type\":\"SearchAction\",\"target\":{\"@type\":\"EntryPoint\",\"urlTemplate\":\"https:\\\/\\\/www.altercampagne.net\\\/?s={search_term_string}\"},\"query-input\":{\"@type\":\"PropertyValueSpecification\",\"valueRequired\":true,\"valueName\":\"search_term_string\"}}],\"inLanguage\":\"fr-FR\"},{\"@type\":\"Person\",\"@id\":\"https:\\\/\\\/www.altercampagne.net\\\/#\\\/schema\\\/person\\\/0f261460c09e430caa0f9bcffa319109\",\"name\":\"Mathieu\",\"image\":{\"@type\":\"ImageObject\",\"inLanguage\":\"fr-FR\",\"@id\":\"https:\\\/\\\/secure.gravatar.com\\\/avatar\\\/aa9d3d24c83f2141e5e2709d0f63d09a99f6be6bb7a50abc4915838d9f54501a?s=96&d=mm&r=g\",\"url\":\"https:\\\/\\\/secure.gravatar.com\\\/avatar\\\/aa9d3d24c83f2141e5e2709d0f63d09a99f6be6bb7a50abc4915838d9f54501a?s=96&d=mm&r=g\",\"contentUrl\":\"https:\\\/\\\/secure.gravatar.com\\\/avatar\\\/aa9d3d24c83f2141e5e2709d0f63d09a99f6be6bb7a50abc4915838d9f54501a?s=96&d=mm&r=g\",\"caption\":\"Mathieu\"},\"url\":\"https:\\\/\\\/www.altercampagne.net\\\/?author=214\"}]}<\/script>\n<!-- \/ Yoast SEO plugin. -->","yoast_head_json":{"title":"Gilles Perret sera \u00e0 Besan\u00e7on le 6 d\u00e9cembre - AlterTour","robots":{"index":"index","follow":"follow","max-snippet":"max-snippet:-1","max-image-preview":"max-image-preview:large","max-video-preview":"max-video-preview:-1"},"canonical":"https:\/\/www.altercampagne.net\/?p=3419","og_locale":"fr_FR","og_type":"article","og_title":"Gilles Perret sera \u00e0 Besan\u00e7on le 6 d\u00e9cembre - AlterTour","og_description":"Le CAC (Collectif pour des Alternatives au Capitalisme), AC ! (Agir ensemble contre le Ch\u00f4mage), l&rsquo;Association \u00ab\u00a0A la Rencontre de Germaine Tillon\u00a0\u00bb et l&rsquo;Union Syndicale Solidaires organisent une projection du film \u00ab\u00a0Les Jours Heureux\u00a0\u00bb au cin\u00e9ma Victor Hugo \u00e0 Besan\u00e7on le 6 d\u00e9cembre. Gilles Perret sera pr\u00e9sent pour d\u00e9battre \u00e0 ... Read More","og_url":"https:\/\/www.altercampagne.net\/?p=3419","og_site_name":"AlterTour","article_published_time":"2013-12-01T16:00:31+00:00","article_modified_time":"2016-04-05T15:48:15+00:00","author":"Mathieu","twitter_card":"summary_large_image","twitter_misc":{"\u00c9crit par":"Mathieu","Dur\u00e9e de lecture estim\u00e9e":"1 minute"},"schema":{"@context":"https:\/\/schema.org","@graph":[{"@type":"Article","@id":"https:\/\/www.altercampagne.net\/?p=3419#article","isPartOf":{"@id":"https:\/\/www.altercampagne.net\/?p=3419"},"author":{"name":"Mathieu","@id":"https:\/\/www.altercampagne.net\/#\/schema\/person\/0f261460c09e430caa0f9bcffa319109"},"headline":"Gilles Perret sera \u00e0 Besan\u00e7on le 6 d\u00e9cembre","datePublished":"2013-12-01T16:00:31+00:00","dateModified":"2016-04-05T15:48:15+00:00","mainEntityOfPage":{"@id":"https:\/\/www.altercampagne.net\/?p=3419"},"wordCount":169,"keywords":["Besan\u00e7on","Gilles Perret","Collectif pour des Alternatives au Capitalisme","Agir ensemble contre le Ch\u00f4mage","A la Rencontre de Germaine Tillon","Les Jours Heureux","programme du Conseil National de la R\u00e9sistance"],"inLanguage":"fr-FR"},{"@type":"WebPage","@id":"https:\/\/www.altercampagne.net\/?p=3419","url":"https:\/\/www.altercampagne.net\/?p=3419","name":"Gilles Perret sera \u00e0 Besan\u00e7on le 6 d\u00e9cembre - AlterTour","isPartOf":{"@id":"https:\/\/www.altercampagne.net\/#website"},"datePublished":"2013-12-01T16:00:31+00:00","dateModified":"2016-04-05T15:48:15+00:00","author":{"@id":"https:\/\/www.altercampagne.net\/#\/schema\/person\/0f261460c09e430caa0f9bcffa319109"},"breadcrumb":{"@id":"https:\/\/www.altercampagne.net\/?p=3419#breadcrumb"},"inLanguage":"fr-FR","potentialAction":[{"@type":"ReadAction","target":["https:\/\/www.altercampagne.net\/?p=3419"]}]},{"@type":"BreadcrumbList","@id":"https:\/\/www.altercampagne.net\/?p=3419#breadcrumb","itemListElement":[{"@type":"ListItem","position":1,"name":"Accueil","item":"https:\/\/www.altercampagne.net\/"},{"@type":"ListItem","position":2,"name":"Gilles Perret sera \u00e0 Besan\u00e7on le 6 d\u00e9cembre"}]},{"@type":"WebSite","@id":"https:\/\/www.altercampagne.net\/#website","url":"https:\/\/www.altercampagne.net\/","name":"AlterTour","description":"Reliez les Alternatives \u00e0 v\u00e9lo","potentialAction":[{"@type":"SearchAction","target":{"@type":"EntryPoint","urlTemplate":"https:\/\/www.altercampagne.net\/?s={search_term_string}"},"query-input":{"@type":"PropertyValueSpecification","valueRequired":true,"valueName":"search_term_string"}}],"inLanguage":"fr-FR"},{"@type":"Person","@id":"https:\/\/www.altercampagne.net\/#\/schema\/person\/0f261460c09e430caa0f9bcffa319109","name":"Mathieu","image":{"@type":"ImageObject","inLanguage":"fr-FR","@id":"https:\/\/secure.gravatar.com\/avatar\/aa9d3d24c83f2141e5e2709d0f63d09a99f6be6bb7a50abc4915838d9f54501a?s=96&d=mm&r=g","url":"https:\/\/secure.gravatar.com\/avatar\/aa9d3d24c83f2141e5e2709d0f63d09a99f6be6bb7a50abc4915838d9f54501a?s=96&d=mm&r=g","contentUrl":"https:\/\/secure.gravatar.com\/avatar\/aa9d3d24c83f2141e5e2709d0f63d09a99f6be6bb7a50abc4915838d9f54501a?s=96&d=mm&r=g","caption":"Mathieu"},"url":"https:\/\/www.altercampagne.net\/?author=214"}]}},"_links":{"self":[{"href":"https:\/\/www.altercampagne.net\/index.php?rest_route=\/wp\/v2\/posts\/3419","targetHints":{"allow":["GET"]}}],"collection":[{"href":"https:\/\/www.altercampagne.net\/index.php?rest_route=\/wp\/v2\/posts"}],"about":[{"href":"https:\/\/www.altercampagne.net\/index.php?rest_route=\/wp\/v2\/types\/post"}],"author":[{"embeddable":true,"href":"https:\/\/www.altercampagne.net\/index.php?rest_route=\/wp\/v2\/users\/214"}],"replies":[{"embeddable":true,"href":"https:\/\/www.altercampagne.net\/index.php?rest_route=%2Fwp%2Fv2%2Fcomments&post=3419"}],"version-history":[{"count":0,"href":"https:\/\/www.altercampagne.net\/index.php?rest_route=\/wp\/v2\/posts\/3419\/revisions"}],"wp:attachment":[{"href":"https:\/\/www.altercampagne.net\/index.php?rest_route=%2Fwp%2Fv2%2Fmedia&parent=3419"}],"wp:term":[{"taxonomy":"category","embeddable":true,"href":"https:\/\/www.altercampagne.net\/index.php?rest_route=%2Fwp%2Fv2%2Fcategories&post=3419"},{"taxonomy":"post_tag","embeddable":true,"href":"https:\/\/www.altercampagne.net\/index.php?rest_route=%2Fwp%2Fv2%2Ftags&post=3419"}],"curies":[{"name":"wp","href":"https:\/\/api.w.org\/{rel}","templated":true}]}}