{"id":3425,"date":"2013-11-22T17:57:33","date_gmt":"2013-11-22T16:57:33","guid":{"rendered":"http:\/\/www.altercampagne.net\/?p=3425"},"modified":"2020-02-24T16:49:33","modified_gmt":"2020-02-24T15:49:33","slug":"assemblee-generale-daltercampagne","status":"publish","type":"post","link":"https:\/\/www.altercampagne.net\/?p=3425","title":{"rendered":"Assembl\u00e9e G\u00e9n\u00e9rale d&rsquo;Altercampagne"},"content":{"rendered":"<p class=\"Style271 Style138 Style152\" align=\"justify\"><img loading=\"lazy\" decoding=\"async\" class=\" alignright\" src=\"http:\/\/altercampagne.free.fr\/pages\/2008\/AlterTour\/pic\/AT2012-12-15_10.jpg\" alt=\"AG d'Altercampagne\" width=\"480\" height=\"323\">L&rsquo;assembl\u00e9e g\u00e9n\u00e9rale d&rsquo;AlterCampagne aura lieu samedi 7 d\u00e9cembre de 11h \u00e0 18h aux <a href=\"http:\/\/www.marmitesvolantes.com\/\" target=\"_blank\" rel=\"noopener noreferrer\">Marmites Volantes<\/a> &#8211; <a href=\"https:\/\/maps.google.fr\/maps?q=69+Rue+Armand+Carrel+75019+Paris&amp;ie=UTF8&amp;ll=48.882159,2.372146&amp;spn=0.012756,0.01929&amp;hnear=69+Rue+Armand+Carrel,+75019+Paris,+%C3%8Ele-de-France&amp;gl=fr&amp;t=m&amp;z=16&amp;iwloc=lyrftr:m,0x47e66ddaa2d3f773:0x5ceadda42982a14b,48.885122,2.379355\" target=\"_blank\" rel=\"noopener noreferrer\">69 rue Armand Carrel \u00e0 Paris<\/a>.<\/p>\n<p class=\"Style271 Style138 Style152\" align=\"justify\">AlterCampagne est l&rsquo;association qui organise l&rsquo;AlterTour.<\/p>\n<p class=\"Style271 Style138 Style152\" align=\"justify\">Vous \u00eates cordialement invit\u00e9s \u00e0 cet \u00e9v\u00e9nement majeur et structurant de la vie de notre association.<\/p>\n<p class=\"Style271 Style138 Style152\" align=\"justify\">Vous avez la possibilit\u00e9 de nous rejoindre samedi matin et toute la journ\u00e9e de dimanche pour participer aux \u00e9changes sur la r\u00e9alisation de l&rsquo;AlterTour 2014.<\/p>\n<p class=\"Style271 Style138 Style152\" align=\"justify\">Samedi de 9h00 \u00e0 11h00 : Rencontre pl\u00e9ni\u00e8re de pr\u00e9paration de l&rsquo;AlterTour 2014<\/p>\n<p class=\"Style271 Style138 Style152\" align=\"justify\"><strong><small>Ordre du jour<\/small><\/strong><\/p>\n<p class=\"Style271 Style138 Style152\" align=\"justify\">11h00 &#8211; 12h00 : Ouverture de l&rsquo;AG avec l&rsquo;intervention du <a href=\"http:\/\/voe95.fr\/cptg\/\" target=\"_blank\" rel=\"noopener noreferrer\">Collectif de D\u00e9fense du Triangle de Gonesse<\/a><\/p>\n<p class=\"Style271 Style138 Style152\" align=\"justify\">12h00 &#8211; 14h00 : Repas partag\u00e9 (chaque participant apporte quelque chose, plat et\/ou boisson, pour contribuer au buffet collectif)<\/p>\n<p class=\"Style271 Style138 Style152\" align=\"justify\">14h00 &#8211; 18h30 : Pr\u00e9sentation et validation du rapport moral 2013<\/p>\n<p class=\"Style271 Style138 Style152\" align=\"justify\">Rapport moral : bilan d&rsquo;activit\u00e9, d&rsquo;organisation, des accueillants.<\/p>\n<p class=\"Style271 Style138 Style152\" align=\"justify\">Pr\u00e9sentation et validation du rapport financier 2013<\/p>\n<p class=\"Style271 Style138 Style152\" align=\"justify\">Proposition de modification statutaire :<br \/>\n&#8211; Article 5, remplacer la phrase \u201cDans la mesure du possible, les d\u00e9cisions sont prises au consensus des membres du Coll\u00e8ge.\u201d par : \u201cLes d\u00e9cisions sont prises au consensus des membres du Coll\u00e8ge.\u201d<\/p>\n<p class=\"Style271 Style138 Style152\" align=\"justify\">&#8211; A la fin de l\u2019article 5 : ajouter la phrase \u201cLe coordinateur salari\u00e9 de l\u2019association ne peut \u00eatre \u00e9lu au coll\u00e8ge solidaire. Il est invit\u00e9 permanent au coll\u00e8ge solidaire en tant que repr\u00e9sentant du personnel et peut \u00eatre consult\u00e9.\u201d<\/p>\n<p class=\"Style271 Style138 Style152\" align=\"justify\">\u00c9lection du Coll\u00e8ge Solidaire.<\/p>\n<p class=\"Style271 Style138 Style152\" align=\"justify\">A partir de 18h30 : Cl\u00f4ture de l&rsquo;AG, soir\u00e9e commune et militante possible<\/p>\n<p class=\"Style271 Style138 Style152\" align=\"justify\">Dimanche de 9h \u00e0 16h30 : R\u00e9union pl\u00e9ni\u00e8re de pr\u00e9paration AlterTour 2014&nbsp; (toujours aux marmites volantes)<\/p>\n<p class=\"Style271 Style138 Style152\" align=\"justify\">\n","protected":false},"excerpt":{"rendered":"<p>L&rsquo;assembl\u00e9e g\u00e9n\u00e9rale d&rsquo;AlterCampagne aura lieu samedi 7 d\u00e9cembre de 11h \u00e0 18h aux Marmites Volantes &#8211; 69 rue Armand Carrel \u00e0 Paris. AlterCampagne est l&rsquo;association qui organise l&rsquo;AlterTour. Vous \u00eates cordialement invit\u00e9s \u00e0 cet \u00e9v\u00e9nement majeur et structurant de la vie de notre association. Vous avez la possibilit\u00e9 de nous &#8230; <\/p>\n<div><a href=\"https:\/\/www.altercampagne.net\/?p=3425\" class=\"more-link\">Read More<\/a><\/div>\n","protected":false},"author":214,"featured_media":0,"comment_status":"closed","ping_status":"closed","sticky":false,"template":"","format":"standard","meta":{"footnotes":""},"categories":[3539],"tags":[36,67,847,848,849],"class_list":["post-3425","post","type-post","status-publish","format-standard","hentry","category-we-de-preparation","tag-college-solidaire","tag-marmites-volantes","tag-ag-altercampagne","tag-rapport-moral-2013","tag-rapport-financier-2013","no-post-thumbnail"],"yoast_head":"<!-- This site is optimized with the Yoast SEO plugin v27.3 - https:\/\/yoast.com\/product\/yoast-seo-wordpress\/ -->\n<title>Assembl\u00e9e G\u00e9n\u00e9rale d&#039;Altercampagne - AlterTour<\/title>\n<meta name=\"robots\" content=\"index, follow, max-snippet:-1, max-image-preview:large, max-video-preview:-1\" \/>\n<link rel=\"canonical\" href=\"https:\/\/www.altercampagne.net\/?p=3425\" \/>\n<meta property=\"og:locale\" content=\"fr_FR\" \/>\n<meta property=\"og:type\" content=\"article\" \/>\n<meta property=\"og:title\" content=\"Assembl\u00e9e G\u00e9n\u00e9rale d&#039;Altercampagne - AlterTour\" \/>\n<meta property=\"og:description\" content=\"L&rsquo;assembl\u00e9e g\u00e9n\u00e9rale d&rsquo;AlterCampagne aura lieu samedi 7 d\u00e9cembre de 11h \u00e0 18h aux Marmites Volantes &#8211; 69 rue Armand Carrel \u00e0 Paris. AlterCampagne est l&rsquo;association qui organise l&rsquo;AlterTour. Vous \u00eates cordialement invit\u00e9s \u00e0 cet \u00e9v\u00e9nement majeur et structurant de la vie de notre association. Vous avez la possibilit\u00e9 de nous ... Read More\" \/>\n<meta property=\"og:url\" content=\"https:\/\/www.altercampagne.net\/?p=3425\" \/>\n<meta property=\"og:site_name\" content=\"AlterTour\" \/>\n<meta property=\"article:published_time\" content=\"2013-11-22T16:57:33+00:00\" \/>\n<meta property=\"article:modified_time\" content=\"2020-02-24T15:49:33+00:00\" \/>\n<meta property=\"og:image\" content=\"http:\/\/altercampagne.free.fr\/pages\/2008\/AlterTour\/pic\/AT2012-12-15_10.jpg\" \/>\n<meta name=\"author\" content=\"Mathieu\" \/>\n<meta name=\"twitter:card\" content=\"summary_large_image\" \/>\n<meta name=\"twitter:label1\" content=\"\u00c9crit par\" \/>\n\t<meta name=\"twitter:data1\" content=\"Mathieu\" \/>\n\t<meta name=\"twitter:label2\" content=\"Dur\u00e9e de lecture estim\u00e9e\" \/>\n\t<meta name=\"twitter:data2\" content=\"1 minute\" \/>\n<script type=\"application\/ld+json\" class=\"yoast-schema-graph\">{\"@context\":\"https:\\\/\\\/schema.org\",\"@graph\":[{\"@type\":\"Article\",\"@id\":\"https:\\\/\\\/www.altercampagne.net\\\/?p=3425#article\",\"isPartOf\":{\"@id\":\"https:\\\/\\\/www.altercampagne.net\\\/?p=3425\"},\"author\":{\"name\":\"Mathieu\",\"@id\":\"https:\\\/\\\/www.altercampagne.net\\\/#\\\/schema\\\/person\\\/0f261460c09e430caa0f9bcffa319109\"},\"headline\":\"Assembl\u00e9e G\u00e9n\u00e9rale d&rsquo;Altercampagne\",\"datePublished\":\"2013-11-22T16:57:33+00:00\",\"dateModified\":\"2020-02-24T15:49:33+00:00\",\"mainEntityOfPage\":{\"@id\":\"https:\\\/\\\/www.altercampagne.net\\\/?p=3425\"},\"wordCount\":284,\"image\":{\"@id\":\"https:\\\/\\\/www.altercampagne.net\\\/?p=3425#primaryimage\"},\"thumbnailUrl\":\"http:\\\/\\\/altercampagne.free.fr\\\/pages\\\/2008\\\/AlterTour\\\/pic\\\/AT2012-12-15_10.jpg\",\"keywords\":[\"coll\u00e8ge solidaire\",\"marmites volantes\",\"AG Altercampagne\",\"rapport moral 2013\",\"rapport financier 2013\"],\"articleSection\":[\"WE de pr\u00e9paration\"],\"inLanguage\":\"fr-FR\"},{\"@type\":\"WebPage\",\"@id\":\"https:\\\/\\\/www.altercampagne.net\\\/?p=3425\",\"url\":\"https:\\\/\\\/www.altercampagne.net\\\/?p=3425\",\"name\":\"Assembl\u00e9e G\u00e9n\u00e9rale d'Altercampagne - AlterTour\",\"isPartOf\":{\"@id\":\"https:\\\/\\\/www.altercampagne.net\\\/#website\"},\"primaryImageOfPage\":{\"@id\":\"https:\\\/\\\/www.altercampagne.net\\\/?p=3425#primaryimage\"},\"image\":{\"@id\":\"https:\\\/\\\/www.altercampagne.net\\\/?p=3425#primaryimage\"},\"thumbnailUrl\":\"http:\\\/\\\/altercampagne.free.fr\\\/pages\\\/2008\\\/AlterTour\\\/pic\\\/AT2012-12-15_10.jpg\",\"datePublished\":\"2013-11-22T16:57:33+00:00\",\"dateModified\":\"2020-02-24T15:49:33+00:00\",\"author\":{\"@id\":\"https:\\\/\\\/www.altercampagne.net\\\/#\\\/schema\\\/person\\\/0f261460c09e430caa0f9bcffa319109\"},\"breadcrumb\":{\"@id\":\"https:\\\/\\\/www.altercampagne.net\\\/?p=3425#breadcrumb\"},\"inLanguage\":\"fr-FR\",\"potentialAction\":[{\"@type\":\"ReadAction\",\"target\":[\"https:\\\/\\\/www.altercampagne.net\\\/?p=3425\"]}]},{\"@type\":\"ImageObject\",\"inLanguage\":\"fr-FR\",\"@id\":\"https:\\\/\\\/www.altercampagne.net\\\/?p=3425#primaryimage\",\"url\":\"http:\\\/\\\/altercampagne.free.fr\\\/pages\\\/2008\\\/AlterTour\\\/pic\\\/AT2012-12-15_10.jpg\",\"contentUrl\":\"http:\\\/\\\/altercampagne.free.fr\\\/pages\\\/2008\\\/AlterTour\\\/pic\\\/AT2012-12-15_10.jpg\"},{\"@type\":\"BreadcrumbList\",\"@id\":\"https:\\\/\\\/www.altercampagne.net\\\/?p=3425#breadcrumb\",\"itemListElement\":[{\"@type\":\"ListItem\",\"position\":1,\"name\":\"Accueil\",\"item\":\"https:\\\/\\\/www.altercampagne.net\\\/\"},{\"@type\":\"ListItem\",\"position\":2,\"name\":\"Assembl\u00e9e G\u00e9n\u00e9rale d&rsquo;Altercampagne\"}]},{\"@type\":\"WebSite\",\"@id\":\"https:\\\/\\\/www.altercampagne.net\\\/#website\",\"url\":\"https:\\\/\\\/www.altercampagne.net\\\/\",\"name\":\"AlterTour\",\"description\":\"Reliez les Alternatives \u00e0 v\u00e9lo\",\"potentialAction\":[{\"@type\":\"SearchAction\",\"target\":{\"@type\":\"EntryPoint\",\"urlTemplate\":\"https:\\\/\\\/www.altercampagne.net\\\/?s={search_term_string}\"},\"query-input\":{\"@type\":\"PropertyValueSpecification\",\"valueRequired\":true,\"valueName\":\"search_term_string\"}}],\"inLanguage\":\"fr-FR\"},{\"@type\":\"Person\",\"@id\":\"https:\\\/\\\/www.altercampagne.net\\\/#\\\/schema\\\/person\\\/0f261460c09e430caa0f9bcffa319109\",\"name\":\"Mathieu\",\"image\":{\"@type\":\"ImageObject\",\"inLanguage\":\"fr-FR\",\"@id\":\"https:\\\/\\\/secure.gravatar.com\\\/avatar\\\/aa9d3d24c83f2141e5e2709d0f63d09a99f6be6bb7a50abc4915838d9f54501a?s=96&d=mm&r=g\",\"url\":\"https:\\\/\\\/secure.gravatar.com\\\/avatar\\\/aa9d3d24c83f2141e5e2709d0f63d09a99f6be6bb7a50abc4915838d9f54501a?s=96&d=mm&r=g\",\"contentUrl\":\"https:\\\/\\\/secure.gravatar.com\\\/avatar\\\/aa9d3d24c83f2141e5e2709d0f63d09a99f6be6bb7a50abc4915838d9f54501a?s=96&d=mm&r=g\",\"caption\":\"Mathieu\"},\"url\":\"https:\\\/\\\/www.altercampagne.net\\\/?author=214\"}]}<\/script>\n<!-- \/ Yoast SEO plugin. -->","yoast_head_json":{"title":"Assembl\u00e9e G\u00e9n\u00e9rale d'Altercampagne - AlterTour","robots":{"index":"index","follow":"follow","max-snippet":"max-snippet:-1","max-image-preview":"max-image-preview:large","max-video-preview":"max-video-preview:-1"},"canonical":"https:\/\/www.altercampagne.net\/?p=3425","og_locale":"fr_FR","og_type":"article","og_title":"Assembl\u00e9e G\u00e9n\u00e9rale d'Altercampagne - AlterTour","og_description":"L&rsquo;assembl\u00e9e g\u00e9n\u00e9rale d&rsquo;AlterCampagne aura lieu samedi 7 d\u00e9cembre de 11h \u00e0 18h aux Marmites Volantes &#8211; 69 rue Armand Carrel \u00e0 Paris. AlterCampagne est l&rsquo;association qui organise l&rsquo;AlterTour. Vous \u00eates cordialement invit\u00e9s \u00e0 cet \u00e9v\u00e9nement majeur et structurant de la vie de notre association. Vous avez la possibilit\u00e9 de nous ... Read More","og_url":"https:\/\/www.altercampagne.net\/?p=3425","og_site_name":"AlterTour","article_published_time":"2013-11-22T16:57:33+00:00","article_modified_time":"2020-02-24T15:49:33+00:00","og_image":[{"url":"http:\/\/altercampagne.free.fr\/pages\/2008\/AlterTour\/pic\/AT2012-12-15_10.jpg","type":"","width":"","height":""}],"author":"Mathieu","twitter_card":"summary_large_image","twitter_misc":{"\u00c9crit par":"Mathieu","Dur\u00e9e de lecture estim\u00e9e":"1 minute"},"schema":{"@context":"https:\/\/schema.org","@graph":[{"@type":"Article","@id":"https:\/\/www.altercampagne.net\/?p=3425#article","isPartOf":{"@id":"https:\/\/www.altercampagne.net\/?p=3425"},"author":{"name":"Mathieu","@id":"https:\/\/www.altercampagne.net\/#\/schema\/person\/0f261460c09e430caa0f9bcffa319109"},"headline":"Assembl\u00e9e G\u00e9n\u00e9rale d&rsquo;Altercampagne","datePublished":"2013-11-22T16:57:33+00:00","dateModified":"2020-02-24T15:49:33+00:00","mainEntityOfPage":{"@id":"https:\/\/www.altercampagne.net\/?p=3425"},"wordCount":284,"image":{"@id":"https:\/\/www.altercampagne.net\/?p=3425#primaryimage"},"thumbnailUrl":"http:\/\/altercampagne.free.fr\/pages\/2008\/AlterTour\/pic\/AT2012-12-15_10.jpg","keywords":["coll\u00e8ge solidaire","marmites volantes","AG Altercampagne","rapport moral 2013","rapport financier 2013"],"articleSection":["WE de pr\u00e9paration"],"inLanguage":"fr-FR"},{"@type":"WebPage","@id":"https:\/\/www.altercampagne.net\/?p=3425","url":"https:\/\/www.altercampagne.net\/?p=3425","name":"Assembl\u00e9e G\u00e9n\u00e9rale d'Altercampagne - AlterTour","isPartOf":{"@id":"https:\/\/www.altercampagne.net\/#website"},"primaryImageOfPage":{"@id":"https:\/\/www.altercampagne.net\/?p=3425#primaryimage"},"image":{"@id":"https:\/\/www.altercampagne.net\/?p=3425#primaryimage"},"thumbnailUrl":"http:\/\/altercampagne.free.fr\/pages\/2008\/AlterTour\/pic\/AT2012-12-15_10.jpg","datePublished":"2013-11-22T16:57:33+00:00","dateModified":"2020-02-24T15:49:33+00:00","author":{"@id":"https:\/\/www.altercampagne.net\/#\/schema\/person\/0f261460c09e430caa0f9bcffa319109"},"breadcrumb":{"@id":"https:\/\/www.altercampagne.net\/?p=3425#breadcrumb"},"inLanguage":"fr-FR","potentialAction":[{"@type":"ReadAction","target":["https:\/\/www.altercampagne.net\/?p=3425"]}]},{"@type":"ImageObject","inLanguage":"fr-FR","@id":"https:\/\/www.altercampagne.net\/?p=3425#primaryimage","url":"http:\/\/altercampagne.free.fr\/pages\/2008\/AlterTour\/pic\/AT2012-12-15_10.jpg","contentUrl":"http:\/\/altercampagne.free.fr\/pages\/2008\/AlterTour\/pic\/AT2012-12-15_10.jpg"},{"@type":"BreadcrumbList","@id":"https:\/\/www.altercampagne.net\/?p=3425#breadcrumb","itemListElement":[{"@type":"ListItem","position":1,"name":"Accueil","item":"https:\/\/www.altercampagne.net\/"},{"@type":"ListItem","position":2,"name":"Assembl\u00e9e G\u00e9n\u00e9rale d&rsquo;Altercampagne"}]},{"@type":"WebSite","@id":"https:\/\/www.altercampagne.net\/#website","url":"https:\/\/www.altercampagne.net\/","name":"AlterTour","description":"Reliez les Alternatives \u00e0 v\u00e9lo","potentialAction":[{"@type":"SearchAction","target":{"@type":"EntryPoint","urlTemplate":"https:\/\/www.altercampagne.net\/?s={search_term_string}"},"query-input":{"@type":"PropertyValueSpecification","valueRequired":true,"valueName":"search_term_string"}}],"inLanguage":"fr-FR"},{"@type":"Person","@id":"https:\/\/www.altercampagne.net\/#\/schema\/person\/0f261460c09e430caa0f9bcffa319109","name":"Mathieu","image":{"@type":"ImageObject","inLanguage":"fr-FR","@id":"https:\/\/secure.gravatar.com\/avatar\/aa9d3d24c83f2141e5e2709d0f63d09a99f6be6bb7a50abc4915838d9f54501a?s=96&d=mm&r=g","url":"https:\/\/secure.gravatar.com\/avatar\/aa9d3d24c83f2141e5e2709d0f63d09a99f6be6bb7a50abc4915838d9f54501a?s=96&d=mm&r=g","contentUrl":"https:\/\/secure.gravatar.com\/avatar\/aa9d3d24c83f2141e5e2709d0f63d09a99f6be6bb7a50abc4915838d9f54501a?s=96&d=mm&r=g","caption":"Mathieu"},"url":"https:\/\/www.altercampagne.net\/?author=214"}]}},"_links":{"self":[{"href":"https:\/\/www.altercampagne.net\/index.php?rest_route=\/wp\/v2\/posts\/3425","targetHints":{"allow":["GET"]}}],"collection":[{"href":"https:\/\/www.altercampagne.net\/index.php?rest_route=\/wp\/v2\/posts"}],"about":[{"href":"https:\/\/www.altercampagne.net\/index.php?rest_route=\/wp\/v2\/types\/post"}],"author":[{"embeddable":true,"href":"https:\/\/www.altercampagne.net\/index.php?rest_route=\/wp\/v2\/users\/214"}],"replies":[{"embeddable":true,"href":"https:\/\/www.altercampagne.net\/index.php?rest_route=%2Fwp%2Fv2%2Fcomments&post=3425"}],"version-history":[{"count":1,"href":"https:\/\/www.altercampagne.net\/index.php?rest_route=\/wp\/v2\/posts\/3425\/revisions"}],"predecessor-version":[{"id":17393,"href":"https:\/\/www.altercampagne.net\/index.php?rest_route=\/wp\/v2\/posts\/3425\/revisions\/17393"}],"wp:attachment":[{"href":"https:\/\/www.altercampagne.net\/index.php?rest_route=%2Fwp%2Fv2%2Fmedia&parent=3425"}],"wp:term":[{"taxonomy":"category","embeddable":true,"href":"https:\/\/www.altercampagne.net\/index.php?rest_route=%2Fwp%2Fv2%2Fcategories&post=3425"},{"taxonomy":"post_tag","embeddable":true,"href":"https:\/\/www.altercampagne.net\/index.php?rest_route=%2Fwp%2Fv2%2Ftags&post=3425"}],"curies":[{"name":"wp","href":"https:\/\/api.w.org\/{rel}","templated":true}]}}