{"id":3438,"date":"2013-11-14T18:13:16","date_gmt":"2013-11-14T17:13:16","guid":{"rendered":"http:\/\/www.altercampagne.net\/?p=3438"},"modified":"2016-04-05T18:18:20","modified_gmt":"2016-04-05T16:18:20","slug":"christophe-bonneuil-etait-linvite-de-lemission-les-matins-sur-france-culture","status":"publish","type":"post","link":"https:\/\/www.altercampagne.net\/?p=3438","title":{"rendered":"Christophe Bonneuil \u00e9tait l&rsquo;invit\u00e9 de l&rsquo;\u00e9mission \u00ab\u00a0Les matins\u00a0\u00bb sur France Culture"},"content":{"rendered":"<p><iframe loading=\"lazy\" src=\"\/\/www.dailymotion.com\/embed\/video\/x176cbh\" width=\"680\" height=\"470\" frameborder=\"0\" allowfullscreen=\"allowfullscreen\"><\/iframe><br \/>\n<a href=\"http:\/\/www.dailymotion.com\/video\/x176cbh_les-matins-climat-l-homme-finira-t-il-par-faire-la-pluie-et-le-beau-temps_news\" target=\"_blank\">Les matins &#8211; Climat : l\u2019homme finira t-il par&#8230;<\/a> <i>par <a href=\"http:\/\/www.dailymotion.com\/franceculture\" target=\"_blank\">franceculture<\/a><\/i><\/p>\n","protected":false},"excerpt":{"rendered":"<p>Les matins &#8211; Climat : l\u2019homme finira t-il par&#8230; par franceculture<\/p>\n","protected":false},"author":214,"featured_media":0,"comment_status":"closed","ping_status":"closed","sticky":false,"template":"","format":"standard","meta":{"footnotes":""},"categories":[1],"tags":[44,622,858,859,860],"class_list":["post-3438","post","type-post","status-publish","format-standard","hentry","category-non-classe","tag-climat","tag-christophe-bonneuil","tag-france-culture","tag-les-matins","tag-anthropocene","no-post-thumbnail"],"yoast_head":"<!-- This site is optimized with the Yoast SEO plugin v27.3 - https:\/\/yoast.com\/product\/yoast-seo-wordpress\/ -->\n<title>Christophe Bonneuil \u00e9tait l&#039;invit\u00e9 de l&#039;\u00e9mission &quot;Les matins&quot; sur France Culture - AlterTour<\/title>\n<meta name=\"robots\" content=\"index, follow, max-snippet:-1, max-image-preview:large, max-video-preview:-1\" \/>\n<link rel=\"canonical\" href=\"https:\/\/www.altercampagne.net\/?p=3438\" \/>\n<meta property=\"og:locale\" content=\"fr_FR\" \/>\n<meta property=\"og:type\" content=\"article\" \/>\n<meta property=\"og:title\" content=\"Christophe Bonneuil \u00e9tait l&#039;invit\u00e9 de l&#039;\u00e9mission &quot;Les matins&quot; sur France Culture - AlterTour\" \/>\n<meta property=\"og:description\" content=\"Les matins &#8211; Climat : l\u2019homme finira t-il par&#8230; par franceculture\" \/>\n<meta property=\"og:url\" content=\"https:\/\/www.altercampagne.net\/?p=3438\" \/>\n<meta property=\"og:site_name\" content=\"AlterTour\" \/>\n<meta property=\"article:published_time\" content=\"2013-11-14T17:13:16+00:00\" \/>\n<meta property=\"article:modified_time\" content=\"2016-04-05T16:18:20+00:00\" \/>\n<meta name=\"author\" content=\"Mathieu\" \/>\n<meta name=\"twitter:card\" content=\"summary_large_image\" \/>\n<meta name=\"twitter:label1\" content=\"\u00c9crit par\" \/>\n\t<meta name=\"twitter:data1\" content=\"Mathieu\" \/>\n<script type=\"application\/ld+json\" class=\"yoast-schema-graph\">{\"@context\":\"https:\\\/\\\/schema.org\",\"@graph\":[{\"@type\":\"Article\",\"@id\":\"https:\\\/\\\/www.altercampagne.net\\\/?p=3438#article\",\"isPartOf\":{\"@id\":\"https:\\\/\\\/www.altercampagne.net\\\/?p=3438\"},\"author\":{\"name\":\"Mathieu\",\"@id\":\"https:\\\/\\\/www.altercampagne.net\\\/#\\\/schema\\\/person\\\/0f261460c09e430caa0f9bcffa319109\"},\"headline\":\"Christophe Bonneuil \u00e9tait l&rsquo;invit\u00e9 de l&rsquo;\u00e9mission \u00ab\u00a0Les matins\u00a0\u00bb sur France Culture\",\"datePublished\":\"2013-11-14T17:13:16+00:00\",\"dateModified\":\"2016-04-05T16:18:20+00:00\",\"mainEntityOfPage\":{\"@id\":\"https:\\\/\\\/www.altercampagne.net\\\/?p=3438\"},\"wordCount\":24,\"keywords\":[\"climat\",\"Christophe BONNEUIL\",\"France culture\",\"les matins\",\"anthropoc\u00e8ne\"],\"inLanguage\":\"fr-FR\"},{\"@type\":\"WebPage\",\"@id\":\"https:\\\/\\\/www.altercampagne.net\\\/?p=3438\",\"url\":\"https:\\\/\\\/www.altercampagne.net\\\/?p=3438\",\"name\":\"Christophe Bonneuil \u00e9tait l'invit\u00e9 de l'\u00e9mission \\\"Les matins\\\" sur France Culture - AlterTour\",\"isPartOf\":{\"@id\":\"https:\\\/\\\/www.altercampagne.net\\\/#website\"},\"datePublished\":\"2013-11-14T17:13:16+00:00\",\"dateModified\":\"2016-04-05T16:18:20+00:00\",\"author\":{\"@id\":\"https:\\\/\\\/www.altercampagne.net\\\/#\\\/schema\\\/person\\\/0f261460c09e430caa0f9bcffa319109\"},\"breadcrumb\":{\"@id\":\"https:\\\/\\\/www.altercampagne.net\\\/?p=3438#breadcrumb\"},\"inLanguage\":\"fr-FR\",\"potentialAction\":[{\"@type\":\"ReadAction\",\"target\":[\"https:\\\/\\\/www.altercampagne.net\\\/?p=3438\"]}]},{\"@type\":\"BreadcrumbList\",\"@id\":\"https:\\\/\\\/www.altercampagne.net\\\/?p=3438#breadcrumb\",\"itemListElement\":[{\"@type\":\"ListItem\",\"position\":1,\"name\":\"Accueil\",\"item\":\"https:\\\/\\\/www.altercampagne.net\\\/\"},{\"@type\":\"ListItem\",\"position\":2,\"name\":\"Christophe Bonneuil \u00e9tait l&rsquo;invit\u00e9 de l&rsquo;\u00e9mission \u00ab\u00a0Les matins\u00a0\u00bb sur France Culture\"}]},{\"@type\":\"WebSite\",\"@id\":\"https:\\\/\\\/www.altercampagne.net\\\/#website\",\"url\":\"https:\\\/\\\/www.altercampagne.net\\\/\",\"name\":\"AlterTour\",\"description\":\"Reliez les Alternatives \u00e0 v\u00e9lo\",\"potentialAction\":[{\"@type\":\"SearchAction\",\"target\":{\"@type\":\"EntryPoint\",\"urlTemplate\":\"https:\\\/\\\/www.altercampagne.net\\\/?s={search_term_string}\"},\"query-input\":{\"@type\":\"PropertyValueSpecification\",\"valueRequired\":true,\"valueName\":\"search_term_string\"}}],\"inLanguage\":\"fr-FR\"},{\"@type\":\"Person\",\"@id\":\"https:\\\/\\\/www.altercampagne.net\\\/#\\\/schema\\\/person\\\/0f261460c09e430caa0f9bcffa319109\",\"name\":\"Mathieu\",\"image\":{\"@type\":\"ImageObject\",\"inLanguage\":\"fr-FR\",\"@id\":\"https:\\\/\\\/secure.gravatar.com\\\/avatar\\\/aa9d3d24c83f2141e5e2709d0f63d09a99f6be6bb7a50abc4915838d9f54501a?s=96&d=mm&r=g\",\"url\":\"https:\\\/\\\/secure.gravatar.com\\\/avatar\\\/aa9d3d24c83f2141e5e2709d0f63d09a99f6be6bb7a50abc4915838d9f54501a?s=96&d=mm&r=g\",\"contentUrl\":\"https:\\\/\\\/secure.gravatar.com\\\/avatar\\\/aa9d3d24c83f2141e5e2709d0f63d09a99f6be6bb7a50abc4915838d9f54501a?s=96&d=mm&r=g\",\"caption\":\"Mathieu\"},\"url\":\"https:\\\/\\\/www.altercampagne.net\\\/?author=214\"}]}<\/script>\n<!-- \/ Yoast SEO plugin. -->","yoast_head_json":{"title":"Christophe Bonneuil \u00e9tait l'invit\u00e9 de l'\u00e9mission \"Les matins\" sur France Culture - AlterTour","robots":{"index":"index","follow":"follow","max-snippet":"max-snippet:-1","max-image-preview":"max-image-preview:large","max-video-preview":"max-video-preview:-1"},"canonical":"https:\/\/www.altercampagne.net\/?p=3438","og_locale":"fr_FR","og_type":"article","og_title":"Christophe Bonneuil \u00e9tait l'invit\u00e9 de l'\u00e9mission \"Les matins\" sur France Culture - AlterTour","og_description":"Les matins &#8211; Climat : l\u2019homme finira t-il par&#8230; par franceculture","og_url":"https:\/\/www.altercampagne.net\/?p=3438","og_site_name":"AlterTour","article_published_time":"2013-11-14T17:13:16+00:00","article_modified_time":"2016-04-05T16:18:20+00:00","author":"Mathieu","twitter_card":"summary_large_image","twitter_misc":{"\u00c9crit par":"Mathieu"},"schema":{"@context":"https:\/\/schema.org","@graph":[{"@type":"Article","@id":"https:\/\/www.altercampagne.net\/?p=3438#article","isPartOf":{"@id":"https:\/\/www.altercampagne.net\/?p=3438"},"author":{"name":"Mathieu","@id":"https:\/\/www.altercampagne.net\/#\/schema\/person\/0f261460c09e430caa0f9bcffa319109"},"headline":"Christophe Bonneuil \u00e9tait l&rsquo;invit\u00e9 de l&rsquo;\u00e9mission \u00ab\u00a0Les matins\u00a0\u00bb sur France Culture","datePublished":"2013-11-14T17:13:16+00:00","dateModified":"2016-04-05T16:18:20+00:00","mainEntityOfPage":{"@id":"https:\/\/www.altercampagne.net\/?p=3438"},"wordCount":24,"keywords":["climat","Christophe BONNEUIL","France culture","les matins","anthropoc\u00e8ne"],"inLanguage":"fr-FR"},{"@type":"WebPage","@id":"https:\/\/www.altercampagne.net\/?p=3438","url":"https:\/\/www.altercampagne.net\/?p=3438","name":"Christophe Bonneuil \u00e9tait l'invit\u00e9 de l'\u00e9mission \"Les matins\" sur France Culture - AlterTour","isPartOf":{"@id":"https:\/\/www.altercampagne.net\/#website"},"datePublished":"2013-11-14T17:13:16+00:00","dateModified":"2016-04-05T16:18:20+00:00","author":{"@id":"https:\/\/www.altercampagne.net\/#\/schema\/person\/0f261460c09e430caa0f9bcffa319109"},"breadcrumb":{"@id":"https:\/\/www.altercampagne.net\/?p=3438#breadcrumb"},"inLanguage":"fr-FR","potentialAction":[{"@type":"ReadAction","target":["https:\/\/www.altercampagne.net\/?p=3438"]}]},{"@type":"BreadcrumbList","@id":"https:\/\/www.altercampagne.net\/?p=3438#breadcrumb","itemListElement":[{"@type":"ListItem","position":1,"name":"Accueil","item":"https:\/\/www.altercampagne.net\/"},{"@type":"ListItem","position":2,"name":"Christophe Bonneuil \u00e9tait l&rsquo;invit\u00e9 de l&rsquo;\u00e9mission \u00ab\u00a0Les matins\u00a0\u00bb sur France Culture"}]},{"@type":"WebSite","@id":"https:\/\/www.altercampagne.net\/#website","url":"https:\/\/www.altercampagne.net\/","name":"AlterTour","description":"Reliez les Alternatives \u00e0 v\u00e9lo","potentialAction":[{"@type":"SearchAction","target":{"@type":"EntryPoint","urlTemplate":"https:\/\/www.altercampagne.net\/?s={search_term_string}"},"query-input":{"@type":"PropertyValueSpecification","valueRequired":true,"valueName":"search_term_string"}}],"inLanguage":"fr-FR"},{"@type":"Person","@id":"https:\/\/www.altercampagne.net\/#\/schema\/person\/0f261460c09e430caa0f9bcffa319109","name":"Mathieu","image":{"@type":"ImageObject","inLanguage":"fr-FR","@id":"https:\/\/secure.gravatar.com\/avatar\/aa9d3d24c83f2141e5e2709d0f63d09a99f6be6bb7a50abc4915838d9f54501a?s=96&d=mm&r=g","url":"https:\/\/secure.gravatar.com\/avatar\/aa9d3d24c83f2141e5e2709d0f63d09a99f6be6bb7a50abc4915838d9f54501a?s=96&d=mm&r=g","contentUrl":"https:\/\/secure.gravatar.com\/avatar\/aa9d3d24c83f2141e5e2709d0f63d09a99f6be6bb7a50abc4915838d9f54501a?s=96&d=mm&r=g","caption":"Mathieu"},"url":"https:\/\/www.altercampagne.net\/?author=214"}]}},"_links":{"self":[{"href":"https:\/\/www.altercampagne.net\/index.php?rest_route=\/wp\/v2\/posts\/3438","targetHints":{"allow":["GET"]}}],"collection":[{"href":"https:\/\/www.altercampagne.net\/index.php?rest_route=\/wp\/v2\/posts"}],"about":[{"href":"https:\/\/www.altercampagne.net\/index.php?rest_route=\/wp\/v2\/types\/post"}],"author":[{"embeddable":true,"href":"https:\/\/www.altercampagne.net\/index.php?rest_route=\/wp\/v2\/users\/214"}],"replies":[{"embeddable":true,"href":"https:\/\/www.altercampagne.net\/index.php?rest_route=%2Fwp%2Fv2%2Fcomments&post=3438"}],"version-history":[{"count":0,"href":"https:\/\/www.altercampagne.net\/index.php?rest_route=\/wp\/v2\/posts\/3438\/revisions"}],"wp:attachment":[{"href":"https:\/\/www.altercampagne.net\/index.php?rest_route=%2Fwp%2Fv2%2Fmedia&parent=3438"}],"wp:term":[{"taxonomy":"category","embeddable":true,"href":"https:\/\/www.altercampagne.net\/index.php?rest_route=%2Fwp%2Fv2%2Fcategories&post=3438"},{"taxonomy":"post_tag","embeddable":true,"href":"https:\/\/www.altercampagne.net\/index.php?rest_route=%2Fwp%2Fv2%2Ftags&post=3438"}],"curies":[{"name":"wp","href":"https:\/\/api.w.org\/{rel}","templated":true}]}}