{"id":3440,"date":"2013-11-10T18:18:42","date_gmt":"2013-11-10T17:18:42","guid":{"rendered":"http:\/\/www.altercampagne.net\/?p=3440"},"modified":"2016-04-05T18:26:43","modified_gmt":"2016-04-05T16:26:43","slug":"christophe-bonneuil-etait-linvite-de-parenthese-sur-france-inter","status":"publish","type":"post","link":"https:\/\/www.altercampagne.net\/?p=3440","title":{"rendered":"Christophe Bonneuil \u00e9tait l&rsquo;invit\u00e9 de \u00ab\u00a0Parenth\u00e8se\u00a0\u00bb sur France Inter"},"content":{"rendered":"<div style=\"width: 336px\" class=\"wp-caption alignright\"><img loading=\"lazy\" decoding=\"async\" class=\"\" src=\"http:\/\/altercampagne.free.fr\/pages\/2008\/AlterTour\/pic\/2013-08-08_Christophe_Bonneuil.jpg\" alt=\"Christophe Bonneuil\" width=\"326\" height=\"483\" \/><p class=\"wp-caption-text\">Christophe Bonneuil, AlterTour 2013, cr\u00e9dit photo G. de Crop<\/p><\/div>\n<p class=\"Style271 Style138 Style152\" align=\"justify\">Christophe Bonneuil, Altecycliste chevronn\u00e9, \u00e9tait l&rsquo;invit\u00e9 de l&rsquo;\u00e9mission Parenth\u00e8se sur France Inter dimanche 10 novembre 2013.<\/p>\n<p class=\"Style271 Style138 Style152\" align=\"justify\">Il est co-auteur de <em>L\u2019\u00c9v\u00e9nement anthropoc\u00e8ne. La Terre, l&rsquo;histoire et nous<\/em> avec Jean-Baptiste Fressoz.<\/p>\n<p class=\"Style271 Style138 Style152\" align=\"justify\">Alors que l&rsquo;\u00e9co-taxe fait toujours pol\u00e9mique, la Terre semble d\u00e9j\u00e0 entr\u00e9e dans une nouvelle \u00e8re, celle d&rsquo;une r\u00e9volution qui concerne le climat et la biodiversit\u00e9.<\/p>\n<p class=\"Style271 Style138 Style152\" align=\"justify\">Ce que nous vivons n&rsquo;est peut-\u00eatre pas une crise environnementale mais plut\u00f4t le d\u00e9but d&rsquo;une r\u00e9volution g\u00e9ologique d&rsquo;origine humaine, une nouvelle \u00e9poque, l&rsquo;anthropoc\u00e8ne&#8230;l&rsquo;anthropo-quoi ?<\/p>\n<p>R\u00e9-\u00e9couter l&rsquo;\u00e9mission : <a href=\"http:\/\/www.franceinter.fr\/emission-parenthese-terre-une-nouvelle-ere\" target=\"_blank\">http:\/\/www.franceinter.fr\/emission-parenthese-terre-une-nouvelle-ere<\/a><\/p>\n","protected":false},"excerpt":{"rendered":"<p>Christophe Bonneuil, Altecycliste chevronn\u00e9, \u00e9tait l&rsquo;invit\u00e9 de l&rsquo;\u00e9mission Parenth\u00e8se sur France Inter dimanche 10 novembre 2013. Il est co-auteur de L\u2019\u00c9v\u00e9nement anthropoc\u00e8ne. La Terre, l&rsquo;histoire et nous avec Jean-Baptiste Fressoz. Alors que l&rsquo;\u00e9co-taxe fait toujours pol\u00e9mique, la Terre semble d\u00e9j\u00e0 entr\u00e9e dans une nouvelle \u00e8re, celle d&rsquo;une r\u00e9volution qui concerne &#8230; <\/p>\n<div><a href=\"https:\/\/www.altercampagne.net\/?p=3440\" class=\"more-link\">Read More<\/a><\/div>\n","protected":false},"author":214,"featured_media":0,"comment_status":"closed","ping_status":"closed","sticky":false,"template":"","format":"standard","meta":{"footnotes":""},"categories":[1],"tags":[622,860,861,862,863],"class_list":["post-3440","post","type-post","status-publish","format-standard","hentry","category-non-classe","tag-christophe-bonneuil","tag-anthropocene","tag-france-inter","tag-parenthese","tag-levenement-anthropocene","no-post-thumbnail"],"yoast_head":"<!-- This site is optimized with the Yoast SEO plugin v27.3 - https:\/\/yoast.com\/product\/yoast-seo-wordpress\/ -->\n<title>Christophe Bonneuil \u00e9tait l&#039;invit\u00e9 de &quot;Parenth\u00e8se&quot; sur France Inter - AlterTour<\/title>\n<meta name=\"robots\" content=\"index, follow, max-snippet:-1, max-image-preview:large, max-video-preview:-1\" \/>\n<link rel=\"canonical\" href=\"https:\/\/www.altercampagne.net\/?p=3440\" \/>\n<meta property=\"og:locale\" content=\"fr_FR\" \/>\n<meta property=\"og:type\" content=\"article\" \/>\n<meta property=\"og:title\" content=\"Christophe Bonneuil \u00e9tait l&#039;invit\u00e9 de &quot;Parenth\u00e8se&quot; sur France Inter - AlterTour\" \/>\n<meta property=\"og:description\" content=\"Christophe Bonneuil, Altecycliste chevronn\u00e9, \u00e9tait l&rsquo;invit\u00e9 de l&rsquo;\u00e9mission Parenth\u00e8se sur France Inter dimanche 10 novembre 2013. Il est co-auteur de L\u2019\u00c9v\u00e9nement anthropoc\u00e8ne. La Terre, l&rsquo;histoire et nous avec Jean-Baptiste Fressoz. Alors que l&rsquo;\u00e9co-taxe fait toujours pol\u00e9mique, la Terre semble d\u00e9j\u00e0 entr\u00e9e dans une nouvelle \u00e8re, celle d&rsquo;une r\u00e9volution qui concerne ... Read More\" \/>\n<meta property=\"og:url\" content=\"https:\/\/www.altercampagne.net\/?p=3440\" \/>\n<meta property=\"og:site_name\" content=\"AlterTour\" \/>\n<meta property=\"article:published_time\" content=\"2013-11-10T17:18:42+00:00\" \/>\n<meta property=\"article:modified_time\" content=\"2016-04-05T16:26:43+00:00\" \/>\n<meta property=\"og:image\" content=\"http:\/\/altercampagne.free.fr\/pages\/2008\/AlterTour\/pic\/2013-08-08_Christophe_Bonneuil.jpg\" \/>\n<meta name=\"author\" content=\"Mathieu\" \/>\n<meta name=\"twitter:card\" content=\"summary_large_image\" \/>\n<meta name=\"twitter:label1\" content=\"\u00c9crit par\" \/>\n\t<meta name=\"twitter:data1\" content=\"Mathieu\" \/>\n\t<meta name=\"twitter:label2\" content=\"Dur\u00e9e de lecture estim\u00e9e\" \/>\n\t<meta name=\"twitter:data2\" content=\"1 minute\" \/>\n<script type=\"application\/ld+json\" class=\"yoast-schema-graph\">{\"@context\":\"https:\\\/\\\/schema.org\",\"@graph\":[{\"@type\":\"Article\",\"@id\":\"https:\\\/\\\/www.altercampagne.net\\\/?p=3440#article\",\"isPartOf\":{\"@id\":\"https:\\\/\\\/www.altercampagne.net\\\/?p=3440\"},\"author\":{\"name\":\"Mathieu\",\"@id\":\"https:\\\/\\\/www.altercampagne.net\\\/#\\\/schema\\\/person\\\/0f261460c09e430caa0f9bcffa319109\"},\"headline\":\"Christophe Bonneuil \u00e9tait l&rsquo;invit\u00e9 de \u00ab\u00a0Parenth\u00e8se\u00a0\u00bb sur France Inter\",\"datePublished\":\"2013-11-10T17:18:42+00:00\",\"dateModified\":\"2016-04-05T16:26:43+00:00\",\"mainEntityOfPage\":{\"@id\":\"https:\\\/\\\/www.altercampagne.net\\\/?p=3440\"},\"wordCount\":137,\"image\":{\"@id\":\"https:\\\/\\\/www.altercampagne.net\\\/?p=3440#primaryimage\"},\"thumbnailUrl\":\"http:\\\/\\\/altercampagne.free.fr\\\/pages\\\/2008\\\/AlterTour\\\/pic\\\/2013-08-08_Christophe_Bonneuil.jpg\",\"keywords\":[\"Christophe BONNEUIL\",\"anthropoc\u00e8ne\",\"France Inter\",\"Parenth\u00e8se\",\"L\u2019\u00c9v\u00e9nement anthropoc\u00e8ne\"],\"inLanguage\":\"fr-FR\"},{\"@type\":\"WebPage\",\"@id\":\"https:\\\/\\\/www.altercampagne.net\\\/?p=3440\",\"url\":\"https:\\\/\\\/www.altercampagne.net\\\/?p=3440\",\"name\":\"Christophe Bonneuil \u00e9tait l'invit\u00e9 de \\\"Parenth\u00e8se\\\" sur France Inter - AlterTour\",\"isPartOf\":{\"@id\":\"https:\\\/\\\/www.altercampagne.net\\\/#website\"},\"primaryImageOfPage\":{\"@id\":\"https:\\\/\\\/www.altercampagne.net\\\/?p=3440#primaryimage\"},\"image\":{\"@id\":\"https:\\\/\\\/www.altercampagne.net\\\/?p=3440#primaryimage\"},\"thumbnailUrl\":\"http:\\\/\\\/altercampagne.free.fr\\\/pages\\\/2008\\\/AlterTour\\\/pic\\\/2013-08-08_Christophe_Bonneuil.jpg\",\"datePublished\":\"2013-11-10T17:18:42+00:00\",\"dateModified\":\"2016-04-05T16:26:43+00:00\",\"author\":{\"@id\":\"https:\\\/\\\/www.altercampagne.net\\\/#\\\/schema\\\/person\\\/0f261460c09e430caa0f9bcffa319109\"},\"breadcrumb\":{\"@id\":\"https:\\\/\\\/www.altercampagne.net\\\/?p=3440#breadcrumb\"},\"inLanguage\":\"fr-FR\",\"potentialAction\":[{\"@type\":\"ReadAction\",\"target\":[\"https:\\\/\\\/www.altercampagne.net\\\/?p=3440\"]}]},{\"@type\":\"ImageObject\",\"inLanguage\":\"fr-FR\",\"@id\":\"https:\\\/\\\/www.altercampagne.net\\\/?p=3440#primaryimage\",\"url\":\"http:\\\/\\\/altercampagne.free.fr\\\/pages\\\/2008\\\/AlterTour\\\/pic\\\/2013-08-08_Christophe_Bonneuil.jpg\",\"contentUrl\":\"http:\\\/\\\/altercampagne.free.fr\\\/pages\\\/2008\\\/AlterTour\\\/pic\\\/2013-08-08_Christophe_Bonneuil.jpg\"},{\"@type\":\"BreadcrumbList\",\"@id\":\"https:\\\/\\\/www.altercampagne.net\\\/?p=3440#breadcrumb\",\"itemListElement\":[{\"@type\":\"ListItem\",\"position\":1,\"name\":\"Accueil\",\"item\":\"https:\\\/\\\/www.altercampagne.net\\\/\"},{\"@type\":\"ListItem\",\"position\":2,\"name\":\"Christophe Bonneuil \u00e9tait l&rsquo;invit\u00e9 de \u00ab\u00a0Parenth\u00e8se\u00a0\u00bb sur France Inter\"}]},{\"@type\":\"WebSite\",\"@id\":\"https:\\\/\\\/www.altercampagne.net\\\/#website\",\"url\":\"https:\\\/\\\/www.altercampagne.net\\\/\",\"name\":\"AlterTour\",\"description\":\"Reliez les Alternatives \u00e0 v\u00e9lo\",\"potentialAction\":[{\"@type\":\"SearchAction\",\"target\":{\"@type\":\"EntryPoint\",\"urlTemplate\":\"https:\\\/\\\/www.altercampagne.net\\\/?s={search_term_string}\"},\"query-input\":{\"@type\":\"PropertyValueSpecification\",\"valueRequired\":true,\"valueName\":\"search_term_string\"}}],\"inLanguage\":\"fr-FR\"},{\"@type\":\"Person\",\"@id\":\"https:\\\/\\\/www.altercampagne.net\\\/#\\\/schema\\\/person\\\/0f261460c09e430caa0f9bcffa319109\",\"name\":\"Mathieu\",\"image\":{\"@type\":\"ImageObject\",\"inLanguage\":\"fr-FR\",\"@id\":\"https:\\\/\\\/secure.gravatar.com\\\/avatar\\\/aa9d3d24c83f2141e5e2709d0f63d09a99f6be6bb7a50abc4915838d9f54501a?s=96&d=mm&r=g\",\"url\":\"https:\\\/\\\/secure.gravatar.com\\\/avatar\\\/aa9d3d24c83f2141e5e2709d0f63d09a99f6be6bb7a50abc4915838d9f54501a?s=96&d=mm&r=g\",\"contentUrl\":\"https:\\\/\\\/secure.gravatar.com\\\/avatar\\\/aa9d3d24c83f2141e5e2709d0f63d09a99f6be6bb7a50abc4915838d9f54501a?s=96&d=mm&r=g\",\"caption\":\"Mathieu\"},\"url\":\"https:\\\/\\\/www.altercampagne.net\\\/?author=214\"}]}<\/script>\n<!-- \/ Yoast SEO plugin. -->","yoast_head_json":{"title":"Christophe Bonneuil \u00e9tait l'invit\u00e9 de \"Parenth\u00e8se\" sur France Inter - AlterTour","robots":{"index":"index","follow":"follow","max-snippet":"max-snippet:-1","max-image-preview":"max-image-preview:large","max-video-preview":"max-video-preview:-1"},"canonical":"https:\/\/www.altercampagne.net\/?p=3440","og_locale":"fr_FR","og_type":"article","og_title":"Christophe Bonneuil \u00e9tait l'invit\u00e9 de \"Parenth\u00e8se\" sur France Inter - AlterTour","og_description":"Christophe Bonneuil, Altecycliste chevronn\u00e9, \u00e9tait l&rsquo;invit\u00e9 de l&rsquo;\u00e9mission Parenth\u00e8se sur France Inter dimanche 10 novembre 2013. Il est co-auteur de L\u2019\u00c9v\u00e9nement anthropoc\u00e8ne. La Terre, l&rsquo;histoire et nous avec Jean-Baptiste Fressoz. Alors que l&rsquo;\u00e9co-taxe fait toujours pol\u00e9mique, la Terre semble d\u00e9j\u00e0 entr\u00e9e dans une nouvelle \u00e8re, celle d&rsquo;une r\u00e9volution qui concerne ... Read More","og_url":"https:\/\/www.altercampagne.net\/?p=3440","og_site_name":"AlterTour","article_published_time":"2013-11-10T17:18:42+00:00","article_modified_time":"2016-04-05T16:26:43+00:00","og_image":[{"url":"http:\/\/altercampagne.free.fr\/pages\/2008\/AlterTour\/pic\/2013-08-08_Christophe_Bonneuil.jpg","type":"","width":"","height":""}],"author":"Mathieu","twitter_card":"summary_large_image","twitter_misc":{"\u00c9crit par":"Mathieu","Dur\u00e9e de lecture estim\u00e9e":"1 minute"},"schema":{"@context":"https:\/\/schema.org","@graph":[{"@type":"Article","@id":"https:\/\/www.altercampagne.net\/?p=3440#article","isPartOf":{"@id":"https:\/\/www.altercampagne.net\/?p=3440"},"author":{"name":"Mathieu","@id":"https:\/\/www.altercampagne.net\/#\/schema\/person\/0f261460c09e430caa0f9bcffa319109"},"headline":"Christophe Bonneuil \u00e9tait l&rsquo;invit\u00e9 de \u00ab\u00a0Parenth\u00e8se\u00a0\u00bb sur France Inter","datePublished":"2013-11-10T17:18:42+00:00","dateModified":"2016-04-05T16:26:43+00:00","mainEntityOfPage":{"@id":"https:\/\/www.altercampagne.net\/?p=3440"},"wordCount":137,"image":{"@id":"https:\/\/www.altercampagne.net\/?p=3440#primaryimage"},"thumbnailUrl":"http:\/\/altercampagne.free.fr\/pages\/2008\/AlterTour\/pic\/2013-08-08_Christophe_Bonneuil.jpg","keywords":["Christophe BONNEUIL","anthropoc\u00e8ne","France Inter","Parenth\u00e8se","L\u2019\u00c9v\u00e9nement anthropoc\u00e8ne"],"inLanguage":"fr-FR"},{"@type":"WebPage","@id":"https:\/\/www.altercampagne.net\/?p=3440","url":"https:\/\/www.altercampagne.net\/?p=3440","name":"Christophe Bonneuil \u00e9tait l'invit\u00e9 de \"Parenth\u00e8se\" sur France Inter - AlterTour","isPartOf":{"@id":"https:\/\/www.altercampagne.net\/#website"},"primaryImageOfPage":{"@id":"https:\/\/www.altercampagne.net\/?p=3440#primaryimage"},"image":{"@id":"https:\/\/www.altercampagne.net\/?p=3440#primaryimage"},"thumbnailUrl":"http:\/\/altercampagne.free.fr\/pages\/2008\/AlterTour\/pic\/2013-08-08_Christophe_Bonneuil.jpg","datePublished":"2013-11-10T17:18:42+00:00","dateModified":"2016-04-05T16:26:43+00:00","author":{"@id":"https:\/\/www.altercampagne.net\/#\/schema\/person\/0f261460c09e430caa0f9bcffa319109"},"breadcrumb":{"@id":"https:\/\/www.altercampagne.net\/?p=3440#breadcrumb"},"inLanguage":"fr-FR","potentialAction":[{"@type":"ReadAction","target":["https:\/\/www.altercampagne.net\/?p=3440"]}]},{"@type":"ImageObject","inLanguage":"fr-FR","@id":"https:\/\/www.altercampagne.net\/?p=3440#primaryimage","url":"http:\/\/altercampagne.free.fr\/pages\/2008\/AlterTour\/pic\/2013-08-08_Christophe_Bonneuil.jpg","contentUrl":"http:\/\/altercampagne.free.fr\/pages\/2008\/AlterTour\/pic\/2013-08-08_Christophe_Bonneuil.jpg"},{"@type":"BreadcrumbList","@id":"https:\/\/www.altercampagne.net\/?p=3440#breadcrumb","itemListElement":[{"@type":"ListItem","position":1,"name":"Accueil","item":"https:\/\/www.altercampagne.net\/"},{"@type":"ListItem","position":2,"name":"Christophe Bonneuil \u00e9tait l&rsquo;invit\u00e9 de \u00ab\u00a0Parenth\u00e8se\u00a0\u00bb sur France Inter"}]},{"@type":"WebSite","@id":"https:\/\/www.altercampagne.net\/#website","url":"https:\/\/www.altercampagne.net\/","name":"AlterTour","description":"Reliez les Alternatives \u00e0 v\u00e9lo","potentialAction":[{"@type":"SearchAction","target":{"@type":"EntryPoint","urlTemplate":"https:\/\/www.altercampagne.net\/?s={search_term_string}"},"query-input":{"@type":"PropertyValueSpecification","valueRequired":true,"valueName":"search_term_string"}}],"inLanguage":"fr-FR"},{"@type":"Person","@id":"https:\/\/www.altercampagne.net\/#\/schema\/person\/0f261460c09e430caa0f9bcffa319109","name":"Mathieu","image":{"@type":"ImageObject","inLanguage":"fr-FR","@id":"https:\/\/secure.gravatar.com\/avatar\/aa9d3d24c83f2141e5e2709d0f63d09a99f6be6bb7a50abc4915838d9f54501a?s=96&d=mm&r=g","url":"https:\/\/secure.gravatar.com\/avatar\/aa9d3d24c83f2141e5e2709d0f63d09a99f6be6bb7a50abc4915838d9f54501a?s=96&d=mm&r=g","contentUrl":"https:\/\/secure.gravatar.com\/avatar\/aa9d3d24c83f2141e5e2709d0f63d09a99f6be6bb7a50abc4915838d9f54501a?s=96&d=mm&r=g","caption":"Mathieu"},"url":"https:\/\/www.altercampagne.net\/?author=214"}]}},"_links":{"self":[{"href":"https:\/\/www.altercampagne.net\/index.php?rest_route=\/wp\/v2\/posts\/3440","targetHints":{"allow":["GET"]}}],"collection":[{"href":"https:\/\/www.altercampagne.net\/index.php?rest_route=\/wp\/v2\/posts"}],"about":[{"href":"https:\/\/www.altercampagne.net\/index.php?rest_route=\/wp\/v2\/types\/post"}],"author":[{"embeddable":true,"href":"https:\/\/www.altercampagne.net\/index.php?rest_route=\/wp\/v2\/users\/214"}],"replies":[{"embeddable":true,"href":"https:\/\/www.altercampagne.net\/index.php?rest_route=%2Fwp%2Fv2%2Fcomments&post=3440"}],"version-history":[{"count":0,"href":"https:\/\/www.altercampagne.net\/index.php?rest_route=\/wp\/v2\/posts\/3440\/revisions"}],"wp:attachment":[{"href":"https:\/\/www.altercampagne.net\/index.php?rest_route=%2Fwp%2Fv2%2Fmedia&parent=3440"}],"wp:term":[{"taxonomy":"category","embeddable":true,"href":"https:\/\/www.altercampagne.net\/index.php?rest_route=%2Fwp%2Fv2%2Fcategories&post=3440"},{"taxonomy":"post_tag","embeddable":true,"href":"https:\/\/www.altercampagne.net\/index.php?rest_route=%2Fwp%2Fv2%2Ftags&post=3440"}],"curies":[{"name":"wp","href":"https:\/\/api.w.org\/{rel}","templated":true}]}}