{"id":3447,"date":"2013-11-07T18:29:56","date_gmt":"2013-11-07T17:29:56","guid":{"rendered":"http:\/\/www.altercampagne.net\/?p=3447"},"modified":"2016-04-05T18:32:07","modified_gmt":"2016-04-05T16:32:07","slug":"declaration-de-josie-riffaud-en-vue-du-sommet-climatique","status":"publish","type":"post","link":"https:\/\/www.altercampagne.net\/?p=3447","title":{"rendered":"D\u00e9claration de Josie Riffaud en vue du sommet climatique"},"content":{"rendered":"<div style=\"width: 312px\" class=\"wp-caption alignleft\"><img loading=\"lazy\" decoding=\"async\" class=\"\" src=\"http:\/\/altercampagne.free.fr\/pages\/2008\/AlterTour\/pic\/2013-07-20_18.29-josie-riffaud.jpg\" alt=\"Josie Riffaud\" width=\"302\" height=\"450\" \/><p class=\"wp-caption-text\">Josie Riffaud, AlterTour 2013, cr\u00e9dit photo G. de Crop<\/p><\/div>\n<p class=\"Style271 Style138 Style152\" align=\"justify\">Sommet climatique : les paysans refusent de devenir des marchands de carbone<br \/>\nLa V\u00eda Campesina | GRAIN<\/p>\n<p class=\"Style271 Style138 Style152\" align=\"justify\">Les paysans et les paysannes produisent de la nourriture, et non pas du carbone.<\/p>\n<p class=\"Style271 Style138 Style152\" align=\"justify\">Et pourtant, si certains des gouvernements et des lobbies qui vont n\u00e9gocier \u00e0 la Conf\u00e9rence des Nations Unies sur le changement climatique les 21 et 22 novembre \u00e0 Varsovie parviennent \u00e0 leurs fins, la terre agricole pourrait sous peu \u00eatre consid\u00e9r\u00e9e comme un puits de carbone dont les entreprises polluantes pourront acheter des parts pour compenser leurs \u00e9missions nocives.<\/p>\n<p class=\"Style271 Style138 Style152\" align=\"justify\">\u00ab Nous sommes absolument contre la politique du march\u00e9 du carbone pour faire face \u00e0 la crise climatique, \u00bb d\u00e9clare Josie Riffaud de La Via Campesina.<\/p>\n<p class=\"Style271 Style138 Style152\" align=\"justify\">\u00ab Transformer les champs de nos paysans en puits de carbone, dont les droits peuvent \u00eatre vendus sur le march\u00e9 du carbone, nous \u00e9loignera encore de ce qui pour nous est la v\u00e9ritable solution, c\u2019est-\u00e0-dire la souverainet\u00e9 alimentaire.<\/p>\n<p class=\"Style271 Style138 Style152\" align=\"justify\">Le carbone de nos fermes n\u2019est pas \u00e0 vendre ! \u00bb<\/p>\n<p class=\"Style271 Style138 Style152\" align=\"right\">[<a href=\"http:\/\/www.internationalnews.fr\/article-sommet-climatique-les-paysans-refusent-de-devenir-des-marchands-de-carbone-la-via-campesina-grai-121252176.html\" target=\"_blank\">Lire la suite<\/a>]\n","protected":false},"excerpt":{"rendered":"<p>Sommet climatique : les paysans refusent de devenir des marchands de carbone La V\u00eda Campesina | GRAIN Les paysans et les paysannes produisent de la nourriture, et non pas du carbone. Et pourtant, si certains des gouvernements et des lobbies qui vont n\u00e9gocier \u00e0 la Conf\u00e9rence des Nations Unies sur &#8230; <\/p>\n<div><a href=\"https:\/\/www.altercampagne.net\/?p=3447\" class=\"more-link\">Read More<\/a><\/div>\n","protected":false},"author":214,"featured_media":0,"comment_status":"closed","ping_status":"closed","sticky":false,"template":"","format":"standard","meta":{"footnotes":""},"categories":[1],"tags":[694,851,867,868,869],"class_list":["post-3447","post","type-post","status-publish","format-standard","hentry","category-non-classe","tag-altertour-2013","tag-josie-riffaud","tag-sommet-climatique","tag-via-campesina","tag-grain","no-post-thumbnail"],"yoast_head":"<!-- This site is optimized with the Yoast SEO plugin v27.3 - https:\/\/yoast.com\/product\/yoast-seo-wordpress\/ -->\n<title>D\u00e9claration de Josie Riffaud en vue du sommet climatique - AlterTour<\/title>\n<meta name=\"robots\" content=\"index, follow, max-snippet:-1, max-image-preview:large, max-video-preview:-1\" \/>\n<link rel=\"canonical\" href=\"https:\/\/www.altercampagne.net\/?p=3447\" \/>\n<meta property=\"og:locale\" content=\"fr_FR\" \/>\n<meta property=\"og:type\" content=\"article\" \/>\n<meta property=\"og:title\" content=\"D\u00e9claration de Josie Riffaud en vue du sommet climatique - AlterTour\" \/>\n<meta property=\"og:description\" content=\"Sommet climatique : les paysans refusent de devenir des marchands de carbone La V\u00eda Campesina | GRAIN Les paysans et les paysannes produisent de la nourriture, et non pas du carbone. Et pourtant, si certains des gouvernements et des lobbies qui vont n\u00e9gocier \u00e0 la Conf\u00e9rence des Nations Unies sur ... Read More\" \/>\n<meta property=\"og:url\" content=\"https:\/\/www.altercampagne.net\/?p=3447\" \/>\n<meta property=\"og:site_name\" content=\"AlterTour\" \/>\n<meta property=\"article:published_time\" content=\"2013-11-07T17:29:56+00:00\" \/>\n<meta property=\"article:modified_time\" content=\"2016-04-05T16:32:07+00:00\" \/>\n<meta property=\"og:image\" content=\"http:\/\/altercampagne.free.fr\/pages\/2008\/AlterTour\/pic\/2013-07-20_18.29-josie-riffaud.jpg\" \/>\n<meta name=\"author\" content=\"Mathieu\" \/>\n<meta name=\"twitter:card\" content=\"summary_large_image\" \/>\n<meta name=\"twitter:label1\" content=\"\u00c9crit par\" \/>\n\t<meta name=\"twitter:data1\" content=\"Mathieu\" \/>\n\t<meta name=\"twitter:label2\" content=\"Dur\u00e9e de lecture estim\u00e9e\" \/>\n\t<meta name=\"twitter:data2\" content=\"1 minute\" \/>\n<script type=\"application\/ld+json\" class=\"yoast-schema-graph\">{\"@context\":\"https:\\\/\\\/schema.org\",\"@graph\":[{\"@type\":\"Article\",\"@id\":\"https:\\\/\\\/www.altercampagne.net\\\/?p=3447#article\",\"isPartOf\":{\"@id\":\"https:\\\/\\\/www.altercampagne.net\\\/?p=3447\"},\"author\":{\"name\":\"Mathieu\",\"@id\":\"https:\\\/\\\/www.altercampagne.net\\\/#\\\/schema\\\/person\\\/0f261460c09e430caa0f9bcffa319109\"},\"headline\":\"D\u00e9claration de Josie Riffaud en vue du sommet climatique\",\"datePublished\":\"2013-11-07T17:29:56+00:00\",\"dateModified\":\"2016-04-05T16:32:07+00:00\",\"mainEntityOfPage\":{\"@id\":\"https:\\\/\\\/www.altercampagne.net\\\/?p=3447\"},\"wordCount\":189,\"image\":{\"@id\":\"https:\\\/\\\/www.altercampagne.net\\\/?p=3447#primaryimage\"},\"thumbnailUrl\":\"http:\\\/\\\/altercampagne.free.fr\\\/pages\\\/2008\\\/AlterTour\\\/pic\\\/2013-07-20_18.29-josie-riffaud.jpg\",\"keywords\":[\"AlterTour 2013\",\"Josie Riffaud\",\"Sommet climatique\",\"V\u00eda Campesina\",\"GRAIN\"],\"inLanguage\":\"fr-FR\"},{\"@type\":\"WebPage\",\"@id\":\"https:\\\/\\\/www.altercampagne.net\\\/?p=3447\",\"url\":\"https:\\\/\\\/www.altercampagne.net\\\/?p=3447\",\"name\":\"D\u00e9claration de Josie Riffaud en vue du sommet climatique - AlterTour\",\"isPartOf\":{\"@id\":\"https:\\\/\\\/www.altercampagne.net\\\/#website\"},\"primaryImageOfPage\":{\"@id\":\"https:\\\/\\\/www.altercampagne.net\\\/?p=3447#primaryimage\"},\"image\":{\"@id\":\"https:\\\/\\\/www.altercampagne.net\\\/?p=3447#primaryimage\"},\"thumbnailUrl\":\"http:\\\/\\\/altercampagne.free.fr\\\/pages\\\/2008\\\/AlterTour\\\/pic\\\/2013-07-20_18.29-josie-riffaud.jpg\",\"datePublished\":\"2013-11-07T17:29:56+00:00\",\"dateModified\":\"2016-04-05T16:32:07+00:00\",\"author\":{\"@id\":\"https:\\\/\\\/www.altercampagne.net\\\/#\\\/schema\\\/person\\\/0f261460c09e430caa0f9bcffa319109\"},\"breadcrumb\":{\"@id\":\"https:\\\/\\\/www.altercampagne.net\\\/?p=3447#breadcrumb\"},\"inLanguage\":\"fr-FR\",\"potentialAction\":[{\"@type\":\"ReadAction\",\"target\":[\"https:\\\/\\\/www.altercampagne.net\\\/?p=3447\"]}]},{\"@type\":\"ImageObject\",\"inLanguage\":\"fr-FR\",\"@id\":\"https:\\\/\\\/www.altercampagne.net\\\/?p=3447#primaryimage\",\"url\":\"http:\\\/\\\/altercampagne.free.fr\\\/pages\\\/2008\\\/AlterTour\\\/pic\\\/2013-07-20_18.29-josie-riffaud.jpg\",\"contentUrl\":\"http:\\\/\\\/altercampagne.free.fr\\\/pages\\\/2008\\\/AlterTour\\\/pic\\\/2013-07-20_18.29-josie-riffaud.jpg\"},{\"@type\":\"BreadcrumbList\",\"@id\":\"https:\\\/\\\/www.altercampagne.net\\\/?p=3447#breadcrumb\",\"itemListElement\":[{\"@type\":\"ListItem\",\"position\":1,\"name\":\"Accueil\",\"item\":\"https:\\\/\\\/www.altercampagne.net\\\/\"},{\"@type\":\"ListItem\",\"position\":2,\"name\":\"D\u00e9claration de Josie Riffaud en vue du sommet climatique\"}]},{\"@type\":\"WebSite\",\"@id\":\"https:\\\/\\\/www.altercampagne.net\\\/#website\",\"url\":\"https:\\\/\\\/www.altercampagne.net\\\/\",\"name\":\"AlterTour\",\"description\":\"Reliez les Alternatives \u00e0 v\u00e9lo\",\"potentialAction\":[{\"@type\":\"SearchAction\",\"target\":{\"@type\":\"EntryPoint\",\"urlTemplate\":\"https:\\\/\\\/www.altercampagne.net\\\/?s={search_term_string}\"},\"query-input\":{\"@type\":\"PropertyValueSpecification\",\"valueRequired\":true,\"valueName\":\"search_term_string\"}}],\"inLanguage\":\"fr-FR\"},{\"@type\":\"Person\",\"@id\":\"https:\\\/\\\/www.altercampagne.net\\\/#\\\/schema\\\/person\\\/0f261460c09e430caa0f9bcffa319109\",\"name\":\"Mathieu\",\"image\":{\"@type\":\"ImageObject\",\"inLanguage\":\"fr-FR\",\"@id\":\"https:\\\/\\\/secure.gravatar.com\\\/avatar\\\/aa9d3d24c83f2141e5e2709d0f63d09a99f6be6bb7a50abc4915838d9f54501a?s=96&d=mm&r=g\",\"url\":\"https:\\\/\\\/secure.gravatar.com\\\/avatar\\\/aa9d3d24c83f2141e5e2709d0f63d09a99f6be6bb7a50abc4915838d9f54501a?s=96&d=mm&r=g\",\"contentUrl\":\"https:\\\/\\\/secure.gravatar.com\\\/avatar\\\/aa9d3d24c83f2141e5e2709d0f63d09a99f6be6bb7a50abc4915838d9f54501a?s=96&d=mm&r=g\",\"caption\":\"Mathieu\"},\"url\":\"https:\\\/\\\/www.altercampagne.net\\\/?author=214\"}]}<\/script>\n<!-- \/ Yoast SEO plugin. -->","yoast_head_json":{"title":"D\u00e9claration de Josie Riffaud en vue du sommet climatique - AlterTour","robots":{"index":"index","follow":"follow","max-snippet":"max-snippet:-1","max-image-preview":"max-image-preview:large","max-video-preview":"max-video-preview:-1"},"canonical":"https:\/\/www.altercampagne.net\/?p=3447","og_locale":"fr_FR","og_type":"article","og_title":"D\u00e9claration de Josie Riffaud en vue du sommet climatique - AlterTour","og_description":"Sommet climatique : les paysans refusent de devenir des marchands de carbone La V\u00eda Campesina | GRAIN Les paysans et les paysannes produisent de la nourriture, et non pas du carbone. Et pourtant, si certains des gouvernements et des lobbies qui vont n\u00e9gocier \u00e0 la Conf\u00e9rence des Nations Unies sur ... Read More","og_url":"https:\/\/www.altercampagne.net\/?p=3447","og_site_name":"AlterTour","article_published_time":"2013-11-07T17:29:56+00:00","article_modified_time":"2016-04-05T16:32:07+00:00","og_image":[{"url":"http:\/\/altercampagne.free.fr\/pages\/2008\/AlterTour\/pic\/2013-07-20_18.29-josie-riffaud.jpg","type":"","width":"","height":""}],"author":"Mathieu","twitter_card":"summary_large_image","twitter_misc":{"\u00c9crit par":"Mathieu","Dur\u00e9e de lecture estim\u00e9e":"1 minute"},"schema":{"@context":"https:\/\/schema.org","@graph":[{"@type":"Article","@id":"https:\/\/www.altercampagne.net\/?p=3447#article","isPartOf":{"@id":"https:\/\/www.altercampagne.net\/?p=3447"},"author":{"name":"Mathieu","@id":"https:\/\/www.altercampagne.net\/#\/schema\/person\/0f261460c09e430caa0f9bcffa319109"},"headline":"D\u00e9claration de Josie Riffaud en vue du sommet climatique","datePublished":"2013-11-07T17:29:56+00:00","dateModified":"2016-04-05T16:32:07+00:00","mainEntityOfPage":{"@id":"https:\/\/www.altercampagne.net\/?p=3447"},"wordCount":189,"image":{"@id":"https:\/\/www.altercampagne.net\/?p=3447#primaryimage"},"thumbnailUrl":"http:\/\/altercampagne.free.fr\/pages\/2008\/AlterTour\/pic\/2013-07-20_18.29-josie-riffaud.jpg","keywords":["AlterTour 2013","Josie Riffaud","Sommet climatique","V\u00eda Campesina","GRAIN"],"inLanguage":"fr-FR"},{"@type":"WebPage","@id":"https:\/\/www.altercampagne.net\/?p=3447","url":"https:\/\/www.altercampagne.net\/?p=3447","name":"D\u00e9claration de Josie Riffaud en vue du sommet climatique - AlterTour","isPartOf":{"@id":"https:\/\/www.altercampagne.net\/#website"},"primaryImageOfPage":{"@id":"https:\/\/www.altercampagne.net\/?p=3447#primaryimage"},"image":{"@id":"https:\/\/www.altercampagne.net\/?p=3447#primaryimage"},"thumbnailUrl":"http:\/\/altercampagne.free.fr\/pages\/2008\/AlterTour\/pic\/2013-07-20_18.29-josie-riffaud.jpg","datePublished":"2013-11-07T17:29:56+00:00","dateModified":"2016-04-05T16:32:07+00:00","author":{"@id":"https:\/\/www.altercampagne.net\/#\/schema\/person\/0f261460c09e430caa0f9bcffa319109"},"breadcrumb":{"@id":"https:\/\/www.altercampagne.net\/?p=3447#breadcrumb"},"inLanguage":"fr-FR","potentialAction":[{"@type":"ReadAction","target":["https:\/\/www.altercampagne.net\/?p=3447"]}]},{"@type":"ImageObject","inLanguage":"fr-FR","@id":"https:\/\/www.altercampagne.net\/?p=3447#primaryimage","url":"http:\/\/altercampagne.free.fr\/pages\/2008\/AlterTour\/pic\/2013-07-20_18.29-josie-riffaud.jpg","contentUrl":"http:\/\/altercampagne.free.fr\/pages\/2008\/AlterTour\/pic\/2013-07-20_18.29-josie-riffaud.jpg"},{"@type":"BreadcrumbList","@id":"https:\/\/www.altercampagne.net\/?p=3447#breadcrumb","itemListElement":[{"@type":"ListItem","position":1,"name":"Accueil","item":"https:\/\/www.altercampagne.net\/"},{"@type":"ListItem","position":2,"name":"D\u00e9claration de Josie Riffaud en vue du sommet climatique"}]},{"@type":"WebSite","@id":"https:\/\/www.altercampagne.net\/#website","url":"https:\/\/www.altercampagne.net\/","name":"AlterTour","description":"Reliez les Alternatives \u00e0 v\u00e9lo","potentialAction":[{"@type":"SearchAction","target":{"@type":"EntryPoint","urlTemplate":"https:\/\/www.altercampagne.net\/?s={search_term_string}"},"query-input":{"@type":"PropertyValueSpecification","valueRequired":true,"valueName":"search_term_string"}}],"inLanguage":"fr-FR"},{"@type":"Person","@id":"https:\/\/www.altercampagne.net\/#\/schema\/person\/0f261460c09e430caa0f9bcffa319109","name":"Mathieu","image":{"@type":"ImageObject","inLanguage":"fr-FR","@id":"https:\/\/secure.gravatar.com\/avatar\/aa9d3d24c83f2141e5e2709d0f63d09a99f6be6bb7a50abc4915838d9f54501a?s=96&d=mm&r=g","url":"https:\/\/secure.gravatar.com\/avatar\/aa9d3d24c83f2141e5e2709d0f63d09a99f6be6bb7a50abc4915838d9f54501a?s=96&d=mm&r=g","contentUrl":"https:\/\/secure.gravatar.com\/avatar\/aa9d3d24c83f2141e5e2709d0f63d09a99f6be6bb7a50abc4915838d9f54501a?s=96&d=mm&r=g","caption":"Mathieu"},"url":"https:\/\/www.altercampagne.net\/?author=214"}]}},"_links":{"self":[{"href":"https:\/\/www.altercampagne.net\/index.php?rest_route=\/wp\/v2\/posts\/3447","targetHints":{"allow":["GET"]}}],"collection":[{"href":"https:\/\/www.altercampagne.net\/index.php?rest_route=\/wp\/v2\/posts"}],"about":[{"href":"https:\/\/www.altercampagne.net\/index.php?rest_route=\/wp\/v2\/types\/post"}],"author":[{"embeddable":true,"href":"https:\/\/www.altercampagne.net\/index.php?rest_route=\/wp\/v2\/users\/214"}],"replies":[{"embeddable":true,"href":"https:\/\/www.altercampagne.net\/index.php?rest_route=%2Fwp%2Fv2%2Fcomments&post=3447"}],"version-history":[{"count":0,"href":"https:\/\/www.altercampagne.net\/index.php?rest_route=\/wp\/v2\/posts\/3447\/revisions"}],"wp:attachment":[{"href":"https:\/\/www.altercampagne.net\/index.php?rest_route=%2Fwp%2Fv2%2Fmedia&parent=3447"}],"wp:term":[{"taxonomy":"category","embeddable":true,"href":"https:\/\/www.altercampagne.net\/index.php?rest_route=%2Fwp%2Fv2%2Fcategories&post=3447"},{"taxonomy":"post_tag","embeddable":true,"href":"https:\/\/www.altercampagne.net\/index.php?rest_route=%2Fwp%2Fv2%2Ftags&post=3447"}],"curies":[{"name":"wp","href":"https:\/\/api.w.org\/{rel}","templated":true}]}}