{"id":3451,"date":"2013-11-06T18:00:59","date_gmt":"2013-11-06T17:00:59","guid":{"rendered":"http:\/\/www.altercampagne.net\/?p=3451"},"modified":"2020-06-18T11:05:37","modified_gmt":"2020-06-18T09:05:37","slug":"les-ateliers-de-lassociation-chalonnaise-pour-la-transition-energetique-acte","status":"publish","type":"post","link":"https:\/\/www.altercampagne.net\/?p=3451","title":{"rendered":"Les ateliers de l&rsquo;Association Chalonnaise pour la Transition Energ\u00e9tique (ACTE)"},"content":{"rendered":"<div style=\"width: 410px\" class=\"wp-caption alignright\"><img loading=\"lazy\" decoding=\"async\" class=\"\" src=\"http:\/\/altercampagne.free.fr\/pages\/2008\/AlterTour\/pic\/2013-08-04-ACTE.jpg\" alt=\"\" width=\"400\" height=\"226\"><p class=\"wp-caption-text\">ACTE, AlterTour 2013, DR<\/p><\/div>\n<p class=\"Style271 Style138 Style152\" align=\"justify\">Samedi, l\u2019association Acte pr\u00e9sentait le fournisseur d\u2019\u00e9nergie Enercoop.<\/p>\n<p class=\"Style271 Style138 Style152\" align=\"justify\">En effet, tous les premiers samedis du mois, l\u2019Association chalonnaise pour la transition \u00e9nerg\u00e9tique \u00e9cologique et citoyenne organise une permanence-atelier \u00e0 la salle Canet de l\u2019espace Jean-Zay.<\/p>\n<p class=\"Style271 Style138 Style152\" align=\"justify\">L\u2019association propose de d\u00e9couvrir des fa\u00e7ons alternatives de vivre en r\u00e9duisant au maximum la pollution. \u00c2g\u00e9e d\u2019un peu plus d\u2019un an et n\u00e9e d\u2019un groupe militant, Acte n\u2019est pas seulement l\u00e0 pour informer et proposer des alternatives, mais agit aussi en luttant et manifestant contre le nucl\u00e9aire, entre autres.<\/p>\n<p class=\"Style271 Style138 Style152\" align=\"justify\">Samedi, c\u2019est une option diff\u00e9rente d\u2019EDF que l\u2019association proposait avec Enercoop. Cette soci\u00e9t\u00e9 coop\u00e9rative se pr\u00e9sente comme le seul fournisseur d\u2019\u00e9lectricit\u00e9 \u00e0 proposer une \u00e9nergie totalement renouvelable, via le solaire, les \u00e9oliennes, l\u2019hydraulique et le biogaz\u2026<\/p>\n<p class=\"Style271 Style138 Style152\" align=\"justify\">La prochaine rencontre organis\u00e9e se d\u00e9roulera le 7 d\u00e9cembre et portera sur le lombricompostage d\u2019appartement, de 10 heures \u00e0 midi, \u00e0 l\u2019espace Jean-Zay.<\/p>\n<p class=\"Style271 Style138 Style152\" align=\"justify\">Source : <a href=\"http:\/\/www.lejsl.com\/edition-de-chalon\/2013\/11\/06\/acte-presente-enercoop\" target=\"_blank\" rel=\"noopener noreferrer\">le journal de Saone-et-Loire<\/a><\/p>\n","protected":false},"excerpt":{"rendered":"<p>Samedi, l\u2019association Acte pr\u00e9sentait le fournisseur d\u2019\u00e9nergie Enercoop. En effet, tous les premiers samedis du mois, l\u2019Association chalonnaise pour la transition \u00e9nerg\u00e9tique \u00e9cologique et citoyenne organise une permanence-atelier \u00e0 la salle Canet de l\u2019espace Jean-Zay. L\u2019association propose de d\u00e9couvrir des fa\u00e7ons alternatives de vivre en r\u00e9duisant au maximum la pollution. &#8230; <\/p>\n<div><a href=\"https:\/\/www.altercampagne.net\/?p=3451\" class=\"more-link\">Read More<\/a><\/div>\n","protected":false},"author":214,"featured_media":0,"comment_status":"closed","ping_status":"closed","sticky":false,"template":"","format":"standard","meta":{"footnotes":""},"categories":[3495,239,3487,3462],"tags":[694,870,871,872],"class_list":["post-3451","post","type-post","status-publish","format-standard","hentry","category-bourgogne-franche-comte","category-revue-de-presse","category-energie","category-edition-2013","tag-altertour-2013","tag-association-chalonnaise-pour-la-transition-energetique","tag-acte","tag-enercoop","no-post-thumbnail"],"yoast_head":"<!-- This site is optimized with the Yoast SEO plugin v27.3 - https:\/\/yoast.com\/product\/yoast-seo-wordpress\/ -->\n<title>Les ateliers de l&#039;Association Chalonnaise pour la Transition Energ\u00e9tique (ACTE) - AlterTour<\/title>\n<meta name=\"robots\" content=\"index, follow, max-snippet:-1, max-image-preview:large, max-video-preview:-1\" \/>\n<link rel=\"canonical\" href=\"https:\/\/www.altercampagne.net\/?p=3451\" \/>\n<meta property=\"og:locale\" content=\"fr_FR\" \/>\n<meta property=\"og:type\" content=\"article\" \/>\n<meta property=\"og:title\" content=\"Les ateliers de l&#039;Association Chalonnaise pour la Transition Energ\u00e9tique (ACTE) - AlterTour\" \/>\n<meta property=\"og:description\" content=\"Samedi, l\u2019association Acte pr\u00e9sentait le fournisseur d\u2019\u00e9nergie Enercoop. En effet, tous les premiers samedis du mois, l\u2019Association chalonnaise pour la transition \u00e9nerg\u00e9tique \u00e9cologique et citoyenne organise une permanence-atelier \u00e0 la salle Canet de l\u2019espace Jean-Zay. L\u2019association propose de d\u00e9couvrir des fa\u00e7ons alternatives de vivre en r\u00e9duisant au maximum la pollution. ... Read More\" \/>\n<meta property=\"og:url\" content=\"https:\/\/www.altercampagne.net\/?p=3451\" \/>\n<meta property=\"og:site_name\" content=\"AlterTour\" \/>\n<meta property=\"article:published_time\" content=\"2013-11-06T17:00:59+00:00\" \/>\n<meta property=\"article:modified_time\" content=\"2020-06-18T09:05:37+00:00\" \/>\n<meta property=\"og:image\" content=\"http:\/\/altercampagne.free.fr\/pages\/2008\/AlterTour\/pic\/2013-08-04-ACTE.jpg\" \/>\n<meta name=\"author\" content=\"Mathieu\" \/>\n<meta name=\"twitter:card\" content=\"summary_large_image\" \/>\n<meta name=\"twitter:label1\" content=\"\u00c9crit par\" \/>\n\t<meta name=\"twitter:data1\" content=\"Mathieu\" \/>\n\t<meta name=\"twitter:label2\" content=\"Dur\u00e9e de lecture estim\u00e9e\" \/>\n\t<meta name=\"twitter:data2\" content=\"1 minute\" \/>\n<script type=\"application\/ld+json\" class=\"yoast-schema-graph\">{\"@context\":\"https:\\\/\\\/schema.org\",\"@graph\":[{\"@type\":\"Article\",\"@id\":\"https:\\\/\\\/www.altercampagne.net\\\/?p=3451#article\",\"isPartOf\":{\"@id\":\"https:\\\/\\\/www.altercampagne.net\\\/?p=3451\"},\"author\":{\"name\":\"Mathieu\",\"@id\":\"https:\\\/\\\/www.altercampagne.net\\\/#\\\/schema\\\/person\\\/0f261460c09e430caa0f9bcffa319109\"},\"headline\":\"Les ateliers de l&rsquo;Association Chalonnaise pour la Transition Energ\u00e9tique (ACTE)\",\"datePublished\":\"2013-11-06T17:00:59+00:00\",\"dateModified\":\"2020-06-18T09:05:37+00:00\",\"mainEntityOfPage\":{\"@id\":\"https:\\\/\\\/www.altercampagne.net\\\/?p=3451\"},\"wordCount\":194,\"image\":{\"@id\":\"https:\\\/\\\/www.altercampagne.net\\\/?p=3451#primaryimage\"},\"thumbnailUrl\":\"http:\\\/\\\/altercampagne.free.fr\\\/pages\\\/2008\\\/AlterTour\\\/pic\\\/2013-08-04-ACTE.jpg\",\"keywords\":[\"AlterTour 2013\",\"Association Chalonnaise pour la Transition Energ\u00e9tique\",\"ACTE\",\"Enercoop\"],\"articleSection\":[\"Bourgogne-Franche-Comt\u00e9\",\"Revue de presse\",\"\u00c9nergie\",\"\u00c9dition 2013\"],\"inLanguage\":\"fr-FR\"},{\"@type\":\"WebPage\",\"@id\":\"https:\\\/\\\/www.altercampagne.net\\\/?p=3451\",\"url\":\"https:\\\/\\\/www.altercampagne.net\\\/?p=3451\",\"name\":\"Les ateliers de l'Association Chalonnaise pour la Transition Energ\u00e9tique (ACTE) - AlterTour\",\"isPartOf\":{\"@id\":\"https:\\\/\\\/www.altercampagne.net\\\/#website\"},\"primaryImageOfPage\":{\"@id\":\"https:\\\/\\\/www.altercampagne.net\\\/?p=3451#primaryimage\"},\"image\":{\"@id\":\"https:\\\/\\\/www.altercampagne.net\\\/?p=3451#primaryimage\"},\"thumbnailUrl\":\"http:\\\/\\\/altercampagne.free.fr\\\/pages\\\/2008\\\/AlterTour\\\/pic\\\/2013-08-04-ACTE.jpg\",\"datePublished\":\"2013-11-06T17:00:59+00:00\",\"dateModified\":\"2020-06-18T09:05:37+00:00\",\"author\":{\"@id\":\"https:\\\/\\\/www.altercampagne.net\\\/#\\\/schema\\\/person\\\/0f261460c09e430caa0f9bcffa319109\"},\"breadcrumb\":{\"@id\":\"https:\\\/\\\/www.altercampagne.net\\\/?p=3451#breadcrumb\"},\"inLanguage\":\"fr-FR\",\"potentialAction\":[{\"@type\":\"ReadAction\",\"target\":[\"https:\\\/\\\/www.altercampagne.net\\\/?p=3451\"]}]},{\"@type\":\"ImageObject\",\"inLanguage\":\"fr-FR\",\"@id\":\"https:\\\/\\\/www.altercampagne.net\\\/?p=3451#primaryimage\",\"url\":\"http:\\\/\\\/altercampagne.free.fr\\\/pages\\\/2008\\\/AlterTour\\\/pic\\\/2013-08-04-ACTE.jpg\",\"contentUrl\":\"http:\\\/\\\/altercampagne.free.fr\\\/pages\\\/2008\\\/AlterTour\\\/pic\\\/2013-08-04-ACTE.jpg\"},{\"@type\":\"BreadcrumbList\",\"@id\":\"https:\\\/\\\/www.altercampagne.net\\\/?p=3451#breadcrumb\",\"itemListElement\":[{\"@type\":\"ListItem\",\"position\":1,\"name\":\"Accueil\",\"item\":\"https:\\\/\\\/www.altercampagne.net\\\/\"},{\"@type\":\"ListItem\",\"position\":2,\"name\":\"Les ateliers de l&rsquo;Association Chalonnaise pour la Transition Energ\u00e9tique (ACTE)\"}]},{\"@type\":\"WebSite\",\"@id\":\"https:\\\/\\\/www.altercampagne.net\\\/#website\",\"url\":\"https:\\\/\\\/www.altercampagne.net\\\/\",\"name\":\"AlterTour\",\"description\":\"Reliez les Alternatives \u00e0 v\u00e9lo\",\"potentialAction\":[{\"@type\":\"SearchAction\",\"target\":{\"@type\":\"EntryPoint\",\"urlTemplate\":\"https:\\\/\\\/www.altercampagne.net\\\/?s={search_term_string}\"},\"query-input\":{\"@type\":\"PropertyValueSpecification\",\"valueRequired\":true,\"valueName\":\"search_term_string\"}}],\"inLanguage\":\"fr-FR\"},{\"@type\":\"Person\",\"@id\":\"https:\\\/\\\/www.altercampagne.net\\\/#\\\/schema\\\/person\\\/0f261460c09e430caa0f9bcffa319109\",\"name\":\"Mathieu\",\"image\":{\"@type\":\"ImageObject\",\"inLanguage\":\"fr-FR\",\"@id\":\"https:\\\/\\\/secure.gravatar.com\\\/avatar\\\/aa9d3d24c83f2141e5e2709d0f63d09a99f6be6bb7a50abc4915838d9f54501a?s=96&d=mm&r=g\",\"url\":\"https:\\\/\\\/secure.gravatar.com\\\/avatar\\\/aa9d3d24c83f2141e5e2709d0f63d09a99f6be6bb7a50abc4915838d9f54501a?s=96&d=mm&r=g\",\"contentUrl\":\"https:\\\/\\\/secure.gravatar.com\\\/avatar\\\/aa9d3d24c83f2141e5e2709d0f63d09a99f6be6bb7a50abc4915838d9f54501a?s=96&d=mm&r=g\",\"caption\":\"Mathieu\"},\"url\":\"https:\\\/\\\/www.altercampagne.net\\\/?author=214\"}]}<\/script>\n<!-- \/ Yoast SEO plugin. -->","yoast_head_json":{"title":"Les ateliers de l'Association Chalonnaise pour la Transition Energ\u00e9tique (ACTE) - AlterTour","robots":{"index":"index","follow":"follow","max-snippet":"max-snippet:-1","max-image-preview":"max-image-preview:large","max-video-preview":"max-video-preview:-1"},"canonical":"https:\/\/www.altercampagne.net\/?p=3451","og_locale":"fr_FR","og_type":"article","og_title":"Les ateliers de l'Association Chalonnaise pour la Transition Energ\u00e9tique (ACTE) - AlterTour","og_description":"Samedi, l\u2019association Acte pr\u00e9sentait le fournisseur d\u2019\u00e9nergie Enercoop. En effet, tous les premiers samedis du mois, l\u2019Association chalonnaise pour la transition \u00e9nerg\u00e9tique \u00e9cologique et citoyenne organise une permanence-atelier \u00e0 la salle Canet de l\u2019espace Jean-Zay. L\u2019association propose de d\u00e9couvrir des fa\u00e7ons alternatives de vivre en r\u00e9duisant au maximum la pollution. ... Read More","og_url":"https:\/\/www.altercampagne.net\/?p=3451","og_site_name":"AlterTour","article_published_time":"2013-11-06T17:00:59+00:00","article_modified_time":"2020-06-18T09:05:37+00:00","og_image":[{"url":"http:\/\/altercampagne.free.fr\/pages\/2008\/AlterTour\/pic\/2013-08-04-ACTE.jpg","type":"","width":"","height":""}],"author":"Mathieu","twitter_card":"summary_large_image","twitter_misc":{"\u00c9crit par":"Mathieu","Dur\u00e9e de lecture estim\u00e9e":"1 minute"},"schema":{"@context":"https:\/\/schema.org","@graph":[{"@type":"Article","@id":"https:\/\/www.altercampagne.net\/?p=3451#article","isPartOf":{"@id":"https:\/\/www.altercampagne.net\/?p=3451"},"author":{"name":"Mathieu","@id":"https:\/\/www.altercampagne.net\/#\/schema\/person\/0f261460c09e430caa0f9bcffa319109"},"headline":"Les ateliers de l&rsquo;Association Chalonnaise pour la Transition Energ\u00e9tique (ACTE)","datePublished":"2013-11-06T17:00:59+00:00","dateModified":"2020-06-18T09:05:37+00:00","mainEntityOfPage":{"@id":"https:\/\/www.altercampagne.net\/?p=3451"},"wordCount":194,"image":{"@id":"https:\/\/www.altercampagne.net\/?p=3451#primaryimage"},"thumbnailUrl":"http:\/\/altercampagne.free.fr\/pages\/2008\/AlterTour\/pic\/2013-08-04-ACTE.jpg","keywords":["AlterTour 2013","Association Chalonnaise pour la Transition Energ\u00e9tique","ACTE","Enercoop"],"articleSection":["Bourgogne-Franche-Comt\u00e9","Revue de presse","\u00c9nergie","\u00c9dition 2013"],"inLanguage":"fr-FR"},{"@type":"WebPage","@id":"https:\/\/www.altercampagne.net\/?p=3451","url":"https:\/\/www.altercampagne.net\/?p=3451","name":"Les ateliers de l'Association Chalonnaise pour la Transition Energ\u00e9tique (ACTE) - AlterTour","isPartOf":{"@id":"https:\/\/www.altercampagne.net\/#website"},"primaryImageOfPage":{"@id":"https:\/\/www.altercampagne.net\/?p=3451#primaryimage"},"image":{"@id":"https:\/\/www.altercampagne.net\/?p=3451#primaryimage"},"thumbnailUrl":"http:\/\/altercampagne.free.fr\/pages\/2008\/AlterTour\/pic\/2013-08-04-ACTE.jpg","datePublished":"2013-11-06T17:00:59+00:00","dateModified":"2020-06-18T09:05:37+00:00","author":{"@id":"https:\/\/www.altercampagne.net\/#\/schema\/person\/0f261460c09e430caa0f9bcffa319109"},"breadcrumb":{"@id":"https:\/\/www.altercampagne.net\/?p=3451#breadcrumb"},"inLanguage":"fr-FR","potentialAction":[{"@type":"ReadAction","target":["https:\/\/www.altercampagne.net\/?p=3451"]}]},{"@type":"ImageObject","inLanguage":"fr-FR","@id":"https:\/\/www.altercampagne.net\/?p=3451#primaryimage","url":"http:\/\/altercampagne.free.fr\/pages\/2008\/AlterTour\/pic\/2013-08-04-ACTE.jpg","contentUrl":"http:\/\/altercampagne.free.fr\/pages\/2008\/AlterTour\/pic\/2013-08-04-ACTE.jpg"},{"@type":"BreadcrumbList","@id":"https:\/\/www.altercampagne.net\/?p=3451#breadcrumb","itemListElement":[{"@type":"ListItem","position":1,"name":"Accueil","item":"https:\/\/www.altercampagne.net\/"},{"@type":"ListItem","position":2,"name":"Les ateliers de l&rsquo;Association Chalonnaise pour la Transition Energ\u00e9tique (ACTE)"}]},{"@type":"WebSite","@id":"https:\/\/www.altercampagne.net\/#website","url":"https:\/\/www.altercampagne.net\/","name":"AlterTour","description":"Reliez les Alternatives \u00e0 v\u00e9lo","potentialAction":[{"@type":"SearchAction","target":{"@type":"EntryPoint","urlTemplate":"https:\/\/www.altercampagne.net\/?s={search_term_string}"},"query-input":{"@type":"PropertyValueSpecification","valueRequired":true,"valueName":"search_term_string"}}],"inLanguage":"fr-FR"},{"@type":"Person","@id":"https:\/\/www.altercampagne.net\/#\/schema\/person\/0f261460c09e430caa0f9bcffa319109","name":"Mathieu","image":{"@type":"ImageObject","inLanguage":"fr-FR","@id":"https:\/\/secure.gravatar.com\/avatar\/aa9d3d24c83f2141e5e2709d0f63d09a99f6be6bb7a50abc4915838d9f54501a?s=96&d=mm&r=g","url":"https:\/\/secure.gravatar.com\/avatar\/aa9d3d24c83f2141e5e2709d0f63d09a99f6be6bb7a50abc4915838d9f54501a?s=96&d=mm&r=g","contentUrl":"https:\/\/secure.gravatar.com\/avatar\/aa9d3d24c83f2141e5e2709d0f63d09a99f6be6bb7a50abc4915838d9f54501a?s=96&d=mm&r=g","caption":"Mathieu"},"url":"https:\/\/www.altercampagne.net\/?author=214"}]}},"_links":{"self":[{"href":"https:\/\/www.altercampagne.net\/index.php?rest_route=\/wp\/v2\/posts\/3451","targetHints":{"allow":["GET"]}}],"collection":[{"href":"https:\/\/www.altercampagne.net\/index.php?rest_route=\/wp\/v2\/posts"}],"about":[{"href":"https:\/\/www.altercampagne.net\/index.php?rest_route=\/wp\/v2\/types\/post"}],"author":[{"embeddable":true,"href":"https:\/\/www.altercampagne.net\/index.php?rest_route=\/wp\/v2\/users\/214"}],"replies":[{"embeddable":true,"href":"https:\/\/www.altercampagne.net\/index.php?rest_route=%2Fwp%2Fv2%2Fcomments&post=3451"}],"version-history":[{"count":1,"href":"https:\/\/www.altercampagne.net\/index.php?rest_route=\/wp\/v2\/posts\/3451\/revisions"}],"predecessor-version":[{"id":18710,"href":"https:\/\/www.altercampagne.net\/index.php?rest_route=\/wp\/v2\/posts\/3451\/revisions\/18710"}],"wp:attachment":[{"href":"https:\/\/www.altercampagne.net\/index.php?rest_route=%2Fwp%2Fv2%2Fmedia&parent=3451"}],"wp:term":[{"taxonomy":"category","embeddable":true,"href":"https:\/\/www.altercampagne.net\/index.php?rest_route=%2Fwp%2Fv2%2Fcategories&post=3451"},{"taxonomy":"post_tag","embeddable":true,"href":"https:\/\/www.altercampagne.net\/index.php?rest_route=%2Fwp%2Fv2%2Ftags&post=3451"}],"curies":[{"name":"wp","href":"https:\/\/api.w.org\/{rel}","templated":true}]}}